{"id":1331357,"date":"2024-02-07T16:57:15","date_gmt":"2024-02-07T15:57:15","guid":{"rendered":"https:\/\/theplayoffs.news\/fr\/?p=1331357"},"modified":"2024-02-07T16:57:17","modified_gmt":"2024-02-07T15:57:17","slug":"rex-ryan-en-lice-pour-le-poste-de-coordinateur-defensif-a-dallas","status":"publish","type":"post","link":"https:\/\/theplayoffs.news\/fr\/actualite-nfl\/rex-ryan-en-lice-pour-le-poste-de-coordinateur-defensif-a-dallas\/","title":{"rendered":"Rex Ryan en lice pour le poste de coordinateur d\u00e9fensif \u00e0 Dallas"},"content":{"rendered":"<h2>NFL &ndash; La qu&ecirc;te du prochain coordinateur d&eacute;fensif des Dallas Cowboys continue avec l&rsquo;entretien de Rex Ryan.<\/h2><p><a href=\"https:\/\/twitter.com\/JosinaAnderson\/status\/1755250169329988001\" class=\"trk-cta-link\" data-cta-trk='{\"ctaType\":\"Link\",\"ctaSubType\":\"main\"}'>Josina Anderson<\/a> de CBS rapporte que l&rsquo;ancien head coach des Jets et des Bills serait sur les tablettes des Cowboys.<\/p><blockquote class=\"twitter-tweet\" data-width=\"500\" data-dnt=\"true\">\n<p lang=\"en\" dir=\"ltr\">New: I'm told former <a href=\"https:\/\/twitter.com\/hashtag\/Jets?src=hash&amp;ref_src=twsrc%5Etfw\" class=\"trk-cta-link\" data-cta-trk='{\"ctaType\":\"Link\",\"ctaSubType\":\"main\"}'>#Jets<\/a> and <a href=\"https:\/\/twitter.com\/hashtag\/Bills?src=hash&amp;ref_src=twsrc%5Etfw\" class=\"trk-cta-link\" data-cta-trk='{\"ctaType\":\"Link\",\"ctaSubType\":\"main\"}'>#Bills<\/a> head coach Rex Ryan interviewed for the <a href=\"https:\/\/twitter.com\/hashtag\/Cowboys?src=hash&amp;ref_src=twsrc%5Etfw\" class=\"trk-cta-link\" data-cta-trk='{\"ctaType\":\"Link\",\"ctaSubType\":\"main\"}'>#Cowboys<\/a> vacant defensive coordinator job, per sources. <a href=\"https:\/\/t.co\/EOMjnpKvnT\" class=\"trk-cta-link\" data-cta-trk='{\"ctaType\":\"Link\",\"ctaSubType\":\"main\"}'>pic.twitter.com\/EOMjnpKvnT<\/a><\/p>\n<p>&mdash; JosinaAnderson (@JosinaAnderson) <a href=\"https:\/\/twitter.com\/JosinaAnderson\/status\/1755250169329988001?ref_src=twsrc%5Etfw\" class=\"trk-cta-link\" data-cta-trk='{\"ctaType\":\"Link\",\"ctaSubType\":\"main\"}'>February 7, 2024<\/a><\/p><\/blockquote><p><script async src=\"https:\/\/platform.twitter.com\/widgets.js\" charset=\"utf-8\"><\/script><\/p><p>Parmi les autres candidats on retrouve Ron Rivera, Mike Zimmer et Aden Durde.<\/p><p>L&rsquo;exp&eacute;rience de Rex Ryan en tant que head coach est un atout suppl&eacute;mentaire dans sa candidature. Avec les Jets, il a termin&eacute; avec un bilan de 46-50 avec deux apparitions en finale de conf&eacute;rence AFC en 6 ann&eacute;es. Chez les Bills sa fortune a &eacute;t&eacute; moins bonne avec un bilan de 15-16 et un licenciement &agrave; la fin de la saison 2016.<\/p><p>Depuis, Rex Ryan est un consultant de choix pour ESPN et notamment l&rsquo;emission matinale quotidienne, Get Up pr&eacute;sent&eacute;e par Mike Greenberg.<\/p><div class=\"modal-image-setImageMetadata\">\n<p>&nbsp;<\/p>\n<p>&nbsp;<\/p>\n<p class=\"ng-binding\">Cr&eacute;dit photo : NorthJersey.com file photo, NorthJersey.com via Imagn Content Services, LLC<\/p>\n<\/div>\n","protected":false},"excerpt":{"rendered":"","protected":false},"author":13,"featured_media":1331405,"comment_status":"open","ping_status":"closed","sticky":false,"template":"","format":"standard","meta":{"inline_featured_image":false,"kia_subtitle":"","_mux_skip_reasons":[],"proofreadBy":0,"footnotes":""},"categories":[118,40],"tags":[619,6926],"sport":[],"saison":[],"class_list":["post-1331357","post","type-post","status-publish","format-standard","has-post-thumbnail","hentry","category-actualite-nfl","category-nfl","tag-dallas-cowboys","tag-rex-ryan"],"acf":[],"yoast_head":"<!-- This site is optimized with the Yoast SEO plugin v24.2 - https:\/\/yoast.com\/wordpress\/plugins\/seo\/ -->\n<title>Rex Ryan en lice pour le poste de coordinateur d&eacute;fensif &agrave; Dallas - The Playoffs FR<\/title>\n<meta name=\"robots\" content=\"index, follow, max-snippet:-1, max-image-preview:large, max-video-preview:-1\" \/>\n<link rel=\"canonical\" href=\"https:\/\/theplayoffs.news\/fr\/actualite-nfl\/rex-ryan-en-lice-pour-le-poste-de-coordinateur-defensif-a-dallas\/\" \/>\n<meta property=\"og:locale\" content=\"fr_FR\" \/>\n<meta property=\"og:type\" content=\"article\" \/>\n<meta property=\"og:title\" content=\"Rex Ryan en lice pour le poste de coordinateur d&eacute;fensif &agrave; Dallas - The Playoffs FR\" \/>\n<meta property=\"og:url\" content=\"https:\/\/theplayoffs.news\/fr\/actualite-nfl\/rex-ryan-en-lice-pour-le-poste-de-coordinateur-defensif-a-dallas\/\" \/>\n<meta property=\"og:site_name\" content=\"The Playoffs FR\" \/>\n<meta property=\"article:publisher\" content=\"https:\/\/www.facebook.com\/TheFreeAgentFR\/\" \/>\n<meta property=\"article:modified_time\" content=\"2024-02-07T16:57:17+01:00\" \/>\n<meta property=\"og:image\" content=\"https:\/\/theplayoffs.news\/fr\/wp-content\/uploads\/2024\/02\/USATSI_13840616-2.jpg\" \/>\n\t<meta property=\"og:image:width\" content=\"1920\" \/>\n\t<meta property=\"og:image:height\" content=\"1280\" \/>\n\t<meta property=\"og:image:type\" content=\"image\/jpeg\" \/>\n<meta name=\"author\" content=\"Charles Taudin\" \/>\n<meta name=\"twitter:card\" content=\"summary_large_image\" \/>\n<meta name=\"twitter:creator\" content=\"@TheFreeAgentFR\" \/>\n<meta name=\"twitter:site\" content=\"@TheFreeAgentFR\" \/>\n<meta name=\"twitter:label1\" content=\"\u00c9crit par\" \/>\n\t<meta name=\"twitter:data1\" content=\"Charles Taudin\" \/>\n\t<meta name=\"twitter:label2\" content=\"Dur\u00e9e de lecture estim\u00e9e\" \/>\n\t<meta name=\"twitter:data2\" content=\"1 minute\" \/>\n<script type=\"application\/ld+json\" class=\"yoast-schema-graph\">{\"@context\":\"https:\/\/schema.org\",\"@graph\":[{\"@type\":\"WebPage\",\"@id\":\"https:\/\/theplayoffs.news\/fr\/actualite-nfl\/rex-ryan-en-lice-pour-le-poste-de-coordinateur-defensif-a-dallas\/\",\"url\":\"https:\/\/theplayoffs.news\/fr\/actualite-nfl\/rex-ryan-en-lice-pour-le-poste-de-coordinateur-defensif-a-dallas\/\",\"name\":\"Rex Ryan en lice pour le poste de coordinateur d\u00e9fensif \u00e0 Dallas - The Playoffs FR\",\"isPartOf\":{\"@id\":\"https:\/\/theplayoffs.news\/fr\/#website\"},\"primaryImageOfPage\":{\"@id\":\"https:\/\/theplayoffs.news\/fr\/actualite-nfl\/rex-ryan-en-lice-pour-le-poste-de-coordinateur-defensif-a-dallas\/#primaryimage\"},\"image\":{\"@id\":\"https:\/\/theplayoffs.news\/fr\/actualite-nfl\/rex-ryan-en-lice-pour-le-poste-de-coordinateur-defensif-a-dallas\/#primaryimage\"},\"thumbnailUrl\":\"https:\/\/theplayoffs.news\/fr\/wp-content\/uploads\/2024\/02\/USATSI_13840616-2.jpg\",\"datePublished\":\"2024-02-07T15:57:15+00:00\",\"dateModified\":\"2024-02-07T15:57:17+00:00\",\"author\":{\"@id\":\"https:\/\/theplayoffs.news\/fr\/#\/schema\/person\/eee5b69ad5d3c51cabe881c839dbe133\"},\"breadcrumb\":{\"@id\":\"https:\/\/theplayoffs.news\/fr\/actualite-nfl\/rex-ryan-en-lice-pour-le-poste-de-coordinateur-defensif-a-dallas\/#breadcrumb\"},\"inLanguage\":\"fr-FR\",\"potentialAction\":[{\"@type\":\"ReadAction\",\"target\":[\"https:\/\/theplayoffs.news\/fr\/actualite-nfl\/rex-ryan-en-lice-pour-le-poste-de-coordinateur-defensif-a-dallas\/\"]}]},{\"@type\":\"ImageObject\",\"inLanguage\":\"fr-FR\",\"@id\":\"https:\/\/theplayoffs.news\/fr\/actualite-nfl\/rex-ryan-en-lice-pour-le-poste-de-coordinateur-defensif-a-dallas\/#primaryimage\",\"url\":\"https:\/\/theplayoffs.news\/fr\/wp-content\/uploads\/2024\/02\/USATSI_13840616-2.jpg\",\"contentUrl\":\"https:\/\/theplayoffs.news\/fr\/wp-content\/uploads\/2024\/02\/USATSI_13840616-2.jpg\",\"width\":1920,\"height\":1280,\"caption\":\"Jets coach Rex Ryan during a 2013 game. New York Jets Vs New York Giants\"},{\"@type\":\"BreadcrumbList\",\"@id\":\"https:\/\/theplayoffs.news\/fr\/actualite-nfl\/rex-ryan-en-lice-pour-le-poste-de-coordinateur-defensif-a-dallas\/#breadcrumb\",\"itemListElement\":[{\"@type\":\"ListItem\",\"position\":1,\"name\":\"Accueil\",\"item\":\"https:\/\/theplayoffs.news\/fr\/\"},{\"@type\":\"ListItem\",\"position\":2,\"name\":\"Rex Ryan en lice pour le poste de coordinateur d\u00e9fensif \u00e0 Dallas\"}]},{\"@type\":\"WebSite\",\"@id\":\"https:\/\/theplayoffs.news\/fr\/#website\",\"url\":\"https:\/\/theplayoffs.news\/fr\/\",\"name\":\"The Playoffs FR\",\"description\":\"NBA-NFL-NHL-MLB\",\"potentialAction\":[{\"@type\":\"SearchAction\",\"target\":{\"@type\":\"EntryPoint\",\"urlTemplate\":\"https:\/\/theplayoffs.news\/fr\/?s={search_term_string}\"},\"query-input\":{\"@type\":\"PropertyValueSpecification\",\"valueRequired\":true,\"valueName\":\"search_term_string\"}}],\"inLanguage\":\"fr-FR\"},{\"@type\":\"Person\",\"@id\":\"https:\/\/theplayoffs.news\/fr\/#\/schema\/person\/eee5b69ad5d3c51cabe881c839dbe133\",\"name\":\"Charles Taudin\",\"image\":{\"@type\":\"ImageObject\",\"inLanguage\":\"fr-FR\",\"@id\":\"https:\/\/theplayoffs.news\/fr\/#\/schema\/person\/image\/\",\"url\":\"https:\/\/secure.gravatar.com\/avatar\/59a1e772205ce9fd255edfcafc93013736822e20261f294c5753b20c41ede9f2?s=96&d=mm&r=g\",\"contentUrl\":\"https:\/\/secure.gravatar.com\/avatar\/59a1e772205ce9fd255edfcafc93013736822e20261f294c5753b20c41ede9f2?s=96&d=mm&r=g\",\"caption\":\"Charles Taudin\"},\"description\":\"R\u00e9dacteur en chef global de The Playoffs, j\u2019ai cr\u00e9\u00e9 The Free Agent, devenu The Playoffs FR, en 2020 durant la pand\u00e9mie. Amoureux depuis des ann\u00e9es des 4 sports majeurs am\u00e9ricains, j\u2019organise maintenant la strat\u00e9gie \u00e9ditoriale et les r\u00e9seaux sociaux de l\u2019ensemble des versions de The Playoffs. Il m\u2019arrive encore d\u2019\u00e9crire sur certains sports que j\u2019affectionne particuli\u00e8rement comme la NFL ou la MLB. Si vous devez retenir qu\u2019une chose : Eli Manning est le vrai GOAT pour avoir battu deux fois Tom Brady.\",\"sameAs\":[\"https:\/\/www.instagram.com\/ctaudin_\/\"],\"url\":\"https:\/\/theplayoffs.news\/fr\/author\/charles-taudin\/\"}]}<\/script>\n<!-- \/ Yoast SEO plugin. -->","yoast_head_json":{"title":"Rex Ryan en lice pour le poste de coordinateur d&eacute;fensif &agrave; Dallas - The Playoffs FR","robots":{"index":"index","follow":"follow","max-snippet":"max-snippet:-1","max-image-preview":"max-image-preview:large","max-video-preview":"max-video-preview:-1"},"canonical":"https:\/\/theplayoffs.news\/fr\/actualite-nfl\/rex-ryan-en-lice-pour-le-poste-de-coordinateur-defensif-a-dallas\/","og_locale":"fr_FR","og_type":"article","og_title":"Rex Ryan en lice pour le poste de coordinateur d&eacute;fensif &agrave; Dallas - The Playoffs FR","og_url":"https:\/\/theplayoffs.news\/fr\/actualite-nfl\/rex-ryan-en-lice-pour-le-poste-de-coordinateur-defensif-a-dallas\/","og_site_name":"The Playoffs FR","article_publisher":"https:\/\/www.facebook.com\/TheFreeAgentFR\/","article_modified_time":"2024-02-07T15:57:17+00:00","og_image":[{"width":1920,"height":1280,"url":"https:\/\/theplayoffs.news\/fr\/wp-content\/uploads\/2024\/02\/USATSI_13840616-2.jpg","type":"image\/jpeg"}],"author":"Charles Taudin","twitter_card":"summary_large_image","twitter_creator":"@TheFreeAgentFR","twitter_site":"@TheFreeAgentFR","twitter_misc":{"\u00c9crit par":"Charles Taudin","Dur\u00e9e de lecture estim\u00e9e":"1 minute"},"schema":{"@context":"https:\/\/schema.org","@graph":[{"@type":"WebPage","@id":"https:\/\/theplayoffs.news\/fr\/actualite-nfl\/rex-ryan-en-lice-pour-le-poste-de-coordinateur-defensif-a-dallas\/","url":"https:\/\/theplayoffs.news\/fr\/actualite-nfl\/rex-ryan-en-lice-pour-le-poste-de-coordinateur-defensif-a-dallas\/","name":"Rex Ryan en lice pour le poste de coordinateur d\u00e9fensif \u00e0 Dallas - The Playoffs FR","isPartOf":{"@id":"https:\/\/theplayoffs.news\/fr\/#website"},"primaryImageOfPage":{"@id":"https:\/\/theplayoffs.news\/fr\/actualite-nfl\/rex-ryan-en-lice-pour-le-poste-de-coordinateur-defensif-a-dallas\/#primaryimage"},"image":{"@id":"https:\/\/theplayoffs.news\/fr\/actualite-nfl\/rex-ryan-en-lice-pour-le-poste-de-coordinateur-defensif-a-dallas\/#primaryimage"},"thumbnailUrl":"https:\/\/theplayoffs.news\/fr\/wp-content\/uploads\/2024\/02\/USATSI_13840616-2.jpg","datePublished":"2024-02-07T15:57:15+00:00","dateModified":"2024-02-07T15:57:17+00:00","author":{"@id":"https:\/\/theplayoffs.news\/fr\/#\/schema\/person\/eee5b69ad5d3c51cabe881c839dbe133"},"breadcrumb":{"@id":"https:\/\/theplayoffs.news\/fr\/actualite-nfl\/rex-ryan-en-lice-pour-le-poste-de-coordinateur-defensif-a-dallas\/#breadcrumb"},"inLanguage":"fr-FR","potentialAction":[{"@type":"ReadAction","target":["https:\/\/theplayoffs.news\/fr\/actualite-nfl\/rex-ryan-en-lice-pour-le-poste-de-coordinateur-defensif-a-dallas\/"]}]},{"@type":"ImageObject","inLanguage":"fr-FR","@id":"https:\/\/theplayoffs.news\/fr\/actualite-nfl\/rex-ryan-en-lice-pour-le-poste-de-coordinateur-defensif-a-dallas\/#primaryimage","url":"https:\/\/theplayoffs.news\/fr\/wp-content\/uploads\/2024\/02\/USATSI_13840616-2.jpg","contentUrl":"https:\/\/theplayoffs.news\/fr\/wp-content\/uploads\/2024\/02\/USATSI_13840616-2.jpg","width":1920,"height":1280,"caption":"Jets coach Rex Ryan during a 2013 game. New York Jets Vs New York Giants"},{"@type":"BreadcrumbList","@id":"https:\/\/theplayoffs.news\/fr\/actualite-nfl\/rex-ryan-en-lice-pour-le-poste-de-coordinateur-defensif-a-dallas\/#breadcrumb","itemListElement":[{"@type":"ListItem","position":1,"name":"Accueil","item":"https:\/\/theplayoffs.news\/fr\/"},{"@type":"ListItem","position":2,"name":"Rex Ryan en lice pour le poste de coordinateur d\u00e9fensif \u00e0 Dallas"}]},{"@type":"WebSite","@id":"https:\/\/theplayoffs.news\/fr\/#website","url":"https:\/\/theplayoffs.news\/fr\/","name":"The Playoffs FR","description":"NBA-NFL-NHL-MLB","potentialAction":[{"@type":"SearchAction","target":{"@type":"EntryPoint","urlTemplate":"https:\/\/theplayoffs.news\/fr\/?s={search_term_string}"},"query-input":{"@type":"PropertyValueSpecification","valueRequired":true,"valueName":"search_term_string"}}],"inLanguage":"fr-FR"},{"@type":"Person","@id":"https:\/\/theplayoffs.news\/fr\/#\/schema\/person\/eee5b69ad5d3c51cabe881c839dbe133","name":"Charles Taudin","image":{"@type":"ImageObject","inLanguage":"fr-FR","@id":"https:\/\/theplayoffs.news\/fr\/#\/schema\/person\/image\/","url":"https:\/\/secure.gravatar.com\/avatar\/59a1e772205ce9fd255edfcafc93013736822e20261f294c5753b20c41ede9f2?s=96&d=mm&r=g","contentUrl":"https:\/\/secure.gravatar.com\/avatar\/59a1e772205ce9fd255edfcafc93013736822e20261f294c5753b20c41ede9f2?s=96&d=mm&r=g","caption":"Charles Taudin"},"description":"R\u00e9dacteur en chef global de The Playoffs, j\u2019ai cr\u00e9\u00e9 The Free Agent, devenu The Playoffs FR, en 2020 durant la pand\u00e9mie. Amoureux depuis des ann\u00e9es des 4 sports majeurs am\u00e9ricains, j\u2019organise maintenant la strat\u00e9gie \u00e9ditoriale et les r\u00e9seaux sociaux de l\u2019ensemble des versions de The Playoffs. Il m\u2019arrive encore d\u2019\u00e9crire sur certains sports que j\u2019affectionne particuli\u00e8rement comme la NFL ou la MLB. Si vous devez retenir qu\u2019une chose : Eli Manning est le vrai GOAT pour avoir battu deux fois Tom Brady.","sameAs":["https:\/\/www.instagram.com\/ctaudin_\/"],"url":"https:\/\/theplayoffs.news\/fr\/author\/charles-taudin\/"}]}},"_links":{"self":[{"href":"https:\/\/theplayoffs.news\/fr\/wp-json\/wp\/v2\/posts\/1331357","targetHints":{"allow":["GET"]}}],"collection":[{"href":"https:\/\/theplayoffs.news\/fr\/wp-json\/wp\/v2\/posts"}],"about":[{"href":"https:\/\/theplayoffs.news\/fr\/wp-json\/wp\/v2\/types\/post"}],"author":[{"embeddable":true,"href":"https:\/\/theplayoffs.news\/fr\/wp-json\/wp\/v2\/users\/13"}],"replies":[{"embeddable":true,"href":"https:\/\/theplayoffs.news\/fr\/wp-json\/wp\/v2\/comments?post=1331357"}],"version-history":[{"count":3,"href":"https:\/\/theplayoffs.news\/fr\/wp-json\/wp\/v2\/posts\/1331357\/revisions"}],"predecessor-version":[{"id":1331412,"href":"https:\/\/theplayoffs.news\/fr\/wp-json\/wp\/v2\/posts\/1331357\/revisions\/1331412"}],"wp:featuredmedia":[{"embeddable":true,"href":"https:\/\/theplayoffs.news\/fr\/wp-json\/wp\/v2\/media\/1331405"}],"wp:attachment":[{"href":"https:\/\/theplayoffs.news\/fr\/wp-json\/wp\/v2\/media?parent=1331357"}],"wp:term":[{"taxonomy":"category","embeddable":true,"href":"https:\/\/theplayoffs.news\/fr\/wp-json\/wp\/v2\/categories?post=1331357"},{"taxonomy":"post_tag","embeddable":true,"href":"https:\/\/theplayoffs.news\/fr\/wp-json\/wp\/v2\/tags?post=1331357"},{"taxonomy":"sport","embeddable":true,"href":"https:\/\/theplayoffs.news\/fr\/wp-json\/wp\/v2\/sport?post=1331357"},{"taxonomy":"saison","embeddable":true,"href":"https:\/\/theplayoffs.news\/fr\/wp-json\/wp\/v2\/saison?post=1331357"}],"curies":[{"name":"wp","href":"https:\/\/api.w.org\/{rel}","templated":true}]}}