{"id":1326822,"date":"2024-02-06T11:49:49","date_gmt":"2024-02-06T10:49:49","guid":{"rendered":"https:\/\/theplayoffs.news\/fr\/?p=1326822"},"modified":"2024-02-06T11:52:05","modified_gmt":"2024-02-06T10:52:05","slug":"lebron-james-sur-les-besoins-des-lakers-ce-nest-pas-une-question-pour-moi","status":"publish","type":"post","link":"https:\/\/theplayoffs.news\/fr\/actualite-nba\/lebron-james-sur-les-besoins-des-lakers-ce-nest-pas-une-question-pour-moi\/","title":{"rendered":"LeBron James sur les besoins des Lakers : \u00ab\u00a0Ce n&rsquo;est pas une question pour moi\u00a0\u00bb"},"content":{"rendered":"<h2>NBA &ndash; Les Los Angeles Lakers se trouvent &agrave; un moment crucial &agrave; l&rsquo;approche de la date limite des transferts.<\/h2><p>Avec des performances r&eacute;centes apportant un m&eacute;lange d&rsquo;espoir et de scepticisme, le silence strat&eacute;gique en dit long sur les dynamiques internes de la franchise.<\/p><p>La r&eacute;cente victoire des Lakers de LeBron James sur les Charlotte Hornets a non seulement prolong&eacute; leur s&eacute;rie de victoires mais a &eacute;galement soulign&eacute; la capacit&eacute; de l&rsquo;&eacute;quipe &agrave; maintenir son focus au milieu des sp&eacute;culations g&eacute;n&eacute;ralis&eacute;es concernant les changements potentiels de l&rsquo;effectif.<\/p><p>Malgr&eacute; les blessures cl&eacute;s et une position moyenne dans la Conf&eacute;rence Ouest, les Lakers ont montr&eacute; une t&eacute;nacit&eacute; louable. L&rsquo;absence de Jarred Vanderbilt, leur meilleur d&eacute;fenseur &agrave; l&rsquo;attaque, et la mise &agrave; l&rsquo;&eacute;cart continue de Gabe Vincent, ont incontestablement pos&eacute; des d&eacute;fis.<\/p><p>Les commentaires de <a href=\"https:\/\/theplayoffs.news\/fr\/joueur\/lebron-james-nba-3932\/\" class=\"trk-cta-link\" data-cta-trk='{\"ctaType\":\"Link\",\"ctaSubType\":\"main\"}'><strong>LeBron James<\/strong><\/a> suivant la victoire &agrave; Charlotte encapsulent ce sentiment, exprimant une confiance in&eacute;branlable dans l&rsquo;effectif actuel de l&rsquo;&eacute;quipe et d&eacute;viant les questions sur les changements potentiels.<\/p><blockquote><p>&laquo;&nbsp;Ce n&rsquo;est pas une question pour moi&nbsp;&raquo;, <a href=\"https:\/\/www.espn.com\/nba\/story\/_\/id\/39468741\/lakers-players-not-worried-future-ahead-trade-deadline\" class=\"trk-cta-link\" data-cta-trk='{\"ctaType\":\"Link\",\"ctaSubType\":\"main\"}'>a d&eacute;clar&eacute; LeBron James<\/a>. &laquo;&nbsp;Je suis tr&egrave;s heureux de ce que nous avons dans le vestiaire. C&rsquo;est tout ce qui me pr&eacute;occupe&nbsp;&raquo;. leBron James ajoute : &laquo;&nbsp;Nous allons nous pr&eacute;parer tous les soirs, quoi qu&rsquo;il arrive. Peu importe qui fait partie de cette &eacute;quipe. Quoi qu&rsquo;il arrive.&nbsp;&raquo;<\/p><\/blockquote><p>D&rsquo;Angelo Russell, dont le nom a circul&eacute; dans les rumeurs de transfert, incarne le professionnalisme attendu dans les rangs des Lakers. Malgr&eacute; les sp&eacute;culations, les performances r&eacute;centes de Russell ont &eacute;t&eacute; parmi les meilleures de sa carri&egrave;re, soulignant sa capacit&eacute; &agrave; rester indemne des distractions hors terrain.<\/p><p>Les 48 prochaines heures seront scrut&eacute;es du c&ocirc;t&eacute; de Los Angeles.<\/p><p>&nbsp;<\/p><p>Credit Photo : Brad Penner-USA TODAY Sports<\/p>\n","protected":false},"excerpt":{"rendered":"","protected":false},"author":13,"featured_media":1326852,"comment_status":"open","ping_status":"closed","sticky":false,"template":"","format":"standard","meta":{"inline_featured_image":false,"kia_subtitle":"","_mux_skip_reasons":[],"proofreadBy":0,"footnotes":""},"categories":[110,10],"tags":[116,117],"sport":[],"saison":[],"class_list":["post-1326822","post","type-post","status-publish","format-standard","has-post-thumbnail","hentry","category-actualite-nba","category-nba","tag-lebron-james","tag-los-angeles-lakers"],"acf":[],"yoast_head":"<!-- This site is optimized with the Yoast SEO plugin v24.2 - https:\/\/yoast.com\/wordpress\/plugins\/seo\/ -->\n<title>LeBron James sur les besoins des Lakers : &quot;Ce n&#039;est pas une question pour moi&quot; - The Playoffs FR<\/title>\n<meta name=\"robots\" content=\"index, follow, max-snippet:-1, max-image-preview:large, max-video-preview:-1\" \/>\n<link rel=\"canonical\" href=\"https:\/\/theplayoffs.news\/fr\/actualite-nba\/lebron-james-sur-les-besoins-des-lakers-ce-nest-pas-une-question-pour-moi\/\" \/>\n<meta property=\"og:locale\" content=\"fr_FR\" \/>\n<meta property=\"og:type\" content=\"article\" \/>\n<meta property=\"og:title\" content=\"LeBron James sur les besoins des Lakers : &quot;Ce n&#039;est pas une question pour moi&quot; - The Playoffs FR\" \/>\n<meta property=\"og:url\" content=\"https:\/\/theplayoffs.news\/fr\/actualite-nba\/lebron-james-sur-les-besoins-des-lakers-ce-nest-pas-une-question-pour-moi\/\" \/>\n<meta property=\"og:site_name\" content=\"The Playoffs FR\" \/>\n<meta property=\"article:publisher\" content=\"https:\/\/www.facebook.com\/TheFreeAgentFR\/\" \/>\n<meta property=\"article:modified_time\" content=\"2024-02-06T11:52:05+01:00\" \/>\n<meta property=\"og:image\" content=\"https:\/\/theplayoffs.news\/fr\/wp-content\/uploads\/2024\/02\/USATSI_22441061.jpg\" \/>\n\t<meta property=\"og:image:width\" content=\"1920\" \/>\n\t<meta property=\"og:image:height\" content=\"1280\" \/>\n\t<meta property=\"og:image:type\" content=\"image\/jpeg\" \/>\n<meta name=\"author\" content=\"Charles Taudin\" \/>\n<meta name=\"twitter:card\" content=\"summary_large_image\" \/>\n<meta name=\"twitter:creator\" content=\"@TheFreeAgentFR\" \/>\n<meta name=\"twitter:site\" content=\"@TheFreeAgentFR\" \/>\n<meta name=\"twitter:label1\" content=\"\u00c9crit par\" \/>\n\t<meta name=\"twitter:data1\" content=\"Charles Taudin\" \/>\n\t<meta name=\"twitter:label2\" content=\"Dur\u00e9e de lecture estim\u00e9e\" \/>\n\t<meta name=\"twitter:data2\" content=\"1 minute\" \/>\n<script type=\"application\/ld+json\" class=\"yoast-schema-graph\">{\"@context\":\"https:\/\/schema.org\",\"@graph\":[{\"@type\":\"WebPage\",\"@id\":\"https:\/\/theplayoffs.news\/fr\/actualite-nba\/lebron-james-sur-les-besoins-des-lakers-ce-nest-pas-une-question-pour-moi\/\",\"url\":\"https:\/\/theplayoffs.news\/fr\/actualite-nba\/lebron-james-sur-les-besoins-des-lakers-ce-nest-pas-une-question-pour-moi\/\",\"name\":\"LeBron James sur les besoins des Lakers : \\\\\\\"Ce n\\\\'est pas une question pour moi\\\\\\\" - The Playoffs FR\",\"isPartOf\":{\"@id\":\"https:\/\/theplayoffs.news\/fr\/#website\"},\"primaryImageOfPage\":{\"@id\":\"https:\/\/theplayoffs.news\/fr\/actualite-nba\/lebron-james-sur-les-besoins-des-lakers-ce-nest-pas-une-question-pour-moi\/#primaryimage\"},\"image\":{\"@id\":\"https:\/\/theplayoffs.news\/fr\/actualite-nba\/lebron-james-sur-les-besoins-des-lakers-ce-nest-pas-une-question-pour-moi\/#primaryimage\"},\"thumbnailUrl\":\"https:\/\/theplayoffs.news\/fr\/wp-content\/uploads\/2024\/02\/USATSI_22441061.jpg\",\"datePublished\":\"2024-02-06T10:49:49+00:00\",\"dateModified\":\"2024-02-06T10:52:05+00:00\",\"author\":{\"@id\":\"https:\/\/theplayoffs.news\/fr\/#\/schema\/person\/eee5b69ad5d3c51cabe881c839dbe133\"},\"breadcrumb\":{\"@id\":\"https:\/\/theplayoffs.news\/fr\/actualite-nba\/lebron-james-sur-les-besoins-des-lakers-ce-nest-pas-une-question-pour-moi\/#breadcrumb\"},\"inLanguage\":\"fr-FR\",\"potentialAction\":[{\"@type\":\"ReadAction\",\"target\":[\"https:\/\/theplayoffs.news\/fr\/actualite-nba\/lebron-james-sur-les-besoins-des-lakers-ce-nest-pas-une-question-pour-moi\/\"]}]},{\"@type\":\"ImageObject\",\"inLanguage\":\"fr-FR\",\"@id\":\"https:\/\/theplayoffs.news\/fr\/actualite-nba\/lebron-james-sur-les-besoins-des-lakers-ce-nest-pas-une-question-pour-moi\/#primaryimage\",\"url\":\"https:\/\/theplayoffs.news\/fr\/wp-content\/uploads\/2024\/02\/USATSI_22441061.jpg\",\"contentUrl\":\"https:\/\/theplayoffs.news\/fr\/wp-content\/uploads\/2024\/02\/USATSI_22441061.jpg\",\"width\":1920,\"height\":1280,\"caption\":\"Feb 3, 2024; New York, New York, USA; Los Angeles Lakers forward LeBron James (23) during the fourth quarter against the New York Knicks at Madison Square Garden. Mandatory Credit: Brad Penner-USA TODAY Sports\"},{\"@type\":\"BreadcrumbList\",\"@id\":\"https:\/\/theplayoffs.news\/fr\/actualite-nba\/lebron-james-sur-les-besoins-des-lakers-ce-nest-pas-une-question-pour-moi\/#breadcrumb\",\"itemListElement\":[{\"@type\":\"ListItem\",\"position\":1,\"name\":\"Accueil\",\"item\":\"https:\/\/theplayoffs.news\/fr\/\"},{\"@type\":\"ListItem\",\"position\":2,\"name\":\"LeBron James sur les besoins des Lakers : \u00ab\u00a0Ce n&rsquo;est pas une question pour moi\u00a0\u00bb\"}]},{\"@type\":\"WebSite\",\"@id\":\"https:\/\/theplayoffs.news\/fr\/#website\",\"url\":\"https:\/\/theplayoffs.news\/fr\/\",\"name\":\"The Playoffs FR\",\"description\":\"NBA-NFL-NHL-MLB\",\"potentialAction\":[{\"@type\":\"SearchAction\",\"target\":{\"@type\":\"EntryPoint\",\"urlTemplate\":\"https:\/\/theplayoffs.news\/fr\/?s={search_term_string}\"},\"query-input\":{\"@type\":\"PropertyValueSpecification\",\"valueRequired\":true,\"valueName\":\"search_term_string\"}}],\"inLanguage\":\"fr-FR\"},{\"@type\":\"Person\",\"@id\":\"https:\/\/theplayoffs.news\/fr\/#\/schema\/person\/eee5b69ad5d3c51cabe881c839dbe133\",\"name\":\"Charles Taudin\",\"image\":{\"@type\":\"ImageObject\",\"inLanguage\":\"fr-FR\",\"@id\":\"https:\/\/theplayoffs.news\/fr\/#\/schema\/person\/image\/\",\"url\":\"https:\/\/secure.gravatar.com\/avatar\/59a1e772205ce9fd255edfcafc93013736822e20261f294c5753b20c41ede9f2?s=96&d=mm&r=g\",\"contentUrl\":\"https:\/\/secure.gravatar.com\/avatar\/59a1e772205ce9fd255edfcafc93013736822e20261f294c5753b20c41ede9f2?s=96&d=mm&r=g\",\"caption\":\"Charles Taudin\"},\"description\":\"R\u00e9dacteur en chef global de The Playoffs, j\u2019ai cr\u00e9\u00e9 The Free Agent, devenu The Playoffs FR, en 2020 durant la pand\u00e9mie. Amoureux depuis des ann\u00e9es des 4 sports majeurs am\u00e9ricains, j\u2019organise maintenant la strat\u00e9gie \u00e9ditoriale et les r\u00e9seaux sociaux de l\u2019ensemble des versions de The Playoffs. Il m\u2019arrive encore d\u2019\u00e9crire sur certains sports que j\u2019affectionne particuli\u00e8rement comme la NFL ou la MLB. Si vous devez retenir qu\u2019une chose : Eli Manning est le vrai GOAT pour avoir battu deux fois Tom Brady.\",\"sameAs\":[\"https:\/\/www.instagram.com\/ctaudin_\/\"],\"url\":\"https:\/\/theplayoffs.news\/fr\/author\/charles-taudin\/\"}]}<\/script>\n<!-- \/ Yoast SEO plugin. -->","yoast_head_json":{"title":"LeBron James sur les besoins des Lakers : &quot;Ce n&#039;est pas une question pour moi&quot; - The Playoffs FR","robots":{"index":"index","follow":"follow","max-snippet":"max-snippet:-1","max-image-preview":"max-image-preview:large","max-video-preview":"max-video-preview:-1"},"canonical":"https:\/\/theplayoffs.news\/fr\/actualite-nba\/lebron-james-sur-les-besoins-des-lakers-ce-nest-pas-une-question-pour-moi\/","og_locale":"fr_FR","og_type":"article","og_title":"LeBron James sur les besoins des Lakers : &quot;Ce n&#039;est pas une question pour moi&quot; - The Playoffs FR","og_url":"https:\/\/theplayoffs.news\/fr\/actualite-nba\/lebron-james-sur-les-besoins-des-lakers-ce-nest-pas-une-question-pour-moi\/","og_site_name":"The Playoffs FR","article_publisher":"https:\/\/www.facebook.com\/TheFreeAgentFR\/","article_modified_time":"2024-02-06T10:52:05+00:00","og_image":[{"width":1920,"height":1280,"url":"https:\/\/theplayoffs.news\/fr\/wp-content\/uploads\/2024\/02\/USATSI_22441061.jpg","type":"image\/jpeg"}],"author":"Charles Taudin","twitter_card":"summary_large_image","twitter_creator":"@TheFreeAgentFR","twitter_site":"@TheFreeAgentFR","twitter_misc":{"\u00c9crit par":"Charles Taudin","Dur\u00e9e de lecture estim\u00e9e":"1 minute"},"schema":{"@context":"https:\/\/schema.org","@graph":[{"@type":"WebPage","@id":"https:\/\/theplayoffs.news\/fr\/actualite-nba\/lebron-james-sur-les-besoins-des-lakers-ce-nest-pas-une-question-pour-moi\/","url":"https:\/\/theplayoffs.news\/fr\/actualite-nba\/lebron-james-sur-les-besoins-des-lakers-ce-nest-pas-une-question-pour-moi\/","name":"LeBron James sur les besoins des Lakers : \\\"Ce n\\'est pas une question pour moi\\\" - The Playoffs FR","isPartOf":{"@id":"https:\/\/theplayoffs.news\/fr\/#website"},"primaryImageOfPage":{"@id":"https:\/\/theplayoffs.news\/fr\/actualite-nba\/lebron-james-sur-les-besoins-des-lakers-ce-nest-pas-une-question-pour-moi\/#primaryimage"},"image":{"@id":"https:\/\/theplayoffs.news\/fr\/actualite-nba\/lebron-james-sur-les-besoins-des-lakers-ce-nest-pas-une-question-pour-moi\/#primaryimage"},"thumbnailUrl":"https:\/\/theplayoffs.news\/fr\/wp-content\/uploads\/2024\/02\/USATSI_22441061.jpg","datePublished":"2024-02-06T10:49:49+00:00","dateModified":"2024-02-06T10:52:05+00:00","author":{"@id":"https:\/\/theplayoffs.news\/fr\/#\/schema\/person\/eee5b69ad5d3c51cabe881c839dbe133"},"breadcrumb":{"@id":"https:\/\/theplayoffs.news\/fr\/actualite-nba\/lebron-james-sur-les-besoins-des-lakers-ce-nest-pas-une-question-pour-moi\/#breadcrumb"},"inLanguage":"fr-FR","potentialAction":[{"@type":"ReadAction","target":["https:\/\/theplayoffs.news\/fr\/actualite-nba\/lebron-james-sur-les-besoins-des-lakers-ce-nest-pas-une-question-pour-moi\/"]}]},{"@type":"ImageObject","inLanguage":"fr-FR","@id":"https:\/\/theplayoffs.news\/fr\/actualite-nba\/lebron-james-sur-les-besoins-des-lakers-ce-nest-pas-une-question-pour-moi\/#primaryimage","url":"https:\/\/theplayoffs.news\/fr\/wp-content\/uploads\/2024\/02\/USATSI_22441061.jpg","contentUrl":"https:\/\/theplayoffs.news\/fr\/wp-content\/uploads\/2024\/02\/USATSI_22441061.jpg","width":1920,"height":1280,"caption":"Feb 3, 2024; New York, New York, USA; Los Angeles Lakers forward LeBron James (23) during the fourth quarter against the New York Knicks at Madison Square Garden. Mandatory Credit: Brad Penner-USA TODAY Sports"},{"@type":"BreadcrumbList","@id":"https:\/\/theplayoffs.news\/fr\/actualite-nba\/lebron-james-sur-les-besoins-des-lakers-ce-nest-pas-une-question-pour-moi\/#breadcrumb","itemListElement":[{"@type":"ListItem","position":1,"name":"Accueil","item":"https:\/\/theplayoffs.news\/fr\/"},{"@type":"ListItem","position":2,"name":"LeBron James sur les besoins des Lakers : \u00ab\u00a0Ce n&rsquo;est pas une question pour moi\u00a0\u00bb"}]},{"@type":"WebSite","@id":"https:\/\/theplayoffs.news\/fr\/#website","url":"https:\/\/theplayoffs.news\/fr\/","name":"The Playoffs FR","description":"NBA-NFL-NHL-MLB","potentialAction":[{"@type":"SearchAction","target":{"@type":"EntryPoint","urlTemplate":"https:\/\/theplayoffs.news\/fr\/?s={search_term_string}"},"query-input":{"@type":"PropertyValueSpecification","valueRequired":true,"valueName":"search_term_string"}}],"inLanguage":"fr-FR"},{"@type":"Person","@id":"https:\/\/theplayoffs.news\/fr\/#\/schema\/person\/eee5b69ad5d3c51cabe881c839dbe133","name":"Charles Taudin","image":{"@type":"ImageObject","inLanguage":"fr-FR","@id":"https:\/\/theplayoffs.news\/fr\/#\/schema\/person\/image\/","url":"https:\/\/secure.gravatar.com\/avatar\/59a1e772205ce9fd255edfcafc93013736822e20261f294c5753b20c41ede9f2?s=96&d=mm&r=g","contentUrl":"https:\/\/secure.gravatar.com\/avatar\/59a1e772205ce9fd255edfcafc93013736822e20261f294c5753b20c41ede9f2?s=96&d=mm&r=g","caption":"Charles Taudin"},"description":"R\u00e9dacteur en chef global de The Playoffs, j\u2019ai cr\u00e9\u00e9 The Free Agent, devenu The Playoffs FR, en 2020 durant la pand\u00e9mie. Amoureux depuis des ann\u00e9es des 4 sports majeurs am\u00e9ricains, j\u2019organise maintenant la strat\u00e9gie \u00e9ditoriale et les r\u00e9seaux sociaux de l\u2019ensemble des versions de The Playoffs. Il m\u2019arrive encore d\u2019\u00e9crire sur certains sports que j\u2019affectionne particuli\u00e8rement comme la NFL ou la MLB. Si vous devez retenir qu\u2019une chose : Eli Manning est le vrai GOAT pour avoir battu deux fois Tom Brady.","sameAs":["https:\/\/www.instagram.com\/ctaudin_\/"],"url":"https:\/\/theplayoffs.news\/fr\/author\/charles-taudin\/"}]}},"_links":{"self":[{"href":"https:\/\/theplayoffs.news\/fr\/wp-json\/wp\/v2\/posts\/1326822","targetHints":{"allow":["GET"]}}],"collection":[{"href":"https:\/\/theplayoffs.news\/fr\/wp-json\/wp\/v2\/posts"}],"about":[{"href":"https:\/\/theplayoffs.news\/fr\/wp-json\/wp\/v2\/types\/post"}],"author":[{"embeddable":true,"href":"https:\/\/theplayoffs.news\/fr\/wp-json\/wp\/v2\/users\/13"}],"replies":[{"embeddable":true,"href":"https:\/\/theplayoffs.news\/fr\/wp-json\/wp\/v2\/comments?post=1326822"}],"version-history":[{"count":3,"href":"https:\/\/theplayoffs.news\/fr\/wp-json\/wp\/v2\/posts\/1326822\/revisions"}],"predecessor-version":[{"id":1326864,"href":"https:\/\/theplayoffs.news\/fr\/wp-json\/wp\/v2\/posts\/1326822\/revisions\/1326864"}],"wp:featuredmedia":[{"embeddable":true,"href":"https:\/\/theplayoffs.news\/fr\/wp-json\/wp\/v2\/media\/1326852"}],"wp:attachment":[{"href":"https:\/\/theplayoffs.news\/fr\/wp-json\/wp\/v2\/media?parent=1326822"}],"wp:term":[{"taxonomy":"category","embeddable":true,"href":"https:\/\/theplayoffs.news\/fr\/wp-json\/wp\/v2\/categories?post=1326822"},{"taxonomy":"post_tag","embeddable":true,"href":"https:\/\/theplayoffs.news\/fr\/wp-json\/wp\/v2\/tags?post=1326822"},{"taxonomy":"sport","embeddable":true,"href":"https:\/\/theplayoffs.news\/fr\/wp-json\/wp\/v2\/sport?post=1326822"},{"taxonomy":"saison","embeddable":true,"href":"https:\/\/theplayoffs.news\/fr\/wp-json\/wp\/v2\/saison?post=1326822"}],"curies":[{"name":"wp","href":"https:\/\/api.w.org\/{rel}","templated":true}]}}