{"id":1325178,"date":"2024-02-05T18:21:20","date_gmt":"2024-02-05T17:21:20","guid":{"rendered":"https:\/\/theplayoffs.news\/fr\/?p=1325178"},"modified":"2024-02-05T18:21:21","modified_gmt":"2024-02-05T17:21:21","slug":"cowboys-3-candidats-coordinateur-defensif","status":"publish","type":"post","link":"https:\/\/theplayoffs.news\/fr\/actualite-nfl\/cowboys-3-candidats-coordinateur-defensif\/","title":{"rendered":"Cowboys : 3 candidats pour le poste de coordinateur d\u00e9fensif"},"content":{"rendered":"<h2>NFL &ndash; Le d&eacute;part de Dan Quinn, qui a pris le poste d&rsquo;entra&icirc;neur principal chez les Commanders, rempla&ccedil;ant Ron Rivera, a laiss&eacute; une vacance que les Cowboys sont impatients de combler avec un candidat comp&eacute;tent.<\/h2><h4>Les candidats en lice<\/h4><p>Parmi les favoris pour le poste figurent Ron Rivera, Mike Zimmer et Aden Durde, chacun apportant un ensemble unique de comp&eacute;tences et d&rsquo;exp&eacute;riences. Ron Rivera, ayant r&eacute;cemment &eacute;t&eacute; remplac&eacute; par Quinn en tant qu&rsquo;entra&icirc;neur principal des Commanders, se trouve maintenant dans une position particuli&egrave;re o&ugrave; il pourrait potentiellement prendre le r&ocirc;le pr&eacute;c&eacute;dent de <a href=\"https:\/\/theplayoffs.news\/fr\/nfl\/dan-quinn-nouvel-entraineur-des-commanders\/\" class=\"trk-cta-link\" data-cta-trk='{\"ctaType\":\"Link\",\"ctaSubType\":\"main\"}'>Quinn chez les Cowboys<\/a>.<\/p><p>Mike Zimmer et Ron Rivera sont des v&eacute;t&eacute;rans aguerris avec des parcours louables en tant qu&rsquo;entra&icirc;neurs principaux et coordinateurs d&eacute;fensifs. D&rsquo;autre part, Aden Durde, l&rsquo;actuel entra&icirc;neur de la ligne d&eacute;fensive des Cowboys, repr&eacute;sente l&rsquo;aspiration et le potentiel au sein du personnel d&rsquo;entra&icirc;nement des Cowboys.<\/p><p>Bien que Durde n&rsquo;ait pas encore occup&eacute; de poste de coordinateur, sa connaissance intime des strat&eacute;gies d&eacute;fensives et du personnel des Cowboys pourrait fournir une transition sans heurt et une perspective nouvelle au r&ocirc;le.<\/p><p>L&rsquo;entra&icirc;neur principal Mike McCarthy se trouve sous un examen de plus en plus minutieux alors qu&rsquo;il entre dans la derni&egrave;re ann&eacute;e de son contrat. Malgr&eacute; cela, le propri&eacute;taire des Cowboys, Jerry Jones, reste optimiste quant &agrave; la capacit&eacute; de l&rsquo;&eacute;quipe &agrave; attirer des talents d&rsquo;entra&icirc;neurs de premier plan, soulignant sa confiance dans l&rsquo;attrait des Cowboys et la stabilit&eacute; de l&rsquo;organisation.<\/p><p>&nbsp;<\/p><p>Credit photo : Geoff Burke-USA TODAY Sports<\/p>\n","protected":false},"excerpt":{"rendered":"","protected":false},"author":180309964,"featured_media":1325179,"comment_status":"open","ping_status":"closed","sticky":false,"template":"","format":"standard","meta":{"inline_featured_image":false,"kia_subtitle":"","_mux_skip_reasons":[],"proofreadBy":0,"footnotes":""},"categories":[118,40],"tags":[5307,250,866],"sport":[],"saison":[],"class_list":["post-1325178","post","type-post","status-publish","format-standard","has-post-thumbnail","hentry","category-actualite-nfl","category-nfl","tag-coordinateur-defensif","tag-cowboys","tag-ron-rivera"],"acf":[],"yoast_head":"<!-- This site is optimized with the Yoast SEO plugin v24.2 - https:\/\/yoast.com\/wordpress\/plugins\/seo\/ -->\n<title>Cowboys : 3 candidats pour le poste de coordinateur d&eacute;fensif - The Playoffs FR<\/title>\n<meta name=\"robots\" content=\"index, follow, max-snippet:-1, max-image-preview:large, max-video-preview:-1\" \/>\n<link rel=\"canonical\" href=\"https:\/\/theplayoffs.news\/fr\/actualite-nfl\/cowboys-3-candidats-coordinateur-defensif\/\" \/>\n<meta property=\"og:locale\" content=\"fr_FR\" \/>\n<meta property=\"og:type\" content=\"article\" \/>\n<meta property=\"og:title\" content=\"Cowboys : 3 candidats pour le poste de coordinateur d&eacute;fensif - The Playoffs FR\" \/>\n<meta property=\"og:url\" content=\"https:\/\/theplayoffs.news\/fr\/actualite-nfl\/cowboys-3-candidats-coordinateur-defensif\/\" \/>\n<meta property=\"og:site_name\" content=\"The Playoffs FR\" \/>\n<meta property=\"article:publisher\" content=\"https:\/\/www.facebook.com\/TheFreeAgentFR\/\" \/>\n<meta property=\"article:modified_time\" content=\"2024-02-05T18:21:21+01:00\" \/>\n<meta property=\"og:image\" content=\"https:\/\/theplayoffs.news\/fr\/wp-content\/uploads\/2024\/02\/USATSI_22244467.jpg\" \/>\n\t<meta property=\"og:image:width\" content=\"1920\" \/>\n\t<meta property=\"og:image:height\" content=\"1281\" \/>\n\t<meta property=\"og:image:type\" content=\"image\/jpeg\" \/>\n<meta name=\"author\" content=\"Flavien Jumeau\" \/>\n<meta name=\"twitter:card\" content=\"summary_large_image\" \/>\n<meta name=\"twitter:creator\" content=\"@TheFreeAgentFR\" \/>\n<meta name=\"twitter:site\" content=\"@TheFreeAgentFR\" \/>\n<meta name=\"twitter:label1\" content=\"\u00c9crit par\" \/>\n\t<meta name=\"twitter:data1\" content=\"Flavien Jumeau\" \/>\n\t<meta name=\"twitter:label2\" content=\"Dur\u00e9e de lecture estim\u00e9e\" \/>\n\t<meta name=\"twitter:data2\" content=\"1 minute\" \/>\n<script type=\"application\/ld+json\" class=\"yoast-schema-graph\">{\"@context\":\"https:\/\/schema.org\",\"@graph\":[{\"@type\":\"WebPage\",\"@id\":\"https:\/\/theplayoffs.news\/fr\/actualite-nfl\/cowboys-3-candidats-coordinateur-defensif\/\",\"url\":\"https:\/\/theplayoffs.news\/fr\/actualite-nfl\/cowboys-3-candidats-coordinateur-defensif\/\",\"name\":\"Cowboys : 3 candidats pour le poste de coordinateur d\u00e9fensif - The Playoffs FR\",\"isPartOf\":{\"@id\":\"https:\/\/theplayoffs.news\/fr\/#website\"},\"primaryImageOfPage\":{\"@id\":\"https:\/\/theplayoffs.news\/fr\/actualite-nfl\/cowboys-3-candidats-coordinateur-defensif\/#primaryimage\"},\"image\":{\"@id\":\"https:\/\/theplayoffs.news\/fr\/actualite-nfl\/cowboys-3-candidats-coordinateur-defensif\/#primaryimage\"},\"thumbnailUrl\":\"https:\/\/theplayoffs.news\/fr\/wp-content\/uploads\/2024\/02\/USATSI_22244467.jpg\",\"datePublished\":\"2024-02-05T17:21:20+00:00\",\"dateModified\":\"2024-02-05T17:21:21+00:00\",\"author\":{\"@id\":\"https:\/\/theplayoffs.news\/fr\/#\/schema\/person\/def63bc6746dc5957469b75feb99e66d\"},\"breadcrumb\":{\"@id\":\"https:\/\/theplayoffs.news\/fr\/actualite-nfl\/cowboys-3-candidats-coordinateur-defensif\/#breadcrumb\"},\"inLanguage\":\"fr-FR\",\"potentialAction\":[{\"@type\":\"ReadAction\",\"target\":[\"https:\/\/theplayoffs.news\/fr\/actualite-nfl\/cowboys-3-candidats-coordinateur-defensif\/\"]}]},{\"@type\":\"ImageObject\",\"inLanguage\":\"fr-FR\",\"@id\":\"https:\/\/theplayoffs.news\/fr\/actualite-nfl\/cowboys-3-candidats-coordinateur-defensif\/#primaryimage\",\"url\":\"https:\/\/theplayoffs.news\/fr\/wp-content\/uploads\/2024\/02\/USATSI_22244467.jpg\",\"contentUrl\":\"https:\/\/theplayoffs.news\/fr\/wp-content\/uploads\/2024\/02\/USATSI_22244467.jpg\",\"width\":1920,\"height\":1281,\"caption\":\"Jan 7, 2024; Landover, Maryland, USA; A view of Dallas Cowboys players\\\\' helmets on the bench against the Washington Commanders during the first quarter at FedExField. Mandatory Credit: Geoff Burke-USA TODAY Sports\"},{\"@type\":\"BreadcrumbList\",\"@id\":\"https:\/\/theplayoffs.news\/fr\/actualite-nfl\/cowboys-3-candidats-coordinateur-defensif\/#breadcrumb\",\"itemListElement\":[{\"@type\":\"ListItem\",\"position\":1,\"name\":\"Accueil\",\"item\":\"https:\/\/theplayoffs.news\/fr\/\"},{\"@type\":\"ListItem\",\"position\":2,\"name\":\"Cowboys : 3 candidats pour le poste de coordinateur d\u00e9fensif\"}]},{\"@type\":\"WebSite\",\"@id\":\"https:\/\/theplayoffs.news\/fr\/#website\",\"url\":\"https:\/\/theplayoffs.news\/fr\/\",\"name\":\"The Playoffs FR\",\"description\":\"NBA-NFL-NHL-MLB\",\"potentialAction\":[{\"@type\":\"SearchAction\",\"target\":{\"@type\":\"EntryPoint\",\"urlTemplate\":\"https:\/\/theplayoffs.news\/fr\/?s={search_term_string}\"},\"query-input\":{\"@type\":\"PropertyValueSpecification\",\"valueRequired\":true,\"valueName\":\"search_term_string\"}}],\"inLanguage\":\"fr-FR\"},{\"@type\":\"Person\",\"@id\":\"https:\/\/theplayoffs.news\/fr\/#\/schema\/person\/def63bc6746dc5957469b75feb99e66d\",\"name\":\"Flavien Jumeau\",\"image\":{\"@type\":\"ImageObject\",\"inLanguage\":\"fr-FR\",\"@id\":\"https:\/\/theplayoffs.news\/fr\/#\/schema\/person\/image\/\",\"url\":\"https:\/\/secure.gravatar.com\/avatar\/e7fa8ba5a4b7e4ce35fe152f083f352db28ad0acce692004ed88a7a7d78893f7?s=96&d=mm&r=g\",\"contentUrl\":\"https:\/\/secure.gravatar.com\/avatar\/e7fa8ba5a4b7e4ce35fe152f083f352db28ad0acce692004ed88a7a7d78893f7?s=96&d=mm&r=g\",\"caption\":\"Flavien Jumeau\"},\"description\":\"Amoureux du sport (et de vraiment tous les sports) depuis mon plus jeune \u00e2ge, j\u2019ai longtemps h\u00e9site entre le snooker et le curling. Finalement c\u2019est le foot US que j\u2019ai d\u00e9cid\u00e9 de choisir! Responsable foot US sur TPO et animateur du podcast Tailgate j\u2019ai pour mission de vous faire d\u00e9couvrir ce sport passionnant si ce n\u2019est pas encore fait et de vous donner les derni\u00e8res actus. Le tout dans la bonne humeur et avec toujours un jeu de mots ou deux savamment distill\u00e9s! Fan des Saints, pour moi Drew Brees est le vrai GOAT!\",\"url\":\"https:\/\/theplayoffs.news\/fr\/author\/flavien-jumeaugmail-com\/\"}]}<\/script>\n<!-- \/ Yoast SEO plugin. -->","yoast_head_json":{"title":"Cowboys : 3 candidats pour le poste de coordinateur d&eacute;fensif - The Playoffs FR","robots":{"index":"index","follow":"follow","max-snippet":"max-snippet:-1","max-image-preview":"max-image-preview:large","max-video-preview":"max-video-preview:-1"},"canonical":"https:\/\/theplayoffs.news\/fr\/actualite-nfl\/cowboys-3-candidats-coordinateur-defensif\/","og_locale":"fr_FR","og_type":"article","og_title":"Cowboys : 3 candidats pour le poste de coordinateur d&eacute;fensif - The Playoffs FR","og_url":"https:\/\/theplayoffs.news\/fr\/actualite-nfl\/cowboys-3-candidats-coordinateur-defensif\/","og_site_name":"The Playoffs FR","article_publisher":"https:\/\/www.facebook.com\/TheFreeAgentFR\/","article_modified_time":"2024-02-05T17:21:21+00:00","og_image":[{"width":1920,"height":1281,"url":"https:\/\/theplayoffs.news\/fr\/wp-content\/uploads\/2024\/02\/USATSI_22244467.jpg","type":"image\/jpeg"}],"author":"Flavien Jumeau","twitter_card":"summary_large_image","twitter_creator":"@TheFreeAgentFR","twitter_site":"@TheFreeAgentFR","twitter_misc":{"\u00c9crit par":"Flavien Jumeau","Dur\u00e9e de lecture estim\u00e9e":"1 minute"},"schema":{"@context":"https:\/\/schema.org","@graph":[{"@type":"WebPage","@id":"https:\/\/theplayoffs.news\/fr\/actualite-nfl\/cowboys-3-candidats-coordinateur-defensif\/","url":"https:\/\/theplayoffs.news\/fr\/actualite-nfl\/cowboys-3-candidats-coordinateur-defensif\/","name":"Cowboys : 3 candidats pour le poste de coordinateur d\u00e9fensif - The Playoffs FR","isPartOf":{"@id":"https:\/\/theplayoffs.news\/fr\/#website"},"primaryImageOfPage":{"@id":"https:\/\/theplayoffs.news\/fr\/actualite-nfl\/cowboys-3-candidats-coordinateur-defensif\/#primaryimage"},"image":{"@id":"https:\/\/theplayoffs.news\/fr\/actualite-nfl\/cowboys-3-candidats-coordinateur-defensif\/#primaryimage"},"thumbnailUrl":"https:\/\/theplayoffs.news\/fr\/wp-content\/uploads\/2024\/02\/USATSI_22244467.jpg","datePublished":"2024-02-05T17:21:20+00:00","dateModified":"2024-02-05T17:21:21+00:00","author":{"@id":"https:\/\/theplayoffs.news\/fr\/#\/schema\/person\/def63bc6746dc5957469b75feb99e66d"},"breadcrumb":{"@id":"https:\/\/theplayoffs.news\/fr\/actualite-nfl\/cowboys-3-candidats-coordinateur-defensif\/#breadcrumb"},"inLanguage":"fr-FR","potentialAction":[{"@type":"ReadAction","target":["https:\/\/theplayoffs.news\/fr\/actualite-nfl\/cowboys-3-candidats-coordinateur-defensif\/"]}]},{"@type":"ImageObject","inLanguage":"fr-FR","@id":"https:\/\/theplayoffs.news\/fr\/actualite-nfl\/cowboys-3-candidats-coordinateur-defensif\/#primaryimage","url":"https:\/\/theplayoffs.news\/fr\/wp-content\/uploads\/2024\/02\/USATSI_22244467.jpg","contentUrl":"https:\/\/theplayoffs.news\/fr\/wp-content\/uploads\/2024\/02\/USATSI_22244467.jpg","width":1920,"height":1281,"caption":"Jan 7, 2024; Landover, Maryland, USA; A view of Dallas Cowboys players\\' helmets on the bench against the Washington Commanders during the first quarter at FedExField. Mandatory Credit: Geoff Burke-USA TODAY Sports"},{"@type":"BreadcrumbList","@id":"https:\/\/theplayoffs.news\/fr\/actualite-nfl\/cowboys-3-candidats-coordinateur-defensif\/#breadcrumb","itemListElement":[{"@type":"ListItem","position":1,"name":"Accueil","item":"https:\/\/theplayoffs.news\/fr\/"},{"@type":"ListItem","position":2,"name":"Cowboys : 3 candidats pour le poste de coordinateur d\u00e9fensif"}]},{"@type":"WebSite","@id":"https:\/\/theplayoffs.news\/fr\/#website","url":"https:\/\/theplayoffs.news\/fr\/","name":"The Playoffs FR","description":"NBA-NFL-NHL-MLB","potentialAction":[{"@type":"SearchAction","target":{"@type":"EntryPoint","urlTemplate":"https:\/\/theplayoffs.news\/fr\/?s={search_term_string}"},"query-input":{"@type":"PropertyValueSpecification","valueRequired":true,"valueName":"search_term_string"}}],"inLanguage":"fr-FR"},{"@type":"Person","@id":"https:\/\/theplayoffs.news\/fr\/#\/schema\/person\/def63bc6746dc5957469b75feb99e66d","name":"Flavien Jumeau","image":{"@type":"ImageObject","inLanguage":"fr-FR","@id":"https:\/\/theplayoffs.news\/fr\/#\/schema\/person\/image\/","url":"https:\/\/secure.gravatar.com\/avatar\/e7fa8ba5a4b7e4ce35fe152f083f352db28ad0acce692004ed88a7a7d78893f7?s=96&d=mm&r=g","contentUrl":"https:\/\/secure.gravatar.com\/avatar\/e7fa8ba5a4b7e4ce35fe152f083f352db28ad0acce692004ed88a7a7d78893f7?s=96&d=mm&r=g","caption":"Flavien Jumeau"},"description":"Amoureux du sport (et de vraiment tous les sports) depuis mon plus jeune \u00e2ge, j\u2019ai longtemps h\u00e9site entre le snooker et le curling. Finalement c\u2019est le foot US que j\u2019ai d\u00e9cid\u00e9 de choisir! Responsable foot US sur TPO et animateur du podcast Tailgate j\u2019ai pour mission de vous faire d\u00e9couvrir ce sport passionnant si ce n\u2019est pas encore fait et de vous donner les derni\u00e8res actus. Le tout dans la bonne humeur et avec toujours un jeu de mots ou deux savamment distill\u00e9s! Fan des Saints, pour moi Drew Brees est le vrai GOAT!","url":"https:\/\/theplayoffs.news\/fr\/author\/flavien-jumeaugmail-com\/"}]}},"_links":{"self":[{"href":"https:\/\/theplayoffs.news\/fr\/wp-json\/wp\/v2\/posts\/1325178","targetHints":{"allow":["GET"]}}],"collection":[{"href":"https:\/\/theplayoffs.news\/fr\/wp-json\/wp\/v2\/posts"}],"about":[{"href":"https:\/\/theplayoffs.news\/fr\/wp-json\/wp\/v2\/types\/post"}],"author":[{"embeddable":true,"href":"https:\/\/theplayoffs.news\/fr\/wp-json\/wp\/v2\/users\/180309964"}],"replies":[{"embeddable":true,"href":"https:\/\/theplayoffs.news\/fr\/wp-json\/wp\/v2\/comments?post=1325178"}],"version-history":[{"count":3,"href":"https:\/\/theplayoffs.news\/fr\/wp-json\/wp\/v2\/posts\/1325178\/revisions"}],"predecessor-version":[{"id":1325182,"href":"https:\/\/theplayoffs.news\/fr\/wp-json\/wp\/v2\/posts\/1325178\/revisions\/1325182"}],"wp:featuredmedia":[{"embeddable":true,"href":"https:\/\/theplayoffs.news\/fr\/wp-json\/wp\/v2\/media\/1325179"}],"wp:attachment":[{"href":"https:\/\/theplayoffs.news\/fr\/wp-json\/wp\/v2\/media?parent=1325178"}],"wp:term":[{"taxonomy":"category","embeddable":true,"href":"https:\/\/theplayoffs.news\/fr\/wp-json\/wp\/v2\/categories?post=1325178"},{"taxonomy":"post_tag","embeddable":true,"href":"https:\/\/theplayoffs.news\/fr\/wp-json\/wp\/v2\/tags?post=1325178"},{"taxonomy":"sport","embeddable":true,"href":"https:\/\/theplayoffs.news\/fr\/wp-json\/wp\/v2\/sport?post=1325178"},{"taxonomy":"saison","embeddable":true,"href":"https:\/\/theplayoffs.news\/fr\/wp-json\/wp\/v2\/saison?post=1325178"}],"curies":[{"name":"wp","href":"https:\/\/api.w.org\/{rel}","templated":true}]}}