{"id":1317949,"date":"2024-02-03T14:44:44","date_gmt":"2024-02-03T13:44:44","guid":{"rendered":"https:\/\/theplayoffs.news\/fr\/?p=1317949"},"modified":"2024-02-03T17:03:27","modified_gmt":"2024-02-03T16:03:27","slug":"carl-weathers-ex-raiders-decede-a-76-ans","status":"publish","type":"post","link":"https:\/\/theplayoffs.news\/fr\/actualite-nfl\/carl-weathers-ex-raiders-decede-a-76-ans\/","title":{"rendered":"Carl Weathers (ex-Raiders) d\u00e9c\u00e8de \u00e0 76 ans!"},"content":{"rendered":"<h2>NFL &ndash; L&rsquo;ancien linebacker des Raiders (d&rsquo;Oakland &agrave; l&rsquo;&eacute;poque), Carl Weathers vient de d&eacute;c&eacute;der ce vendredi &agrave; l&rsquo;&acirc;ge de 76 ans.<\/h2><p>Que vous soyez un inconditionnel de la NFL ou, et peut-&ecirc;tre surtout, un fan de cin&eacute;ma, le visage de <a href=\"https:\/\/twitter.com\/jasrifootball\/status\/1753517895445782874\" class=\"trk-cta-link\" data-cta-trk='{\"ctaType\":\"Link\",\"ctaSubType\":\"main\"}'>Carl Weathers<\/a> n&rsquo;est sans doute pas inconnu pour vous. En effet, Weathers fut pendant deux saisons un joueur de rotation des Raiders mais il est surtout rest&eacute; c&eacute;l&egrave;bre pour son r&ocirc;le d&rsquo;Apollo Creed qu&rsquo;il a tenu dans 4 films de la c&eacute;l&eacute;brissime saga Rocky.<\/p><blockquote><p>&laquo;&nbsp;Carl Weathers s&rsquo;est &eacute;teint paisiblement dans son sommeil&nbsp;&raquo; a communiqu&eacute; sa famille. &laquo;&nbsp;Carl &eacute;tait l&rsquo;un de ces &ecirc;tres humains exceptionnel qui ont eu la chance de vivre une vie exceptionnelle&nbsp;&raquo;.<\/p><\/blockquote><p>Non rep&ecirc;ch&eacute; lors de la draft NFL 1970, Carl Weathers arrivera finalement chez les Oakland <a href=\"https:\/\/theplayoffs.news\/fr\/equipe\/las-vegas-raiders-nfl\/\" class=\"trk-cta-link\" data-cta-trk='{\"ctaType\":\"Link\",\"ctaSubType\":\"main\"}'>Raider<\/a>s en NFL. Il passera alors deux saisons dans la franchise de Californie pendant lesquels il fera une apparition dans 8 rencontres NFL. Au terme de la saison 1971, Weathers d&eacute;cid&eacute; de partir au Canada o&ugrave; il jouera pour les BC Lions.<\/p><blockquote class=\"twitter-tweet\" data-width=\"500\" data-dnt=\"true\">\n<p lang=\"en\" dir=\"ltr\">Rest In Peace to Carl Weathers &#128148; <a href=\"https:\/\/t.co\/YmM5YzBxvo\" class=\"trk-cta-link\" data-cta-trk='{\"ctaType\":\"Link\",\"ctaSubType\":\"main\"}'>pic.twitter.com\/YmM5YzBxvo<\/a><\/p>\n<p>&mdash; JPAFootball (@jasrifootball) <a href=\"https:\/\/twitter.com\/jasrifootball\/status\/1753517895445782874?ref_src=twsrc%5Etfw\" class=\"trk-cta-link\" data-cta-trk='{\"ctaType\":\"Link\",\"ctaSubType\":\"main\"}'>February 2, 2024<\/a><\/p><\/blockquote><p><script async src=\"https:\/\/platform.twitter.com\/widgets.js\" charset=\"utf-8\"><\/script><\/p><p>A la fin de sa carri&egrave;re de joueur de football professionnel, Carl Weathers d&eacute;cide de se consacrer pleinement au cin&eacute;ma. Une d&eacute;cision qui lui am&egrave;nera rapidement la c&eacute;l&eacute;brit&eacute; notamment en 1976 lorsqu&rsquo;il appara&icirc;t pour la premi&egrave;re fois dans le film Rocky en tant qu&rsquo;Apollo Creed. Il participera ensuite aux trois autres suites de la saga. En outre, il participera &agrave; des films jusqu&rsquo;&agrave; la fin de sa vie.<\/p><p>Joueur de NFL et star de cin&eacute;ma, Carl Weathers aura eu une vie bien remplie et s&rsquo;est donc &eacute;teint ce vendredi &agrave; l&rsquo;&acirc;ge de 76 ans. Une pens&eacute;e &eacute;mue pour toute sa famille et ses proches.<\/p><p><em>Cr&eacute;dit photo: Bill Streicher-USA TODAY Sports<\/em><\/p>\n","protected":false},"excerpt":{"rendered":"","protected":false},"author":180309964,"featured_media":1318005,"comment_status":"open","ping_status":"closed","sticky":false,"template":"","format":"standard","meta":{"inline_featured_image":false,"kia_subtitle":"","_mux_skip_reasons":[],"proofreadBy":0,"footnotes":""},"categories":[118,40],"tags":[6910,796],"sport":[2785],"saison":[3453],"class_list":["post-1317949","post","type-post","status-publish","format-standard","has-post-thumbnail","hentry","category-actualite-nfl","category-nfl","tag-carl-weathers","tag-las-vegas-raiders","sport-nfl","saison-3453"],"acf":[],"yoast_head":"<!-- This site is optimized with the Yoast SEO plugin v24.2 - https:\/\/yoast.com\/wordpress\/plugins\/seo\/ -->\n<title>Carl Weathers (ex-Raiders) d&eacute;c&egrave;de &agrave; 76 ans! - The Playoffs FR<\/title>\n<meta name=\"robots\" content=\"index, follow, max-snippet:-1, max-image-preview:large, max-video-preview:-1\" \/>\n<link rel=\"canonical\" href=\"https:\/\/theplayoffs.news\/fr\/actualite-nfl\/carl-weathers-ex-raiders-decede-a-76-ans\/\" \/>\n<meta property=\"og:locale\" content=\"fr_FR\" \/>\n<meta property=\"og:type\" content=\"article\" \/>\n<meta property=\"og:title\" content=\"Carl Weathers (ex-Raiders) d&eacute;c&egrave;de &agrave; 76 ans! - The Playoffs FR\" \/>\n<meta property=\"og:url\" content=\"https:\/\/theplayoffs.news\/fr\/actualite-nfl\/carl-weathers-ex-raiders-decede-a-76-ans\/\" \/>\n<meta property=\"og:site_name\" content=\"The Playoffs FR\" \/>\n<meta property=\"article:publisher\" content=\"https:\/\/www.facebook.com\/TheFreeAgentFR\/\" \/>\n<meta property=\"article:modified_time\" content=\"2024-02-03T17:03:27+01:00\" \/>\n<meta property=\"og:image\" content=\"https:\/\/theplayoffs.news\/fr\/wp-content\/uploads\/2024\/02\/USATSI_10033312.jpg\" \/>\n\t<meta property=\"og:image:width\" content=\"1920\" \/>\n\t<meta property=\"og:image:height\" content=\"1241\" \/>\n\t<meta property=\"og:image:type\" content=\"image\/jpeg\" \/>\n<meta name=\"author\" content=\"Flavien Jumeau\" \/>\n<meta name=\"twitter:card\" content=\"summary_large_image\" \/>\n<meta name=\"twitter:creator\" content=\"@TheFreeAgentFR\" \/>\n<meta name=\"twitter:site\" content=\"@TheFreeAgentFR\" \/>\n<meta name=\"twitter:label1\" content=\"\u00c9crit par\" \/>\n\t<meta name=\"twitter:data1\" content=\"Flavien Jumeau\" \/>\n\t<meta name=\"twitter:label2\" content=\"Dur\u00e9e de lecture estim\u00e9e\" \/>\n\t<meta name=\"twitter:data2\" content=\"2 minutes\" \/>\n<script type=\"application\/ld+json\" class=\"yoast-schema-graph\">{\"@context\":\"https:\/\/schema.org\",\"@graph\":[{\"@type\":\"WebPage\",\"@id\":\"https:\/\/theplayoffs.news\/fr\/actualite-nfl\/carl-weathers-ex-raiders-decede-a-76-ans\/\",\"url\":\"https:\/\/theplayoffs.news\/fr\/actualite-nfl\/carl-weathers-ex-raiders-decede-a-76-ans\/\",\"name\":\"Carl Weathers (ex-Raiders) d\u00e9c\u00e8de \u00e0 76 ans! - The Playoffs FR\",\"isPartOf\":{\"@id\":\"https:\/\/theplayoffs.news\/fr\/#website\"},\"primaryImageOfPage\":{\"@id\":\"https:\/\/theplayoffs.news\/fr\/actualite-nfl\/carl-weathers-ex-raiders-decede-a-76-ans\/#primaryimage\"},\"image\":{\"@id\":\"https:\/\/theplayoffs.news\/fr\/actualite-nfl\/carl-weathers-ex-raiders-decede-a-76-ans\/#primaryimage\"},\"thumbnailUrl\":\"https:\/\/theplayoffs.news\/fr\/wp-content\/uploads\/2024\/02\/USATSI_10033312.jpg\",\"datePublished\":\"2024-02-03T13:44:44+00:00\",\"dateModified\":\"2024-02-03T16:03:27+00:00\",\"author\":{\"@id\":\"https:\/\/theplayoffs.news\/fr\/#\/schema\/person\/def63bc6746dc5957469b75feb99e66d\"},\"breadcrumb\":{\"@id\":\"https:\/\/theplayoffs.news\/fr\/actualite-nfl\/carl-weathers-ex-raiders-decede-a-76-ans\/#breadcrumb\"},\"inLanguage\":\"fr-FR\",\"potentialAction\":[{\"@type\":\"ReadAction\",\"target\":[\"https:\/\/theplayoffs.news\/fr\/actualite-nfl\/carl-weathers-ex-raiders-decede-a-76-ans\/\"]}]},{\"@type\":\"ImageObject\",\"inLanguage\":\"fr-FR\",\"@id\":\"https:\/\/theplayoffs.news\/fr\/actualite-nfl\/carl-weathers-ex-raiders-decede-a-76-ans\/#primaryimage\",\"url\":\"https:\/\/theplayoffs.news\/fr\/wp-content\/uploads\/2024\/02\/USATSI_10033312.jpg\",\"contentUrl\":\"https:\/\/theplayoffs.news\/fr\/wp-content\/uploads\/2024\/02\/USATSI_10033312.jpg\",\"width\":1920,\"height\":1241,\"caption\":\"Apr 27, 2017; Philadelphia, PA, USA; Actor Carl Weathers on the red carpet prior to the start of the 2017 NFL Draft at Philadelphia Museum of Art. Mandatory Credit: Bill Streicher-USA TODAY Sports\"},{\"@type\":\"BreadcrumbList\",\"@id\":\"https:\/\/theplayoffs.news\/fr\/actualite-nfl\/carl-weathers-ex-raiders-decede-a-76-ans\/#breadcrumb\",\"itemListElement\":[{\"@type\":\"ListItem\",\"position\":1,\"name\":\"Accueil\",\"item\":\"https:\/\/theplayoffs.news\/fr\/\"},{\"@type\":\"ListItem\",\"position\":2,\"name\":\"Carl Weathers (ex-Raiders) d\u00e9c\u00e8de \u00e0 76 ans!\"}]},{\"@type\":\"WebSite\",\"@id\":\"https:\/\/theplayoffs.news\/fr\/#website\",\"url\":\"https:\/\/theplayoffs.news\/fr\/\",\"name\":\"The Playoffs FR\",\"description\":\"NBA-NFL-NHL-MLB\",\"potentialAction\":[{\"@type\":\"SearchAction\",\"target\":{\"@type\":\"EntryPoint\",\"urlTemplate\":\"https:\/\/theplayoffs.news\/fr\/?s={search_term_string}\"},\"query-input\":{\"@type\":\"PropertyValueSpecification\",\"valueRequired\":true,\"valueName\":\"search_term_string\"}}],\"inLanguage\":\"fr-FR\"},{\"@type\":\"Person\",\"@id\":\"https:\/\/theplayoffs.news\/fr\/#\/schema\/person\/def63bc6746dc5957469b75feb99e66d\",\"name\":\"Flavien Jumeau\",\"image\":{\"@type\":\"ImageObject\",\"inLanguage\":\"fr-FR\",\"@id\":\"https:\/\/theplayoffs.news\/fr\/#\/schema\/person\/image\/\",\"url\":\"https:\/\/secure.gravatar.com\/avatar\/e7fa8ba5a4b7e4ce35fe152f083f352db28ad0acce692004ed88a7a7d78893f7?s=96&d=mm&r=g\",\"contentUrl\":\"https:\/\/secure.gravatar.com\/avatar\/e7fa8ba5a4b7e4ce35fe152f083f352db28ad0acce692004ed88a7a7d78893f7?s=96&d=mm&r=g\",\"caption\":\"Flavien Jumeau\"},\"description\":\"Amoureux du sport (et de vraiment tous les sports) depuis mon plus jeune \u00e2ge, j\u2019ai longtemps h\u00e9site entre le snooker et le curling. Finalement c\u2019est le foot US que j\u2019ai d\u00e9cid\u00e9 de choisir! Responsable foot US sur TPO et animateur du podcast Tailgate j\u2019ai pour mission de vous faire d\u00e9couvrir ce sport passionnant si ce n\u2019est pas encore fait et de vous donner les derni\u00e8res actus. Le tout dans la bonne humeur et avec toujours un jeu de mots ou deux savamment distill\u00e9s! Fan des Saints, pour moi Drew Brees est le vrai GOAT!\",\"url\":\"https:\/\/theplayoffs.news\/fr\/author\/flavien-jumeaugmail-com\/\"}]}<\/script>\n<!-- \/ Yoast SEO plugin. -->","yoast_head_json":{"title":"Carl Weathers (ex-Raiders) d&eacute;c&egrave;de &agrave; 76 ans! - The Playoffs FR","robots":{"index":"index","follow":"follow","max-snippet":"max-snippet:-1","max-image-preview":"max-image-preview:large","max-video-preview":"max-video-preview:-1"},"canonical":"https:\/\/theplayoffs.news\/fr\/actualite-nfl\/carl-weathers-ex-raiders-decede-a-76-ans\/","og_locale":"fr_FR","og_type":"article","og_title":"Carl Weathers (ex-Raiders) d&eacute;c&egrave;de &agrave; 76 ans! - The Playoffs FR","og_url":"https:\/\/theplayoffs.news\/fr\/actualite-nfl\/carl-weathers-ex-raiders-decede-a-76-ans\/","og_site_name":"The Playoffs FR","article_publisher":"https:\/\/www.facebook.com\/TheFreeAgentFR\/","article_modified_time":"2024-02-03T16:03:27+00:00","og_image":[{"width":1920,"height":1241,"url":"https:\/\/theplayoffs.news\/fr\/wp-content\/uploads\/2024\/02\/USATSI_10033312.jpg","type":"image\/jpeg"}],"author":"Flavien Jumeau","twitter_card":"summary_large_image","twitter_creator":"@TheFreeAgentFR","twitter_site":"@TheFreeAgentFR","twitter_misc":{"\u00c9crit par":"Flavien Jumeau","Dur\u00e9e de lecture estim\u00e9e":"2 minutes"},"schema":{"@context":"https:\/\/schema.org","@graph":[{"@type":"WebPage","@id":"https:\/\/theplayoffs.news\/fr\/actualite-nfl\/carl-weathers-ex-raiders-decede-a-76-ans\/","url":"https:\/\/theplayoffs.news\/fr\/actualite-nfl\/carl-weathers-ex-raiders-decede-a-76-ans\/","name":"Carl Weathers (ex-Raiders) d\u00e9c\u00e8de \u00e0 76 ans! - The Playoffs FR","isPartOf":{"@id":"https:\/\/theplayoffs.news\/fr\/#website"},"primaryImageOfPage":{"@id":"https:\/\/theplayoffs.news\/fr\/actualite-nfl\/carl-weathers-ex-raiders-decede-a-76-ans\/#primaryimage"},"image":{"@id":"https:\/\/theplayoffs.news\/fr\/actualite-nfl\/carl-weathers-ex-raiders-decede-a-76-ans\/#primaryimage"},"thumbnailUrl":"https:\/\/theplayoffs.news\/fr\/wp-content\/uploads\/2024\/02\/USATSI_10033312.jpg","datePublished":"2024-02-03T13:44:44+00:00","dateModified":"2024-02-03T16:03:27+00:00","author":{"@id":"https:\/\/theplayoffs.news\/fr\/#\/schema\/person\/def63bc6746dc5957469b75feb99e66d"},"breadcrumb":{"@id":"https:\/\/theplayoffs.news\/fr\/actualite-nfl\/carl-weathers-ex-raiders-decede-a-76-ans\/#breadcrumb"},"inLanguage":"fr-FR","potentialAction":[{"@type":"ReadAction","target":["https:\/\/theplayoffs.news\/fr\/actualite-nfl\/carl-weathers-ex-raiders-decede-a-76-ans\/"]}]},{"@type":"ImageObject","inLanguage":"fr-FR","@id":"https:\/\/theplayoffs.news\/fr\/actualite-nfl\/carl-weathers-ex-raiders-decede-a-76-ans\/#primaryimage","url":"https:\/\/theplayoffs.news\/fr\/wp-content\/uploads\/2024\/02\/USATSI_10033312.jpg","contentUrl":"https:\/\/theplayoffs.news\/fr\/wp-content\/uploads\/2024\/02\/USATSI_10033312.jpg","width":1920,"height":1241,"caption":"Apr 27, 2017; Philadelphia, PA, USA; Actor Carl Weathers on the red carpet prior to the start of the 2017 NFL Draft at Philadelphia Museum of Art. Mandatory Credit: Bill Streicher-USA TODAY Sports"},{"@type":"BreadcrumbList","@id":"https:\/\/theplayoffs.news\/fr\/actualite-nfl\/carl-weathers-ex-raiders-decede-a-76-ans\/#breadcrumb","itemListElement":[{"@type":"ListItem","position":1,"name":"Accueil","item":"https:\/\/theplayoffs.news\/fr\/"},{"@type":"ListItem","position":2,"name":"Carl Weathers (ex-Raiders) d\u00e9c\u00e8de \u00e0 76 ans!"}]},{"@type":"WebSite","@id":"https:\/\/theplayoffs.news\/fr\/#website","url":"https:\/\/theplayoffs.news\/fr\/","name":"The Playoffs FR","description":"NBA-NFL-NHL-MLB","potentialAction":[{"@type":"SearchAction","target":{"@type":"EntryPoint","urlTemplate":"https:\/\/theplayoffs.news\/fr\/?s={search_term_string}"},"query-input":{"@type":"PropertyValueSpecification","valueRequired":true,"valueName":"search_term_string"}}],"inLanguage":"fr-FR"},{"@type":"Person","@id":"https:\/\/theplayoffs.news\/fr\/#\/schema\/person\/def63bc6746dc5957469b75feb99e66d","name":"Flavien Jumeau","image":{"@type":"ImageObject","inLanguage":"fr-FR","@id":"https:\/\/theplayoffs.news\/fr\/#\/schema\/person\/image\/","url":"https:\/\/secure.gravatar.com\/avatar\/e7fa8ba5a4b7e4ce35fe152f083f352db28ad0acce692004ed88a7a7d78893f7?s=96&d=mm&r=g","contentUrl":"https:\/\/secure.gravatar.com\/avatar\/e7fa8ba5a4b7e4ce35fe152f083f352db28ad0acce692004ed88a7a7d78893f7?s=96&d=mm&r=g","caption":"Flavien Jumeau"},"description":"Amoureux du sport (et de vraiment tous les sports) depuis mon plus jeune \u00e2ge, j\u2019ai longtemps h\u00e9site entre le snooker et le curling. Finalement c\u2019est le foot US que j\u2019ai d\u00e9cid\u00e9 de choisir! Responsable foot US sur TPO et animateur du podcast Tailgate j\u2019ai pour mission de vous faire d\u00e9couvrir ce sport passionnant si ce n\u2019est pas encore fait et de vous donner les derni\u00e8res actus. Le tout dans la bonne humeur et avec toujours un jeu de mots ou deux savamment distill\u00e9s! Fan des Saints, pour moi Drew Brees est le vrai GOAT!","url":"https:\/\/theplayoffs.news\/fr\/author\/flavien-jumeaugmail-com\/"}]}},"_links":{"self":[{"href":"https:\/\/theplayoffs.news\/fr\/wp-json\/wp\/v2\/posts\/1317949","targetHints":{"allow":["GET"]}}],"collection":[{"href":"https:\/\/theplayoffs.news\/fr\/wp-json\/wp\/v2\/posts"}],"about":[{"href":"https:\/\/theplayoffs.news\/fr\/wp-json\/wp\/v2\/types\/post"}],"author":[{"embeddable":true,"href":"https:\/\/theplayoffs.news\/fr\/wp-json\/wp\/v2\/users\/180309964"}],"replies":[{"embeddable":true,"href":"https:\/\/theplayoffs.news\/fr\/wp-json\/wp\/v2\/comments?post=1317949"}],"version-history":[{"count":4,"href":"https:\/\/theplayoffs.news\/fr\/wp-json\/wp\/v2\/posts\/1317949\/revisions"}],"predecessor-version":[{"id":1318550,"href":"https:\/\/theplayoffs.news\/fr\/wp-json\/wp\/v2\/posts\/1317949\/revisions\/1318550"}],"wp:featuredmedia":[{"embeddable":true,"href":"https:\/\/theplayoffs.news\/fr\/wp-json\/wp\/v2\/media\/1318005"}],"wp:attachment":[{"href":"https:\/\/theplayoffs.news\/fr\/wp-json\/wp\/v2\/media?parent=1317949"}],"wp:term":[{"taxonomy":"category","embeddable":true,"href":"https:\/\/theplayoffs.news\/fr\/wp-json\/wp\/v2\/categories?post=1317949"},{"taxonomy":"post_tag","embeddable":true,"href":"https:\/\/theplayoffs.news\/fr\/wp-json\/wp\/v2\/tags?post=1317949"},{"taxonomy":"sport","embeddable":true,"href":"https:\/\/theplayoffs.news\/fr\/wp-json\/wp\/v2\/sport?post=1317949"},{"taxonomy":"saison","embeddable":true,"href":"https:\/\/theplayoffs.news\/fr\/wp-json\/wp\/v2\/saison?post=1317949"}],"curies":[{"name":"wp","href":"https:\/\/api.w.org\/{rel}","templated":true}]}}