{"id":1317569,"date":"2024-02-03T14:03:59","date_gmt":"2024-02-03T13:03:59","guid":{"rendered":"https:\/\/theplayoffs.news\/fr\/?p=1317569"},"modified":"2024-02-03T14:04:00","modified_gmt":"2024-02-03T13:04:00","slug":"saquon-barkley-en-tete-de-liste-pour-jim-harbaugh","status":"publish","type":"post","link":"https:\/\/theplayoffs.news\/fr\/actualite-nfl\/saquon-barkley-en-tete-de-liste-pour-jim-harbaugh\/","title":{"rendered":"Saquon Barkley en t\u00eate de liste pour Jim Harbaugh ?"},"content":{"rendered":"<h2>NFL &ndash; L&rsquo;arriv&eacute;e de Jim Harbaugh chez les Chargers signale peut-&ecirc;tre le d&eacute;but de changement profond au sein de la franchise.<\/h2><p>Priv&eacute;s de playoffs cette ann&eacute;e, les Chargers voient en Harbaugh celui qui pourra les ramener au plus haut niveau de la NFL d&egrave;s l&rsquo;an prochain. Des changements, il y en aura sur la mani&egrave;re dont les Chargers joueront et l&rsquo;identit&eacute; des joueurs qui seront amen&eacute;s &agrave; ex&eacute;cuter ce nouveau cahier de jeu pourraient aussi changer.<\/p><p>Selon Ryan Leafs, ancien co&eacute;quipiers de Jim Harbaugh chez les Chargers, un nom serait en t&ecirc;te de liste du c&ocirc;t&eacute; d&rsquo;Harbaugh : Saquon Barkley.<\/p><blockquote class=\"twitter-tweet\" data-width=\"500\" data-dnt=\"true\">\n<p lang=\"en\" dir=\"ltr\">\"He may be the most competitive person I've ever met&hellip;\"<a href=\"https:\/\/twitter.com\/RyanDLeaf?ref_src=twsrc%5Etfw\" class=\"trk-cta-link\" data-cta-trk='{\"ctaType\":\"Link\",\"ctaSubType\":\"main\"}'>@RyanDLeaf<\/a> on former <a href=\"https:\/\/twitter.com\/chargers?ref_src=twsrc%5Etfw\" class=\"trk-cta-link\" data-cta-trk='{\"ctaType\":\"Link\",\"ctaSubType\":\"main\"}'>@chargers<\/a> teammate and new Head Coach Jim Harbaugh <a href=\"https:\/\/t.co\/zBUwKNq5Xi\" class=\"trk-cta-link\" data-cta-trk='{\"ctaType\":\"Link\",\"ctaSubType\":\"main\"}'>pic.twitter.com\/zBUwKNq5Xi<\/a><\/p>\n<p>&mdash; Good Morning Football (@gmfb) <a href=\"https:\/\/twitter.com\/gmfb\/status\/1753418015738085416?ref_src=twsrc%5Etfw\" class=\"trk-cta-link\" data-cta-trk='{\"ctaType\":\"Link\",\"ctaSubType\":\"main\"}'>February 2, 2024<\/a><\/p><\/blockquote><p><script async src=\"https:\/\/platform.twitter.com\/widgets.js\" charset=\"utf-8\"><\/script><\/p><blockquote><p>&laquo;&nbsp;Je pense vraiment que Saquon Barkley sera tout en haut de sa liste pour ce qui est de la position de running back&nbsp;&raquo;.<\/p><\/blockquote><p>Avec Austin Ekeler agent libre, le poste de running back sera donc laiss&eacute; libre. Il parait peu probable de voir les Chargers plac&eacute; un franchise tag sur Ekeler dont la production au sol a d&eacute;clin&eacute; drastiquement cette saison avec seulement 628 yards au sol en 14 matchs jou&eacute;s.<\/p><p>De son c&ocirc;t&eacute;, <a href=\"https:\/\/theplayoffs.news\/fr\/joueur\/saquon-barkley-nfl-7859260\/\" class=\"trk-cta-link\" data-cta-trk='{\"ctaType\":\"Link\",\"ctaSubType\":\"main\"}'><strong>Saquon Barkley<\/strong><\/a> est aussi libre apr&egrave;s avoir sign&eacute; un contrat d&rsquo;un an au d&eacute;but de la saison 2023-24. Il sort de deux saisons pleines sur le front du jeu au sol avec une saison 2022 &agrave; 1 312 yards et 962 cette saison.<\/p><p>Saquon est aussi bon sur la course que pour r&eacute;ceptionner les passes et pourrait se pr&eacute;senter comme une version am&eacute;liorer d&rsquo;Ekeler dans le syst&egrave;me de Jim Harbaugh. Mais la principale question restera de savoir quel prix seront pr&ecirc;ts &agrave; mettre els Chargers pour s&rsquo;offrir Saquon Barkley.<\/p>\n","protected":false},"excerpt":{"rendered":"","protected":false},"author":13,"featured_media":1317850,"comment_status":"open","ping_status":"closed","sticky":false,"template":"","format":"standard","meta":{"inline_featured_image":false,"kia_subtitle":"","_mux_skip_reasons":[],"proofreadBy":0,"footnotes":""},"categories":[118,40],"tags":[759,817],"sport":[],"saison":[],"class_list":["post-1317569","post","type-post","status-publish","format-standard","has-post-thumbnail","hentry","category-actualite-nfl","category-nfl","tag-los-angeles-chargers","tag-saquon-barkley"],"acf":[],"yoast_head":"<!-- This site is optimized with the Yoast SEO plugin v24.2 - https:\/\/yoast.com\/wordpress\/plugins\/seo\/ -->\n<title>Saquon Barkley en t&ecirc;te de liste pour Jim Harbaugh ? - The Playoffs FR<\/title>\n<meta name=\"robots\" content=\"index, follow, max-snippet:-1, max-image-preview:large, max-video-preview:-1\" \/>\n<link rel=\"canonical\" href=\"https:\/\/theplayoffs.news\/fr\/actualite-nfl\/saquon-barkley-en-tete-de-liste-pour-jim-harbaugh\/\" \/>\n<meta property=\"og:locale\" content=\"fr_FR\" \/>\n<meta property=\"og:type\" content=\"article\" \/>\n<meta property=\"og:title\" content=\"Saquon Barkley en t&ecirc;te de liste pour Jim Harbaugh ? - The Playoffs FR\" \/>\n<meta property=\"og:url\" content=\"https:\/\/theplayoffs.news\/fr\/actualite-nfl\/saquon-barkley-en-tete-de-liste-pour-jim-harbaugh\/\" \/>\n<meta property=\"og:site_name\" content=\"The Playoffs FR\" \/>\n<meta property=\"article:publisher\" content=\"https:\/\/www.facebook.com\/TheFreeAgentFR\/\" \/>\n<meta property=\"article:modified_time\" content=\"2024-02-03T14:04:00+01:00\" \/>\n<meta property=\"og:image\" content=\"https:\/\/theplayoffs.news\/fr\/wp-content\/uploads\/2024\/02\/USATSI_22244564.jpg\" \/>\n\t<meta property=\"og:image:width\" content=\"1920\" \/>\n\t<meta property=\"og:image:height\" content=\"1280\" \/>\n\t<meta property=\"og:image:type\" content=\"image\/jpeg\" \/>\n<meta name=\"author\" content=\"Charles Taudin\" \/>\n<meta name=\"twitter:card\" content=\"summary_large_image\" \/>\n<meta name=\"twitter:creator\" content=\"@TheFreeAgentFR\" \/>\n<meta name=\"twitter:site\" content=\"@TheFreeAgentFR\" \/>\n<meta name=\"twitter:label1\" content=\"\u00c9crit par\" \/>\n\t<meta name=\"twitter:data1\" content=\"Charles Taudin\" \/>\n\t<meta name=\"twitter:label2\" content=\"Dur\u00e9e de lecture estim\u00e9e\" \/>\n\t<meta name=\"twitter:data2\" content=\"1 minute\" \/>\n<script type=\"application\/ld+json\" class=\"yoast-schema-graph\">{\"@context\":\"https:\/\/schema.org\",\"@graph\":[{\"@type\":\"WebPage\",\"@id\":\"https:\/\/theplayoffs.news\/fr\/actualite-nfl\/saquon-barkley-en-tete-de-liste-pour-jim-harbaugh\/\",\"url\":\"https:\/\/theplayoffs.news\/fr\/actualite-nfl\/saquon-barkley-en-tete-de-liste-pour-jim-harbaugh\/\",\"name\":\"Saquon Barkley en t\u00eate de liste pour Jim Harbaugh ? - The Playoffs FR\",\"isPartOf\":{\"@id\":\"https:\/\/theplayoffs.news\/fr\/#website\"},\"primaryImageOfPage\":{\"@id\":\"https:\/\/theplayoffs.news\/fr\/actualite-nfl\/saquon-barkley-en-tete-de-liste-pour-jim-harbaugh\/#primaryimage\"},\"image\":{\"@id\":\"https:\/\/theplayoffs.news\/fr\/actualite-nfl\/saquon-barkley-en-tete-de-liste-pour-jim-harbaugh\/#primaryimage\"},\"thumbnailUrl\":\"https:\/\/theplayoffs.news\/fr\/wp-content\/uploads\/2024\/02\/USATSI_22244564.jpg\",\"datePublished\":\"2024-02-03T13:03:59+00:00\",\"dateModified\":\"2024-02-03T13:04:00+00:00\",\"author\":{\"@id\":\"https:\/\/theplayoffs.news\/fr\/#\/schema\/person\/eee5b69ad5d3c51cabe881c839dbe133\"},\"breadcrumb\":{\"@id\":\"https:\/\/theplayoffs.news\/fr\/actualite-nfl\/saquon-barkley-en-tete-de-liste-pour-jim-harbaugh\/#breadcrumb\"},\"inLanguage\":\"fr-FR\",\"potentialAction\":[{\"@type\":\"ReadAction\",\"target\":[\"https:\/\/theplayoffs.news\/fr\/actualite-nfl\/saquon-barkley-en-tete-de-liste-pour-jim-harbaugh\/\"]}]},{\"@type\":\"ImageObject\",\"inLanguage\":\"fr-FR\",\"@id\":\"https:\/\/theplayoffs.news\/fr\/actualite-nfl\/saquon-barkley-en-tete-de-liste-pour-jim-harbaugh\/#primaryimage\",\"url\":\"https:\/\/theplayoffs.news\/fr\/wp-content\/uploads\/2024\/02\/USATSI_22244564.jpg\",\"contentUrl\":\"https:\/\/theplayoffs.news\/fr\/wp-content\/uploads\/2024\/02\/USATSI_22244564.jpg\",\"width\":1920,\"height\":1280,\"caption\":\"New York Giants running back Saquon Barkley (26) is shown on the field after the game, Sunday, January 7, 2024.\"},{\"@type\":\"BreadcrumbList\",\"@id\":\"https:\/\/theplayoffs.news\/fr\/actualite-nfl\/saquon-barkley-en-tete-de-liste-pour-jim-harbaugh\/#breadcrumb\",\"itemListElement\":[{\"@type\":\"ListItem\",\"position\":1,\"name\":\"Accueil\",\"item\":\"https:\/\/theplayoffs.news\/fr\/\"},{\"@type\":\"ListItem\",\"position\":2,\"name\":\"Saquon Barkley en t\u00eate de liste pour Jim Harbaugh ?\"}]},{\"@type\":\"WebSite\",\"@id\":\"https:\/\/theplayoffs.news\/fr\/#website\",\"url\":\"https:\/\/theplayoffs.news\/fr\/\",\"name\":\"The Playoffs FR\",\"description\":\"NBA-NFL-NHL-MLB\",\"potentialAction\":[{\"@type\":\"SearchAction\",\"target\":{\"@type\":\"EntryPoint\",\"urlTemplate\":\"https:\/\/theplayoffs.news\/fr\/?s={search_term_string}\"},\"query-input\":{\"@type\":\"PropertyValueSpecification\",\"valueRequired\":true,\"valueName\":\"search_term_string\"}}],\"inLanguage\":\"fr-FR\"},{\"@type\":\"Person\",\"@id\":\"https:\/\/theplayoffs.news\/fr\/#\/schema\/person\/eee5b69ad5d3c51cabe881c839dbe133\",\"name\":\"Charles Taudin\",\"image\":{\"@type\":\"ImageObject\",\"inLanguage\":\"fr-FR\",\"@id\":\"https:\/\/theplayoffs.news\/fr\/#\/schema\/person\/image\/\",\"url\":\"https:\/\/secure.gravatar.com\/avatar\/59a1e772205ce9fd255edfcafc93013736822e20261f294c5753b20c41ede9f2?s=96&d=mm&r=g\",\"contentUrl\":\"https:\/\/secure.gravatar.com\/avatar\/59a1e772205ce9fd255edfcafc93013736822e20261f294c5753b20c41ede9f2?s=96&d=mm&r=g\",\"caption\":\"Charles Taudin\"},\"description\":\"R\u00e9dacteur en chef global de The Playoffs, j\u2019ai cr\u00e9\u00e9 The Free Agent, devenu The Playoffs FR, en 2020 durant la pand\u00e9mie. Amoureux depuis des ann\u00e9es des 4 sports majeurs am\u00e9ricains, j\u2019organise maintenant la strat\u00e9gie \u00e9ditoriale et les r\u00e9seaux sociaux de l\u2019ensemble des versions de The Playoffs. Il m\u2019arrive encore d\u2019\u00e9crire sur certains sports que j\u2019affectionne particuli\u00e8rement comme la NFL ou la MLB. Si vous devez retenir qu\u2019une chose : Eli Manning est le vrai GOAT pour avoir battu deux fois Tom Brady.\",\"sameAs\":[\"https:\/\/www.instagram.com\/ctaudin_\/\"],\"url\":\"https:\/\/theplayoffs.news\/fr\/author\/charles-taudin\/\"}]}<\/script>\n<!-- \/ Yoast SEO plugin. -->","yoast_head_json":{"title":"Saquon Barkley en t&ecirc;te de liste pour Jim Harbaugh ? - The Playoffs FR","robots":{"index":"index","follow":"follow","max-snippet":"max-snippet:-1","max-image-preview":"max-image-preview:large","max-video-preview":"max-video-preview:-1"},"canonical":"https:\/\/theplayoffs.news\/fr\/actualite-nfl\/saquon-barkley-en-tete-de-liste-pour-jim-harbaugh\/","og_locale":"fr_FR","og_type":"article","og_title":"Saquon Barkley en t&ecirc;te de liste pour Jim Harbaugh ? - The Playoffs FR","og_url":"https:\/\/theplayoffs.news\/fr\/actualite-nfl\/saquon-barkley-en-tete-de-liste-pour-jim-harbaugh\/","og_site_name":"The Playoffs FR","article_publisher":"https:\/\/www.facebook.com\/TheFreeAgentFR\/","article_modified_time":"2024-02-03T13:04:00+00:00","og_image":[{"width":1920,"height":1280,"url":"https:\/\/theplayoffs.news\/fr\/wp-content\/uploads\/2024\/02\/USATSI_22244564.jpg","type":"image\/jpeg"}],"author":"Charles Taudin","twitter_card":"summary_large_image","twitter_creator":"@TheFreeAgentFR","twitter_site":"@TheFreeAgentFR","twitter_misc":{"\u00c9crit par":"Charles Taudin","Dur\u00e9e de lecture estim\u00e9e":"1 minute"},"schema":{"@context":"https:\/\/schema.org","@graph":[{"@type":"WebPage","@id":"https:\/\/theplayoffs.news\/fr\/actualite-nfl\/saquon-barkley-en-tete-de-liste-pour-jim-harbaugh\/","url":"https:\/\/theplayoffs.news\/fr\/actualite-nfl\/saquon-barkley-en-tete-de-liste-pour-jim-harbaugh\/","name":"Saquon Barkley en t\u00eate de liste pour Jim Harbaugh ? - The Playoffs FR","isPartOf":{"@id":"https:\/\/theplayoffs.news\/fr\/#website"},"primaryImageOfPage":{"@id":"https:\/\/theplayoffs.news\/fr\/actualite-nfl\/saquon-barkley-en-tete-de-liste-pour-jim-harbaugh\/#primaryimage"},"image":{"@id":"https:\/\/theplayoffs.news\/fr\/actualite-nfl\/saquon-barkley-en-tete-de-liste-pour-jim-harbaugh\/#primaryimage"},"thumbnailUrl":"https:\/\/theplayoffs.news\/fr\/wp-content\/uploads\/2024\/02\/USATSI_22244564.jpg","datePublished":"2024-02-03T13:03:59+00:00","dateModified":"2024-02-03T13:04:00+00:00","author":{"@id":"https:\/\/theplayoffs.news\/fr\/#\/schema\/person\/eee5b69ad5d3c51cabe881c839dbe133"},"breadcrumb":{"@id":"https:\/\/theplayoffs.news\/fr\/actualite-nfl\/saquon-barkley-en-tete-de-liste-pour-jim-harbaugh\/#breadcrumb"},"inLanguage":"fr-FR","potentialAction":[{"@type":"ReadAction","target":["https:\/\/theplayoffs.news\/fr\/actualite-nfl\/saquon-barkley-en-tete-de-liste-pour-jim-harbaugh\/"]}]},{"@type":"ImageObject","inLanguage":"fr-FR","@id":"https:\/\/theplayoffs.news\/fr\/actualite-nfl\/saquon-barkley-en-tete-de-liste-pour-jim-harbaugh\/#primaryimage","url":"https:\/\/theplayoffs.news\/fr\/wp-content\/uploads\/2024\/02\/USATSI_22244564.jpg","contentUrl":"https:\/\/theplayoffs.news\/fr\/wp-content\/uploads\/2024\/02\/USATSI_22244564.jpg","width":1920,"height":1280,"caption":"New York Giants running back Saquon Barkley (26) is shown on the field after the game, Sunday, January 7, 2024."},{"@type":"BreadcrumbList","@id":"https:\/\/theplayoffs.news\/fr\/actualite-nfl\/saquon-barkley-en-tete-de-liste-pour-jim-harbaugh\/#breadcrumb","itemListElement":[{"@type":"ListItem","position":1,"name":"Accueil","item":"https:\/\/theplayoffs.news\/fr\/"},{"@type":"ListItem","position":2,"name":"Saquon Barkley en t\u00eate de liste pour Jim Harbaugh ?"}]},{"@type":"WebSite","@id":"https:\/\/theplayoffs.news\/fr\/#website","url":"https:\/\/theplayoffs.news\/fr\/","name":"The Playoffs FR","description":"NBA-NFL-NHL-MLB","potentialAction":[{"@type":"SearchAction","target":{"@type":"EntryPoint","urlTemplate":"https:\/\/theplayoffs.news\/fr\/?s={search_term_string}"},"query-input":{"@type":"PropertyValueSpecification","valueRequired":true,"valueName":"search_term_string"}}],"inLanguage":"fr-FR"},{"@type":"Person","@id":"https:\/\/theplayoffs.news\/fr\/#\/schema\/person\/eee5b69ad5d3c51cabe881c839dbe133","name":"Charles Taudin","image":{"@type":"ImageObject","inLanguage":"fr-FR","@id":"https:\/\/theplayoffs.news\/fr\/#\/schema\/person\/image\/","url":"https:\/\/secure.gravatar.com\/avatar\/59a1e772205ce9fd255edfcafc93013736822e20261f294c5753b20c41ede9f2?s=96&d=mm&r=g","contentUrl":"https:\/\/secure.gravatar.com\/avatar\/59a1e772205ce9fd255edfcafc93013736822e20261f294c5753b20c41ede9f2?s=96&d=mm&r=g","caption":"Charles Taudin"},"description":"R\u00e9dacteur en chef global de The Playoffs, j\u2019ai cr\u00e9\u00e9 The Free Agent, devenu The Playoffs FR, en 2020 durant la pand\u00e9mie. Amoureux depuis des ann\u00e9es des 4 sports majeurs am\u00e9ricains, j\u2019organise maintenant la strat\u00e9gie \u00e9ditoriale et les r\u00e9seaux sociaux de l\u2019ensemble des versions de The Playoffs. Il m\u2019arrive encore d\u2019\u00e9crire sur certains sports que j\u2019affectionne particuli\u00e8rement comme la NFL ou la MLB. Si vous devez retenir qu\u2019une chose : Eli Manning est le vrai GOAT pour avoir battu deux fois Tom Brady.","sameAs":["https:\/\/www.instagram.com\/ctaudin_\/"],"url":"https:\/\/theplayoffs.news\/fr\/author\/charles-taudin\/"}]}},"_links":{"self":[{"href":"https:\/\/theplayoffs.news\/fr\/wp-json\/wp\/v2\/posts\/1317569","targetHints":{"allow":["GET"]}}],"collection":[{"href":"https:\/\/theplayoffs.news\/fr\/wp-json\/wp\/v2\/posts"}],"about":[{"href":"https:\/\/theplayoffs.news\/fr\/wp-json\/wp\/v2\/types\/post"}],"author":[{"embeddable":true,"href":"https:\/\/theplayoffs.news\/fr\/wp-json\/wp\/v2\/users\/13"}],"replies":[{"embeddable":true,"href":"https:\/\/theplayoffs.news\/fr\/wp-json\/wp\/v2\/comments?post=1317569"}],"version-history":[{"count":2,"href":"https:\/\/theplayoffs.news\/fr\/wp-json\/wp\/v2\/posts\/1317569\/revisions"}],"predecessor-version":[{"id":1317859,"href":"https:\/\/theplayoffs.news\/fr\/wp-json\/wp\/v2\/posts\/1317569\/revisions\/1317859"}],"wp:featuredmedia":[{"embeddable":true,"href":"https:\/\/theplayoffs.news\/fr\/wp-json\/wp\/v2\/media\/1317850"}],"wp:attachment":[{"href":"https:\/\/theplayoffs.news\/fr\/wp-json\/wp\/v2\/media?parent=1317569"}],"wp:term":[{"taxonomy":"category","embeddable":true,"href":"https:\/\/theplayoffs.news\/fr\/wp-json\/wp\/v2\/categories?post=1317569"},{"taxonomy":"post_tag","embeddable":true,"href":"https:\/\/theplayoffs.news\/fr\/wp-json\/wp\/v2\/tags?post=1317569"},{"taxonomy":"sport","embeddable":true,"href":"https:\/\/theplayoffs.news\/fr\/wp-json\/wp\/v2\/sport?post=1317569"},{"taxonomy":"saison","embeddable":true,"href":"https:\/\/theplayoffs.news\/fr\/wp-json\/wp\/v2\/saison?post=1317569"}],"curies":[{"name":"wp","href":"https:\/\/api.w.org\/{rel}","templated":true}]}}