{"id":1316984,"date":"2024-02-03T11:07:00","date_gmt":"2024-02-03T10:07:00","guid":{"rendered":"https:\/\/theplayoffs.news\/fr\/?p=1316984"},"modified":"2024-02-03T11:07:01","modified_gmt":"2024-02-03T10:07:01","slug":"steve-wilks-coordinateur-defensif-des-49ers-tire-la-sonnette-dalarme","status":"publish","type":"post","link":"https:\/\/theplayoffs.news\/fr\/actualite-nfl\/steve-wilks-coordinateur-defensif-des-49ers-tire-la-sonnette-dalarme\/","title":{"rendered":"Steve Wilks, coordinateur d\u00e9fensif des 49ers, tire la sonnette d&rsquo;alarme"},"content":{"rendered":"<h2>NFL &ndash; Tout au long de la saison r&eacute;guli&egrave;re, la d&eacute;fense des 49ers a &eacute;t&eacute; un symbole de puissance.<\/h2><p>Mais depuis l&rsquo;entr&eacute;e en playoffs lors du Divisional Round, la carapace semble avoir quelques fissures.<\/p><p>La victoire face aux Lions, aussi exaltante fut-elle avec un score serr&eacute; de 34-31, a mis en lumi&egrave;re des probl&egrave;mes que Kyle Shanahan et son staff ne pouvaient ignorer.<\/p><p>Le coordinateur d&eacute;fensif Steve Wilks a exprim&eacute; sa d&eacute;ception, soulignant la norme non n&eacute;gociable de jouer chaque down avec le plus grand engagement.<\/p><blockquote><p>&laquo;&nbsp;En tant qu&rsquo;&eacute;quipe, je peux vous dire qu&rsquo;en tant que d&eacute;fense, c&rsquo;est inacceptable&nbsp;&raquo;, <a href=\"https:\/\/www.espn.com\/nfl\/story\/_\/id\/39447515\/niners-d-urged-effort-level-unacceptable-play-vs-lions\" class=\"trk-cta-link\" data-cta-trk='{\"ctaType\":\"Link\",\"ctaSubType\":\"main\"}'>a d&eacute;clar&eacute; vendredi le coordinateur d&eacute;fensif Steve Wilks.<\/a> &laquo;&nbsp;Nous en avons parl&eacute;. J&rsquo;aimerais pouvoir dire &agrave; ces gars que sur la quatri&egrave;me ou la vingt-septi&egrave;me action, c&rsquo;est ce qui va se passer. On n&rsquo;en sait rien. Nous devons donc nous assurer que nous jouons chaque action comme si elle allait faire la diff&eacute;rence dans le match. Et vous avez pu voir que sur ces actions particuli&egrave;res, nous n&rsquo;&eacute;tions pas &agrave; la hauteur. Ces gars-l&agrave; le comprennent et le savent, et honn&ecirc;tement, c&rsquo;&eacute;tait embarrassant&nbsp;&raquo;.<\/p><\/blockquote><p>Cette baisse de r&eacute;gime s&rsquo;est mat&eacute;rialis&eacute; par un d&eacute;ficit de 24-7 &agrave; la mi-temps. Le mantra du &laquo;&nbsp;Plein gaz, pas de frein&nbsp;&raquo; et le principe de &laquo;&nbsp;submerger&nbsp;&raquo; l&rsquo;opposition, pr&ecirc;ch&eacute;s par les coordinateurs pass&eacute;s, semblaient momentan&eacute;ment oubli&eacute;s.<\/p><p>Avec le Super Bowl LVIII &agrave; l&rsquo;horizon, les 49ers font face non seulement &agrave; un adversaire redoutable en les Kansas City Chiefs mais aussi au d&eacute;fi d&rsquo;aligner leur performance avec leurs normes proclam&eacute;es. Les &eacute;chos d&rsquo;une avance perdue au Super Bowl LIV persistent, servant de rappel douloureux de ce qui est en jeu. Des joueurs comme <a href=\"https:\/\/theplayoffs.news\/fr\/joueur\/nick-bosa-san-francisco-49ers-nfl\/\" class=\"trk-cta-link\" data-cta-trk='{\"ctaType\":\"Link\",\"ctaSubType\":\"main\"}'><strong>Nick Bosa<\/strong><\/a> et Fred Warner ont exprim&eacute; le besoin d&rsquo;un niveau d&rsquo;effort et d&rsquo;altruisme rehauss&eacute;, reconnaissant que le prochain match offre une opportunit&eacute; de r&eacute;demption.<\/p><blockquote><p>&laquo;&nbsp;Je vais simplement dire aux gars qu&rsquo;il doit y avoir un niveau diff&eacute;rent d&rsquo;effort, d&rsquo;intensit&eacute; et d&rsquo;altruisme &agrave; chaque fois que vous &ecirc;tes sur le terrain&nbsp;&raquo;, a d&eacute;clar&eacute; Bosa.<\/p><\/blockquote><p>Alors que les 49ers visent le prix ultime, les le&ccedil;ons tir&eacute;es de leur victoire lors de la finale NFC p&egrave;sent lourd. La capacit&eacute; de l&rsquo;&eacute;quipe &agrave; affronter ses lacunes et &agrave; &eacute;lever son effort collectif d&eacute;terminera non seulement son sort contre les Chiefs.<\/p><p>Ne jouer qu&rsquo;une seule mi-temps ne passera sans doute pas face aux champions en titre.<\/p><p>&nbsp;<\/p><p>Credit Photo : Cary Edmondson-USA TODAY Sports<\/p>\n","protected":false},"excerpt":{"rendered":"","protected":false},"author":13,"featured_media":1317113,"comment_status":"open","ping_status":"closed","sticky":false,"template":"","format":"standard","meta":{"inline_featured_image":false,"kia_subtitle":"","_mux_skip_reasons":[],"proofreadBy":0,"footnotes":""},"categories":[118,40],"tags":[810,939],"sport":[],"saison":[],"class_list":["post-1316984","post","type-post","status-publish","format-standard","has-post-thumbnail","hentry","category-actualite-nfl","category-nfl","tag-nick-bosa","tag-san-francisco-49ers"],"acf":[],"yoast_head":"<!-- This site is optimized with the Yoast SEO plugin v24.2 - https:\/\/yoast.com\/wordpress\/plugins\/seo\/ -->\n<title>Steve Wilks, coordinateur d&eacute;fensif des 49ers, tire la sonnette d&#039;alarme - The Playoffs FR<\/title>\n<meta name=\"robots\" content=\"index, follow, max-snippet:-1, max-image-preview:large, max-video-preview:-1\" \/>\n<link rel=\"canonical\" href=\"https:\/\/theplayoffs.news\/fr\/actualite-nfl\/steve-wilks-coordinateur-defensif-des-49ers-tire-la-sonnette-dalarme\/\" \/>\n<meta property=\"og:locale\" content=\"fr_FR\" \/>\n<meta property=\"og:type\" content=\"article\" \/>\n<meta property=\"og:title\" content=\"Steve Wilks, coordinateur d&eacute;fensif des 49ers, tire la sonnette d&#039;alarme - The Playoffs FR\" \/>\n<meta property=\"og:url\" content=\"https:\/\/theplayoffs.news\/fr\/actualite-nfl\/steve-wilks-coordinateur-defensif-des-49ers-tire-la-sonnette-dalarme\/\" \/>\n<meta property=\"og:site_name\" content=\"The Playoffs FR\" \/>\n<meta property=\"article:publisher\" content=\"https:\/\/www.facebook.com\/TheFreeAgentFR\/\" \/>\n<meta property=\"article:modified_time\" content=\"2024-02-03T11:07:01+01:00\" \/>\n<meta property=\"og:image\" content=\"https:\/\/theplayoffs.news\/fr\/wp-content\/uploads\/2024\/02\/USATSI_22173788.jpg\" \/>\n\t<meta property=\"og:image:width\" content=\"1920\" \/>\n\t<meta property=\"og:image:height\" content=\"1280\" \/>\n\t<meta property=\"og:image:type\" content=\"image\/jpeg\" \/>\n<meta name=\"author\" content=\"Charles Taudin\" \/>\n<meta name=\"twitter:card\" content=\"summary_large_image\" \/>\n<meta name=\"twitter:creator\" content=\"@TheFreeAgentFR\" \/>\n<meta name=\"twitter:site\" content=\"@TheFreeAgentFR\" \/>\n<meta name=\"twitter:label1\" content=\"\u00c9crit par\" \/>\n\t<meta name=\"twitter:data1\" content=\"Charles Taudin\" \/>\n\t<meta name=\"twitter:label2\" content=\"Dur\u00e9e de lecture estim\u00e9e\" \/>\n\t<meta name=\"twitter:data2\" content=\"2 minutes\" \/>\n<script type=\"application\/ld+json\" class=\"yoast-schema-graph\">{\"@context\":\"https:\/\/schema.org\",\"@graph\":[{\"@type\":\"WebPage\",\"@id\":\"https:\/\/theplayoffs.news\/fr\/actualite-nfl\/steve-wilks-coordinateur-defensif-des-49ers-tire-la-sonnette-dalarme\/\",\"url\":\"https:\/\/theplayoffs.news\/fr\/actualite-nfl\/steve-wilks-coordinateur-defensif-des-49ers-tire-la-sonnette-dalarme\/\",\"name\":\"Steve Wilks, coordinateur d\u00e9fensif des 49ers, tire la sonnette d\\\\'alarme - The Playoffs FR\",\"isPartOf\":{\"@id\":\"https:\/\/theplayoffs.news\/fr\/#website\"},\"primaryImageOfPage\":{\"@id\":\"https:\/\/theplayoffs.news\/fr\/actualite-nfl\/steve-wilks-coordinateur-defensif-des-49ers-tire-la-sonnette-dalarme\/#primaryimage\"},\"image\":{\"@id\":\"https:\/\/theplayoffs.news\/fr\/actualite-nfl\/steve-wilks-coordinateur-defensif-des-49ers-tire-la-sonnette-dalarme\/#primaryimage\"},\"thumbnailUrl\":\"https:\/\/theplayoffs.news\/fr\/wp-content\/uploads\/2024\/02\/USATSI_22173788.jpg\",\"datePublished\":\"2024-02-03T10:07:00+00:00\",\"dateModified\":\"2024-02-03T10:07:01+00:00\",\"author\":{\"@id\":\"https:\/\/theplayoffs.news\/fr\/#\/schema\/person\/eee5b69ad5d3c51cabe881c839dbe133\"},\"breadcrumb\":{\"@id\":\"https:\/\/theplayoffs.news\/fr\/actualite-nfl\/steve-wilks-coordinateur-defensif-des-49ers-tire-la-sonnette-dalarme\/#breadcrumb\"},\"inLanguage\":\"fr-FR\",\"potentialAction\":[{\"@type\":\"ReadAction\",\"target\":[\"https:\/\/theplayoffs.news\/fr\/actualite-nfl\/steve-wilks-coordinateur-defensif-des-49ers-tire-la-sonnette-dalarme\/\"]}]},{\"@type\":\"ImageObject\",\"inLanguage\":\"fr-FR\",\"@id\":\"https:\/\/theplayoffs.news\/fr\/actualite-nfl\/steve-wilks-coordinateur-defensif-des-49ers-tire-la-sonnette-dalarme\/#primaryimage\",\"url\":\"https:\/\/theplayoffs.news\/fr\/wp-content\/uploads\/2024\/02\/USATSI_22173788.jpg\",\"contentUrl\":\"https:\/\/theplayoffs.news\/fr\/wp-content\/uploads\/2024\/02\/USATSI_22173788.jpg\",\"width\":1920,\"height\":1280,\"caption\":\"Dec 25, 2023; Santa Clara, California, USA; San Francisco 49ers defensive end Nick Bosa (97) reacts after the 49ers recorded a safety against the Baltimore Ravens in the first quarter at Levi\\\\'s Stadium. Mandatory Credit: Cary Edmondson-USA TODAY Sports\"},{\"@type\":\"BreadcrumbList\",\"@id\":\"https:\/\/theplayoffs.news\/fr\/actualite-nfl\/steve-wilks-coordinateur-defensif-des-49ers-tire-la-sonnette-dalarme\/#breadcrumb\",\"itemListElement\":[{\"@type\":\"ListItem\",\"position\":1,\"name\":\"Accueil\",\"item\":\"https:\/\/theplayoffs.news\/fr\/\"},{\"@type\":\"ListItem\",\"position\":2,\"name\":\"Steve Wilks, coordinateur d\u00e9fensif des 49ers, tire la sonnette d&rsquo;alarme\"}]},{\"@type\":\"WebSite\",\"@id\":\"https:\/\/theplayoffs.news\/fr\/#website\",\"url\":\"https:\/\/theplayoffs.news\/fr\/\",\"name\":\"The Playoffs FR\",\"description\":\"NBA-NFL-NHL-MLB\",\"potentialAction\":[{\"@type\":\"SearchAction\",\"target\":{\"@type\":\"EntryPoint\",\"urlTemplate\":\"https:\/\/theplayoffs.news\/fr\/?s={search_term_string}\"},\"query-input\":{\"@type\":\"PropertyValueSpecification\",\"valueRequired\":true,\"valueName\":\"search_term_string\"}}],\"inLanguage\":\"fr-FR\"},{\"@type\":\"Person\",\"@id\":\"https:\/\/theplayoffs.news\/fr\/#\/schema\/person\/eee5b69ad5d3c51cabe881c839dbe133\",\"name\":\"Charles Taudin\",\"image\":{\"@type\":\"ImageObject\",\"inLanguage\":\"fr-FR\",\"@id\":\"https:\/\/theplayoffs.news\/fr\/#\/schema\/person\/image\/\",\"url\":\"https:\/\/secure.gravatar.com\/avatar\/59a1e772205ce9fd255edfcafc93013736822e20261f294c5753b20c41ede9f2?s=96&d=mm&r=g\",\"contentUrl\":\"https:\/\/secure.gravatar.com\/avatar\/59a1e772205ce9fd255edfcafc93013736822e20261f294c5753b20c41ede9f2?s=96&d=mm&r=g\",\"caption\":\"Charles Taudin\"},\"description\":\"R\u00e9dacteur en chef global de The Playoffs, j\u2019ai cr\u00e9\u00e9 The Free Agent, devenu The Playoffs FR, en 2020 durant la pand\u00e9mie. Amoureux depuis des ann\u00e9es des 4 sports majeurs am\u00e9ricains, j\u2019organise maintenant la strat\u00e9gie \u00e9ditoriale et les r\u00e9seaux sociaux de l\u2019ensemble des versions de The Playoffs. Il m\u2019arrive encore d\u2019\u00e9crire sur certains sports que j\u2019affectionne particuli\u00e8rement comme la NFL ou la MLB. Si vous devez retenir qu\u2019une chose : Eli Manning est le vrai GOAT pour avoir battu deux fois Tom Brady.\",\"sameAs\":[\"https:\/\/www.instagram.com\/ctaudin_\/\"],\"url\":\"https:\/\/theplayoffs.news\/fr\/author\/charles-taudin\/\"}]}<\/script>\n<!-- \/ Yoast SEO plugin. -->","yoast_head_json":{"title":"Steve Wilks, coordinateur d&eacute;fensif des 49ers, tire la sonnette d&#039;alarme - The Playoffs FR","robots":{"index":"index","follow":"follow","max-snippet":"max-snippet:-1","max-image-preview":"max-image-preview:large","max-video-preview":"max-video-preview:-1"},"canonical":"https:\/\/theplayoffs.news\/fr\/actualite-nfl\/steve-wilks-coordinateur-defensif-des-49ers-tire-la-sonnette-dalarme\/","og_locale":"fr_FR","og_type":"article","og_title":"Steve Wilks, coordinateur d&eacute;fensif des 49ers, tire la sonnette d&#039;alarme - The Playoffs FR","og_url":"https:\/\/theplayoffs.news\/fr\/actualite-nfl\/steve-wilks-coordinateur-defensif-des-49ers-tire-la-sonnette-dalarme\/","og_site_name":"The Playoffs FR","article_publisher":"https:\/\/www.facebook.com\/TheFreeAgentFR\/","article_modified_time":"2024-02-03T10:07:01+00:00","og_image":[{"width":1920,"height":1280,"url":"https:\/\/theplayoffs.news\/fr\/wp-content\/uploads\/2024\/02\/USATSI_22173788.jpg","type":"image\/jpeg"}],"author":"Charles Taudin","twitter_card":"summary_large_image","twitter_creator":"@TheFreeAgentFR","twitter_site":"@TheFreeAgentFR","twitter_misc":{"\u00c9crit par":"Charles Taudin","Dur\u00e9e de lecture estim\u00e9e":"2 minutes"},"schema":{"@context":"https:\/\/schema.org","@graph":[{"@type":"WebPage","@id":"https:\/\/theplayoffs.news\/fr\/actualite-nfl\/steve-wilks-coordinateur-defensif-des-49ers-tire-la-sonnette-dalarme\/","url":"https:\/\/theplayoffs.news\/fr\/actualite-nfl\/steve-wilks-coordinateur-defensif-des-49ers-tire-la-sonnette-dalarme\/","name":"Steve Wilks, coordinateur d\u00e9fensif des 49ers, tire la sonnette d\\'alarme - The Playoffs FR","isPartOf":{"@id":"https:\/\/theplayoffs.news\/fr\/#website"},"primaryImageOfPage":{"@id":"https:\/\/theplayoffs.news\/fr\/actualite-nfl\/steve-wilks-coordinateur-defensif-des-49ers-tire-la-sonnette-dalarme\/#primaryimage"},"image":{"@id":"https:\/\/theplayoffs.news\/fr\/actualite-nfl\/steve-wilks-coordinateur-defensif-des-49ers-tire-la-sonnette-dalarme\/#primaryimage"},"thumbnailUrl":"https:\/\/theplayoffs.news\/fr\/wp-content\/uploads\/2024\/02\/USATSI_22173788.jpg","datePublished":"2024-02-03T10:07:00+00:00","dateModified":"2024-02-03T10:07:01+00:00","author":{"@id":"https:\/\/theplayoffs.news\/fr\/#\/schema\/person\/eee5b69ad5d3c51cabe881c839dbe133"},"breadcrumb":{"@id":"https:\/\/theplayoffs.news\/fr\/actualite-nfl\/steve-wilks-coordinateur-defensif-des-49ers-tire-la-sonnette-dalarme\/#breadcrumb"},"inLanguage":"fr-FR","potentialAction":[{"@type":"ReadAction","target":["https:\/\/theplayoffs.news\/fr\/actualite-nfl\/steve-wilks-coordinateur-defensif-des-49ers-tire-la-sonnette-dalarme\/"]}]},{"@type":"ImageObject","inLanguage":"fr-FR","@id":"https:\/\/theplayoffs.news\/fr\/actualite-nfl\/steve-wilks-coordinateur-defensif-des-49ers-tire-la-sonnette-dalarme\/#primaryimage","url":"https:\/\/theplayoffs.news\/fr\/wp-content\/uploads\/2024\/02\/USATSI_22173788.jpg","contentUrl":"https:\/\/theplayoffs.news\/fr\/wp-content\/uploads\/2024\/02\/USATSI_22173788.jpg","width":1920,"height":1280,"caption":"Dec 25, 2023; Santa Clara, California, USA; San Francisco 49ers defensive end Nick Bosa (97) reacts after the 49ers recorded a safety against the Baltimore Ravens in the first quarter at Levi\\'s Stadium. Mandatory Credit: Cary Edmondson-USA TODAY Sports"},{"@type":"BreadcrumbList","@id":"https:\/\/theplayoffs.news\/fr\/actualite-nfl\/steve-wilks-coordinateur-defensif-des-49ers-tire-la-sonnette-dalarme\/#breadcrumb","itemListElement":[{"@type":"ListItem","position":1,"name":"Accueil","item":"https:\/\/theplayoffs.news\/fr\/"},{"@type":"ListItem","position":2,"name":"Steve Wilks, coordinateur d\u00e9fensif des 49ers, tire la sonnette d&rsquo;alarme"}]},{"@type":"WebSite","@id":"https:\/\/theplayoffs.news\/fr\/#website","url":"https:\/\/theplayoffs.news\/fr\/","name":"The Playoffs FR","description":"NBA-NFL-NHL-MLB","potentialAction":[{"@type":"SearchAction","target":{"@type":"EntryPoint","urlTemplate":"https:\/\/theplayoffs.news\/fr\/?s={search_term_string}"},"query-input":{"@type":"PropertyValueSpecification","valueRequired":true,"valueName":"search_term_string"}}],"inLanguage":"fr-FR"},{"@type":"Person","@id":"https:\/\/theplayoffs.news\/fr\/#\/schema\/person\/eee5b69ad5d3c51cabe881c839dbe133","name":"Charles Taudin","image":{"@type":"ImageObject","inLanguage":"fr-FR","@id":"https:\/\/theplayoffs.news\/fr\/#\/schema\/person\/image\/","url":"https:\/\/secure.gravatar.com\/avatar\/59a1e772205ce9fd255edfcafc93013736822e20261f294c5753b20c41ede9f2?s=96&d=mm&r=g","contentUrl":"https:\/\/secure.gravatar.com\/avatar\/59a1e772205ce9fd255edfcafc93013736822e20261f294c5753b20c41ede9f2?s=96&d=mm&r=g","caption":"Charles Taudin"},"description":"R\u00e9dacteur en chef global de The Playoffs, j\u2019ai cr\u00e9\u00e9 The Free Agent, devenu The Playoffs FR, en 2020 durant la pand\u00e9mie. Amoureux depuis des ann\u00e9es des 4 sports majeurs am\u00e9ricains, j\u2019organise maintenant la strat\u00e9gie \u00e9ditoriale et les r\u00e9seaux sociaux de l\u2019ensemble des versions de The Playoffs. Il m\u2019arrive encore d\u2019\u00e9crire sur certains sports que j\u2019affectionne particuli\u00e8rement comme la NFL ou la MLB. Si vous devez retenir qu\u2019une chose : Eli Manning est le vrai GOAT pour avoir battu deux fois Tom Brady.","sameAs":["https:\/\/www.instagram.com\/ctaudin_\/"],"url":"https:\/\/theplayoffs.news\/fr\/author\/charles-taudin\/"}]}},"_links":{"self":[{"href":"https:\/\/theplayoffs.news\/fr\/wp-json\/wp\/v2\/posts\/1316984","targetHints":{"allow":["GET"]}}],"collection":[{"href":"https:\/\/theplayoffs.news\/fr\/wp-json\/wp\/v2\/posts"}],"about":[{"href":"https:\/\/theplayoffs.news\/fr\/wp-json\/wp\/v2\/types\/post"}],"author":[{"embeddable":true,"href":"https:\/\/theplayoffs.news\/fr\/wp-json\/wp\/v2\/users\/13"}],"replies":[{"embeddable":true,"href":"https:\/\/theplayoffs.news\/fr\/wp-json\/wp\/v2\/comments?post=1316984"}],"version-history":[{"count":3,"href":"https:\/\/theplayoffs.news\/fr\/wp-json\/wp\/v2\/posts\/1316984\/revisions"}],"predecessor-version":[{"id":1317137,"href":"https:\/\/theplayoffs.news\/fr\/wp-json\/wp\/v2\/posts\/1316984\/revisions\/1317137"}],"wp:featuredmedia":[{"embeddable":true,"href":"https:\/\/theplayoffs.news\/fr\/wp-json\/wp\/v2\/media\/1317113"}],"wp:attachment":[{"href":"https:\/\/theplayoffs.news\/fr\/wp-json\/wp\/v2\/media?parent=1316984"}],"wp:term":[{"taxonomy":"category","embeddable":true,"href":"https:\/\/theplayoffs.news\/fr\/wp-json\/wp\/v2\/categories?post=1316984"},{"taxonomy":"post_tag","embeddable":true,"href":"https:\/\/theplayoffs.news\/fr\/wp-json\/wp\/v2\/tags?post=1316984"},{"taxonomy":"sport","embeddable":true,"href":"https:\/\/theplayoffs.news\/fr\/wp-json\/wp\/v2\/sport?post=1316984"},{"taxonomy":"saison","embeddable":true,"href":"https:\/\/theplayoffs.news\/fr\/wp-json\/wp\/v2\/saison?post=1316984"}],"curies":[{"name":"wp","href":"https:\/\/api.w.org\/{rel}","templated":true}]}}