{"id":1313801,"date":"2024-02-02T10:24:38","date_gmt":"2024-02-02T09:24:38","guid":{"rendered":"https:\/\/theplayoffs.news\/fr\/?p=1313801"},"modified":"2024-02-02T10:24:40","modified_gmt":"2024-02-02T09:24:40","slug":"les-insiders-nfl-expliquent-le-choix-des-commanders-de-prendre-dan-quinn-plutot-que-belichick","status":"publish","type":"post","link":"https:\/\/theplayoffs.news\/fr\/actualite-nfl\/les-insiders-nfl-expliquent-le-choix-des-commanders-de-prendre-dan-quinn-plutot-que-belichick\/","title":{"rendered":"Les Insiders NFL expliquent le choix des Commanders de prendre Dan Quinn plut\u00f4t que Belichick"},"content":{"rendered":"<h2>NFL &ndash; Les Washington Commanders ont fait un choix important en nommant Dan Quinn, l&rsquo;ancien coordinateur d&eacute;fensif des Dallas Cowboys, comme leur nouvel entra&icirc;neur en chef.<\/h2><p>Cette d&eacute;cision survient apr&egrave;s beaucoup de sp&eacute;culations et de consid&eacute;rations d&rsquo;autres candidats de haut profil, y compris la l&eacute;gende Bill Belichick.<\/p><p>La pr&eacute;f&eacute;rence <a href=\"https:\/\/theplayoffs.news\/fr\/nfl\/dan-quinn-nouvel-entraineur-des-commanders\/\" class=\"trk-cta-link\" data-cta-trk='{\"ctaType\":\"Link\",\"ctaSubType\":\"main\"}'><strong>des Commanders pour Dan Quinn<\/strong><\/a> envoie un message clair sur le type de leadership et la culture d&rsquo;&eacute;quipe qu&rsquo;ils cherchent &agrave; cultiver. Selon Adam Schefter, les Commanders ont re&ccedil;u une quantit&eacute; &eacute;crasante de retours positifs non sollicit&eacute;s &agrave; propos de Quinn, ce qui a jou&eacute; un r&ocirc;le crucial dans leur processus d&eacute;cisionnel.<\/p><blockquote><p>&laquo;&nbsp;Je sais que les commandants ont eu l&rsquo;impression de recevoir plus d&rsquo;appels et de textes non sollicit&eacute;s sur Dan Quinn avec des messages positifs que sur n&rsquo;importe quel autre candidat&nbsp;&raquo;, a expliqu&eacute; Schefter, <a href=\"https:\/\/nesn.com\/2024\/02\/why-commanders-reportedly-chose-dan-quinn-over-bill-belichick\/\" class=\"trk-cta-link\" data-cta-trk='{\"ctaType\":\"Link\",\"ctaSubType\":\"main\"}'>selon Jason Ounpraseuth de NESN<\/a>. &laquo;&nbsp;Et c&rsquo;est ainsi que les choses se sont d&eacute;roul&eacute;es.&nbsp;&raquo;<\/p><\/blockquote><p>Le style de leadership de Quinn contraste nettement avec l&rsquo;approche plus r&eacute;serv&eacute;e et calcul&eacute;e de Bill Belichick. Tandis que le succ&egrave;s de Belichick avec les New England Patriots est incontest&eacute;, la nouvelle &eacute;quipe de propri&eacute;t&eacute; et de gestion des Commanders, dirig&eacute;e par Josh Harris et Adam Peters, a exprim&eacute; des pr&eacute;occupations concernant des probl&egrave;mes de compatibilit&eacute;. Celles-ci variaient de l&rsquo;&acirc;ge de Belichick et de sa volont&eacute; de travailler sous un directeur g&eacute;n&eacute;ral ayant le contr&ocirc;le sur le personnel, &agrave; des doutes sur son int&eacute;r&ecirc;t &agrave; entreprendre un projet de reconstruction potentiellement de longue dur&eacute;e.<\/p><blockquote><p>&laquo;&nbsp;Ils ont engag&eacute; Dan Quinn parce qu&rsquo;ils croient en lui en tant que leader&nbsp;&raquo;, a d&eacute;clar&eacute; Schefter au cours de l&rsquo;&eacute;mission. &laquo;&nbsp;Ils croient en lui en tant qu&rsquo;homme. Ils croient que d&rsquo;autres personnes sont justes dans ce qu&rsquo;elles disent de Dan Quinn, qui a &eacute;t&eacute; finaliste pour d&rsquo;autres postes d&rsquo;entra&icirc;neur principal&nbsp;&raquo;.<\/p><\/blockquote><p>L&rsquo;&eacute;quipe recherche une figure transformatrice capable d&rsquo;injecter de l&rsquo;&eacute;nergie et de l&rsquo;optimisme dans l&rsquo;organisation, des qualit&eacute;s pour lesquelles Quinn est tr&egrave;s estim&eacute;. Son bilan prouv&eacute; en tant que motivateur et son statut de finaliste pour d&rsquo;autres postes d&rsquo;entra&icirc;neur en chef soulignent sa pr&eacute;paration &agrave; relever le d&eacute;fi &agrave; Washington.<\/p><p>Credit: Robert Deutsch-USA TODAY Sports<\/p>\n","protected":false},"excerpt":{"rendered":"","protected":false},"author":180309964,"featured_media":1313826,"comment_status":"open","ping_status":"closed","sticky":false,"template":"","format":"standard","meta":{"inline_featured_image":false,"kia_subtitle":"","_mux_skip_reasons":[],"proofreadBy":0,"footnotes":""},"categories":[118,40],"tags":[1156,3285],"sport":[],"saison":[],"class_list":["post-1313801","post","type-post","status-publish","format-standard","has-post-thumbnail","hentry","category-actualite-nfl","category-nfl","tag-dan-quinn","tag-washington-commanders"],"acf":[],"yoast_head":"<!-- This site is optimized with the Yoast SEO plugin v24.2 - https:\/\/yoast.com\/wordpress\/plugins\/seo\/ -->\n<title>Les Insiders NFL expliquent le choix des Commanders de prendre Dan Quinn plut&ocirc;t que Belichick - The Playoffs FR<\/title>\n<meta name=\"robots\" content=\"index, follow, max-snippet:-1, max-image-preview:large, max-video-preview:-1\" \/>\n<link rel=\"canonical\" href=\"https:\/\/theplayoffs.news\/fr\/actualite-nfl\/les-insiders-nfl-expliquent-le-choix-des-commanders-de-prendre-dan-quinn-plutot-que-belichick\/\" \/>\n<meta property=\"og:locale\" content=\"fr_FR\" \/>\n<meta property=\"og:type\" content=\"article\" \/>\n<meta property=\"og:title\" content=\"Les Insiders NFL expliquent le choix des Commanders de prendre Dan Quinn plut&ocirc;t que Belichick - The Playoffs FR\" \/>\n<meta property=\"og:url\" content=\"https:\/\/theplayoffs.news\/fr\/actualite-nfl\/les-insiders-nfl-expliquent-le-choix-des-commanders-de-prendre-dan-quinn-plutot-que-belichick\/\" \/>\n<meta property=\"og:site_name\" content=\"The Playoffs FR\" \/>\n<meta property=\"article:publisher\" content=\"https:\/\/www.facebook.com\/TheFreeAgentFR\/\" \/>\n<meta property=\"article:modified_time\" content=\"2024-02-02T10:24:40+01:00\" \/>\n<meta property=\"og:image\" content=\"https:\/\/theplayoffs.news\/fr\/wp-content\/uploads\/2024\/02\/USATSI_19153650.jpg\" \/>\n\t<meta property=\"og:image:width\" content=\"1920\" \/>\n\t<meta property=\"og:image:height\" content=\"1306\" \/>\n\t<meta property=\"og:image:type\" content=\"image\/jpeg\" \/>\n<meta name=\"author\" content=\"Flavien Jumeau\" \/>\n<meta name=\"twitter:card\" content=\"summary_large_image\" \/>\n<meta name=\"twitter:creator\" content=\"@TheFreeAgentFR\" \/>\n<meta name=\"twitter:site\" content=\"@TheFreeAgentFR\" \/>\n<meta name=\"twitter:label1\" content=\"\u00c9crit par\" \/>\n\t<meta name=\"twitter:data1\" content=\"Flavien Jumeau\" \/>\n\t<meta name=\"twitter:label2\" content=\"Dur\u00e9e de lecture estim\u00e9e\" \/>\n\t<meta name=\"twitter:data2\" content=\"2 minutes\" \/>\n<script type=\"application\/ld+json\" class=\"yoast-schema-graph\">{\"@context\":\"https:\/\/schema.org\",\"@graph\":[{\"@type\":\"WebPage\",\"@id\":\"https:\/\/theplayoffs.news\/fr\/actualite-nfl\/les-insiders-nfl-expliquent-le-choix-des-commanders-de-prendre-dan-quinn-plutot-que-belichick\/\",\"url\":\"https:\/\/theplayoffs.news\/fr\/actualite-nfl\/les-insiders-nfl-expliquent-le-choix-des-commanders-de-prendre-dan-quinn-plutot-que-belichick\/\",\"name\":\"Les Insiders NFL expliquent le choix des Commanders de prendre Dan Quinn plut\u00f4t que Belichick - The Playoffs FR\",\"isPartOf\":{\"@id\":\"https:\/\/theplayoffs.news\/fr\/#website\"},\"primaryImageOfPage\":{\"@id\":\"https:\/\/theplayoffs.news\/fr\/actualite-nfl\/les-insiders-nfl-expliquent-le-choix-des-commanders-de-prendre-dan-quinn-plutot-que-belichick\/#primaryimage\"},\"image\":{\"@id\":\"https:\/\/theplayoffs.news\/fr\/actualite-nfl\/les-insiders-nfl-expliquent-le-choix-des-commanders-de-prendre-dan-quinn-plutot-que-belichick\/#primaryimage\"},\"thumbnailUrl\":\"https:\/\/theplayoffs.news\/fr\/wp-content\/uploads\/2024\/02\/USATSI_19153650.jpg\",\"datePublished\":\"2024-02-02T09:24:38+00:00\",\"dateModified\":\"2024-02-02T09:24:40+00:00\",\"author\":{\"@id\":\"https:\/\/theplayoffs.news\/fr\/#\/schema\/person\/def63bc6746dc5957469b75feb99e66d\"},\"breadcrumb\":{\"@id\":\"https:\/\/theplayoffs.news\/fr\/actualite-nfl\/les-insiders-nfl-expliquent-le-choix-des-commanders-de-prendre-dan-quinn-plutot-que-belichick\/#breadcrumb\"},\"inLanguage\":\"fr-FR\",\"potentialAction\":[{\"@type\":\"ReadAction\",\"target\":[\"https:\/\/theplayoffs.news\/fr\/actualite-nfl\/les-insiders-nfl-expliquent-le-choix-des-commanders-de-prendre-dan-quinn-plutot-que-belichick\/\"]}]},{\"@type\":\"ImageObject\",\"inLanguage\":\"fr-FR\",\"@id\":\"https:\/\/theplayoffs.news\/fr\/actualite-nfl\/les-insiders-nfl-expliquent-le-choix-des-commanders-de-prendre-dan-quinn-plutot-que-belichick\/#primaryimage\",\"url\":\"https:\/\/theplayoffs.news\/fr\/wp-content\/uploads\/2024\/02\/USATSI_19153650.jpg\",\"contentUrl\":\"https:\/\/theplayoffs.news\/fr\/wp-content\/uploads\/2024\/02\/USATSI_19153650.jpg\",\"width\":1920,\"height\":1306,\"caption\":\"Sep 26, 2022; East Rutherford, NJ, USA; Dallas Cowboys defensive coordinator Dan Quinn at MetLife Stadium. Mandatory Credit: Robert Deutsch-USA TODAY Sports\"},{\"@type\":\"BreadcrumbList\",\"@id\":\"https:\/\/theplayoffs.news\/fr\/actualite-nfl\/les-insiders-nfl-expliquent-le-choix-des-commanders-de-prendre-dan-quinn-plutot-que-belichick\/#breadcrumb\",\"itemListElement\":[{\"@type\":\"ListItem\",\"position\":1,\"name\":\"Accueil\",\"item\":\"https:\/\/theplayoffs.news\/fr\/\"},{\"@type\":\"ListItem\",\"position\":2,\"name\":\"Les Insiders NFL expliquent le choix des Commanders de prendre Dan Quinn plut\u00f4t que Belichick\"}]},{\"@type\":\"WebSite\",\"@id\":\"https:\/\/theplayoffs.news\/fr\/#website\",\"url\":\"https:\/\/theplayoffs.news\/fr\/\",\"name\":\"The Playoffs FR\",\"description\":\"NBA-NFL-NHL-MLB\",\"potentialAction\":[{\"@type\":\"SearchAction\",\"target\":{\"@type\":\"EntryPoint\",\"urlTemplate\":\"https:\/\/theplayoffs.news\/fr\/?s={search_term_string}\"},\"query-input\":{\"@type\":\"PropertyValueSpecification\",\"valueRequired\":true,\"valueName\":\"search_term_string\"}}],\"inLanguage\":\"fr-FR\"},{\"@type\":\"Person\",\"@id\":\"https:\/\/theplayoffs.news\/fr\/#\/schema\/person\/def63bc6746dc5957469b75feb99e66d\",\"name\":\"Flavien Jumeau\",\"image\":{\"@type\":\"ImageObject\",\"inLanguage\":\"fr-FR\",\"@id\":\"https:\/\/theplayoffs.news\/fr\/#\/schema\/person\/image\/\",\"url\":\"https:\/\/secure.gravatar.com\/avatar\/e7fa8ba5a4b7e4ce35fe152f083f352db28ad0acce692004ed88a7a7d78893f7?s=96&d=mm&r=g\",\"contentUrl\":\"https:\/\/secure.gravatar.com\/avatar\/e7fa8ba5a4b7e4ce35fe152f083f352db28ad0acce692004ed88a7a7d78893f7?s=96&d=mm&r=g\",\"caption\":\"Flavien Jumeau\"},\"description\":\"Amoureux du sport (et de vraiment tous les sports) depuis mon plus jeune \u00e2ge, j\u2019ai longtemps h\u00e9site entre le snooker et le curling. Finalement c\u2019est le foot US que j\u2019ai d\u00e9cid\u00e9 de choisir! Responsable foot US sur TPO et animateur du podcast Tailgate j\u2019ai pour mission de vous faire d\u00e9couvrir ce sport passionnant si ce n\u2019est pas encore fait et de vous donner les derni\u00e8res actus. Le tout dans la bonne humeur et avec toujours un jeu de mots ou deux savamment distill\u00e9s! Fan des Saints, pour moi Drew Brees est le vrai GOAT!\",\"url\":\"https:\/\/theplayoffs.news\/fr\/author\/flavien-jumeaugmail-com\/\"}]}<\/script>\n<!-- \/ Yoast SEO plugin. -->","yoast_head_json":{"title":"Les Insiders NFL expliquent le choix des Commanders de prendre Dan Quinn plut&ocirc;t que Belichick - The Playoffs FR","robots":{"index":"index","follow":"follow","max-snippet":"max-snippet:-1","max-image-preview":"max-image-preview:large","max-video-preview":"max-video-preview:-1"},"canonical":"https:\/\/theplayoffs.news\/fr\/actualite-nfl\/les-insiders-nfl-expliquent-le-choix-des-commanders-de-prendre-dan-quinn-plutot-que-belichick\/","og_locale":"fr_FR","og_type":"article","og_title":"Les Insiders NFL expliquent le choix des Commanders de prendre Dan Quinn plut&ocirc;t que Belichick - The Playoffs FR","og_url":"https:\/\/theplayoffs.news\/fr\/actualite-nfl\/les-insiders-nfl-expliquent-le-choix-des-commanders-de-prendre-dan-quinn-plutot-que-belichick\/","og_site_name":"The Playoffs FR","article_publisher":"https:\/\/www.facebook.com\/TheFreeAgentFR\/","article_modified_time":"2024-02-02T09:24:40+00:00","og_image":[{"width":1920,"height":1306,"url":"https:\/\/theplayoffs.news\/fr\/wp-content\/uploads\/2024\/02\/USATSI_19153650.jpg","type":"image\/jpeg"}],"author":"Flavien Jumeau","twitter_card":"summary_large_image","twitter_creator":"@TheFreeAgentFR","twitter_site":"@TheFreeAgentFR","twitter_misc":{"\u00c9crit par":"Flavien Jumeau","Dur\u00e9e de lecture estim\u00e9e":"2 minutes"},"schema":{"@context":"https:\/\/schema.org","@graph":[{"@type":"WebPage","@id":"https:\/\/theplayoffs.news\/fr\/actualite-nfl\/les-insiders-nfl-expliquent-le-choix-des-commanders-de-prendre-dan-quinn-plutot-que-belichick\/","url":"https:\/\/theplayoffs.news\/fr\/actualite-nfl\/les-insiders-nfl-expliquent-le-choix-des-commanders-de-prendre-dan-quinn-plutot-que-belichick\/","name":"Les Insiders NFL expliquent le choix des Commanders de prendre Dan Quinn plut\u00f4t que Belichick - The Playoffs FR","isPartOf":{"@id":"https:\/\/theplayoffs.news\/fr\/#website"},"primaryImageOfPage":{"@id":"https:\/\/theplayoffs.news\/fr\/actualite-nfl\/les-insiders-nfl-expliquent-le-choix-des-commanders-de-prendre-dan-quinn-plutot-que-belichick\/#primaryimage"},"image":{"@id":"https:\/\/theplayoffs.news\/fr\/actualite-nfl\/les-insiders-nfl-expliquent-le-choix-des-commanders-de-prendre-dan-quinn-plutot-que-belichick\/#primaryimage"},"thumbnailUrl":"https:\/\/theplayoffs.news\/fr\/wp-content\/uploads\/2024\/02\/USATSI_19153650.jpg","datePublished":"2024-02-02T09:24:38+00:00","dateModified":"2024-02-02T09:24:40+00:00","author":{"@id":"https:\/\/theplayoffs.news\/fr\/#\/schema\/person\/def63bc6746dc5957469b75feb99e66d"},"breadcrumb":{"@id":"https:\/\/theplayoffs.news\/fr\/actualite-nfl\/les-insiders-nfl-expliquent-le-choix-des-commanders-de-prendre-dan-quinn-plutot-que-belichick\/#breadcrumb"},"inLanguage":"fr-FR","potentialAction":[{"@type":"ReadAction","target":["https:\/\/theplayoffs.news\/fr\/actualite-nfl\/les-insiders-nfl-expliquent-le-choix-des-commanders-de-prendre-dan-quinn-plutot-que-belichick\/"]}]},{"@type":"ImageObject","inLanguage":"fr-FR","@id":"https:\/\/theplayoffs.news\/fr\/actualite-nfl\/les-insiders-nfl-expliquent-le-choix-des-commanders-de-prendre-dan-quinn-plutot-que-belichick\/#primaryimage","url":"https:\/\/theplayoffs.news\/fr\/wp-content\/uploads\/2024\/02\/USATSI_19153650.jpg","contentUrl":"https:\/\/theplayoffs.news\/fr\/wp-content\/uploads\/2024\/02\/USATSI_19153650.jpg","width":1920,"height":1306,"caption":"Sep 26, 2022; East Rutherford, NJ, USA; Dallas Cowboys defensive coordinator Dan Quinn at MetLife Stadium. Mandatory Credit: Robert Deutsch-USA TODAY Sports"},{"@type":"BreadcrumbList","@id":"https:\/\/theplayoffs.news\/fr\/actualite-nfl\/les-insiders-nfl-expliquent-le-choix-des-commanders-de-prendre-dan-quinn-plutot-que-belichick\/#breadcrumb","itemListElement":[{"@type":"ListItem","position":1,"name":"Accueil","item":"https:\/\/theplayoffs.news\/fr\/"},{"@type":"ListItem","position":2,"name":"Les Insiders NFL expliquent le choix des Commanders de prendre Dan Quinn plut\u00f4t que Belichick"}]},{"@type":"WebSite","@id":"https:\/\/theplayoffs.news\/fr\/#website","url":"https:\/\/theplayoffs.news\/fr\/","name":"The Playoffs FR","description":"NBA-NFL-NHL-MLB","potentialAction":[{"@type":"SearchAction","target":{"@type":"EntryPoint","urlTemplate":"https:\/\/theplayoffs.news\/fr\/?s={search_term_string}"},"query-input":{"@type":"PropertyValueSpecification","valueRequired":true,"valueName":"search_term_string"}}],"inLanguage":"fr-FR"},{"@type":"Person","@id":"https:\/\/theplayoffs.news\/fr\/#\/schema\/person\/def63bc6746dc5957469b75feb99e66d","name":"Flavien Jumeau","image":{"@type":"ImageObject","inLanguage":"fr-FR","@id":"https:\/\/theplayoffs.news\/fr\/#\/schema\/person\/image\/","url":"https:\/\/secure.gravatar.com\/avatar\/e7fa8ba5a4b7e4ce35fe152f083f352db28ad0acce692004ed88a7a7d78893f7?s=96&d=mm&r=g","contentUrl":"https:\/\/secure.gravatar.com\/avatar\/e7fa8ba5a4b7e4ce35fe152f083f352db28ad0acce692004ed88a7a7d78893f7?s=96&d=mm&r=g","caption":"Flavien Jumeau"},"description":"Amoureux du sport (et de vraiment tous les sports) depuis mon plus jeune \u00e2ge, j\u2019ai longtemps h\u00e9site entre le snooker et le curling. Finalement c\u2019est le foot US que j\u2019ai d\u00e9cid\u00e9 de choisir! Responsable foot US sur TPO et animateur du podcast Tailgate j\u2019ai pour mission de vous faire d\u00e9couvrir ce sport passionnant si ce n\u2019est pas encore fait et de vous donner les derni\u00e8res actus. Le tout dans la bonne humeur et avec toujours un jeu de mots ou deux savamment distill\u00e9s! Fan des Saints, pour moi Drew Brees est le vrai GOAT!","url":"https:\/\/theplayoffs.news\/fr\/author\/flavien-jumeaugmail-com\/"}]}},"_links":{"self":[{"href":"https:\/\/theplayoffs.news\/fr\/wp-json\/wp\/v2\/posts\/1313801","targetHints":{"allow":["GET"]}}],"collection":[{"href":"https:\/\/theplayoffs.news\/fr\/wp-json\/wp\/v2\/posts"}],"about":[{"href":"https:\/\/theplayoffs.news\/fr\/wp-json\/wp\/v2\/types\/post"}],"author":[{"embeddable":true,"href":"https:\/\/theplayoffs.news\/fr\/wp-json\/wp\/v2\/users\/180309964"}],"replies":[{"embeddable":true,"href":"https:\/\/theplayoffs.news\/fr\/wp-json\/wp\/v2\/comments?post=1313801"}],"version-history":[{"count":3,"href":"https:\/\/theplayoffs.news\/fr\/wp-json\/wp\/v2\/posts\/1313801\/revisions"}],"predecessor-version":[{"id":1313836,"href":"https:\/\/theplayoffs.news\/fr\/wp-json\/wp\/v2\/posts\/1313801\/revisions\/1313836"}],"wp:featuredmedia":[{"embeddable":true,"href":"https:\/\/theplayoffs.news\/fr\/wp-json\/wp\/v2\/media\/1313826"}],"wp:attachment":[{"href":"https:\/\/theplayoffs.news\/fr\/wp-json\/wp\/v2\/media?parent=1313801"}],"wp:term":[{"taxonomy":"category","embeddable":true,"href":"https:\/\/theplayoffs.news\/fr\/wp-json\/wp\/v2\/categories?post=1313801"},{"taxonomy":"post_tag","embeddable":true,"href":"https:\/\/theplayoffs.news\/fr\/wp-json\/wp\/v2\/tags?post=1313801"},{"taxonomy":"sport","embeddable":true,"href":"https:\/\/theplayoffs.news\/fr\/wp-json\/wp\/v2\/sport?post=1313801"},{"taxonomy":"saison","embeddable":true,"href":"https:\/\/theplayoffs.news\/fr\/wp-json\/wp\/v2\/saison?post=1313801"}],"curies":[{"name":"wp","href":"https:\/\/api.w.org\/{rel}","templated":true}]}}