{"id":1311230,"date":"2024-01-31T14:38:32","date_gmt":"2024-01-31T13:38:32","guid":{"rendered":"https:\/\/theplayoffs.news\/fr\/?p=1311230"},"modified":"2024-01-31T14:38:34","modified_gmt":"2024-01-31T13:38:34","slug":"elf-un-premier-match-joue-en-croatie-2024","status":"publish","type":"post","link":"https:\/\/theplayoffs.news\/fr\/elf\/elf-un-premier-match-joue-en-croatie-2024\/","title":{"rendered":"ELF: Un premier match jou\u00e9 en Croatie en 2024"},"content":{"rendered":"<h2>ELF &ndash; Pour la premi&egrave;re fois de son histoire, l&rsquo;ELF disputera un &laquo;&nbsp;International Game&nbsp;&raquo; lors de la saison 2024.<\/h2><p>L&rsquo;<a href=\"https:\/\/twitter.com\/ELF_Official\/status\/1752650890580840910\" class=\"trk-cta-link\" data-cta-trk='{\"ctaType\":\"Link\",\"ctaSubType\":\"main\"}'>ELF<\/a> (European League of Football) ne cesse de voir les choses en grand. Apr&egrave;s une expansion vers la France avec la cr&eacute;ation des <a href=\"https:\/\/theplayoffs.news\/fr\/elf\/les-mousquetaires-de-paris-12\/\" class=\"trk-cta-link\" data-cta-trk='{\"ctaType\":\"Link\",\"ctaSubType\":\"main\"}'>Mousquetaires de Paris<\/a> avant la saison 2023 puis l&rsquo;ajout d&rsquo;une nouvelle franchise espagnole, les Madrid Bravos, avant la saison 2024, les dirigeants de la ligue europ&eacute;enne ont d&eacute;cid&eacute; de d&eacute;localiser un match de saison r&eacute;guli&egrave;re pour cette m&ecirc;me saison 2024.<\/p><p>Si l&rsquo;annonce de cette d&eacute;localisation a &eacute;t&eacute; faite en fin de semaine derni&egrave;re, l&rsquo;affiche et le lieu de la rencontre ne devaient &ecirc;tre d&eacute;voil&eacute;s que ce mercredi. Ce fut chose faite &agrave; la mi-journ&eacute;e. L&rsquo;<a href=\"https:\/\/twitter.com\/ELF_Official\/status\/1752650890580840910\" class=\"trk-cta-link\" data-cta-trk='{\"ctaType\":\"Link\",\"ctaSubType\":\"main\"}'>European League of Football<\/a> posera donc ses valises en Croatie, et plus particuli&egrave;rement dans la ville de Sibenik, pour une rencontre de saison r&eacute;guli&egrave;re entre les Madrid Bravos et les Hambourg Sea Devils.<\/p><blockquote class=\"twitter-tweet\" data-width=\"500\" data-dnt=\"true\">\n<p lang=\"en\" dir=\"ltr\">The ELF is heading south: Our first <a href=\"https:\/\/twitter.com\/hashtag\/ELFIG24?src=hash&amp;ref_src=twsrc%5Etfw\" class=\"trk-cta-link\" data-cta-trk='{\"ctaType\":\"Link\",\"ctaSubType\":\"main\"}'>#ELFIG24<\/a> will be played in Sibenik, Croatia. The matchup will be <a href=\"https:\/\/twitter.com\/MadridBravos?ref_src=twsrc%5Etfw\" class=\"trk-cta-link\" data-cta-trk='{\"ctaType\":\"Link\",\"ctaSubType\":\"main\"}'>@MadridBravos<\/a> at <a href=\"https:\/\/twitter.com\/SeaDevilsHH?ref_src=twsrc%5Etfw\" class=\"trk-cta-link\" data-cta-trk='{\"ctaType\":\"Link\",\"ctaSubType\":\"main\"}'>@SeaDevilsHH<\/a> &#127469;&#127479; <\/p>\n<p>The local stadium &Scaron;ubi&#263;evac will be expanded to a capacity of 8.000 seats. &#127967;&#65039; <a href=\"https:\/\/twitter.com\/hashtag\/ELFCroatia24?src=hash&amp;ref_src=twsrc%5Etfw\" class=\"trk-cta-link\" data-cta-trk='{\"ctaType\":\"Link\",\"ctaSubType\":\"main\"}'>#ELFCroatia24<\/a> <a href=\"https:\/\/t.co\/6u77GXn4sB\" class=\"trk-cta-link\" data-cta-trk='{\"ctaType\":\"Link\",\"ctaSubType\":\"main\"}'>pic.twitter.com\/6u77GXn4sB<\/a><\/p>\n<p>&mdash; European League of Football (@ELF_Official) <a href=\"https:\/\/twitter.com\/ELF_Official\/status\/1752650890580840910?ref_src=twsrc%5Etfw\" class=\"trk-cta-link\" data-cta-trk='{\"ctaType\":\"Link\",\"ctaSubType\":\"main\"}'>January 31, 2024<\/a><\/p><\/blockquote><p><script async src=\"https:\/\/platform.twitter.com\/widgets.js\" charset=\"utf-8\"><\/script><\/p><p>Doit-on voir dans ce choix une volont&eacute; de la grande ligue europ&eacute;enne de s&rsquo;&eacute;tendre dans un avenir proche vers les pays de l&rsquo;Est de l&rsquo;Europe? L&rsquo;avenir nous le dira tr&egrave;s bient&ocirc;t.<\/p><p><em>Cr&eacute;dit photo: Maxime Le Pihif<\/em><\/p>\n","protected":false},"excerpt":{"rendered":"","protected":false},"author":180309964,"featured_media":1311278,"comment_status":"open","ping_status":"closed","sticky":false,"template":"","format":"standard","meta":{"inline_featured_image":false,"kia_subtitle":"","_mux_skip_reasons":[],"proofreadBy":0,"footnotes":""},"categories":[5964],"tags":[4569,6586],"sport":[2785],"saison":[6111],"class_list":["post-1311230","post","type-post","status-publish","format-standard","has-post-thumbnail","hentry","category-elf","tag-elf","tag-elf-2024","sport-nfl","saison-6111"],"acf":[],"yoast_head":"<!-- This site is optimized with the Yoast SEO plugin v24.2 - https:\/\/yoast.com\/wordpress\/plugins\/seo\/ -->\n<title>ELF: Un premier match jou&eacute; en Croatie en 2024 - The Playoffs FR<\/title>\n<meta name=\"robots\" content=\"index, follow, max-snippet:-1, max-image-preview:large, max-video-preview:-1\" \/>\n<link rel=\"canonical\" href=\"https:\/\/theplayoffs.news\/fr\/elf\/elf-un-premier-match-joue-en-croatie-2024\/\" \/>\n<meta property=\"og:locale\" content=\"fr_FR\" \/>\n<meta property=\"og:type\" content=\"article\" \/>\n<meta property=\"og:title\" content=\"ELF: Un premier match jou&eacute; en Croatie en 2024 - The Playoffs FR\" \/>\n<meta property=\"og:url\" content=\"https:\/\/theplayoffs.news\/fr\/elf\/elf-un-premier-match-joue-en-croatie-2024\/\" \/>\n<meta property=\"og:site_name\" content=\"The Playoffs FR\" \/>\n<meta property=\"article:publisher\" content=\"https:\/\/www.facebook.com\/TheFreeAgentFR\/\" \/>\n<meta property=\"article:modified_time\" content=\"2024-01-31T14:38:34+01:00\" \/>\n<meta property=\"og:image\" content=\"https:\/\/theplayoffs.news\/fr\/wp-content\/uploads\/2024\/01\/52951540182_7c3ea5ef14_o.jpg\" \/>\n\t<meta property=\"og:image:width\" content=\"1920\" \/>\n\t<meta property=\"og:image:height\" content=\"1280\" \/>\n\t<meta property=\"og:image:type\" content=\"image\/jpeg\" \/>\n<meta name=\"author\" content=\"Flavien Jumeau\" \/>\n<meta name=\"twitter:card\" content=\"summary_large_image\" \/>\n<meta name=\"twitter:creator\" content=\"@TheFreeAgentFR\" \/>\n<meta name=\"twitter:site\" content=\"@TheFreeAgentFR\" \/>\n<meta name=\"twitter:label1\" content=\"\u00c9crit par\" \/>\n\t<meta name=\"twitter:data1\" content=\"Flavien Jumeau\" \/>\n\t<meta name=\"twitter:label2\" content=\"Dur\u00e9e de lecture estim\u00e9e\" \/>\n\t<meta name=\"twitter:data2\" content=\"1 minute\" \/>\n<script type=\"application\/ld+json\" class=\"yoast-schema-graph\">{\"@context\":\"https:\/\/schema.org\",\"@graph\":[{\"@type\":\"WebPage\",\"@id\":\"https:\/\/theplayoffs.news\/fr\/elf\/elf-un-premier-match-joue-en-croatie-2024\/\",\"url\":\"https:\/\/theplayoffs.news\/fr\/elf\/elf-un-premier-match-joue-en-croatie-2024\/\",\"name\":\"ELF: Un premier match jou\u00e9 en Croatie en 2024 - The Playoffs FR\",\"isPartOf\":{\"@id\":\"https:\/\/theplayoffs.news\/fr\/#website\"},\"primaryImageOfPage\":{\"@id\":\"https:\/\/theplayoffs.news\/fr\/elf\/elf-un-premier-match-joue-en-croatie-2024\/#primaryimage\"},\"image\":{\"@id\":\"https:\/\/theplayoffs.news\/fr\/elf\/elf-un-premier-match-joue-en-croatie-2024\/#primaryimage\"},\"thumbnailUrl\":\"https:\/\/theplayoffs.news\/fr\/wp-content\/uploads\/2024\/01\/52951540182_7c3ea5ef14_o.jpg\",\"datePublished\":\"2024-01-31T13:38:32+00:00\",\"dateModified\":\"2024-01-31T13:38:34+00:00\",\"author\":{\"@id\":\"https:\/\/theplayoffs.news\/fr\/#\/schema\/person\/def63bc6746dc5957469b75feb99e66d\"},\"breadcrumb\":{\"@id\":\"https:\/\/theplayoffs.news\/fr\/elf\/elf-un-premier-match-joue-en-croatie-2024\/#breadcrumb\"},\"inLanguage\":\"fr-FR\",\"potentialAction\":[{\"@type\":\"ReadAction\",\"target\":[\"https:\/\/theplayoffs.news\/fr\/elf\/elf-un-premier-match-joue-en-croatie-2024\/\"]}]},{\"@type\":\"ImageObject\",\"inLanguage\":\"fr-FR\",\"@id\":\"https:\/\/theplayoffs.news\/fr\/elf\/elf-un-premier-match-joue-en-croatie-2024\/#primaryimage\",\"url\":\"https:\/\/theplayoffs.news\/fr\/wp-content\/uploads\/2024\/01\/52951540182_7c3ea5ef14_o.jpg\",\"contentUrl\":\"https:\/\/theplayoffs.news\/fr\/wp-content\/uploads\/2024\/01\/52951540182_7c3ea5ef14_o.jpg\",\"width\":1920,\"height\":1280,\"caption\":\"ELF\"},{\"@type\":\"BreadcrumbList\",\"@id\":\"https:\/\/theplayoffs.news\/fr\/elf\/elf-un-premier-match-joue-en-croatie-2024\/#breadcrumb\",\"itemListElement\":[{\"@type\":\"ListItem\",\"position\":1,\"name\":\"Accueil\",\"item\":\"https:\/\/theplayoffs.news\/fr\/\"},{\"@type\":\"ListItem\",\"position\":2,\"name\":\"ELF: Un premier match jou\u00e9 en Croatie en 2024\"}]},{\"@type\":\"WebSite\",\"@id\":\"https:\/\/theplayoffs.news\/fr\/#website\",\"url\":\"https:\/\/theplayoffs.news\/fr\/\",\"name\":\"The Playoffs FR\",\"description\":\"NBA-NFL-NHL-MLB\",\"potentialAction\":[{\"@type\":\"SearchAction\",\"target\":{\"@type\":\"EntryPoint\",\"urlTemplate\":\"https:\/\/theplayoffs.news\/fr\/?s={search_term_string}\"},\"query-input\":{\"@type\":\"PropertyValueSpecification\",\"valueRequired\":true,\"valueName\":\"search_term_string\"}}],\"inLanguage\":\"fr-FR\"},{\"@type\":\"Person\",\"@id\":\"https:\/\/theplayoffs.news\/fr\/#\/schema\/person\/def63bc6746dc5957469b75feb99e66d\",\"name\":\"Flavien Jumeau\",\"image\":{\"@type\":\"ImageObject\",\"inLanguage\":\"fr-FR\",\"@id\":\"https:\/\/theplayoffs.news\/fr\/#\/schema\/person\/image\/\",\"url\":\"https:\/\/secure.gravatar.com\/avatar\/e7fa8ba5a4b7e4ce35fe152f083f352db28ad0acce692004ed88a7a7d78893f7?s=96&d=mm&r=g\",\"contentUrl\":\"https:\/\/secure.gravatar.com\/avatar\/e7fa8ba5a4b7e4ce35fe152f083f352db28ad0acce692004ed88a7a7d78893f7?s=96&d=mm&r=g\",\"caption\":\"Flavien Jumeau\"},\"description\":\"Amoureux du sport (et de vraiment tous les sports) depuis mon plus jeune \u00e2ge, j\u2019ai longtemps h\u00e9site entre le snooker et le curling. Finalement c\u2019est le foot US que j\u2019ai d\u00e9cid\u00e9 de choisir! Responsable foot US sur TPO et animateur du podcast Tailgate j\u2019ai pour mission de vous faire d\u00e9couvrir ce sport passionnant si ce n\u2019est pas encore fait et de vous donner les derni\u00e8res actus. Le tout dans la bonne humeur et avec toujours un jeu de mots ou deux savamment distill\u00e9s! Fan des Saints, pour moi Drew Brees est le vrai GOAT!\",\"url\":\"https:\/\/theplayoffs.news\/fr\/author\/flavien-jumeaugmail-com\/\"}]}<\/script>\n<!-- \/ Yoast SEO plugin. -->","yoast_head_json":{"title":"ELF: Un premier match jou&eacute; en Croatie en 2024 - The Playoffs FR","robots":{"index":"index","follow":"follow","max-snippet":"max-snippet:-1","max-image-preview":"max-image-preview:large","max-video-preview":"max-video-preview:-1"},"canonical":"https:\/\/theplayoffs.news\/fr\/elf\/elf-un-premier-match-joue-en-croatie-2024\/","og_locale":"fr_FR","og_type":"article","og_title":"ELF: Un premier match jou&eacute; en Croatie en 2024 - The Playoffs FR","og_url":"https:\/\/theplayoffs.news\/fr\/elf\/elf-un-premier-match-joue-en-croatie-2024\/","og_site_name":"The Playoffs FR","article_publisher":"https:\/\/www.facebook.com\/TheFreeAgentFR\/","article_modified_time":"2024-01-31T13:38:34+00:00","og_image":[{"width":1920,"height":1280,"url":"https:\/\/theplayoffs.news\/fr\/wp-content\/uploads\/2024\/01\/52951540182_7c3ea5ef14_o.jpg","type":"image\/jpeg"}],"author":"Flavien Jumeau","twitter_card":"summary_large_image","twitter_creator":"@TheFreeAgentFR","twitter_site":"@TheFreeAgentFR","twitter_misc":{"\u00c9crit par":"Flavien Jumeau","Dur\u00e9e de lecture estim\u00e9e":"1 minute"},"schema":{"@context":"https:\/\/schema.org","@graph":[{"@type":"WebPage","@id":"https:\/\/theplayoffs.news\/fr\/elf\/elf-un-premier-match-joue-en-croatie-2024\/","url":"https:\/\/theplayoffs.news\/fr\/elf\/elf-un-premier-match-joue-en-croatie-2024\/","name":"ELF: Un premier match jou\u00e9 en Croatie en 2024 - The Playoffs FR","isPartOf":{"@id":"https:\/\/theplayoffs.news\/fr\/#website"},"primaryImageOfPage":{"@id":"https:\/\/theplayoffs.news\/fr\/elf\/elf-un-premier-match-joue-en-croatie-2024\/#primaryimage"},"image":{"@id":"https:\/\/theplayoffs.news\/fr\/elf\/elf-un-premier-match-joue-en-croatie-2024\/#primaryimage"},"thumbnailUrl":"https:\/\/theplayoffs.news\/fr\/wp-content\/uploads\/2024\/01\/52951540182_7c3ea5ef14_o.jpg","datePublished":"2024-01-31T13:38:32+00:00","dateModified":"2024-01-31T13:38:34+00:00","author":{"@id":"https:\/\/theplayoffs.news\/fr\/#\/schema\/person\/def63bc6746dc5957469b75feb99e66d"},"breadcrumb":{"@id":"https:\/\/theplayoffs.news\/fr\/elf\/elf-un-premier-match-joue-en-croatie-2024\/#breadcrumb"},"inLanguage":"fr-FR","potentialAction":[{"@type":"ReadAction","target":["https:\/\/theplayoffs.news\/fr\/elf\/elf-un-premier-match-joue-en-croatie-2024\/"]}]},{"@type":"ImageObject","inLanguage":"fr-FR","@id":"https:\/\/theplayoffs.news\/fr\/elf\/elf-un-premier-match-joue-en-croatie-2024\/#primaryimage","url":"https:\/\/theplayoffs.news\/fr\/wp-content\/uploads\/2024\/01\/52951540182_7c3ea5ef14_o.jpg","contentUrl":"https:\/\/theplayoffs.news\/fr\/wp-content\/uploads\/2024\/01\/52951540182_7c3ea5ef14_o.jpg","width":1920,"height":1280,"caption":"ELF"},{"@type":"BreadcrumbList","@id":"https:\/\/theplayoffs.news\/fr\/elf\/elf-un-premier-match-joue-en-croatie-2024\/#breadcrumb","itemListElement":[{"@type":"ListItem","position":1,"name":"Accueil","item":"https:\/\/theplayoffs.news\/fr\/"},{"@type":"ListItem","position":2,"name":"ELF: Un premier match jou\u00e9 en Croatie en 2024"}]},{"@type":"WebSite","@id":"https:\/\/theplayoffs.news\/fr\/#website","url":"https:\/\/theplayoffs.news\/fr\/","name":"The Playoffs FR","description":"NBA-NFL-NHL-MLB","potentialAction":[{"@type":"SearchAction","target":{"@type":"EntryPoint","urlTemplate":"https:\/\/theplayoffs.news\/fr\/?s={search_term_string}"},"query-input":{"@type":"PropertyValueSpecification","valueRequired":true,"valueName":"search_term_string"}}],"inLanguage":"fr-FR"},{"@type":"Person","@id":"https:\/\/theplayoffs.news\/fr\/#\/schema\/person\/def63bc6746dc5957469b75feb99e66d","name":"Flavien Jumeau","image":{"@type":"ImageObject","inLanguage":"fr-FR","@id":"https:\/\/theplayoffs.news\/fr\/#\/schema\/person\/image\/","url":"https:\/\/secure.gravatar.com\/avatar\/e7fa8ba5a4b7e4ce35fe152f083f352db28ad0acce692004ed88a7a7d78893f7?s=96&d=mm&r=g","contentUrl":"https:\/\/secure.gravatar.com\/avatar\/e7fa8ba5a4b7e4ce35fe152f083f352db28ad0acce692004ed88a7a7d78893f7?s=96&d=mm&r=g","caption":"Flavien Jumeau"},"description":"Amoureux du sport (et de vraiment tous les sports) depuis mon plus jeune \u00e2ge, j\u2019ai longtemps h\u00e9site entre le snooker et le curling. Finalement c\u2019est le foot US que j\u2019ai d\u00e9cid\u00e9 de choisir! Responsable foot US sur TPO et animateur du podcast Tailgate j\u2019ai pour mission de vous faire d\u00e9couvrir ce sport passionnant si ce n\u2019est pas encore fait et de vous donner les derni\u00e8res actus. Le tout dans la bonne humeur et avec toujours un jeu de mots ou deux savamment distill\u00e9s! Fan des Saints, pour moi Drew Brees est le vrai GOAT!","url":"https:\/\/theplayoffs.news\/fr\/author\/flavien-jumeaugmail-com\/"}]}},"_links":{"self":[{"href":"https:\/\/theplayoffs.news\/fr\/wp-json\/wp\/v2\/posts\/1311230","targetHints":{"allow":["GET"]}}],"collection":[{"href":"https:\/\/theplayoffs.news\/fr\/wp-json\/wp\/v2\/posts"}],"about":[{"href":"https:\/\/theplayoffs.news\/fr\/wp-json\/wp\/v2\/types\/post"}],"author":[{"embeddable":true,"href":"https:\/\/theplayoffs.news\/fr\/wp-json\/wp\/v2\/users\/180309964"}],"replies":[{"embeddable":true,"href":"https:\/\/theplayoffs.news\/fr\/wp-json\/wp\/v2\/comments?post=1311230"}],"version-history":[{"count":3,"href":"https:\/\/theplayoffs.news\/fr\/wp-json\/wp\/v2\/posts\/1311230\/revisions"}],"predecessor-version":[{"id":1311299,"href":"https:\/\/theplayoffs.news\/fr\/wp-json\/wp\/v2\/posts\/1311230\/revisions\/1311299"}],"wp:featuredmedia":[{"embeddable":true,"href":"https:\/\/theplayoffs.news\/fr\/wp-json\/wp\/v2\/media\/1311278"}],"wp:attachment":[{"href":"https:\/\/theplayoffs.news\/fr\/wp-json\/wp\/v2\/media?parent=1311230"}],"wp:term":[{"taxonomy":"category","embeddable":true,"href":"https:\/\/theplayoffs.news\/fr\/wp-json\/wp\/v2\/categories?post=1311230"},{"taxonomy":"post_tag","embeddable":true,"href":"https:\/\/theplayoffs.news\/fr\/wp-json\/wp\/v2\/tags?post=1311230"},{"taxonomy":"sport","embeddable":true,"href":"https:\/\/theplayoffs.news\/fr\/wp-json\/wp\/v2\/sport?post=1311230"},{"taxonomy":"saison","embeddable":true,"href":"https:\/\/theplayoffs.news\/fr\/wp-json\/wp\/v2\/saison?post=1311230"}],"curies":[{"name":"wp","href":"https:\/\/api.w.org\/{rel}","templated":true}]}}