{"id":1306964,"date":"2024-01-30T09:51:25","date_gmt":"2024-01-30T08:51:25","guid":{"rendered":"https:\/\/theplayoffs.news\/fr\/?p=1306964"},"modified":"2024-01-30T09:51:27","modified_gmt":"2024-01-30T08:51:27","slug":"super-bowl-lviii-charles-omenihu-forfait","status":"publish","type":"post","link":"https:\/\/theplayoffs.news\/fr\/actualite-nfl\/super-bowl-lviii-charles-omenihu-forfait\/","title":{"rendered":"Super Bowl LVIII : Charles Omenihu forfait"},"content":{"rendered":"<h2>NFL &ndash; La route vers le Super Bowl LVIII des Kansas City Chiefs a &eacute;t&eacute; marqu&eacute;e par un revers significatif.<\/h2><p><a href=\"https:\/\/theplayoffs.news\/fr\/joueur\/charles-omenihu-nfl-7859730\/\" class=\"trk-cta-link\" data-cta-trk='{\"ctaType\":\"Link\",\"ctaSubType\":\"main\"}'><strong>Charles Omenihu<\/strong><\/a>, un &eacute;l&eacute;ment cl&eacute; de la d&eacute;fense de l&rsquo;&eacute;quipe, a subi une d&eacute;chirure du ligament crois&eacute; ant&eacute;rieur (LCA) lors de la finale de conf&eacute;rence AFC contre les Ravens de Baltimore. Cette blessure l&rsquo;exclut du prochain affrontement du Super Bowl contre les 49ers de San Francisco, son ancienne &eacute;quipe.<\/p><p>Surmontant une absence de six matchs due &agrave; une suspension de la NFL, il a r&eacute;ussi &agrave; r&eacute;aliser un nombre record de sept sacks en carri&egrave;re, d&eacute;montrant son r&ocirc;le crucial dans la m&eacute;canique d&eacute;fensive des Chiefs. Il a &eacute;t&eacute; aussi d&eacute;cisif lors de la finale de conf&eacute;rence avec un strip sack crucial du quarterback des Ravens, Lamar Jackson, avant que la blessure ne limite ses contributions.<\/p><p>La blessure de Charles Omenihu est un coup dur pour les Chiefs, surtout compte tenu de l&rsquo;absence du plaqueur d&eacute;fensif Derrick Nnadi, plac&eacute; en r&eacute;serve bless&eacute;s avant la finale de conf&eacute;rence AFC en raison d&rsquo;une blessure au triceps. La capacit&eacute; d&rsquo;adaptation et la profondeur de l&rsquo;&eacute;quipe seront s&eacute;v&egrave;rement test&eacute;es alors qu&rsquo;ils se pr&eacute;parent &agrave; affronter les 49ers, une &eacute;quipe connue pour son jeu offensif robuste.<\/p><p>Apr&egrave;s quatre saisons partag&eacute;es entre les Texans de Houston et les 49ers, son passage aux Chiefs semblait &ecirc;tre un pas vers des r&eacute;alisations plus grandes. Sa performance cette saison, en particulier les 4,5 sacks pour les 49ers en 2022, a montr&eacute; son influence croissante sur le terrain.<\/p><p>&nbsp;<\/p><p>Credit Photo : Mark J. Rebilas-USA TODAY Sports<\/p>\n","protected":false},"excerpt":{"rendered":"","protected":false},"author":13,"featured_media":1306977,"comment_status":"open","ping_status":"closed","sticky":false,"template":"","format":"standard","meta":{"inline_featured_image":false,"kia_subtitle":"","_mux_skip_reasons":[],"proofreadBy":0,"footnotes":""},"categories":[118,40],"tags":[6891,5731],"sport":[],"saison":[],"class_list":["post-1306964","post","type-post","status-publish","format-standard","has-post-thumbnail","hentry","category-actualite-nfl","category-nfl","tag-charles-omenihu","tag-chiefs-de-kansas-city"],"acf":[],"yoast_head":"<!-- This site is optimized with the Yoast SEO plugin v24.2 - https:\/\/yoast.com\/wordpress\/plugins\/seo\/ -->\n<title>Super Bowl LVIII : Charles Omenihu forfait - The Playoffs FR<\/title>\n<meta name=\"robots\" content=\"index, follow, max-snippet:-1, max-image-preview:large, max-video-preview:-1\" \/>\n<link rel=\"canonical\" href=\"https:\/\/theplayoffs.news\/fr\/actualite-nfl\/super-bowl-lviii-charles-omenihu-forfait\/\" \/>\n<meta property=\"og:locale\" content=\"fr_FR\" \/>\n<meta property=\"og:type\" content=\"article\" \/>\n<meta property=\"og:title\" content=\"Super Bowl LVIII : Charles Omenihu forfait - The Playoffs FR\" \/>\n<meta property=\"og:url\" content=\"https:\/\/theplayoffs.news\/fr\/actualite-nfl\/super-bowl-lviii-charles-omenihu-forfait\/\" \/>\n<meta property=\"og:site_name\" content=\"The Playoffs FR\" \/>\n<meta property=\"article:publisher\" content=\"https:\/\/www.facebook.com\/TheFreeAgentFR\/\" \/>\n<meta property=\"article:modified_time\" content=\"2024-01-30T09:51:27+01:00\" \/>\n<meta property=\"og:image\" content=\"https:\/\/theplayoffs.news\/fr\/wp-content\/uploads\/2024\/01\/USATSI_22354678.jpg\" \/>\n\t<meta property=\"og:image:width\" content=\"1920\" \/>\n\t<meta property=\"og:image:height\" content=\"1271\" \/>\n\t<meta property=\"og:image:type\" content=\"image\/jpeg\" \/>\n<meta name=\"author\" content=\"Charles Taudin\" \/>\n<meta name=\"twitter:card\" content=\"summary_large_image\" \/>\n<meta name=\"twitter:creator\" content=\"@TheFreeAgentFR\" \/>\n<meta name=\"twitter:site\" content=\"@TheFreeAgentFR\" \/>\n<meta name=\"twitter:label1\" content=\"\u00c9crit par\" \/>\n\t<meta name=\"twitter:data1\" content=\"Charles Taudin\" \/>\n\t<meta name=\"twitter:label2\" content=\"Dur\u00e9e de lecture estim\u00e9e\" \/>\n\t<meta name=\"twitter:data2\" content=\"1 minute\" \/>\n<script type=\"application\/ld+json\" class=\"yoast-schema-graph\">{\"@context\":\"https:\/\/schema.org\",\"@graph\":[{\"@type\":\"WebPage\",\"@id\":\"https:\/\/theplayoffs.news\/fr\/actualite-nfl\/super-bowl-lviii-charles-omenihu-forfait\/\",\"url\":\"https:\/\/theplayoffs.news\/fr\/actualite-nfl\/super-bowl-lviii-charles-omenihu-forfait\/\",\"name\":\"Super Bowl LVIII : Charles Omenihu forfait - The Playoffs FR\",\"isPartOf\":{\"@id\":\"https:\/\/theplayoffs.news\/fr\/#website\"},\"primaryImageOfPage\":{\"@id\":\"https:\/\/theplayoffs.news\/fr\/actualite-nfl\/super-bowl-lviii-charles-omenihu-forfait\/#primaryimage\"},\"image\":{\"@id\":\"https:\/\/theplayoffs.news\/fr\/actualite-nfl\/super-bowl-lviii-charles-omenihu-forfait\/#primaryimage\"},\"thumbnailUrl\":\"https:\/\/theplayoffs.news\/fr\/wp-content\/uploads\/2024\/01\/USATSI_22354678.jpg\",\"datePublished\":\"2024-01-30T08:51:25+00:00\",\"dateModified\":\"2024-01-30T08:51:27+00:00\",\"author\":{\"@id\":\"https:\/\/theplayoffs.news\/fr\/#\/schema\/person\/eee5b69ad5d3c51cabe881c839dbe133\"},\"breadcrumb\":{\"@id\":\"https:\/\/theplayoffs.news\/fr\/actualite-nfl\/super-bowl-lviii-charles-omenihu-forfait\/#breadcrumb\"},\"inLanguage\":\"fr-FR\",\"potentialAction\":[{\"@type\":\"ReadAction\",\"target\":[\"https:\/\/theplayoffs.news\/fr\/actualite-nfl\/super-bowl-lviii-charles-omenihu-forfait\/\"]}]},{\"@type\":\"ImageObject\",\"inLanguage\":\"fr-FR\",\"@id\":\"https:\/\/theplayoffs.news\/fr\/actualite-nfl\/super-bowl-lviii-charles-omenihu-forfait\/#primaryimage\",\"url\":\"https:\/\/theplayoffs.news\/fr\/wp-content\/uploads\/2024\/01\/USATSI_22354678.jpg\",\"contentUrl\":\"https:\/\/theplayoffs.news\/fr\/wp-content\/uploads\/2024\/01\/USATSI_22354678.jpg\",\"width\":1920,\"height\":1271,\"caption\":\"Jan 21, 2024; Orchard Park, New York, USA; Kansas City Chiefs defensive end Charles Omenihu (90) against the Buffalo Bills in the 2024 AFC divisional round game at Highmark Stadium. Mandatory Credit: Mark J. Rebilas-USA TODAY Sports\"},{\"@type\":\"BreadcrumbList\",\"@id\":\"https:\/\/theplayoffs.news\/fr\/actualite-nfl\/super-bowl-lviii-charles-omenihu-forfait\/#breadcrumb\",\"itemListElement\":[{\"@type\":\"ListItem\",\"position\":1,\"name\":\"Accueil\",\"item\":\"https:\/\/theplayoffs.news\/fr\/\"},{\"@type\":\"ListItem\",\"position\":2,\"name\":\"Super Bowl LVIII : Charles Omenihu forfait\"}]},{\"@type\":\"WebSite\",\"@id\":\"https:\/\/theplayoffs.news\/fr\/#website\",\"url\":\"https:\/\/theplayoffs.news\/fr\/\",\"name\":\"The Playoffs FR\",\"description\":\"NBA-NFL-NHL-MLB\",\"potentialAction\":[{\"@type\":\"SearchAction\",\"target\":{\"@type\":\"EntryPoint\",\"urlTemplate\":\"https:\/\/theplayoffs.news\/fr\/?s={search_term_string}\"},\"query-input\":{\"@type\":\"PropertyValueSpecification\",\"valueRequired\":true,\"valueName\":\"search_term_string\"}}],\"inLanguage\":\"fr-FR\"},{\"@type\":\"Person\",\"@id\":\"https:\/\/theplayoffs.news\/fr\/#\/schema\/person\/eee5b69ad5d3c51cabe881c839dbe133\",\"name\":\"Charles Taudin\",\"image\":{\"@type\":\"ImageObject\",\"inLanguage\":\"fr-FR\",\"@id\":\"https:\/\/theplayoffs.news\/fr\/#\/schema\/person\/image\/\",\"url\":\"https:\/\/secure.gravatar.com\/avatar\/59a1e772205ce9fd255edfcafc93013736822e20261f294c5753b20c41ede9f2?s=96&d=mm&r=g\",\"contentUrl\":\"https:\/\/secure.gravatar.com\/avatar\/59a1e772205ce9fd255edfcafc93013736822e20261f294c5753b20c41ede9f2?s=96&d=mm&r=g\",\"caption\":\"Charles Taudin\"},\"description\":\"R\u00e9dacteur en chef global de The Playoffs, j\u2019ai cr\u00e9\u00e9 The Free Agent, devenu The Playoffs FR, en 2020 durant la pand\u00e9mie. Amoureux depuis des ann\u00e9es des 4 sports majeurs am\u00e9ricains, j\u2019organise maintenant la strat\u00e9gie \u00e9ditoriale et les r\u00e9seaux sociaux de l\u2019ensemble des versions de The Playoffs. Il m\u2019arrive encore d\u2019\u00e9crire sur certains sports que j\u2019affectionne particuli\u00e8rement comme la NFL ou la MLB. Si vous devez retenir qu\u2019une chose : Eli Manning est le vrai GOAT pour avoir battu deux fois Tom Brady.\",\"sameAs\":[\"https:\/\/www.instagram.com\/ctaudin_\/\"],\"url\":\"https:\/\/theplayoffs.news\/fr\/author\/charles-taudin\/\"}]}<\/script>\n<!-- \/ Yoast SEO plugin. -->","yoast_head_json":{"title":"Super Bowl LVIII : Charles Omenihu forfait - The Playoffs FR","robots":{"index":"index","follow":"follow","max-snippet":"max-snippet:-1","max-image-preview":"max-image-preview:large","max-video-preview":"max-video-preview:-1"},"canonical":"https:\/\/theplayoffs.news\/fr\/actualite-nfl\/super-bowl-lviii-charles-omenihu-forfait\/","og_locale":"fr_FR","og_type":"article","og_title":"Super Bowl LVIII : Charles Omenihu forfait - The Playoffs FR","og_url":"https:\/\/theplayoffs.news\/fr\/actualite-nfl\/super-bowl-lviii-charles-omenihu-forfait\/","og_site_name":"The Playoffs FR","article_publisher":"https:\/\/www.facebook.com\/TheFreeAgentFR\/","article_modified_time":"2024-01-30T08:51:27+00:00","og_image":[{"width":1920,"height":1271,"url":"https:\/\/theplayoffs.news\/fr\/wp-content\/uploads\/2024\/01\/USATSI_22354678.jpg","type":"image\/jpeg"}],"author":"Charles Taudin","twitter_card":"summary_large_image","twitter_creator":"@TheFreeAgentFR","twitter_site":"@TheFreeAgentFR","twitter_misc":{"\u00c9crit par":"Charles Taudin","Dur\u00e9e de lecture estim\u00e9e":"1 minute"},"schema":{"@context":"https:\/\/schema.org","@graph":[{"@type":"WebPage","@id":"https:\/\/theplayoffs.news\/fr\/actualite-nfl\/super-bowl-lviii-charles-omenihu-forfait\/","url":"https:\/\/theplayoffs.news\/fr\/actualite-nfl\/super-bowl-lviii-charles-omenihu-forfait\/","name":"Super Bowl LVIII : Charles Omenihu forfait - The Playoffs FR","isPartOf":{"@id":"https:\/\/theplayoffs.news\/fr\/#website"},"primaryImageOfPage":{"@id":"https:\/\/theplayoffs.news\/fr\/actualite-nfl\/super-bowl-lviii-charles-omenihu-forfait\/#primaryimage"},"image":{"@id":"https:\/\/theplayoffs.news\/fr\/actualite-nfl\/super-bowl-lviii-charles-omenihu-forfait\/#primaryimage"},"thumbnailUrl":"https:\/\/theplayoffs.news\/fr\/wp-content\/uploads\/2024\/01\/USATSI_22354678.jpg","datePublished":"2024-01-30T08:51:25+00:00","dateModified":"2024-01-30T08:51:27+00:00","author":{"@id":"https:\/\/theplayoffs.news\/fr\/#\/schema\/person\/eee5b69ad5d3c51cabe881c839dbe133"},"breadcrumb":{"@id":"https:\/\/theplayoffs.news\/fr\/actualite-nfl\/super-bowl-lviii-charles-omenihu-forfait\/#breadcrumb"},"inLanguage":"fr-FR","potentialAction":[{"@type":"ReadAction","target":["https:\/\/theplayoffs.news\/fr\/actualite-nfl\/super-bowl-lviii-charles-omenihu-forfait\/"]}]},{"@type":"ImageObject","inLanguage":"fr-FR","@id":"https:\/\/theplayoffs.news\/fr\/actualite-nfl\/super-bowl-lviii-charles-omenihu-forfait\/#primaryimage","url":"https:\/\/theplayoffs.news\/fr\/wp-content\/uploads\/2024\/01\/USATSI_22354678.jpg","contentUrl":"https:\/\/theplayoffs.news\/fr\/wp-content\/uploads\/2024\/01\/USATSI_22354678.jpg","width":1920,"height":1271,"caption":"Jan 21, 2024; Orchard Park, New York, USA; Kansas City Chiefs defensive end Charles Omenihu (90) against the Buffalo Bills in the 2024 AFC divisional round game at Highmark Stadium. Mandatory Credit: Mark J. Rebilas-USA TODAY Sports"},{"@type":"BreadcrumbList","@id":"https:\/\/theplayoffs.news\/fr\/actualite-nfl\/super-bowl-lviii-charles-omenihu-forfait\/#breadcrumb","itemListElement":[{"@type":"ListItem","position":1,"name":"Accueil","item":"https:\/\/theplayoffs.news\/fr\/"},{"@type":"ListItem","position":2,"name":"Super Bowl LVIII : Charles Omenihu forfait"}]},{"@type":"WebSite","@id":"https:\/\/theplayoffs.news\/fr\/#website","url":"https:\/\/theplayoffs.news\/fr\/","name":"The Playoffs FR","description":"NBA-NFL-NHL-MLB","potentialAction":[{"@type":"SearchAction","target":{"@type":"EntryPoint","urlTemplate":"https:\/\/theplayoffs.news\/fr\/?s={search_term_string}"},"query-input":{"@type":"PropertyValueSpecification","valueRequired":true,"valueName":"search_term_string"}}],"inLanguage":"fr-FR"},{"@type":"Person","@id":"https:\/\/theplayoffs.news\/fr\/#\/schema\/person\/eee5b69ad5d3c51cabe881c839dbe133","name":"Charles Taudin","image":{"@type":"ImageObject","inLanguage":"fr-FR","@id":"https:\/\/theplayoffs.news\/fr\/#\/schema\/person\/image\/","url":"https:\/\/secure.gravatar.com\/avatar\/59a1e772205ce9fd255edfcafc93013736822e20261f294c5753b20c41ede9f2?s=96&d=mm&r=g","contentUrl":"https:\/\/secure.gravatar.com\/avatar\/59a1e772205ce9fd255edfcafc93013736822e20261f294c5753b20c41ede9f2?s=96&d=mm&r=g","caption":"Charles Taudin"},"description":"R\u00e9dacteur en chef global de The Playoffs, j\u2019ai cr\u00e9\u00e9 The Free Agent, devenu The Playoffs FR, en 2020 durant la pand\u00e9mie. Amoureux depuis des ann\u00e9es des 4 sports majeurs am\u00e9ricains, j\u2019organise maintenant la strat\u00e9gie \u00e9ditoriale et les r\u00e9seaux sociaux de l\u2019ensemble des versions de The Playoffs. Il m\u2019arrive encore d\u2019\u00e9crire sur certains sports que j\u2019affectionne particuli\u00e8rement comme la NFL ou la MLB. Si vous devez retenir qu\u2019une chose : Eli Manning est le vrai GOAT pour avoir battu deux fois Tom Brady.","sameAs":["https:\/\/www.instagram.com\/ctaudin_\/"],"url":"https:\/\/theplayoffs.news\/fr\/author\/charles-taudin\/"}]}},"_links":{"self":[{"href":"https:\/\/theplayoffs.news\/fr\/wp-json\/wp\/v2\/posts\/1306964","targetHints":{"allow":["GET"]}}],"collection":[{"href":"https:\/\/theplayoffs.news\/fr\/wp-json\/wp\/v2\/posts"}],"about":[{"href":"https:\/\/theplayoffs.news\/fr\/wp-json\/wp\/v2\/types\/post"}],"author":[{"embeddable":true,"href":"https:\/\/theplayoffs.news\/fr\/wp-json\/wp\/v2\/users\/13"}],"replies":[{"embeddable":true,"href":"https:\/\/theplayoffs.news\/fr\/wp-json\/wp\/v2\/comments?post=1306964"}],"version-history":[{"count":3,"href":"https:\/\/theplayoffs.news\/fr\/wp-json\/wp\/v2\/posts\/1306964\/revisions"}],"predecessor-version":[{"id":1306991,"href":"https:\/\/theplayoffs.news\/fr\/wp-json\/wp\/v2\/posts\/1306964\/revisions\/1306991"}],"wp:featuredmedia":[{"embeddable":true,"href":"https:\/\/theplayoffs.news\/fr\/wp-json\/wp\/v2\/media\/1306977"}],"wp:attachment":[{"href":"https:\/\/theplayoffs.news\/fr\/wp-json\/wp\/v2\/media?parent=1306964"}],"wp:term":[{"taxonomy":"category","embeddable":true,"href":"https:\/\/theplayoffs.news\/fr\/wp-json\/wp\/v2\/categories?post=1306964"},{"taxonomy":"post_tag","embeddable":true,"href":"https:\/\/theplayoffs.news\/fr\/wp-json\/wp\/v2\/tags?post=1306964"},{"taxonomy":"sport","embeddable":true,"href":"https:\/\/theplayoffs.news\/fr\/wp-json\/wp\/v2\/sport?post=1306964"},{"taxonomy":"saison","embeddable":true,"href":"https:\/\/theplayoffs.news\/fr\/wp-json\/wp\/v2\/saison?post=1306964"}],"curies":[{"name":"wp","href":"https:\/\/api.w.org\/{rel}","templated":true}]}}