{"id":1294578,"date":"2024-01-26T10:42:21","date_gmt":"2024-01-26T09:42:21","guid":{"rendered":"https:\/\/theplayoffs.news\/fr\/?p=1294578"},"modified":"2024-01-26T10:42:22","modified_gmt":"2024-01-26T09:42:22","slug":"bill-belichick-saison-2024-sans-equipe","status":"publish","type":"post","link":"https:\/\/theplayoffs.news\/fr\/actualite-nfl\/bill-belichick-saison-2024-sans-equipe\/","title":{"rendered":"Bill Belichick: vers une saison blanche en 2024?"},"content":{"rendered":"<h2>NFL &ndash; L&rsquo;entra&icirc;neur embl&eacute;matique de la NFL, Bill Belichick ne devrait probablement pas trouver d&rsquo;&eacute;quipes &agrave; entra&icirc;ner pour la saison 2024.<\/h2><p>Et si <a href=\"https:\/\/www.pro-football-reference.com\/coaches\/BeliBi0.htm\" class=\"trk-cta-link\" data-cta-trk='{\"ctaType\":\"Link\",\"ctaSubType\":\"main\"}'>Bill Belichick<\/a> se retrouvait sans franchise &agrave; entra&icirc;ner pour la saison 2024? Ce qui pouvait sembler &ecirc;tre une folie il y a de cela quelques toutes petites ann&eacute;es pourrait devenir une r&eacute;alit&eacute; lors de la saison NFL &agrave; venir. <a href=\"https:\/\/theplayoffs.news\/fr\/nfl\/bill-belichick-renvoye-par-les-patriots\/\" class=\"trk-cta-link\" data-cta-trk='{\"ctaType\":\"Link\",\"ctaSubType\":\"main\"}'>Remerci&eacute; par les Patriots de la Nouvelle-Angleterre apr&egrave;s la fin de la saison 2023<\/a>, Bill Belichick pourrait rester &eacute;loign&eacute; des bords de terrain en d&eacute;but de saison pour la premi&egrave;re fois depuis le d&eacute;but de notre si&egrave;cle!<\/p><h3>Bill Belichick n&rsquo;ira pas chez les Falcons<\/h3><p>Depuis son renvoi de la franchise des Patriots, les appels ne furent pas vraiment nombreux pour un entra&icirc;neur qui a remport&eacute; 6 Super Bowl sur les 25 derni&egrave;res ann&eacute;es! En r&eacute;alit&eacute;, Bill Belichick n&rsquo;a pass&eacute; qu&rsquo;un seul entretien (ou plut&ocirc;t un double entretien) avec les Falcons d&rsquo;Atlanta qui semblaient int&eacute;ress&eacute;s par le profil de l&rsquo;ancien entra&icirc;neur des Patriots. Mais avec l&rsquo;annonce du recrutement de Raheem Morris comme entra&icirc;neur des Falcons ce jeudi, les possibilit&eacute;s de voir Belichick &ecirc;tre sur le banc cette saison se sont consid&eacute;rablement &eacute;loign&eacute;es.<\/p><p>En cause dans son non-recrutement par les Falcons d&rsquo;Atlanta, les risques de tensions entre un entra&icirc;neur habitu&eacute; &agrave; endosser le r&ocirc;le de manager g&eacute;n&eacute;ral des Patriots et un front office des Falcons qui souhaite seulement recruter un entra&icirc;neur et rien de plus. Belichick n&rsquo;ira donc pas, pour le moment, chez les Falcons. Une occasion manqu&eacute;e pour l&rsquo;entra&icirc;neur qui aurait sans doute pu profiter d&rsquo;une division NFC Sud en reconstruction pour aller chercher les quelques succ&egrave;s qui lui manque pour aller chercher le record de victoires d&rsquo;un entra&icirc;neur en NFL.<\/p><h3>Quelle suite pour Bill Belichick?<\/h3><p>Pour 2024, les chances de voir Bill Belichick sur un banc de touche en d&eacute;but de saison sont faibles. Tr&egrave;s faibles. Peut-&ecirc;tre m&ecirc;me minimes.<\/p><p>A l&rsquo;heure d&rsquo;&eacute;criture de ces lignes, il ne reste que deux postes vacants au sein de la NFL: les Seattle Seahawks et les Washington Commanders. A moins d&rsquo;un immense retournement de situation, Belichick n&rsquo;ira pas dans ces deux franchises qui ont conduit bon nombre d&rsquo;entretiens d&rsquo;embauche depuis plusieurs jours mais qui ne se sont jamais pench&eacute; sur la candidature de Belichick.<\/p><p>Il reste alors la possibilit&eacute; pour l&rsquo;ancien entra&icirc;neur des Patriots de remplacer un entra&icirc;neur qui est encore en fonction avant le d&eacute;but de la saison! Mais le plus probable reste aujourd&rsquo;hui que Bill Belichick occupe une autre fonction qu&rsquo;entra&icirc;neur pendant toute la saison 2024 (consultant pour un m&eacute;dia par exemple) en attendant une nouvelle vague d&rsquo;embauche avant la saison 2025.<\/p><p>Mais l&agrave; encore, aucune certitude de voir une &eacute;quipe &ecirc;tre int&eacute;ress&eacute; par le profil de Belichick! M&ecirc;me s&rsquo;il est encore t&ocirc;t pour ce genre de conclusion, il n&rsquo;est pas &agrave; exclure que la rencontre entre les Jets et les Patriots en week 18 de cette saison 2023 ait &eacute;t&eacute; la derni&egrave;re fois que l&rsquo;on ait vu le c&eacute;l&egrave;bre entra&icirc;neur en chef sur un bord de touche de terrain NFL. Une probabilit&eacute; de retraite qui semble aujourd&rsquo;hui bien plus &eacute;lev&eacute; que celle de voir Belichick entra&icirc;ner une &eacute;quipe en 2024&hellip;<\/p><p><em>Cr&eacute;dit photo:&nbsp;<\/em><\/p>\n","protected":false},"excerpt":{"rendered":"","protected":false},"author":180309964,"featured_media":1294664,"comment_status":"open","ping_status":"closed","sticky":false,"template":"","format":"standard","meta":{"inline_featured_image":false,"kia_subtitle":"","_mux_skip_reasons":[],"proofreadBy":0,"footnotes":""},"categories":[118,40],"tags":[879],"sport":[2785],"saison":[6111],"class_list":["post-1294578","post","type-post","status-publish","format-standard","has-post-thumbnail","hentry","category-actualite-nfl","category-nfl","tag-bill-belichick","sport-nfl","saison-6111"],"acf":[],"yoast_head":"<!-- This site is optimized with the Yoast SEO plugin v24.2 - https:\/\/yoast.com\/wordpress\/plugins\/seo\/ -->\n<title>Bill Belichick: vers une saison blanche en 2024? - The Playoffs FR<\/title>\n<meta name=\"robots\" content=\"index, follow, max-snippet:-1, max-image-preview:large, max-video-preview:-1\" \/>\n<link rel=\"canonical\" href=\"https:\/\/theplayoffs.news\/fr\/actualite-nfl\/bill-belichick-saison-2024-sans-equipe\/\" \/>\n<meta property=\"og:locale\" content=\"fr_FR\" \/>\n<meta property=\"og:type\" content=\"article\" \/>\n<meta property=\"og:title\" content=\"Bill Belichick: vers une saison blanche en 2024? - The Playoffs FR\" \/>\n<meta property=\"og:url\" content=\"https:\/\/theplayoffs.news\/fr\/actualite-nfl\/bill-belichick-saison-2024-sans-equipe\/\" \/>\n<meta property=\"og:site_name\" content=\"The Playoffs FR\" \/>\n<meta property=\"article:publisher\" content=\"https:\/\/www.facebook.com\/TheFreeAgentFR\/\" \/>\n<meta property=\"article:modified_time\" content=\"2024-01-26T10:42:22+01:00\" \/>\n<meta property=\"og:image\" content=\"https:\/\/theplayoffs.news\/fr\/wp-content\/uploads\/2024\/01\/USATSI_22267901.jpg\" \/>\n\t<meta property=\"og:image:width\" content=\"1920\" \/>\n\t<meta property=\"og:image:height\" content=\"1280\" \/>\n\t<meta property=\"og:image:type\" content=\"image\/jpeg\" \/>\n<meta name=\"author\" content=\"Flavien Jumeau\" \/>\n<meta name=\"twitter:card\" content=\"summary_large_image\" \/>\n<meta name=\"twitter:creator\" content=\"@TheFreeAgentFR\" \/>\n<meta name=\"twitter:site\" content=\"@TheFreeAgentFR\" \/>\n<meta name=\"twitter:label1\" content=\"\u00c9crit par\" \/>\n\t<meta name=\"twitter:data1\" content=\"Flavien Jumeau\" \/>\n\t<meta name=\"twitter:label2\" content=\"Dur\u00e9e de lecture estim\u00e9e\" \/>\n\t<meta name=\"twitter:data2\" content=\"3 minutes\" \/>\n<script type=\"application\/ld+json\" class=\"yoast-schema-graph\">{\"@context\":\"https:\/\/schema.org\",\"@graph\":[{\"@type\":\"WebPage\",\"@id\":\"https:\/\/theplayoffs.news\/fr\/actualite-nfl\/bill-belichick-saison-2024-sans-equipe\/\",\"url\":\"https:\/\/theplayoffs.news\/fr\/actualite-nfl\/bill-belichick-saison-2024-sans-equipe\/\",\"name\":\"Bill Belichick: vers une saison blanche en 2024? - The Playoffs FR\",\"isPartOf\":{\"@id\":\"https:\/\/theplayoffs.news\/fr\/#website\"},\"primaryImageOfPage\":{\"@id\":\"https:\/\/theplayoffs.news\/fr\/actualite-nfl\/bill-belichick-saison-2024-sans-equipe\/#primaryimage\"},\"image\":{\"@id\":\"https:\/\/theplayoffs.news\/fr\/actualite-nfl\/bill-belichick-saison-2024-sans-equipe\/#primaryimage\"},\"thumbnailUrl\":\"https:\/\/theplayoffs.news\/fr\/wp-content\/uploads\/2024\/01\/USATSI_22267901.jpg\",\"datePublished\":\"2024-01-26T09:42:21+00:00\",\"dateModified\":\"2024-01-26T09:42:22+00:00\",\"author\":{\"@id\":\"https:\/\/theplayoffs.news\/fr\/#\/schema\/person\/def63bc6746dc5957469b75feb99e66d\"},\"breadcrumb\":{\"@id\":\"https:\/\/theplayoffs.news\/fr\/actualite-nfl\/bill-belichick-saison-2024-sans-equipe\/#breadcrumb\"},\"inLanguage\":\"fr-FR\",\"potentialAction\":[{\"@type\":\"ReadAction\",\"target\":[\"https:\/\/theplayoffs.news\/fr\/actualite-nfl\/bill-belichick-saison-2024-sans-equipe\/\"]}]},{\"@type\":\"ImageObject\",\"inLanguage\":\"fr-FR\",\"@id\":\"https:\/\/theplayoffs.news\/fr\/actualite-nfl\/bill-belichick-saison-2024-sans-equipe\/#primaryimage\",\"url\":\"https:\/\/theplayoffs.news\/fr\/wp-content\/uploads\/2024\/01\/USATSI_22267901.jpg\",\"contentUrl\":\"https:\/\/theplayoffs.news\/fr\/wp-content\/uploads\/2024\/01\/USATSI_22267901.jpg\",\"width\":1920,\"height\":1280,\"caption\":\"Jan 11, 2024; Foxborough, MA, USA; New England Patriots former head coach Bill Belichick holds a press conference at Gillette Stadium to announce his exit from the team. Mandatory Credit: Eric Canha-USA TODAY Sports\"},{\"@type\":\"BreadcrumbList\",\"@id\":\"https:\/\/theplayoffs.news\/fr\/actualite-nfl\/bill-belichick-saison-2024-sans-equipe\/#breadcrumb\",\"itemListElement\":[{\"@type\":\"ListItem\",\"position\":1,\"name\":\"Accueil\",\"item\":\"https:\/\/theplayoffs.news\/fr\/\"},{\"@type\":\"ListItem\",\"position\":2,\"name\":\"Bill Belichick: vers une saison blanche en 2024?\"}]},{\"@type\":\"WebSite\",\"@id\":\"https:\/\/theplayoffs.news\/fr\/#website\",\"url\":\"https:\/\/theplayoffs.news\/fr\/\",\"name\":\"The Playoffs FR\",\"description\":\"NBA-NFL-NHL-MLB\",\"potentialAction\":[{\"@type\":\"SearchAction\",\"target\":{\"@type\":\"EntryPoint\",\"urlTemplate\":\"https:\/\/theplayoffs.news\/fr\/?s={search_term_string}\"},\"query-input\":{\"@type\":\"PropertyValueSpecification\",\"valueRequired\":true,\"valueName\":\"search_term_string\"}}],\"inLanguage\":\"fr-FR\"},{\"@type\":\"Person\",\"@id\":\"https:\/\/theplayoffs.news\/fr\/#\/schema\/person\/def63bc6746dc5957469b75feb99e66d\",\"name\":\"Flavien Jumeau\",\"image\":{\"@type\":\"ImageObject\",\"inLanguage\":\"fr-FR\",\"@id\":\"https:\/\/theplayoffs.news\/fr\/#\/schema\/person\/image\/\",\"url\":\"https:\/\/secure.gravatar.com\/avatar\/e7fa8ba5a4b7e4ce35fe152f083f352db28ad0acce692004ed88a7a7d78893f7?s=96&d=mm&r=g\",\"contentUrl\":\"https:\/\/secure.gravatar.com\/avatar\/e7fa8ba5a4b7e4ce35fe152f083f352db28ad0acce692004ed88a7a7d78893f7?s=96&d=mm&r=g\",\"caption\":\"Flavien Jumeau\"},\"description\":\"Amoureux du sport (et de vraiment tous les sports) depuis mon plus jeune \u00e2ge, j\u2019ai longtemps h\u00e9site entre le snooker et le curling. Finalement c\u2019est le foot US que j\u2019ai d\u00e9cid\u00e9 de choisir! Responsable foot US sur TPO et animateur du podcast Tailgate j\u2019ai pour mission de vous faire d\u00e9couvrir ce sport passionnant si ce n\u2019est pas encore fait et de vous donner les derni\u00e8res actus. Le tout dans la bonne humeur et avec toujours un jeu de mots ou deux savamment distill\u00e9s! Fan des Saints, pour moi Drew Brees est le vrai GOAT!\",\"url\":\"https:\/\/theplayoffs.news\/fr\/author\/flavien-jumeaugmail-com\/\"}]}<\/script>\n<!-- \/ Yoast SEO plugin. -->","yoast_head_json":{"title":"Bill Belichick: vers une saison blanche en 2024? - The Playoffs FR","robots":{"index":"index","follow":"follow","max-snippet":"max-snippet:-1","max-image-preview":"max-image-preview:large","max-video-preview":"max-video-preview:-1"},"canonical":"https:\/\/theplayoffs.news\/fr\/actualite-nfl\/bill-belichick-saison-2024-sans-equipe\/","og_locale":"fr_FR","og_type":"article","og_title":"Bill Belichick: vers une saison blanche en 2024? - The Playoffs FR","og_url":"https:\/\/theplayoffs.news\/fr\/actualite-nfl\/bill-belichick-saison-2024-sans-equipe\/","og_site_name":"The Playoffs FR","article_publisher":"https:\/\/www.facebook.com\/TheFreeAgentFR\/","article_modified_time":"2024-01-26T09:42:22+00:00","og_image":[{"width":1920,"height":1280,"url":"https:\/\/theplayoffs.news\/fr\/wp-content\/uploads\/2024\/01\/USATSI_22267901.jpg","type":"image\/jpeg"}],"author":"Flavien Jumeau","twitter_card":"summary_large_image","twitter_creator":"@TheFreeAgentFR","twitter_site":"@TheFreeAgentFR","twitter_misc":{"\u00c9crit par":"Flavien Jumeau","Dur\u00e9e de lecture estim\u00e9e":"3 minutes"},"schema":{"@context":"https:\/\/schema.org","@graph":[{"@type":"WebPage","@id":"https:\/\/theplayoffs.news\/fr\/actualite-nfl\/bill-belichick-saison-2024-sans-equipe\/","url":"https:\/\/theplayoffs.news\/fr\/actualite-nfl\/bill-belichick-saison-2024-sans-equipe\/","name":"Bill Belichick: vers une saison blanche en 2024? - The Playoffs FR","isPartOf":{"@id":"https:\/\/theplayoffs.news\/fr\/#website"},"primaryImageOfPage":{"@id":"https:\/\/theplayoffs.news\/fr\/actualite-nfl\/bill-belichick-saison-2024-sans-equipe\/#primaryimage"},"image":{"@id":"https:\/\/theplayoffs.news\/fr\/actualite-nfl\/bill-belichick-saison-2024-sans-equipe\/#primaryimage"},"thumbnailUrl":"https:\/\/theplayoffs.news\/fr\/wp-content\/uploads\/2024\/01\/USATSI_22267901.jpg","datePublished":"2024-01-26T09:42:21+00:00","dateModified":"2024-01-26T09:42:22+00:00","author":{"@id":"https:\/\/theplayoffs.news\/fr\/#\/schema\/person\/def63bc6746dc5957469b75feb99e66d"},"breadcrumb":{"@id":"https:\/\/theplayoffs.news\/fr\/actualite-nfl\/bill-belichick-saison-2024-sans-equipe\/#breadcrumb"},"inLanguage":"fr-FR","potentialAction":[{"@type":"ReadAction","target":["https:\/\/theplayoffs.news\/fr\/actualite-nfl\/bill-belichick-saison-2024-sans-equipe\/"]}]},{"@type":"ImageObject","inLanguage":"fr-FR","@id":"https:\/\/theplayoffs.news\/fr\/actualite-nfl\/bill-belichick-saison-2024-sans-equipe\/#primaryimage","url":"https:\/\/theplayoffs.news\/fr\/wp-content\/uploads\/2024\/01\/USATSI_22267901.jpg","contentUrl":"https:\/\/theplayoffs.news\/fr\/wp-content\/uploads\/2024\/01\/USATSI_22267901.jpg","width":1920,"height":1280,"caption":"Jan 11, 2024; Foxborough, MA, USA; New England Patriots former head coach Bill Belichick holds a press conference at Gillette Stadium to announce his exit from the team. Mandatory Credit: Eric Canha-USA TODAY Sports"},{"@type":"BreadcrumbList","@id":"https:\/\/theplayoffs.news\/fr\/actualite-nfl\/bill-belichick-saison-2024-sans-equipe\/#breadcrumb","itemListElement":[{"@type":"ListItem","position":1,"name":"Accueil","item":"https:\/\/theplayoffs.news\/fr\/"},{"@type":"ListItem","position":2,"name":"Bill Belichick: vers une saison blanche en 2024?"}]},{"@type":"WebSite","@id":"https:\/\/theplayoffs.news\/fr\/#website","url":"https:\/\/theplayoffs.news\/fr\/","name":"The Playoffs FR","description":"NBA-NFL-NHL-MLB","potentialAction":[{"@type":"SearchAction","target":{"@type":"EntryPoint","urlTemplate":"https:\/\/theplayoffs.news\/fr\/?s={search_term_string}"},"query-input":{"@type":"PropertyValueSpecification","valueRequired":true,"valueName":"search_term_string"}}],"inLanguage":"fr-FR"},{"@type":"Person","@id":"https:\/\/theplayoffs.news\/fr\/#\/schema\/person\/def63bc6746dc5957469b75feb99e66d","name":"Flavien Jumeau","image":{"@type":"ImageObject","inLanguage":"fr-FR","@id":"https:\/\/theplayoffs.news\/fr\/#\/schema\/person\/image\/","url":"https:\/\/secure.gravatar.com\/avatar\/e7fa8ba5a4b7e4ce35fe152f083f352db28ad0acce692004ed88a7a7d78893f7?s=96&d=mm&r=g","contentUrl":"https:\/\/secure.gravatar.com\/avatar\/e7fa8ba5a4b7e4ce35fe152f083f352db28ad0acce692004ed88a7a7d78893f7?s=96&d=mm&r=g","caption":"Flavien Jumeau"},"description":"Amoureux du sport (et de vraiment tous les sports) depuis mon plus jeune \u00e2ge, j\u2019ai longtemps h\u00e9site entre le snooker et le curling. Finalement c\u2019est le foot US que j\u2019ai d\u00e9cid\u00e9 de choisir! Responsable foot US sur TPO et animateur du podcast Tailgate j\u2019ai pour mission de vous faire d\u00e9couvrir ce sport passionnant si ce n\u2019est pas encore fait et de vous donner les derni\u00e8res actus. Le tout dans la bonne humeur et avec toujours un jeu de mots ou deux savamment distill\u00e9s! Fan des Saints, pour moi Drew Brees est le vrai GOAT!","url":"https:\/\/theplayoffs.news\/fr\/author\/flavien-jumeaugmail-com\/"}]}},"_links":{"self":[{"href":"https:\/\/theplayoffs.news\/fr\/wp-json\/wp\/v2\/posts\/1294578","targetHints":{"allow":["GET"]}}],"collection":[{"href":"https:\/\/theplayoffs.news\/fr\/wp-json\/wp\/v2\/posts"}],"about":[{"href":"https:\/\/theplayoffs.news\/fr\/wp-json\/wp\/v2\/types\/post"}],"author":[{"embeddable":true,"href":"https:\/\/theplayoffs.news\/fr\/wp-json\/wp\/v2\/users\/180309964"}],"replies":[{"embeddable":true,"href":"https:\/\/theplayoffs.news\/fr\/wp-json\/wp\/v2\/comments?post=1294578"}],"version-history":[{"count":2,"href":"https:\/\/theplayoffs.news\/fr\/wp-json\/wp\/v2\/posts\/1294578\/revisions"}],"predecessor-version":[{"id":1294672,"href":"https:\/\/theplayoffs.news\/fr\/wp-json\/wp\/v2\/posts\/1294578\/revisions\/1294672"}],"wp:featuredmedia":[{"embeddable":true,"href":"https:\/\/theplayoffs.news\/fr\/wp-json\/wp\/v2\/media\/1294664"}],"wp:attachment":[{"href":"https:\/\/theplayoffs.news\/fr\/wp-json\/wp\/v2\/media?parent=1294578"}],"wp:term":[{"taxonomy":"category","embeddable":true,"href":"https:\/\/theplayoffs.news\/fr\/wp-json\/wp\/v2\/categories?post=1294578"},{"taxonomy":"post_tag","embeddable":true,"href":"https:\/\/theplayoffs.news\/fr\/wp-json\/wp\/v2\/tags?post=1294578"},{"taxonomy":"sport","embeddable":true,"href":"https:\/\/theplayoffs.news\/fr\/wp-json\/wp\/v2\/sport?post=1294578"},{"taxonomy":"saison","embeddable":true,"href":"https:\/\/theplayoffs.news\/fr\/wp-json\/wp\/v2\/saison?post=1294578"}],"curies":[{"name":"wp","href":"https:\/\/api.w.org\/{rel}","templated":true}]}}