{"id":1291569,"date":"2024-01-25T11:23:10","date_gmt":"2024-01-25T10:23:10","guid":{"rendered":"https:\/\/theplayoffs.news\/fr\/?p=1291569"},"modified":"2024-01-25T11:23:11","modified_gmt":"2024-01-25T10:23:11","slug":"jaire-alexander-sur-le-depart","status":"publish","type":"post","link":"https:\/\/theplayoffs.news\/fr\/actualite-nfl\/jaire-alexander-sur-le-depart\/","title":{"rendered":"Jaire Alexander sur le d\u00e9part ?"},"content":{"rendered":"<h2><strong>&nbsp;<\/strong><strong>Alors que les Packers semblent pouvoir s&rsquo;appuyer sur des bases int&eacute;ressantes pour la saison 2024 au vu de ce qu&rsquo;ils ont propos&eacute; sur les derni&egrave;res semaines de 2023, leur star au poste de cornerback Jaire Alexander pourrait &ecirc;tre transf&eacute;r&eacute;. <\/strong><\/h2><p><strong>&nbsp;<\/strong><\/p><p>Les &laquo;&nbsp;cheesehead&nbsp;&raquo; (surnom des fans des Packers) ont &eacute;t&eacute; surpris par le post Instagram de leur joueur d&eacute;fensif star hier qui laissait entendre que son aventure &agrave; Lambeau Field et dans le Wisconsin pourrait prendre fin d&egrave;s cette &eacute;t&eacute;. En effet, Jaire Alexnder a post&eacute; ce message sur ses r&eacute;seaux sociaux, &laquo;&nbsp;Merci Dieu. Merci Lambeau pour ces six ann&eacute;es. Merci &agrave; ceux qui m&rsquo;ont donn&eacute; de l&rsquo;amour tout au long de mon aventure&nbsp;&raquo;.<\/p><blockquote class=\"twitter-tweet\" data-width=\"500\" data-dnt=\"true\">\n<p lang=\"en\" dir=\"ltr\">Packers&rsquo; CB Jaire Alexander on his Instagram: <a href=\"https:\/\/t.co\/K68BM9O9CF\" class=\"trk-cta-link\" data-cta-trk='{\"ctaType\":\"Link\",\"ctaSubType\":\"main\"}'>pic.twitter.com\/K68BM9O9CF<\/a><\/p>\n<p>&mdash; NFL Talk (@NFL_Talk_Sports) <a href=\"https:\/\/twitter.com\/NFL_Talk_Sports\/status\/1749971511664902404?ref_src=twsrc%5Etfw\" class=\"trk-cta-link\" data-cta-trk='{\"ctaType\":\"Link\",\"ctaSubType\":\"main\"}'>January 24, 2024<\/a><\/p><\/blockquote><p><script async src=\"https:\/\/platform.twitter.com\/widgets.js\" charset=\"utf-8\"><\/script><\/p><p>Un message assez &eacute;nigmatique et surprenant alors que Green Bay semble arm&eacute; pour aborder la saison 2024 avec confiance tant la deuxi&egrave;me partie de saison aura &eacute;t&eacute; positive et prometteuse gr&acirc;ce &agrave; une attaque retrouv&eacute;e et une d&eacute;fense solide.<\/p><p>&nbsp;<\/p><p><strong>Une saison compliqu&eacute;e pour Alexander<\/strong><\/p><p>&nbsp;<\/p><p>Ceci intervient aussi dans un contexte d&rsquo;une saison qui n&rsquo;aura pas &eacute;t&eacute; de tout reposer pour Jaire Alexander. En effet, ce sont d&rsquo;abord les blessures qui sont venues miner la saison du cornerback star puisqu&rsquo;Alexander n&rsquo;aura disput&eacute; que 7 matchs de saison r&eacute;guli&egrave;re cette ann&eacute;e. Il aura en tout comptabilis&eacute; 27 plaquages, 1 fumble forc&eacute; et 5 passes d&eacute;vi&eacute;es. Son apport sur le terrain ne reste tout de m&ecirc;me pas n&eacute;gligeable puisque les Packers ont affich&eacute; un bilan de 4 victoires pour 3 d&eacute;faites lorsque Jaire Alexander a jou&eacute;.<\/p><p>C&rsquo;est ensuite un &eacute;v&egrave;nement extra-sportif qui aura entrav&eacute; la saison de Jaire Alexander. Effectivement, le 24 D&eacute;cembre, lors d&rsquo;un match chez les Carolina Panthers (<a href=\"https:\/\/fr.wikipedia.org\/wiki\/Jaire_Alexander\" class=\"trk-cta-link\" data-cta-trk='{\"ctaType\":\"Link\",\"ctaSubType\":\"main\"}'>r&eacute;gion d&rsquo;o&ugrave; Alexander provient<\/a>), le num&eacute;ro 23 des Packers s&rsquo;est attribu&eacute; lui-m&ecirc;me le statut de capitaine pour le match et est all&eacute; effectuer le toss (qui a d&rsquo;ailleurs failli co&ucirc;ter une possession aux Packers, Alexander ne ma&icirc;trisant pas les termes pr&eacute;cis du toss) sans l&rsquo;accord de son entra&icirc;neur Matt LaFleur. En apprenant cela, ce dernier a d&eacute;cid&eacute; de suspendre son joueur pour une rencontre alors que Jaire Alexander essayait de lancer enfin sa saison.<\/p><p>&nbsp;<\/p><p>Alexander aura n&eacute;anmoins montr&eacute; toute sa qualit&eacute; lors des deux matchs de post-saison disput&eacute;s par les Packers avec 12 plaquages en plus d&rsquo;une interception contre les Cowboys dans un contexte collectif plus qu&rsquo;encourageant o&ugrave; les Packers auront fait trembler les Niners jusqu&rsquo;au bout et auront &eacute;t&eacute; tout proche d&rsquo;acc&eacute;der &agrave; la finale de Conf&eacute;rence.<\/p><p>&nbsp;<\/p><p><strong>Un salaire cons&eacute;quent qui pourrait ouvrir des possibilit&eacute;s<\/strong><\/p><p>&nbsp;<\/p><p>Plusieurs autres &eacute;l&eacute;ments peuvent aussi plaider en la faveur d&rsquo;un d&eacute;part de Jaire Alexander au Printemps.<\/p><p>D&rsquo;abord son salaire. Avec un nouveau contrat sign&eacute; en Mai 2022 lui rapportant 84 millions de dollars am&eacute;ricains sur 4 ans (record historique en NFL pour un cornerback), cette somme est cons&eacute;quente pour la masse salariale de Green Bay qui ouvrirait plusieurs possibilit&eacute;s sur le march&eacute; des agents libres en cas de d&eacute;part d&rsquo;Alexander.<\/p><p>De plus, les Packers <a href=\"https:\/\/theplayoffs.news\/fr\/divers\/joe-barry-renvoye-par-les-green-bay-packers\/\" class=\"trk-cta-link\" data-cta-trk='{\"ctaType\":\"Link\",\"ctaSubType\":\"main\"}'>ont annonc&eacute; hier avoir renvoy&eacute; Joe Barry<\/a>, leur coordinateur d&eacute;fensif, apr&egrave;s une saison m&eacute;diocre de ce c&ocirc;t&eacute; du terrain. Par cons&eacute;quent, le syst&egrave;me d&eacute;fensif sera remani&eacute; l&rsquo;an prochain et c&rsquo;est peut-&ecirc;tre le moment pour les Packers d&rsquo;amorcer un renouveau qui ne comprendrait pas Jaire Alexander dans les plans.<\/p><p>&nbsp;<\/p><p>\n<div id=\"attachment_1291597\" style=\"width: 310px\" class=\"wp-caption aligncenter\"><img loading=\"lazy\" decoding=\"async\" aria-describedby=\"caption-attachment-1291597\" class=\"size-medium wp-image-1291597\" src=\"https:\/\/theplayoffs.news\/fr\/wp-content\/uploads\/2024\/01\/USATSI_21444516-300x200.jpg\" alt=\"\" width=\"300\" height=\"200\" srcset=\"https:\/\/theplayoffs.news\/fr\/wp-content\/uploads\/2024\/01\/USATSI_21444516-300x200.jpg 300w, https:\/\/theplayoffs.news\/fr\/wp-content\/uploads\/2024\/01\/USATSI_21444516-1030x687.jpg 1030w, https:\/\/theplayoffs.news\/fr\/wp-content\/uploads\/2024\/01\/USATSI_21444516-768x512.jpg 768w, https:\/\/theplayoffs.news\/fr\/wp-content\/uploads\/2024\/01\/USATSI_21444516-1536x1024.jpg 1536w, https:\/\/theplayoffs.news\/fr\/wp-content\/uploads\/2024\/01\/USATSI_21444516-1500x1000.jpg 1500w, https:\/\/theplayoffs.news\/fr\/wp-content\/uploads\/2024\/01\/USATSI_21444516-705x470.jpg 705w, https:\/\/theplayoffs.news\/fr\/wp-content\/uploads\/2024\/01\/USATSI_21444516-1320x880.jpg 1320w, https:\/\/theplayoffs.news\/fr\/wp-content\/uploads\/2024\/01\/USATSI_21444516.jpg 1920w\" sizes=\"auto, (max-width: 300px) 100vw, 300px\" \/><p id=\"caption-attachment-1291597\" class=\"wp-caption-text\">Jaire Alexander au plaquage. Mandatory Credit: Dale Zanine-USA TODAY Sports<\/p><\/div>\n<\/p><p>Nous n&rsquo;en sommes tout de m&ecirc;me &agrave; rien de v&eacute;ritablement concret &agrave; l&rsquo;heure actuelle mais tous ces &eacute;l&eacute;ments mit bout &agrave; bout ne sont pas anodins et la belle histoire entre Alexander et le Wisconsin, o&ugrave; il aura &eacute;t&eacute; nomm&eacute; deux fois All-Pro et s&eacute;lectionn&eacute; deux fois au Pro Bowl, pourrait prendre fin. Affaire &agrave; suivre.<\/p><p>&nbsp;<\/p><p>&copy; Jeff Hanisch-USA TODAY Sports<\/p>\n","protected":false},"excerpt":{"rendered":"","protected":false},"author":180310210,"featured_media":1291587,"comment_status":"open","ping_status":"closed","sticky":false,"template":"","format":"standard","meta":{"inline_featured_image":false,"kia_subtitle":"","_mux_skip_reasons":[],"proofreadBy":0,"footnotes":""},"categories":[118,40],"tags":[908,2883],"sport":[2785],"saison":[6111],"class_list":["post-1291569","post","type-post","status-publish","format-standard","has-post-thumbnail","hentry","category-actualite-nfl","category-nfl","tag-green-bay-packers","tag-jaire-alexander","sport-nfl","saison-6111"],"acf":[],"yoast_head":"<!-- This site is optimized with the Yoast SEO plugin v24.2 - https:\/\/yoast.com\/wordpress\/plugins\/seo\/ -->\n<title>Jaire Alexander sur le d&eacute;part ? - The Playoffs FR<\/title>\n<meta name=\"robots\" content=\"index, follow, max-snippet:-1, max-image-preview:large, max-video-preview:-1\" \/>\n<link rel=\"canonical\" href=\"https:\/\/theplayoffs.news\/fr\/actualite-nfl\/jaire-alexander-sur-le-depart\/\" \/>\n<meta property=\"og:locale\" content=\"fr_FR\" \/>\n<meta property=\"og:type\" content=\"article\" \/>\n<meta property=\"og:title\" content=\"Jaire Alexander sur le d&eacute;part ? - The Playoffs FR\" \/>\n<meta property=\"og:url\" content=\"https:\/\/theplayoffs.news\/fr\/actualite-nfl\/jaire-alexander-sur-le-depart\/\" \/>\n<meta property=\"og:site_name\" content=\"The Playoffs FR\" \/>\n<meta property=\"article:publisher\" content=\"https:\/\/www.facebook.com\/TheFreeAgentFR\/\" \/>\n<meta property=\"article:modified_time\" content=\"2024-01-25T11:23:11+01:00\" \/>\n<meta property=\"og:image\" content=\"https:\/\/theplayoffs.news\/fr\/wp-content\/uploads\/2024\/01\/USATSI_22244013.jpg\" \/>\n\t<meta property=\"og:image:width\" content=\"1920\" \/>\n\t<meta property=\"og:image:height\" content=\"1280\" \/>\n\t<meta property=\"og:image:type\" content=\"image\/jpeg\" \/>\n<meta name=\"author\" content=\"Romain Balle\" \/>\n<meta name=\"twitter:card\" content=\"summary_large_image\" \/>\n<meta name=\"twitter:creator\" content=\"@TheFreeAgentFR\" \/>\n<meta name=\"twitter:site\" content=\"@TheFreeAgentFR\" \/>\n<meta name=\"twitter:label1\" content=\"\u00c9crit par\" \/>\n\t<meta name=\"twitter:data1\" content=\"Romain Balle\" \/>\n\t<meta name=\"twitter:label2\" content=\"Dur\u00e9e de lecture estim\u00e9e\" \/>\n\t<meta name=\"twitter:data2\" content=\"3 minutes\" \/>\n<script type=\"application\/ld+json\" class=\"yoast-schema-graph\">{\"@context\":\"https:\/\/schema.org\",\"@graph\":[{\"@type\":\"WebPage\",\"@id\":\"https:\/\/theplayoffs.news\/fr\/actualite-nfl\/jaire-alexander-sur-le-depart\/\",\"url\":\"https:\/\/theplayoffs.news\/fr\/actualite-nfl\/jaire-alexander-sur-le-depart\/\",\"name\":\"Jaire Alexander sur le d\u00e9part ? - The Playoffs FR\",\"isPartOf\":{\"@id\":\"https:\/\/theplayoffs.news\/fr\/#website\"},\"primaryImageOfPage\":{\"@id\":\"https:\/\/theplayoffs.news\/fr\/actualite-nfl\/jaire-alexander-sur-le-depart\/#primaryimage\"},\"image\":{\"@id\":\"https:\/\/theplayoffs.news\/fr\/actualite-nfl\/jaire-alexander-sur-le-depart\/#primaryimage\"},\"thumbnailUrl\":\"https:\/\/theplayoffs.news\/fr\/wp-content\/uploads\/2024\/01\/USATSI_22244013.jpg\",\"datePublished\":\"2024-01-25T10:23:10+00:00\",\"dateModified\":\"2024-01-25T10:23:11+00:00\",\"author\":{\"@id\":\"https:\/\/theplayoffs.news\/fr\/#\/schema\/person\/6d5286c8c5dec1bbd3e6341f17a41111\"},\"breadcrumb\":{\"@id\":\"https:\/\/theplayoffs.news\/fr\/actualite-nfl\/jaire-alexander-sur-le-depart\/#breadcrumb\"},\"inLanguage\":\"fr-FR\",\"potentialAction\":[{\"@type\":\"ReadAction\",\"target\":[\"https:\/\/theplayoffs.news\/fr\/actualite-nfl\/jaire-alexander-sur-le-depart\/\"]}]},{\"@type\":\"ImageObject\",\"inLanguage\":\"fr-FR\",\"@id\":\"https:\/\/theplayoffs.news\/fr\/actualite-nfl\/jaire-alexander-sur-le-depart\/#primaryimage\",\"url\":\"https:\/\/theplayoffs.news\/fr\/wp-content\/uploads\/2024\/01\/USATSI_22244013.jpg\",\"contentUrl\":\"https:\/\/theplayoffs.news\/fr\/wp-content\/uploads\/2024\/01\/USATSI_22244013.jpg\",\"width\":1920,\"height\":1280,\"caption\":\"Jan 7, 2024; Green Bay, Wisconsin, USA; Green Bay Packers cornerback Jaire Alexander (23) celebrates following the game against the Chicago Bears at Lambeau Field. Mandatory Credit: Jeff Hanisch-USA TODAY Sports\"},{\"@type\":\"BreadcrumbList\",\"@id\":\"https:\/\/theplayoffs.news\/fr\/actualite-nfl\/jaire-alexander-sur-le-depart\/#breadcrumb\",\"itemListElement\":[{\"@type\":\"ListItem\",\"position\":1,\"name\":\"Accueil\",\"item\":\"https:\/\/theplayoffs.news\/fr\/\"},{\"@type\":\"ListItem\",\"position\":2,\"name\":\"Jaire Alexander sur le d\u00e9part ?\"}]},{\"@type\":\"WebSite\",\"@id\":\"https:\/\/theplayoffs.news\/fr\/#website\",\"url\":\"https:\/\/theplayoffs.news\/fr\/\",\"name\":\"The Playoffs FR\",\"description\":\"NBA-NFL-NHL-MLB\",\"potentialAction\":[{\"@type\":\"SearchAction\",\"target\":{\"@type\":\"EntryPoint\",\"urlTemplate\":\"https:\/\/theplayoffs.news\/fr\/?s={search_term_string}\"},\"query-input\":{\"@type\":\"PropertyValueSpecification\",\"valueRequired\":true,\"valueName\":\"search_term_string\"}}],\"inLanguage\":\"fr-FR\"},{\"@type\":\"Person\",\"@id\":\"https:\/\/theplayoffs.news\/fr\/#\/schema\/person\/6d5286c8c5dec1bbd3e6341f17a41111\",\"name\":\"Romain Balle\",\"image\":{\"@type\":\"ImageObject\",\"inLanguage\":\"fr-FR\",\"@id\":\"https:\/\/theplayoffs.news\/fr\/#\/schema\/person\/image\/\",\"url\":\"https:\/\/secure.gravatar.com\/avatar\/05ddb849264c48c5ab2084b8927e8da5ec4ccb05c2bd91acb1c3d4c2785ce057?s=96&d=mm&r=g\",\"contentUrl\":\"https:\/\/secure.gravatar.com\/avatar\/05ddb849264c48c5ab2084b8927e8da5ec4ccb05c2bd91acb1c3d4c2785ce057?s=96&d=mm&r=g\",\"caption\":\"Romain Balle\"},\"url\":\"https:\/\/theplayoffs.news\/fr\/author\/romainballe02gmail-com\/\"}]}<\/script>\n<!-- \/ Yoast SEO plugin. -->","yoast_head_json":{"title":"Jaire Alexander sur le d&eacute;part ? - The Playoffs FR","robots":{"index":"index","follow":"follow","max-snippet":"max-snippet:-1","max-image-preview":"max-image-preview:large","max-video-preview":"max-video-preview:-1"},"canonical":"https:\/\/theplayoffs.news\/fr\/actualite-nfl\/jaire-alexander-sur-le-depart\/","og_locale":"fr_FR","og_type":"article","og_title":"Jaire Alexander sur le d&eacute;part ? - The Playoffs FR","og_url":"https:\/\/theplayoffs.news\/fr\/actualite-nfl\/jaire-alexander-sur-le-depart\/","og_site_name":"The Playoffs FR","article_publisher":"https:\/\/www.facebook.com\/TheFreeAgentFR\/","article_modified_time":"2024-01-25T10:23:11+00:00","og_image":[{"width":1920,"height":1280,"url":"https:\/\/theplayoffs.news\/fr\/wp-content\/uploads\/2024\/01\/USATSI_22244013.jpg","type":"image\/jpeg"}],"author":"Romain Balle","twitter_card":"summary_large_image","twitter_creator":"@TheFreeAgentFR","twitter_site":"@TheFreeAgentFR","twitter_misc":{"\u00c9crit par":"Romain Balle","Dur\u00e9e de lecture estim\u00e9e":"3 minutes"},"schema":{"@context":"https:\/\/schema.org","@graph":[{"@type":"WebPage","@id":"https:\/\/theplayoffs.news\/fr\/actualite-nfl\/jaire-alexander-sur-le-depart\/","url":"https:\/\/theplayoffs.news\/fr\/actualite-nfl\/jaire-alexander-sur-le-depart\/","name":"Jaire Alexander sur le d\u00e9part ? - The Playoffs FR","isPartOf":{"@id":"https:\/\/theplayoffs.news\/fr\/#website"},"primaryImageOfPage":{"@id":"https:\/\/theplayoffs.news\/fr\/actualite-nfl\/jaire-alexander-sur-le-depart\/#primaryimage"},"image":{"@id":"https:\/\/theplayoffs.news\/fr\/actualite-nfl\/jaire-alexander-sur-le-depart\/#primaryimage"},"thumbnailUrl":"https:\/\/theplayoffs.news\/fr\/wp-content\/uploads\/2024\/01\/USATSI_22244013.jpg","datePublished":"2024-01-25T10:23:10+00:00","dateModified":"2024-01-25T10:23:11+00:00","author":{"@id":"https:\/\/theplayoffs.news\/fr\/#\/schema\/person\/6d5286c8c5dec1bbd3e6341f17a41111"},"breadcrumb":{"@id":"https:\/\/theplayoffs.news\/fr\/actualite-nfl\/jaire-alexander-sur-le-depart\/#breadcrumb"},"inLanguage":"fr-FR","potentialAction":[{"@type":"ReadAction","target":["https:\/\/theplayoffs.news\/fr\/actualite-nfl\/jaire-alexander-sur-le-depart\/"]}]},{"@type":"ImageObject","inLanguage":"fr-FR","@id":"https:\/\/theplayoffs.news\/fr\/actualite-nfl\/jaire-alexander-sur-le-depart\/#primaryimage","url":"https:\/\/theplayoffs.news\/fr\/wp-content\/uploads\/2024\/01\/USATSI_22244013.jpg","contentUrl":"https:\/\/theplayoffs.news\/fr\/wp-content\/uploads\/2024\/01\/USATSI_22244013.jpg","width":1920,"height":1280,"caption":"Jan 7, 2024; Green Bay, Wisconsin, USA; Green Bay Packers cornerback Jaire Alexander (23) celebrates following the game against the Chicago Bears at Lambeau Field. Mandatory Credit: Jeff Hanisch-USA TODAY Sports"},{"@type":"BreadcrumbList","@id":"https:\/\/theplayoffs.news\/fr\/actualite-nfl\/jaire-alexander-sur-le-depart\/#breadcrumb","itemListElement":[{"@type":"ListItem","position":1,"name":"Accueil","item":"https:\/\/theplayoffs.news\/fr\/"},{"@type":"ListItem","position":2,"name":"Jaire Alexander sur le d\u00e9part ?"}]},{"@type":"WebSite","@id":"https:\/\/theplayoffs.news\/fr\/#website","url":"https:\/\/theplayoffs.news\/fr\/","name":"The Playoffs FR","description":"NBA-NFL-NHL-MLB","potentialAction":[{"@type":"SearchAction","target":{"@type":"EntryPoint","urlTemplate":"https:\/\/theplayoffs.news\/fr\/?s={search_term_string}"},"query-input":{"@type":"PropertyValueSpecification","valueRequired":true,"valueName":"search_term_string"}}],"inLanguage":"fr-FR"},{"@type":"Person","@id":"https:\/\/theplayoffs.news\/fr\/#\/schema\/person\/6d5286c8c5dec1bbd3e6341f17a41111","name":"Romain Balle","image":{"@type":"ImageObject","inLanguage":"fr-FR","@id":"https:\/\/theplayoffs.news\/fr\/#\/schema\/person\/image\/","url":"https:\/\/secure.gravatar.com\/avatar\/05ddb849264c48c5ab2084b8927e8da5ec4ccb05c2bd91acb1c3d4c2785ce057?s=96&d=mm&r=g","contentUrl":"https:\/\/secure.gravatar.com\/avatar\/05ddb849264c48c5ab2084b8927e8da5ec4ccb05c2bd91acb1c3d4c2785ce057?s=96&d=mm&r=g","caption":"Romain Balle"},"url":"https:\/\/theplayoffs.news\/fr\/author\/romainballe02gmail-com\/"}]}},"_links":{"self":[{"href":"https:\/\/theplayoffs.news\/fr\/wp-json\/wp\/v2\/posts\/1291569","targetHints":{"allow":["GET"]}}],"collection":[{"href":"https:\/\/theplayoffs.news\/fr\/wp-json\/wp\/v2\/posts"}],"about":[{"href":"https:\/\/theplayoffs.news\/fr\/wp-json\/wp\/v2\/types\/post"}],"author":[{"embeddable":true,"href":"https:\/\/theplayoffs.news\/fr\/wp-json\/wp\/v2\/users\/180310210"}],"replies":[{"embeddable":true,"href":"https:\/\/theplayoffs.news\/fr\/wp-json\/wp\/v2\/comments?post=1291569"}],"version-history":[{"count":3,"href":"https:\/\/theplayoffs.news\/fr\/wp-json\/wp\/v2\/posts\/1291569\/revisions"}],"predecessor-version":[{"id":1291605,"href":"https:\/\/theplayoffs.news\/fr\/wp-json\/wp\/v2\/posts\/1291569\/revisions\/1291605"}],"wp:featuredmedia":[{"embeddable":true,"href":"https:\/\/theplayoffs.news\/fr\/wp-json\/wp\/v2\/media\/1291587"}],"wp:attachment":[{"href":"https:\/\/theplayoffs.news\/fr\/wp-json\/wp\/v2\/media?parent=1291569"}],"wp:term":[{"taxonomy":"category","embeddable":true,"href":"https:\/\/theplayoffs.news\/fr\/wp-json\/wp\/v2\/categories?post=1291569"},{"taxonomy":"post_tag","embeddable":true,"href":"https:\/\/theplayoffs.news\/fr\/wp-json\/wp\/v2\/tags?post=1291569"},{"taxonomy":"sport","embeddable":true,"href":"https:\/\/theplayoffs.news\/fr\/wp-json\/wp\/v2\/sport?post=1291569"},{"taxonomy":"saison","embeddable":true,"href":"https:\/\/theplayoffs.news\/fr\/wp-json\/wp\/v2\/saison?post=1291569"}],"curies":[{"name":"wp","href":"https:\/\/api.w.org\/{rel}","templated":true}]}}