{"id":1281531,"date":"2024-01-22T08:47:24","date_gmt":"2024-01-22T07:47:24","guid":{"rendered":"https:\/\/theplayoffs.news\/fr\/?p=1281531"},"modified":"2024-01-22T08:47:25","modified_gmt":"2024-01-22T07:47:25","slug":"tyler-bass-prend-la-responsabilite-de-la-defaite","status":"publish","type":"post","link":"https:\/\/theplayoffs.news\/fr\/actualite-nfl\/tyler-bass-prend-la-responsabilite-de-la-defaite\/","title":{"rendered":"Tyler Bass prend la responsabilit\u00e9 de la d\u00e9faite"},"content":{"rendered":"<h2>NFL &ndash; En playoffs, les matchs se jouent g&eacute;n&eacute;ralement sur des d&eacute;tails et les field goal l&rsquo;ont montr&eacute; durant ce week end.<\/h2><p>Tyler Bass, a tent&eacute; un field goal crucial de 44 yards alors que les Bills &eacute;taient men&eacute;s de 3 points. Le coup de pied, initialement bien parti, a d&eacute;vi&eacute; vers la droite &agrave; cause des vents, scellant le sort de la rencontre.<\/p><p>Le field goal manqu&eacute; a laiss&eacute; aux Kansas City Chiefs une position avantageuse avec 1:43 au chronom&egrave;tre, le ballon sur leur ligne des 34 yards. <a href=\"https:\/\/theplayoffs.news\/fr\/joueur\/tyler-bass-nfl-7834464\/\" class=\"trk-cta-link\" data-cta-trk='{\"ctaType\":\"Link\",\"ctaSubType\":\"main\"}'><strong>Tyler Bass<\/strong><\/a>, r&eacute;fl&eacute;chissant sur son &eacute;chec, a pris la responsabilit&eacute; de la d&eacute;faite sur ses &eacute;paules, soulignant son besoin de mieux s&rsquo;ajuster aux conditions du vent, une comp&eacute;tence difficile mais essentielle dans le climat impr&eacute;visible d&rsquo;Orchard Park.<\/p><blockquote><p>&laquo;&nbsp;En fin de compte, c&rsquo;est enti&egrave;rement de ma faute. Je dois faire un meilleur travail pour atteindre ma cible&nbsp;&raquo;, <a href=\"https:\/\/www.espn.com\/nfl\/story\/_\/id\/39360643\/tyler-bass-laments-missed-fg-buffalo-bills-loss\" class=\"trk-cta-link\" data-cta-trk='{\"ctaType\":\"Link\",\"ctaSubType\":\"main\"}'>a d&eacute;clar&eacute; Bass<\/a>. &laquo;&nbsp;Je dois faire en sorte de jouer un peu plus &agrave; gauche quand il y a un vent de gauche &agrave; droite. Je suis ici depuis assez longtemps pour savoir que c&rsquo;est ce qu&rsquo;il faut faire. Vous savez, je faisais confiance &agrave; la ligne que j&rsquo;avais &agrave; l&rsquo;&eacute;chauffement. J&rsquo;ai frapp&eacute; une bonne balle, mais &ccedil;a n&rsquo;a pas march&eacute;. Je me sens tr&egrave;s mal, vous savez ? J&rsquo;aime cette &eacute;quipe et &ccedil;a fait mal. Cette fois-ci, &ccedil;a fait mal. Je dois faire mieux. C&rsquo;est enti&egrave;rement de ma faute&nbsp;&raquo;.<\/p><\/blockquote><p>La saison des Buffalo Bills, marqu&eacute;e par des hauts et des bas, s&rsquo;est conclue dans un sc&eacute;nario familier &ndash; une d&eacute;faite contre les Chiefs, prolongeant leur s&eacute;rie de d&eacute;faite en s&eacute;rie &eacute;liminatoire contre Kansas City avec Patrick Mahomes en tant que quarterback &agrave; 0-3.<\/p><p>Le match de playoff a &eacute;t&eacute; un symbole de la saison des Bills. Il a mis en &eacute;vidence leurs forces, comme leur domination du temps de possession et une attaque bien coordonn&eacute;e dirig&eacute;e par Josh Allen, qui a d&eacute;montr&eacute; sa polyvalence tant dans les airs que dans le jeu au sol. Pourtant, il a &eacute;galement mis en lumi&egrave;re des domaines &agrave; am&eacute;liorer, en particulier dans la conversion du temps de possession et des gains de terrain en points.<\/p><p>Les Chiefs avancent donc vers une 6&egrave; finale de conf&eacute;rence de suite et tenteront dimanche prochain &agrave; 21h de rejoindre une nouvelel fois le Super Bowl. Pour cela, il faudra passer l&rsquo;obstacle Ravens et Lamar Jackson.<\/p><p>&nbsp;<\/p><div class=\"modal-image-setImageMetadata\">\n<p class=\"ng-binding\">Cr&eacute;dit photo : Jamie Germano\/Rochester Democrat and Chronicle \/ USA TODAY NETWORK<\/p>\n<\/div>\n","protected":false},"excerpt":{"rendered":"","protected":false},"author":13,"featured_media":1281561,"comment_status":"open","ping_status":"closed","sticky":false,"template":"","format":"standard","meta":{"inline_featured_image":false,"kia_subtitle":"","_mux_skip_reasons":[],"proofreadBy":0,"footnotes":""},"categories":[118,40],"tags":[133,5858],"sport":[],"saison":[],"class_list":["post-1281531","post","type-post","status-publish","format-standard","has-post-thumbnail","hentry","category-actualite-nfl","category-nfl","tag-buffalo-bills","tag-tyler-bass"],"acf":[],"yoast_head":"<!-- This site is optimized with the Yoast SEO plugin v24.2 - https:\/\/yoast.com\/wordpress\/plugins\/seo\/ -->\n<title>Tyler Bass prend la responsabilit&eacute; de la d&eacute;faite - The Playoffs FR<\/title>\n<meta name=\"robots\" content=\"index, follow, max-snippet:-1, max-image-preview:large, max-video-preview:-1\" \/>\n<link rel=\"canonical\" href=\"https:\/\/theplayoffs.news\/fr\/actualite-nfl\/tyler-bass-prend-la-responsabilite-de-la-defaite\/\" \/>\n<meta property=\"og:locale\" content=\"fr_FR\" \/>\n<meta property=\"og:type\" content=\"article\" \/>\n<meta property=\"og:title\" content=\"Tyler Bass prend la responsabilit&eacute; de la d&eacute;faite - The Playoffs FR\" \/>\n<meta property=\"og:url\" content=\"https:\/\/theplayoffs.news\/fr\/actualite-nfl\/tyler-bass-prend-la-responsabilite-de-la-defaite\/\" \/>\n<meta property=\"og:site_name\" content=\"The Playoffs FR\" \/>\n<meta property=\"article:publisher\" content=\"https:\/\/www.facebook.com\/TheFreeAgentFR\/\" \/>\n<meta property=\"article:modified_time\" content=\"2024-01-22T08:47:25+01:00\" \/>\n<meta property=\"og:image\" content=\"https:\/\/theplayoffs.news\/fr\/wp-content\/uploads\/2024\/01\/USATSI_22347099.jpg\" \/>\n\t<meta property=\"og:image:width\" content=\"1920\" \/>\n\t<meta property=\"og:image:height\" content=\"1401\" \/>\n\t<meta property=\"og:image:type\" content=\"image\/jpeg\" \/>\n<meta name=\"author\" content=\"Charles Taudin\" \/>\n<meta name=\"twitter:card\" content=\"summary_large_image\" \/>\n<meta name=\"twitter:creator\" content=\"@TheFreeAgentFR\" \/>\n<meta name=\"twitter:site\" content=\"@TheFreeAgentFR\" \/>\n<meta name=\"twitter:label1\" content=\"\u00c9crit par\" \/>\n\t<meta name=\"twitter:data1\" content=\"Charles Taudin\" \/>\n\t<meta name=\"twitter:label2\" content=\"Dur\u00e9e de lecture estim\u00e9e\" \/>\n\t<meta name=\"twitter:data2\" content=\"2 minutes\" \/>\n<script type=\"application\/ld+json\" class=\"yoast-schema-graph\">{\"@context\":\"https:\/\/schema.org\",\"@graph\":[{\"@type\":\"WebPage\",\"@id\":\"https:\/\/theplayoffs.news\/fr\/actualite-nfl\/tyler-bass-prend-la-responsabilite-de-la-defaite\/\",\"url\":\"https:\/\/theplayoffs.news\/fr\/actualite-nfl\/tyler-bass-prend-la-responsabilite-de-la-defaite\/\",\"name\":\"Tyler Bass prend la responsabilit\u00e9 de la d\u00e9faite - The Playoffs FR\",\"isPartOf\":{\"@id\":\"https:\/\/theplayoffs.news\/fr\/#website\"},\"primaryImageOfPage\":{\"@id\":\"https:\/\/theplayoffs.news\/fr\/actualite-nfl\/tyler-bass-prend-la-responsabilite-de-la-defaite\/#primaryimage\"},\"image\":{\"@id\":\"https:\/\/theplayoffs.news\/fr\/actualite-nfl\/tyler-bass-prend-la-responsabilite-de-la-defaite\/#primaryimage\"},\"thumbnailUrl\":\"https:\/\/theplayoffs.news\/fr\/wp-content\/uploads\/2024\/01\/USATSI_22347099.jpg\",\"datePublished\":\"2024-01-22T07:47:24+00:00\",\"dateModified\":\"2024-01-22T07:47:25+00:00\",\"author\":{\"@id\":\"https:\/\/theplayoffs.news\/fr\/#\/schema\/person\/eee5b69ad5d3c51cabe881c839dbe133\"},\"breadcrumb\":{\"@id\":\"https:\/\/theplayoffs.news\/fr\/actualite-nfl\/tyler-bass-prend-la-responsabilite-de-la-defaite\/#breadcrumb\"},\"inLanguage\":\"fr-FR\",\"potentialAction\":[{\"@type\":\"ReadAction\",\"target\":[\"https:\/\/theplayoffs.news\/fr\/actualite-nfl\/tyler-bass-prend-la-responsabilite-de-la-defaite\/\"]}]},{\"@type\":\"ImageObject\",\"inLanguage\":\"fr-FR\",\"@id\":\"https:\/\/theplayoffs.news\/fr\/actualite-nfl\/tyler-bass-prend-la-responsabilite-de-la-defaite\/#primaryimage\",\"url\":\"https:\/\/theplayoffs.news\/fr\/wp-content\/uploads\/2024\/01\/USATSI_22347099.jpg\",\"contentUrl\":\"https:\/\/theplayoffs.news\/fr\/wp-content\/uploads\/2024\/01\/USATSI_22347099.jpg\",\"width\":1920,\"height\":1401,\"caption\":\"Buffalo Bills place kicker Tyler Bass (2) walks off the field after missing what would have been a game tying field goal in a 27-24 loss to the Chiefs in the divisional round.\"},{\"@type\":\"BreadcrumbList\",\"@id\":\"https:\/\/theplayoffs.news\/fr\/actualite-nfl\/tyler-bass-prend-la-responsabilite-de-la-defaite\/#breadcrumb\",\"itemListElement\":[{\"@type\":\"ListItem\",\"position\":1,\"name\":\"Accueil\",\"item\":\"https:\/\/theplayoffs.news\/fr\/\"},{\"@type\":\"ListItem\",\"position\":2,\"name\":\"Tyler Bass prend la responsabilit\u00e9 de la d\u00e9faite\"}]},{\"@type\":\"WebSite\",\"@id\":\"https:\/\/theplayoffs.news\/fr\/#website\",\"url\":\"https:\/\/theplayoffs.news\/fr\/\",\"name\":\"The Playoffs FR\",\"description\":\"NBA-NFL-NHL-MLB\",\"potentialAction\":[{\"@type\":\"SearchAction\",\"target\":{\"@type\":\"EntryPoint\",\"urlTemplate\":\"https:\/\/theplayoffs.news\/fr\/?s={search_term_string}\"},\"query-input\":{\"@type\":\"PropertyValueSpecification\",\"valueRequired\":true,\"valueName\":\"search_term_string\"}}],\"inLanguage\":\"fr-FR\"},{\"@type\":\"Person\",\"@id\":\"https:\/\/theplayoffs.news\/fr\/#\/schema\/person\/eee5b69ad5d3c51cabe881c839dbe133\",\"name\":\"Charles Taudin\",\"image\":{\"@type\":\"ImageObject\",\"inLanguage\":\"fr-FR\",\"@id\":\"https:\/\/theplayoffs.news\/fr\/#\/schema\/person\/image\/\",\"url\":\"https:\/\/secure.gravatar.com\/avatar\/59a1e772205ce9fd255edfcafc93013736822e20261f294c5753b20c41ede9f2?s=96&d=mm&r=g\",\"contentUrl\":\"https:\/\/secure.gravatar.com\/avatar\/59a1e772205ce9fd255edfcafc93013736822e20261f294c5753b20c41ede9f2?s=96&d=mm&r=g\",\"caption\":\"Charles Taudin\"},\"description\":\"R\u00e9dacteur en chef global de The Playoffs, j\u2019ai cr\u00e9\u00e9 The Free Agent, devenu The Playoffs FR, en 2020 durant la pand\u00e9mie. Amoureux depuis des ann\u00e9es des 4 sports majeurs am\u00e9ricains, j\u2019organise maintenant la strat\u00e9gie \u00e9ditoriale et les r\u00e9seaux sociaux de l\u2019ensemble des versions de The Playoffs. Il m\u2019arrive encore d\u2019\u00e9crire sur certains sports que j\u2019affectionne particuli\u00e8rement comme la NFL ou la MLB. Si vous devez retenir qu\u2019une chose : Eli Manning est le vrai GOAT pour avoir battu deux fois Tom Brady.\",\"sameAs\":[\"https:\/\/www.instagram.com\/ctaudin_\/\"],\"url\":\"https:\/\/theplayoffs.news\/fr\/author\/charles-taudin\/\"}]}<\/script>\n<!-- \/ Yoast SEO plugin. -->","yoast_head_json":{"title":"Tyler Bass prend la responsabilit&eacute; de la d&eacute;faite - The Playoffs FR","robots":{"index":"index","follow":"follow","max-snippet":"max-snippet:-1","max-image-preview":"max-image-preview:large","max-video-preview":"max-video-preview:-1"},"canonical":"https:\/\/theplayoffs.news\/fr\/actualite-nfl\/tyler-bass-prend-la-responsabilite-de-la-defaite\/","og_locale":"fr_FR","og_type":"article","og_title":"Tyler Bass prend la responsabilit&eacute; de la d&eacute;faite - The Playoffs FR","og_url":"https:\/\/theplayoffs.news\/fr\/actualite-nfl\/tyler-bass-prend-la-responsabilite-de-la-defaite\/","og_site_name":"The Playoffs FR","article_publisher":"https:\/\/www.facebook.com\/TheFreeAgentFR\/","article_modified_time":"2024-01-22T07:47:25+00:00","og_image":[{"width":1920,"height":1401,"url":"https:\/\/theplayoffs.news\/fr\/wp-content\/uploads\/2024\/01\/USATSI_22347099.jpg","type":"image\/jpeg"}],"author":"Charles Taudin","twitter_card":"summary_large_image","twitter_creator":"@TheFreeAgentFR","twitter_site":"@TheFreeAgentFR","twitter_misc":{"\u00c9crit par":"Charles Taudin","Dur\u00e9e de lecture estim\u00e9e":"2 minutes"},"schema":{"@context":"https:\/\/schema.org","@graph":[{"@type":"WebPage","@id":"https:\/\/theplayoffs.news\/fr\/actualite-nfl\/tyler-bass-prend-la-responsabilite-de-la-defaite\/","url":"https:\/\/theplayoffs.news\/fr\/actualite-nfl\/tyler-bass-prend-la-responsabilite-de-la-defaite\/","name":"Tyler Bass prend la responsabilit\u00e9 de la d\u00e9faite - The Playoffs FR","isPartOf":{"@id":"https:\/\/theplayoffs.news\/fr\/#website"},"primaryImageOfPage":{"@id":"https:\/\/theplayoffs.news\/fr\/actualite-nfl\/tyler-bass-prend-la-responsabilite-de-la-defaite\/#primaryimage"},"image":{"@id":"https:\/\/theplayoffs.news\/fr\/actualite-nfl\/tyler-bass-prend-la-responsabilite-de-la-defaite\/#primaryimage"},"thumbnailUrl":"https:\/\/theplayoffs.news\/fr\/wp-content\/uploads\/2024\/01\/USATSI_22347099.jpg","datePublished":"2024-01-22T07:47:24+00:00","dateModified":"2024-01-22T07:47:25+00:00","author":{"@id":"https:\/\/theplayoffs.news\/fr\/#\/schema\/person\/eee5b69ad5d3c51cabe881c839dbe133"},"breadcrumb":{"@id":"https:\/\/theplayoffs.news\/fr\/actualite-nfl\/tyler-bass-prend-la-responsabilite-de-la-defaite\/#breadcrumb"},"inLanguage":"fr-FR","potentialAction":[{"@type":"ReadAction","target":["https:\/\/theplayoffs.news\/fr\/actualite-nfl\/tyler-bass-prend-la-responsabilite-de-la-defaite\/"]}]},{"@type":"ImageObject","inLanguage":"fr-FR","@id":"https:\/\/theplayoffs.news\/fr\/actualite-nfl\/tyler-bass-prend-la-responsabilite-de-la-defaite\/#primaryimage","url":"https:\/\/theplayoffs.news\/fr\/wp-content\/uploads\/2024\/01\/USATSI_22347099.jpg","contentUrl":"https:\/\/theplayoffs.news\/fr\/wp-content\/uploads\/2024\/01\/USATSI_22347099.jpg","width":1920,"height":1401,"caption":"Buffalo Bills place kicker Tyler Bass (2) walks off the field after missing what would have been a game tying field goal in a 27-24 loss to the Chiefs in the divisional round."},{"@type":"BreadcrumbList","@id":"https:\/\/theplayoffs.news\/fr\/actualite-nfl\/tyler-bass-prend-la-responsabilite-de-la-defaite\/#breadcrumb","itemListElement":[{"@type":"ListItem","position":1,"name":"Accueil","item":"https:\/\/theplayoffs.news\/fr\/"},{"@type":"ListItem","position":2,"name":"Tyler Bass prend la responsabilit\u00e9 de la d\u00e9faite"}]},{"@type":"WebSite","@id":"https:\/\/theplayoffs.news\/fr\/#website","url":"https:\/\/theplayoffs.news\/fr\/","name":"The Playoffs FR","description":"NBA-NFL-NHL-MLB","potentialAction":[{"@type":"SearchAction","target":{"@type":"EntryPoint","urlTemplate":"https:\/\/theplayoffs.news\/fr\/?s={search_term_string}"},"query-input":{"@type":"PropertyValueSpecification","valueRequired":true,"valueName":"search_term_string"}}],"inLanguage":"fr-FR"},{"@type":"Person","@id":"https:\/\/theplayoffs.news\/fr\/#\/schema\/person\/eee5b69ad5d3c51cabe881c839dbe133","name":"Charles Taudin","image":{"@type":"ImageObject","inLanguage":"fr-FR","@id":"https:\/\/theplayoffs.news\/fr\/#\/schema\/person\/image\/","url":"https:\/\/secure.gravatar.com\/avatar\/59a1e772205ce9fd255edfcafc93013736822e20261f294c5753b20c41ede9f2?s=96&d=mm&r=g","contentUrl":"https:\/\/secure.gravatar.com\/avatar\/59a1e772205ce9fd255edfcafc93013736822e20261f294c5753b20c41ede9f2?s=96&d=mm&r=g","caption":"Charles Taudin"},"description":"R\u00e9dacteur en chef global de The Playoffs, j\u2019ai cr\u00e9\u00e9 The Free Agent, devenu The Playoffs FR, en 2020 durant la pand\u00e9mie. Amoureux depuis des ann\u00e9es des 4 sports majeurs am\u00e9ricains, j\u2019organise maintenant la strat\u00e9gie \u00e9ditoriale et les r\u00e9seaux sociaux de l\u2019ensemble des versions de The Playoffs. Il m\u2019arrive encore d\u2019\u00e9crire sur certains sports que j\u2019affectionne particuli\u00e8rement comme la NFL ou la MLB. Si vous devez retenir qu\u2019une chose : Eli Manning est le vrai GOAT pour avoir battu deux fois Tom Brady.","sameAs":["https:\/\/www.instagram.com\/ctaudin_\/"],"url":"https:\/\/theplayoffs.news\/fr\/author\/charles-taudin\/"}]}},"_links":{"self":[{"href":"https:\/\/theplayoffs.news\/fr\/wp-json\/wp\/v2\/posts\/1281531","targetHints":{"allow":["GET"]}}],"collection":[{"href":"https:\/\/theplayoffs.news\/fr\/wp-json\/wp\/v2\/posts"}],"about":[{"href":"https:\/\/theplayoffs.news\/fr\/wp-json\/wp\/v2\/types\/post"}],"author":[{"embeddable":true,"href":"https:\/\/theplayoffs.news\/fr\/wp-json\/wp\/v2\/users\/13"}],"replies":[{"embeddable":true,"href":"https:\/\/theplayoffs.news\/fr\/wp-json\/wp\/v2\/comments?post=1281531"}],"version-history":[{"count":3,"href":"https:\/\/theplayoffs.news\/fr\/wp-json\/wp\/v2\/posts\/1281531\/revisions"}],"predecessor-version":[{"id":1281571,"href":"https:\/\/theplayoffs.news\/fr\/wp-json\/wp\/v2\/posts\/1281531\/revisions\/1281571"}],"wp:featuredmedia":[{"embeddable":true,"href":"https:\/\/theplayoffs.news\/fr\/wp-json\/wp\/v2\/media\/1281561"}],"wp:attachment":[{"href":"https:\/\/theplayoffs.news\/fr\/wp-json\/wp\/v2\/media?parent=1281531"}],"wp:term":[{"taxonomy":"category","embeddable":true,"href":"https:\/\/theplayoffs.news\/fr\/wp-json\/wp\/v2\/categories?post=1281531"},{"taxonomy":"post_tag","embeddable":true,"href":"https:\/\/theplayoffs.news\/fr\/wp-json\/wp\/v2\/tags?post=1281531"},{"taxonomy":"sport","embeddable":true,"href":"https:\/\/theplayoffs.news\/fr\/wp-json\/wp\/v2\/sport?post=1281531"},{"taxonomy":"saison","embeddable":true,"href":"https:\/\/theplayoffs.news\/fr\/wp-json\/wp\/v2\/saison?post=1281531"}],"curies":[{"name":"wp","href":"https:\/\/api.w.org\/{rel}","templated":true}]}}