{"id":1272934,"date":"2024-01-19T12:29:02","date_gmt":"2024-01-19T11:29:02","guid":{"rendered":"https:\/\/theplayoffs.news\/fr\/?p=1272934"},"modified":"2024-01-19T12:29:03","modified_gmt":"2024-01-19T11:29:03","slug":"vincent-collet-devoile-sa-liste-de-13-francais","status":"publish","type":"post","link":"https:\/\/theplayoffs.news\/fr\/nba\/vincent-collet-devoile-sa-liste-de-13-francais\/","title":{"rendered":"Vincent Collet d\u00e9voile sa liste de 13 fran\u00e7ais."},"content":{"rendered":"<h2 class=\"news__lead\">L&rsquo;&Eacute;quipe de France masculine entame d&egrave;s le mois de f&eacute;vrier sa campagne de qualification &agrave; l&rsquo;EuroBasket. Vincent Collet vient de d&eacute;voiler &agrave; la mi-journ&eacute;e la liste de treize joueurs convoqu&eacute;s pour l&rsquo;occasion.<\/h2><p>&nbsp;<\/p><blockquote class=\"twitter-tweet\" data-width=\"500\" data-dnt=\"true\">\n<p lang=\"fr\" dir=\"ltr\">Et voici la liste des 13 bleus convoqu&eacute;s par Vincent Collet pour les deux premi&egrave;res rencontres de qualification &agrave; l'<a href=\"https:\/\/twitter.com\/EuroBasket?ref_src=twsrc%5Etfw\" class=\"trk-cta-link\" data-cta-trk='{\"ctaType\":\"Link\",\"ctaSubType\":\"main\"}'>@EuroBasket<\/a> 2025 ! <a href=\"https:\/\/t.co\/Q8kXe2QAFj\" class=\"trk-cta-link\" data-cta-trk='{\"ctaType\":\"Link\",\"ctaSubType\":\"main\"}'>pic.twitter.com\/Q8kXe2QAFj<\/a><\/p>\n<p>&mdash; The Playoffs FR (@ThePlayoffsFR) <a href=\"https:\/\/twitter.com\/ThePlayoffsFR\/status\/1748297634870169889?ref_src=twsrc%5Etfw\" class=\"trk-cta-link\" data-cta-trk='{\"ctaType\":\"Link\",\"ctaSubType\":\"main\"}'>January 19, 2024<\/a><\/p><\/blockquote><p><script async src=\"https:\/\/platform.twitter.com\/widgets.js\" charset=\"utf-8\"><\/script><\/p><p>Au programme pour ces 13 joueurs, <a href=\"https:\/\/www.teamfrancebasket.com\/voir-actualite\/85499\" class=\"trk-cta-link\" data-cta-trk='{\"ctaType\":\"Link\",\"ctaSubType\":\"main\"}'>deux matchs de qualification<\/a> pour l&rsquo;Eurobasket 2025. Plac&eacute;s dans le groupe E, en compagnie de la Croatie, la Bosnie-Herz&eacute;govine et Chypre, l&rsquo;&eacute;quipe de France jouera sa premi&egrave;re rencontre face &agrave; la Croatie du c&ocirc;t&eacute; du Nord Finist&egrave;re, &agrave; Brest, <strong>le vendredi 23 f&eacute;vrier 2024 &agrave; 20h30<\/strong>.<\/p><p>Le second match aura lieu trois jours plus tard &agrave; Tuzla, lors du d&eacute;placement pour y affronter la Bosnie Herz&eacute;govine.<\/p><h2>Un groupe de 13 joueurs.<\/h2><p>Dans cet effectif, on retrouve &eacute;videmment des joueurs habitu&eacute;s de la tunique bleue, tel que Andrew Albicy (90 s&eacute;lections), Guerschon Yabusele (38 s&eacute;lections), Timoth&eacute; Luwawu-Cabarrot (27 s&eacute;lections) ou encore Vincent Poirier (58 s&eacute;lections). Ce sera aussi l&rsquo;occasion pour de nouveaux joueurs de porter le maillot Bleu chez les A, &agrave; l&rsquo;instar de Jaylen Hoard, &nbsp;Nadir Hifi ou encore Zaccharie Risacher.<\/p><p>Bien entendu aucun joueur pr&eacute;sent en NBA ne sera pr&eacute;sent ce soir l&agrave; (<em>vous pouvez retrouver notre podcast consacr&eacute; &agrave; la saison de chacun <a href=\"https:\/\/theplayoffs.news\/fr\/nba-basketball\/podcast-nba-le-point-sur-les-francais\/\" class=\"trk-cta-link\" data-cta-trk='{\"ctaType\":\"Link\",\"ctaSubType\":\"main\"}'>ici<\/a><\/em>), l&rsquo;occasion donc de d&eacute;couvrir une fois de plus le vivier important de notre contingent de joueurs.<\/p><p>&nbsp;<\/p><p><strong>Le rendez vous est pris, le 23 F&eacute;vrier &agrave; 20h30 en direct de la &laquo;&nbsp;Brest Arena&nbsp;&raquo;.<\/strong><\/p><p>&nbsp;<\/p>\n","protected":false},"excerpt":{"rendered":"","protected":false},"author":180310001,"featured_media":390672,"comment_status":"open","ping_status":"closed","sticky":false,"template":"","format":"standard","meta":{"inline_featured_image":false,"kia_subtitle":"","_mux_skip_reasons":[],"proofreadBy":0,"footnotes":""},"categories":[10],"tags":[6583,4539,4692],"sport":[],"saison":[6111],"class_list":["post-1272934","post","type-post","status-publish","format-standard","has-post-thumbnail","hentry","category-nba","tag-equipedefrance","tag-eurobasket","tag-vincent-collet","saison-6111"],"acf":[],"yoast_head":"<!-- This site is optimized with the Yoast SEO plugin v24.2 - https:\/\/yoast.com\/wordpress\/plugins\/seo\/ -->\n<title>Vincent Collet d&eacute;voile sa liste de 13 fran&ccedil;ais. - The Playoffs FR<\/title>\n<meta name=\"robots\" content=\"index, follow, max-snippet:-1, max-image-preview:large, max-video-preview:-1\" \/>\n<link rel=\"canonical\" href=\"https:\/\/theplayoffs.news\/fr\/nba\/vincent-collet-devoile-sa-liste-de-13-francais\/\" \/>\n<meta property=\"og:locale\" content=\"fr_FR\" \/>\n<meta property=\"og:type\" content=\"article\" \/>\n<meta property=\"og:title\" content=\"Vincent Collet d&eacute;voile sa liste de 13 fran&ccedil;ais. - The Playoffs FR\" \/>\n<meta property=\"og:url\" content=\"https:\/\/theplayoffs.news\/fr\/nba\/vincent-collet-devoile-sa-liste-de-13-francais\/\" \/>\n<meta property=\"og:site_name\" content=\"The Playoffs FR\" \/>\n<meta property=\"article:publisher\" content=\"https:\/\/www.facebook.com\/TheFreeAgentFR\/\" \/>\n<meta property=\"article:modified_time\" content=\"2024-01-19T12:29:03+01:00\" \/>\n<meta property=\"og:image\" content=\"https:\/\/theplayoffs.news\/fr\/wp-content\/uploads\/2022\/09\/FcokmqvXwAE2UXn.jpg\" \/>\n\t<meta property=\"og:image:width\" content=\"1920\" \/>\n\t<meta property=\"og:image:height\" content=\"1280\" \/>\n\t<meta property=\"og:image:type\" content=\"image\/jpeg\" \/>\n<meta name=\"author\" content=\"Christopher Marrec-Top\" \/>\n<meta name=\"twitter:card\" content=\"summary_large_image\" \/>\n<meta name=\"twitter:creator\" content=\"@TheFreeAgentFR\" \/>\n<meta name=\"twitter:site\" content=\"@TheFreeAgentFR\" \/>\n<meta name=\"twitter:label1\" content=\"\u00c9crit par\" \/>\n\t<meta name=\"twitter:data1\" content=\"Christopher Marrec-Top\" \/>\n\t<meta name=\"twitter:label2\" content=\"Dur\u00e9e de lecture estim\u00e9e\" \/>\n\t<meta name=\"twitter:data2\" content=\"1 minute\" \/>\n<script type=\"application\/ld+json\" class=\"yoast-schema-graph\">{\"@context\":\"https:\/\/schema.org\",\"@graph\":[{\"@type\":\"WebPage\",\"@id\":\"https:\/\/theplayoffs.news\/fr\/nba\/vincent-collet-devoile-sa-liste-de-13-francais\/\",\"url\":\"https:\/\/theplayoffs.news\/fr\/nba\/vincent-collet-devoile-sa-liste-de-13-francais\/\",\"name\":\"Vincent Collet d\u00e9voile sa liste de 13 fran\u00e7ais. - The Playoffs FR\",\"isPartOf\":{\"@id\":\"https:\/\/theplayoffs.news\/fr\/#website\"},\"primaryImageOfPage\":{\"@id\":\"https:\/\/theplayoffs.news\/fr\/nba\/vincent-collet-devoile-sa-liste-de-13-francais\/#primaryimage\"},\"image\":{\"@id\":\"https:\/\/theplayoffs.news\/fr\/nba\/vincent-collet-devoile-sa-liste-de-13-francais\/#primaryimage\"},\"thumbnailUrl\":\"https:\/\/theplayoffs.news\/fr\/wp-content\/uploads\/2022\/09\/FcokmqvXwAE2UXn.jpg\",\"datePublished\":\"2024-01-19T11:29:02+00:00\",\"dateModified\":\"2024-01-19T11:29:03+00:00\",\"author\":{\"@id\":\"https:\/\/theplayoffs.news\/fr\/#\/schema\/person\/863ce84969b07bfc09ef81750720e42a\"},\"breadcrumb\":{\"@id\":\"https:\/\/theplayoffs.news\/fr\/nba\/vincent-collet-devoile-sa-liste-de-13-francais\/#breadcrumb\"},\"inLanguage\":\"fr-FR\",\"potentialAction\":[{\"@type\":\"ReadAction\",\"target\":[\"https:\/\/theplayoffs.news\/fr\/nba\/vincent-collet-devoile-sa-liste-de-13-francais\/\"]}]},{\"@type\":\"ImageObject\",\"inLanguage\":\"fr-FR\",\"@id\":\"https:\/\/theplayoffs.news\/fr\/nba\/vincent-collet-devoile-sa-liste-de-13-francais\/#primaryimage\",\"url\":\"https:\/\/theplayoffs.news\/fr\/wp-content\/uploads\/2022\/09\/FcokmqvXwAE2UXn.jpg\",\"contentUrl\":\"https:\/\/theplayoffs.news\/fr\/wp-content\/uploads\/2022\/09\/FcokmqvXwAE2UXn.jpg\",\"width\":1920,\"height\":1280,\"caption\":\"\u00e9quipe de France\"},{\"@type\":\"BreadcrumbList\",\"@id\":\"https:\/\/theplayoffs.news\/fr\/nba\/vincent-collet-devoile-sa-liste-de-13-francais\/#breadcrumb\",\"itemListElement\":[{\"@type\":\"ListItem\",\"position\":1,\"name\":\"Accueil\",\"item\":\"https:\/\/theplayoffs.news\/fr\/\"},{\"@type\":\"ListItem\",\"position\":2,\"name\":\"Vincent Collet d\u00e9voile sa liste de 13 fran\u00e7ais.\"}]},{\"@type\":\"WebSite\",\"@id\":\"https:\/\/theplayoffs.news\/fr\/#website\",\"url\":\"https:\/\/theplayoffs.news\/fr\/\",\"name\":\"The Playoffs FR\",\"description\":\"NBA-NFL-NHL-MLB\",\"potentialAction\":[{\"@type\":\"SearchAction\",\"target\":{\"@type\":\"EntryPoint\",\"urlTemplate\":\"https:\/\/theplayoffs.news\/fr\/?s={search_term_string}\"},\"query-input\":{\"@type\":\"PropertyValueSpecification\",\"valueRequired\":true,\"valueName\":\"search_term_string\"}}],\"inLanguage\":\"fr-FR\"},{\"@type\":\"Person\",\"@id\":\"https:\/\/theplayoffs.news\/fr\/#\/schema\/person\/863ce84969b07bfc09ef81750720e42a\",\"name\":\"Christopher Marrec-Top\",\"image\":{\"@type\":\"ImageObject\",\"inLanguage\":\"fr-FR\",\"@id\":\"https:\/\/theplayoffs.news\/fr\/#\/schema\/person\/image\/\",\"url\":\"https:\/\/secure.gravatar.com\/avatar\/3102192a417211661aecac9ec415c973058438e49145f224d4e3273853f80021?s=96&d=mm&r=g\",\"contentUrl\":\"https:\/\/secure.gravatar.com\/avatar\/3102192a417211661aecac9ec415c973058438e49145f224d4e3273853f80021?s=96&d=mm&r=g\",\"caption\":\"Christopher Marrec-Top\"},\"description\":\"Christopher, 37 ans et biberonn\u00e9 au cidre et aux cr\u00eapes (rien de plus normal pour un breton). Animateur du podcast \\\\\\\"And One\\\\\\\", d\u00e9di\u00e9 \u00e0 l\u2019univers du basket (NBA, WNBA, Draft), et r\u00e9dacteur pour le site ThePlayoffs. Je suis entr\u00e9 dans le monde des m\u00e9dias il y a quelques ann\u00e9es en tant que novice, mais ma passion pour le sport m\u2019anime au quotidien. Admirateur inconditionnel d\\\\'un certain \\\\\\\"Chosen One\\\\\\\", je l\\\\'ai particuli\u00e8rement suivi avec un maillot noir orn\u00e9 d\\\\'un grand C (avec le maillot \\\\\\\"purple and gold\\\\\\\" il se d\u00e9brouille toujours pas trop mal). Amoureux du sport am\u00e9ricain dans son ensemble, je reste fid\u00e8le \u00e0 la discipline fond\u00e9e par James Naismith. ENJOY !! Et longue vie \u00e0 ThePlayoffs !\",\"url\":\"https:\/\/theplayoffs.news\/fr\/author\/christophertop\/\"}]}<\/script>\n<!-- \/ Yoast SEO plugin. -->","yoast_head_json":{"title":"Vincent Collet d&eacute;voile sa liste de 13 fran&ccedil;ais. - The Playoffs FR","robots":{"index":"index","follow":"follow","max-snippet":"max-snippet:-1","max-image-preview":"max-image-preview:large","max-video-preview":"max-video-preview:-1"},"canonical":"https:\/\/theplayoffs.news\/fr\/nba\/vincent-collet-devoile-sa-liste-de-13-francais\/","og_locale":"fr_FR","og_type":"article","og_title":"Vincent Collet d&eacute;voile sa liste de 13 fran&ccedil;ais. - The Playoffs FR","og_url":"https:\/\/theplayoffs.news\/fr\/nba\/vincent-collet-devoile-sa-liste-de-13-francais\/","og_site_name":"The Playoffs FR","article_publisher":"https:\/\/www.facebook.com\/TheFreeAgentFR\/","article_modified_time":"2024-01-19T11:29:03+00:00","og_image":[{"width":1920,"height":1280,"url":"https:\/\/theplayoffs.news\/fr\/wp-content\/uploads\/2022\/09\/FcokmqvXwAE2UXn.jpg","type":"image\/jpeg"}],"author":"Christopher Marrec-Top","twitter_card":"summary_large_image","twitter_creator":"@TheFreeAgentFR","twitter_site":"@TheFreeAgentFR","twitter_misc":{"\u00c9crit par":"Christopher Marrec-Top","Dur\u00e9e de lecture estim\u00e9e":"1 minute"},"schema":{"@context":"https:\/\/schema.org","@graph":[{"@type":"WebPage","@id":"https:\/\/theplayoffs.news\/fr\/nba\/vincent-collet-devoile-sa-liste-de-13-francais\/","url":"https:\/\/theplayoffs.news\/fr\/nba\/vincent-collet-devoile-sa-liste-de-13-francais\/","name":"Vincent Collet d\u00e9voile sa liste de 13 fran\u00e7ais. - The Playoffs FR","isPartOf":{"@id":"https:\/\/theplayoffs.news\/fr\/#website"},"primaryImageOfPage":{"@id":"https:\/\/theplayoffs.news\/fr\/nba\/vincent-collet-devoile-sa-liste-de-13-francais\/#primaryimage"},"image":{"@id":"https:\/\/theplayoffs.news\/fr\/nba\/vincent-collet-devoile-sa-liste-de-13-francais\/#primaryimage"},"thumbnailUrl":"https:\/\/theplayoffs.news\/fr\/wp-content\/uploads\/2022\/09\/FcokmqvXwAE2UXn.jpg","datePublished":"2024-01-19T11:29:02+00:00","dateModified":"2024-01-19T11:29:03+00:00","author":{"@id":"https:\/\/theplayoffs.news\/fr\/#\/schema\/person\/863ce84969b07bfc09ef81750720e42a"},"breadcrumb":{"@id":"https:\/\/theplayoffs.news\/fr\/nba\/vincent-collet-devoile-sa-liste-de-13-francais\/#breadcrumb"},"inLanguage":"fr-FR","potentialAction":[{"@type":"ReadAction","target":["https:\/\/theplayoffs.news\/fr\/nba\/vincent-collet-devoile-sa-liste-de-13-francais\/"]}]},{"@type":"ImageObject","inLanguage":"fr-FR","@id":"https:\/\/theplayoffs.news\/fr\/nba\/vincent-collet-devoile-sa-liste-de-13-francais\/#primaryimage","url":"https:\/\/theplayoffs.news\/fr\/wp-content\/uploads\/2022\/09\/FcokmqvXwAE2UXn.jpg","contentUrl":"https:\/\/theplayoffs.news\/fr\/wp-content\/uploads\/2022\/09\/FcokmqvXwAE2UXn.jpg","width":1920,"height":1280,"caption":"\u00e9quipe de France"},{"@type":"BreadcrumbList","@id":"https:\/\/theplayoffs.news\/fr\/nba\/vincent-collet-devoile-sa-liste-de-13-francais\/#breadcrumb","itemListElement":[{"@type":"ListItem","position":1,"name":"Accueil","item":"https:\/\/theplayoffs.news\/fr\/"},{"@type":"ListItem","position":2,"name":"Vincent Collet d\u00e9voile sa liste de 13 fran\u00e7ais."}]},{"@type":"WebSite","@id":"https:\/\/theplayoffs.news\/fr\/#website","url":"https:\/\/theplayoffs.news\/fr\/","name":"The Playoffs FR","description":"NBA-NFL-NHL-MLB","potentialAction":[{"@type":"SearchAction","target":{"@type":"EntryPoint","urlTemplate":"https:\/\/theplayoffs.news\/fr\/?s={search_term_string}"},"query-input":{"@type":"PropertyValueSpecification","valueRequired":true,"valueName":"search_term_string"}}],"inLanguage":"fr-FR"},{"@type":"Person","@id":"https:\/\/theplayoffs.news\/fr\/#\/schema\/person\/863ce84969b07bfc09ef81750720e42a","name":"Christopher Marrec-Top","image":{"@type":"ImageObject","inLanguage":"fr-FR","@id":"https:\/\/theplayoffs.news\/fr\/#\/schema\/person\/image\/","url":"https:\/\/secure.gravatar.com\/avatar\/3102192a417211661aecac9ec415c973058438e49145f224d4e3273853f80021?s=96&d=mm&r=g","contentUrl":"https:\/\/secure.gravatar.com\/avatar\/3102192a417211661aecac9ec415c973058438e49145f224d4e3273853f80021?s=96&d=mm&r=g","caption":"Christopher Marrec-Top"},"description":"Christopher, 37 ans et biberonn\u00e9 au cidre et aux cr\u00eapes (rien de plus normal pour un breton). Animateur du podcast \\\"And One\\\", d\u00e9di\u00e9 \u00e0 l\u2019univers du basket (NBA, WNBA, Draft), et r\u00e9dacteur pour le site ThePlayoffs. Je suis entr\u00e9 dans le monde des m\u00e9dias il y a quelques ann\u00e9es en tant que novice, mais ma passion pour le sport m\u2019anime au quotidien. Admirateur inconditionnel d\\'un certain \\\"Chosen One\\\", je l\\'ai particuli\u00e8rement suivi avec un maillot noir orn\u00e9 d\\'un grand C (avec le maillot \\\"purple and gold\\\" il se d\u00e9brouille toujours pas trop mal). Amoureux du sport am\u00e9ricain dans son ensemble, je reste fid\u00e8le \u00e0 la discipline fond\u00e9e par James Naismith. ENJOY !! Et longue vie \u00e0 ThePlayoffs !","url":"https:\/\/theplayoffs.news\/fr\/author\/christophertop\/"}]}},"_links":{"self":[{"href":"https:\/\/theplayoffs.news\/fr\/wp-json\/wp\/v2\/posts\/1272934","targetHints":{"allow":["GET"]}}],"collection":[{"href":"https:\/\/theplayoffs.news\/fr\/wp-json\/wp\/v2\/posts"}],"about":[{"href":"https:\/\/theplayoffs.news\/fr\/wp-json\/wp\/v2\/types\/post"}],"author":[{"embeddable":true,"href":"https:\/\/theplayoffs.news\/fr\/wp-json\/wp\/v2\/users\/180310001"}],"replies":[{"embeddable":true,"href":"https:\/\/theplayoffs.news\/fr\/wp-json\/wp\/v2\/comments?post=1272934"}],"version-history":[{"count":4,"href":"https:\/\/theplayoffs.news\/fr\/wp-json\/wp\/v2\/posts\/1272934\/revisions"}],"predecessor-version":[{"id":1273055,"href":"https:\/\/theplayoffs.news\/fr\/wp-json\/wp\/v2\/posts\/1272934\/revisions\/1273055"}],"wp:featuredmedia":[{"embeddable":true,"href":"https:\/\/theplayoffs.news\/fr\/wp-json\/wp\/v2\/media\/390672"}],"wp:attachment":[{"href":"https:\/\/theplayoffs.news\/fr\/wp-json\/wp\/v2\/media?parent=1272934"}],"wp:term":[{"taxonomy":"category","embeddable":true,"href":"https:\/\/theplayoffs.news\/fr\/wp-json\/wp\/v2\/categories?post=1272934"},{"taxonomy":"post_tag","embeddable":true,"href":"https:\/\/theplayoffs.news\/fr\/wp-json\/wp\/v2\/tags?post=1272934"},{"taxonomy":"sport","embeddable":true,"href":"https:\/\/theplayoffs.news\/fr\/wp-json\/wp\/v2\/sport?post=1272934"},{"taxonomy":"saison","embeddable":true,"href":"https:\/\/theplayoffs.news\/fr\/wp-json\/wp\/v2\/saison?post=1272934"}],"curies":[{"name":"wp","href":"https:\/\/api.w.org\/{rel}","templated":true}]}}