{"id":1266466,"date":"2024-01-17T11:34:23","date_gmt":"2024-01-17T10:34:23","guid":{"rendered":"https:\/\/theplayoffs.news\/fr\/?p=1266466"},"modified":"2024-01-17T11:36:06","modified_gmt":"2024-01-17T10:36:06","slug":"marcus-stroman-impatient-de-porter-luniforme-des-yankees","status":"publish","type":"post","link":"https:\/\/theplayoffs.news\/fr\/actualite-mlb\/marcus-stroman-impatient-de-porter-luniforme-des-yankees\/","title":{"rendered":"Marcus Stroman impatient de porter l&rsquo;uniforme des Yankees"},"content":{"rendered":"<h2>MLB &ndash; Marcus Stroman a officiellement rejoint les New York Yankees.<\/h2><p>L&rsquo;annonce fait suite &agrave; l&rsquo;accord de <a href=\"https:\/\/theplayoffs.news\/fr\/joueur\/marcus-stroman-mlb-65630\/\" class=\"trk-cta-link\" data-cta-trk='{\"ctaType\":\"Link\",\"ctaSubType\":\"main\"}'><strong>Marcus Stroman<\/strong><\/a> sur un contrat substantiel de deux ans pour 37 millions de dollars jeudi dernier. &Agrave; 32 ans, Stroman apporte une richesse d&rsquo;exp&eacute;rience et un parcours impressionnant de son temps avec les Cubs, o&ugrave; il a d&eacute;montr&eacute; ses comp&eacute;tences lors de la saison 2023.<\/p><p>Marcus Stroman a exprim&eacute; son enthousiasme pour ce nouveau chapitre de sa carri&egrave;re sur les r&eacute;seaux sociaux. <a href=\"https:\/\/www.instagram.com\/stories\/stroman\/3281830613031236210\/\" class=\"trk-cta-link\" data-cta-trk='{\"ctaType\":\"Link\",\"ctaSubType\":\"main\"}'>Dans un post Instagram<\/a>, il a partag&eacute; son impatience de rev&ecirc;tir les pinstripes des Yankees et l&rsquo;anticipation de jouer au Yankee Stadium. Il a &eacute;crit :<\/p><blockquote><p>&laquo; J&rsquo;ai h&acirc;te de mettre les PINSTRIPES et de ressentir l&rsquo;&eacute;nergie au Yankee Stadium. Honor&eacute; de porter l&rsquo;uniforme. Tr&egrave;s tr&egrave;s honor&eacute;. &raquo;<\/p><\/blockquote><p>Originaire de Long Island, Stroman a un lien profond avec New York, ayant pr&eacute;c&eacute;demment jou&eacute; pour les Mets apr&egrave;s avoir &eacute;t&eacute; &eacute;chang&eacute; des Blue Jays en 2019. Sa performance dans Queens, marqu&eacute;e par une ERA de 3,21 et 218 retraits sur des prises en 238 2\/3 manches, n&rsquo;a fait que renforcer sa r&eacute;putation.<\/p><p>En rejoignant les Yankees, Marcus Stroman est impatient d&rsquo;apporter son &eacute;nergie unique et son esprit de comp&eacute;tition &agrave; l&rsquo;&eacute;quipe, potentiellement en red&eacute;finissant la dynamique au sein du personnel de lancer des Yankees. Son exp&eacute;rience pr&eacute;c&eacute;dente &agrave; New York, coupl&eacute;e &agrave; son palmar&egrave;s &eacute;prouv&eacute;, le positionne comme un atout pr&eacute;cieux pour les Yankees alors qu&rsquo;ils cherchent &agrave; renforcer leur alignement et &agrave; avoir un impact significatif dans les saisons &agrave; venir.<\/p><p>&nbsp;<\/p><p>Credit: Patrick Gorski-USA TODAY Sports<\/p>\n","protected":false},"excerpt":{"rendered":"","protected":false},"author":13,"featured_media":1266490,"comment_status":"open","ping_status":"closed","sticky":false,"template":"","format":"standard","meta":{"inline_featured_image":false,"kia_subtitle":"","_mux_skip_reasons":[],"proofreadBy":0,"footnotes":""},"categories":[188,9],"tags":[1321,717],"sport":[],"saison":[],"class_list":["post-1266466","post","type-post","status-publish","format-standard","has-post-thumbnail","hentry","category-actualite-mlb","category-mlb","tag-marcus-stroman","tag-new-york-yankees"],"acf":[],"yoast_head":"<!-- This site is optimized with the Yoast SEO plugin v24.2 - https:\/\/yoast.com\/wordpress\/plugins\/seo\/ -->\n<title>Marcus Stroman impatient de porter l&#039;uniforme des Yankees - The Playoffs FR<\/title>\n<meta name=\"robots\" content=\"index, follow, max-snippet:-1, max-image-preview:large, max-video-preview:-1\" \/>\n<link rel=\"canonical\" href=\"https:\/\/theplayoffs.news\/fr\/actualite-mlb\/marcus-stroman-impatient-de-porter-luniforme-des-yankees\/\" \/>\n<meta property=\"og:locale\" content=\"fr_FR\" \/>\n<meta property=\"og:type\" content=\"article\" \/>\n<meta property=\"og:title\" content=\"Marcus Stroman impatient de porter l&#039;uniforme des Yankees - The Playoffs FR\" \/>\n<meta property=\"og:url\" content=\"https:\/\/theplayoffs.news\/fr\/actualite-mlb\/marcus-stroman-impatient-de-porter-luniforme-des-yankees\/\" \/>\n<meta property=\"og:site_name\" content=\"The Playoffs FR\" \/>\n<meta property=\"article:publisher\" content=\"https:\/\/www.facebook.com\/TheFreeAgentFR\/\" \/>\n<meta property=\"article:modified_time\" content=\"2024-01-17T11:36:06+01:00\" \/>\n<meta property=\"og:image\" content=\"https:\/\/theplayoffs.news\/fr\/wp-content\/uploads\/2024\/01\/USATSI_21119867.jpg\" \/>\n\t<meta property=\"og:image:width\" content=\"1920\" \/>\n\t<meta property=\"og:image:height\" content=\"1280\" \/>\n\t<meta property=\"og:image:type\" content=\"image\/jpeg\" \/>\n<meta name=\"author\" content=\"Charles Taudin\" \/>\n<meta name=\"twitter:card\" content=\"summary_large_image\" \/>\n<meta name=\"twitter:creator\" content=\"@TheFreeAgentFR\" \/>\n<meta name=\"twitter:site\" content=\"@TheFreeAgentFR\" \/>\n<meta name=\"twitter:label1\" content=\"\u00c9crit par\" \/>\n\t<meta name=\"twitter:data1\" content=\"Charles Taudin\" \/>\n\t<meta name=\"twitter:label2\" content=\"Dur\u00e9e de lecture estim\u00e9e\" \/>\n\t<meta name=\"twitter:data2\" content=\"1 minute\" \/>\n<script type=\"application\/ld+json\" class=\"yoast-schema-graph\">{\"@context\":\"https:\/\/schema.org\",\"@graph\":[{\"@type\":\"WebPage\",\"@id\":\"https:\/\/theplayoffs.news\/fr\/actualite-mlb\/marcus-stroman-impatient-de-porter-luniforme-des-yankees\/\",\"url\":\"https:\/\/theplayoffs.news\/fr\/actualite-mlb\/marcus-stroman-impatient-de-porter-luniforme-des-yankees\/\",\"name\":\"Marcus Stroman impatient de porter l\\\\'uniforme des Yankees - The Playoffs FR\",\"isPartOf\":{\"@id\":\"https:\/\/theplayoffs.news\/fr\/#website\"},\"primaryImageOfPage\":{\"@id\":\"https:\/\/theplayoffs.news\/fr\/actualite-mlb\/marcus-stroman-impatient-de-porter-luniforme-des-yankees\/#primaryimage\"},\"image\":{\"@id\":\"https:\/\/theplayoffs.news\/fr\/actualite-mlb\/marcus-stroman-impatient-de-porter-luniforme-des-yankees\/#primaryimage\"},\"thumbnailUrl\":\"https:\/\/theplayoffs.news\/fr\/wp-content\/uploads\/2024\/01\/USATSI_21119867.jpg\",\"datePublished\":\"2024-01-17T10:34:23+00:00\",\"dateModified\":\"2024-01-17T10:36:06+00:00\",\"author\":{\"@id\":\"https:\/\/theplayoffs.news\/fr\/#\/schema\/person\/eee5b69ad5d3c51cabe881c839dbe133\"},\"breadcrumb\":{\"@id\":\"https:\/\/theplayoffs.news\/fr\/actualite-mlb\/marcus-stroman-impatient-de-porter-luniforme-des-yankees\/#breadcrumb\"},\"inLanguage\":\"fr-FR\",\"potentialAction\":[{\"@type\":\"ReadAction\",\"target\":[\"https:\/\/theplayoffs.news\/fr\/actualite-mlb\/marcus-stroman-impatient-de-porter-luniforme-des-yankees\/\"]}]},{\"@type\":\"ImageObject\",\"inLanguage\":\"fr-FR\",\"@id\":\"https:\/\/theplayoffs.news\/fr\/actualite-mlb\/marcus-stroman-impatient-de-porter-luniforme-des-yankees\/#primaryimage\",\"url\":\"https:\/\/theplayoffs.news\/fr\/wp-content\/uploads\/2024\/01\/USATSI_21119867.jpg\",\"contentUrl\":\"https:\/\/theplayoffs.news\/fr\/wp-content\/uploads\/2024\/01\/USATSI_21119867.jpg\",\"width\":1920,\"height\":1280,\"caption\":\"Jul 31, 2023; Chicago, Illinois, USA; Chicago Cubs starting pitcher Marcus Stroman (0) pitches during the first inning against the Cincinnati Reds at Wrigley Field. Mandatory Credit: Patrick Gorski-USA TODAY Sports\"},{\"@type\":\"BreadcrumbList\",\"@id\":\"https:\/\/theplayoffs.news\/fr\/actualite-mlb\/marcus-stroman-impatient-de-porter-luniforme-des-yankees\/#breadcrumb\",\"itemListElement\":[{\"@type\":\"ListItem\",\"position\":1,\"name\":\"Accueil\",\"item\":\"https:\/\/theplayoffs.news\/fr\/\"},{\"@type\":\"ListItem\",\"position\":2,\"name\":\"Marcus Stroman impatient de porter l&rsquo;uniforme des Yankees\"}]},{\"@type\":\"WebSite\",\"@id\":\"https:\/\/theplayoffs.news\/fr\/#website\",\"url\":\"https:\/\/theplayoffs.news\/fr\/\",\"name\":\"The Playoffs FR\",\"description\":\"NBA-NFL-NHL-MLB\",\"potentialAction\":[{\"@type\":\"SearchAction\",\"target\":{\"@type\":\"EntryPoint\",\"urlTemplate\":\"https:\/\/theplayoffs.news\/fr\/?s={search_term_string}\"},\"query-input\":{\"@type\":\"PropertyValueSpecification\",\"valueRequired\":true,\"valueName\":\"search_term_string\"}}],\"inLanguage\":\"fr-FR\"},{\"@type\":\"Person\",\"@id\":\"https:\/\/theplayoffs.news\/fr\/#\/schema\/person\/eee5b69ad5d3c51cabe881c839dbe133\",\"name\":\"Charles Taudin\",\"image\":{\"@type\":\"ImageObject\",\"inLanguage\":\"fr-FR\",\"@id\":\"https:\/\/theplayoffs.news\/fr\/#\/schema\/person\/image\/\",\"url\":\"https:\/\/secure.gravatar.com\/avatar\/59a1e772205ce9fd255edfcafc93013736822e20261f294c5753b20c41ede9f2?s=96&d=mm&r=g\",\"contentUrl\":\"https:\/\/secure.gravatar.com\/avatar\/59a1e772205ce9fd255edfcafc93013736822e20261f294c5753b20c41ede9f2?s=96&d=mm&r=g\",\"caption\":\"Charles Taudin\"},\"description\":\"R\u00e9dacteur en chef global de The Playoffs, j\u2019ai cr\u00e9\u00e9 The Free Agent, devenu The Playoffs FR, en 2020 durant la pand\u00e9mie. Amoureux depuis des ann\u00e9es des 4 sports majeurs am\u00e9ricains, j\u2019organise maintenant la strat\u00e9gie \u00e9ditoriale et les r\u00e9seaux sociaux de l\u2019ensemble des versions de The Playoffs. Il m\u2019arrive encore d\u2019\u00e9crire sur certains sports que j\u2019affectionne particuli\u00e8rement comme la NFL ou la MLB. Si vous devez retenir qu\u2019une chose : Eli Manning est le vrai GOAT pour avoir battu deux fois Tom Brady.\",\"sameAs\":[\"https:\/\/www.instagram.com\/ctaudin_\/\"],\"url\":\"https:\/\/theplayoffs.news\/fr\/author\/charles-taudin\/\"}]}<\/script>\n<!-- \/ Yoast SEO plugin. -->","yoast_head_json":{"title":"Marcus Stroman impatient de porter l&#039;uniforme des Yankees - The Playoffs FR","robots":{"index":"index","follow":"follow","max-snippet":"max-snippet:-1","max-image-preview":"max-image-preview:large","max-video-preview":"max-video-preview:-1"},"canonical":"https:\/\/theplayoffs.news\/fr\/actualite-mlb\/marcus-stroman-impatient-de-porter-luniforme-des-yankees\/","og_locale":"fr_FR","og_type":"article","og_title":"Marcus Stroman impatient de porter l&#039;uniforme des Yankees - The Playoffs FR","og_url":"https:\/\/theplayoffs.news\/fr\/actualite-mlb\/marcus-stroman-impatient-de-porter-luniforme-des-yankees\/","og_site_name":"The Playoffs FR","article_publisher":"https:\/\/www.facebook.com\/TheFreeAgentFR\/","article_modified_time":"2024-01-17T10:36:06+00:00","og_image":[{"width":1920,"height":1280,"url":"https:\/\/theplayoffs.news\/fr\/wp-content\/uploads\/2024\/01\/USATSI_21119867.jpg","type":"image\/jpeg"}],"author":"Charles Taudin","twitter_card":"summary_large_image","twitter_creator":"@TheFreeAgentFR","twitter_site":"@TheFreeAgentFR","twitter_misc":{"\u00c9crit par":"Charles Taudin","Dur\u00e9e de lecture estim\u00e9e":"1 minute"},"schema":{"@context":"https:\/\/schema.org","@graph":[{"@type":"WebPage","@id":"https:\/\/theplayoffs.news\/fr\/actualite-mlb\/marcus-stroman-impatient-de-porter-luniforme-des-yankees\/","url":"https:\/\/theplayoffs.news\/fr\/actualite-mlb\/marcus-stroman-impatient-de-porter-luniforme-des-yankees\/","name":"Marcus Stroman impatient de porter l\\'uniforme des Yankees - The Playoffs FR","isPartOf":{"@id":"https:\/\/theplayoffs.news\/fr\/#website"},"primaryImageOfPage":{"@id":"https:\/\/theplayoffs.news\/fr\/actualite-mlb\/marcus-stroman-impatient-de-porter-luniforme-des-yankees\/#primaryimage"},"image":{"@id":"https:\/\/theplayoffs.news\/fr\/actualite-mlb\/marcus-stroman-impatient-de-porter-luniforme-des-yankees\/#primaryimage"},"thumbnailUrl":"https:\/\/theplayoffs.news\/fr\/wp-content\/uploads\/2024\/01\/USATSI_21119867.jpg","datePublished":"2024-01-17T10:34:23+00:00","dateModified":"2024-01-17T10:36:06+00:00","author":{"@id":"https:\/\/theplayoffs.news\/fr\/#\/schema\/person\/eee5b69ad5d3c51cabe881c839dbe133"},"breadcrumb":{"@id":"https:\/\/theplayoffs.news\/fr\/actualite-mlb\/marcus-stroman-impatient-de-porter-luniforme-des-yankees\/#breadcrumb"},"inLanguage":"fr-FR","potentialAction":[{"@type":"ReadAction","target":["https:\/\/theplayoffs.news\/fr\/actualite-mlb\/marcus-stroman-impatient-de-porter-luniforme-des-yankees\/"]}]},{"@type":"ImageObject","inLanguage":"fr-FR","@id":"https:\/\/theplayoffs.news\/fr\/actualite-mlb\/marcus-stroman-impatient-de-porter-luniforme-des-yankees\/#primaryimage","url":"https:\/\/theplayoffs.news\/fr\/wp-content\/uploads\/2024\/01\/USATSI_21119867.jpg","contentUrl":"https:\/\/theplayoffs.news\/fr\/wp-content\/uploads\/2024\/01\/USATSI_21119867.jpg","width":1920,"height":1280,"caption":"Jul 31, 2023; Chicago, Illinois, USA; Chicago Cubs starting pitcher Marcus Stroman (0) pitches during the first inning against the Cincinnati Reds at Wrigley Field. Mandatory Credit: Patrick Gorski-USA TODAY Sports"},{"@type":"BreadcrumbList","@id":"https:\/\/theplayoffs.news\/fr\/actualite-mlb\/marcus-stroman-impatient-de-porter-luniforme-des-yankees\/#breadcrumb","itemListElement":[{"@type":"ListItem","position":1,"name":"Accueil","item":"https:\/\/theplayoffs.news\/fr\/"},{"@type":"ListItem","position":2,"name":"Marcus Stroman impatient de porter l&rsquo;uniforme des Yankees"}]},{"@type":"WebSite","@id":"https:\/\/theplayoffs.news\/fr\/#website","url":"https:\/\/theplayoffs.news\/fr\/","name":"The Playoffs FR","description":"NBA-NFL-NHL-MLB","potentialAction":[{"@type":"SearchAction","target":{"@type":"EntryPoint","urlTemplate":"https:\/\/theplayoffs.news\/fr\/?s={search_term_string}"},"query-input":{"@type":"PropertyValueSpecification","valueRequired":true,"valueName":"search_term_string"}}],"inLanguage":"fr-FR"},{"@type":"Person","@id":"https:\/\/theplayoffs.news\/fr\/#\/schema\/person\/eee5b69ad5d3c51cabe881c839dbe133","name":"Charles Taudin","image":{"@type":"ImageObject","inLanguage":"fr-FR","@id":"https:\/\/theplayoffs.news\/fr\/#\/schema\/person\/image\/","url":"https:\/\/secure.gravatar.com\/avatar\/59a1e772205ce9fd255edfcafc93013736822e20261f294c5753b20c41ede9f2?s=96&d=mm&r=g","contentUrl":"https:\/\/secure.gravatar.com\/avatar\/59a1e772205ce9fd255edfcafc93013736822e20261f294c5753b20c41ede9f2?s=96&d=mm&r=g","caption":"Charles Taudin"},"description":"R\u00e9dacteur en chef global de The Playoffs, j\u2019ai cr\u00e9\u00e9 The Free Agent, devenu The Playoffs FR, en 2020 durant la pand\u00e9mie. Amoureux depuis des ann\u00e9es des 4 sports majeurs am\u00e9ricains, j\u2019organise maintenant la strat\u00e9gie \u00e9ditoriale et les r\u00e9seaux sociaux de l\u2019ensemble des versions de The Playoffs. Il m\u2019arrive encore d\u2019\u00e9crire sur certains sports que j\u2019affectionne particuli\u00e8rement comme la NFL ou la MLB. Si vous devez retenir qu\u2019une chose : Eli Manning est le vrai GOAT pour avoir battu deux fois Tom Brady.","sameAs":["https:\/\/www.instagram.com\/ctaudin_\/"],"url":"https:\/\/theplayoffs.news\/fr\/author\/charles-taudin\/"}]}},"_links":{"self":[{"href":"https:\/\/theplayoffs.news\/fr\/wp-json\/wp\/v2\/posts\/1266466","targetHints":{"allow":["GET"]}}],"collection":[{"href":"https:\/\/theplayoffs.news\/fr\/wp-json\/wp\/v2\/posts"}],"about":[{"href":"https:\/\/theplayoffs.news\/fr\/wp-json\/wp\/v2\/types\/post"}],"author":[{"embeddable":true,"href":"https:\/\/theplayoffs.news\/fr\/wp-json\/wp\/v2\/users\/13"}],"replies":[{"embeddable":true,"href":"https:\/\/theplayoffs.news\/fr\/wp-json\/wp\/v2\/comments?post=1266466"}],"version-history":[{"count":2,"href":"https:\/\/theplayoffs.news\/fr\/wp-json\/wp\/v2\/posts\/1266466\/revisions"}],"predecessor-version":[{"id":1266530,"href":"https:\/\/theplayoffs.news\/fr\/wp-json\/wp\/v2\/posts\/1266466\/revisions\/1266530"}],"wp:featuredmedia":[{"embeddable":true,"href":"https:\/\/theplayoffs.news\/fr\/wp-json\/wp\/v2\/media\/1266490"}],"wp:attachment":[{"href":"https:\/\/theplayoffs.news\/fr\/wp-json\/wp\/v2\/media?parent=1266466"}],"wp:term":[{"taxonomy":"category","embeddable":true,"href":"https:\/\/theplayoffs.news\/fr\/wp-json\/wp\/v2\/categories?post=1266466"},{"taxonomy":"post_tag","embeddable":true,"href":"https:\/\/theplayoffs.news\/fr\/wp-json\/wp\/v2\/tags?post=1266466"},{"taxonomy":"sport","embeddable":true,"href":"https:\/\/theplayoffs.news\/fr\/wp-json\/wp\/v2\/sport?post=1266466"},{"taxonomy":"saison","embeddable":true,"href":"https:\/\/theplayoffs.news\/fr\/wp-json\/wp\/v2\/saison?post=1266466"}],"curies":[{"name":"wp","href":"https:\/\/api.w.org\/{rel}","templated":true}]}}