{"id":1263509,"date":"2024-01-16T11:46:55","date_gmt":"2024-01-16T10:46:55","guid":{"rendered":"https:\/\/theplayoffs.news\/fr\/?p=1263509"},"modified":"2024-01-16T11:46:56","modified_gmt":"2024-01-16T10:46:56","slug":"colorado-avalanche-terrible-nouvelle-valeri-nichushkin","status":"publish","type":"post","link":"https:\/\/theplayoffs.news\/fr\/actualite-nhl\/colorado-avalanche-terrible-nouvelle-valeri-nichushkin\/","title":{"rendered":"Colorado Avalanche\u00a0: Terrible nouvelle pour Valeri Nichushkin"},"content":{"rendered":"<h2>NHL &ndash; L&rsquo;info est tomb&eacute;e le 15 janvier peu avant le match contre Montr&eacute;al, l&rsquo;attaquant de l&rsquo;Avalanche de 28 ans, Valeri Nichushkin a &eacute;t&eacute; plac&eacute; dans le programme d&rsquo;aide aux joueurs de la NHL\/NHLPA.<\/h2><h3><strong>Que se passe-t-il&nbsp;?<\/strong><\/h3><p>Lors du match contre les Maple Leafs de Toronto samedi soir, Jared Bednar avait annonc&eacute; que valeri Nichushkin serait absent pour cause de maladie.<\/p><p>Mais c&rsquo;est hier soir, que le journaliste Adrian Dater avait annonc&eacute; ceci&nbsp;: &laquo;&nbsp;Ce n&rsquo;est pas encore officiel, mais j&rsquo;ai entendu dire que Valeri Nichushkin est de retour dans le programme d&rsquo;aide aux joueurs de la LNH, pour une dur&eacute;e ind&eacute;termin&eacute;e.&nbsp;&raquo;<\/p><p>La NHL l&rsquo;a donc annonc&eacute; &agrave; 21h53 et quelques minutes apr&egrave;s, &agrave; 22h11, l&rsquo;Avalanche a post&eacute; sur ses r&eacute;seaux sociaux un message du principal int&eacute;ress&eacute; annon&ccedil;ant ceci&nbsp;:<\/p><blockquote><p><strong><em>&laquo;&nbsp;J&rsquo;ai pris la d&eacute;cision de chercher de l&rsquo;aide et d&rsquo;entrer dans le programme d&rsquo;aide, a-t-il comment&eacute; via un communiqu&eacute; de l&rsquo;Avalanche. Mon objectif est de r&eacute;soudre mes probl&egrave;mes et pr&eacute;venir toute cons&eacute;quence n&eacute;gative une bonne fois pour toute. [&hellip;] Je ferai tout ce que je peux pour revenir sur la glace et rejoindre mes co&eacute;quipiers le plus rapidement possible.&nbsp;&raquo;<\/em><\/strong><\/p><\/blockquote><p>&nbsp;<\/p><p><strong>Pas le premier cette saison.<\/strong><\/p><p>Son co&eacute;quipier Samuel Girard avait lui aussi d&eacute;cid&eacute; de s&rsquo;int&eacute;grer au programme d&rsquo;aide aux joueurs en novembre 2023 &agrave; cause de probl&egrave;mes d&rsquo;anxi&eacute;t&eacute; et de d&eacute;pression l&rsquo;ayant pousser &agrave; abuser de l&rsquo;alcool.<\/p><p>En effet, Nichushkin &eacute;tait d&eacute;j&agrave; rentr&eacute; dans le programme d&rsquo;aide aux joueurs pendant les playoff 2023 lors de l&rsquo;histoire de la femme intoxiqu&eacute;e retrouv&eacute;e par la police de Seattle dans sa chambre d&rsquo;h&ocirc;tel. Lui et son agent avaient d&eacute;cid&eacute;s de ne rien communiquer sur cette affaire.<\/p><p><a href=\"https:\/\/theplayoffs.news\/fr\/joueur\/valeri-nichushkin-nhl-6084006\/\" class=\"trk-cta-link\" data-cta-trk='{\"ctaType\":\"Link\",\"ctaSubType\":\"main\"}'><strong>Valeri Nichushkin<\/strong><\/a> avait inscrit 42 points en 40 matchs cette saison et est actuellement le 4<sup>e<\/sup> meilleur marqueur de l&rsquo;Avalanche. Son indisponibilit&eacute; risque de faire mal au Colorado Avalanche, actuellement 4<sup>e<\/sup> de la NHL avec 59 points.<\/p><p>&nbsp;<\/p><p>Credit Photo : Ron Chenoy-USA TODAY Sports<\/p>\n","protected":false},"excerpt":{"rendered":"","protected":false},"author":180310223,"featured_media":1263519,"comment_status":"open","ping_status":"closed","sticky":false,"template":"","format":"standard","meta":{"inline_featured_image":false,"kia_subtitle":"","_mux_skip_reasons":[],"proofreadBy":0,"footnotes":""},"categories":[187,26],"tags":[735,91,1176],"sport":[],"saison":[],"class_list":["post-1263509","post","type-post","status-publish","format-standard","has-post-thumbnail","hentry","category-actualite-nhl","category-nhl","tag-colorado","tag-colorado-avalanche","tag-valeri-nichushkin"],"acf":[],"yoast_head":"<!-- This site is optimized with the Yoast SEO plugin v24.2 - https:\/\/yoast.com\/wordpress\/plugins\/seo\/ -->\n<title>Colorado Avalanche&nbsp;: Terrible nouvelle pour Valeri Nichushkin - The Playoffs FR<\/title>\n<meta name=\"robots\" content=\"index, follow, max-snippet:-1, max-image-preview:large, max-video-preview:-1\" \/>\n<link rel=\"canonical\" href=\"https:\/\/theplayoffs.news\/fr\/actualite-nhl\/colorado-avalanche-terrible-nouvelle-valeri-nichushkin\/\" \/>\n<meta property=\"og:locale\" content=\"fr_FR\" \/>\n<meta property=\"og:type\" content=\"article\" \/>\n<meta property=\"og:title\" content=\"Colorado Avalanche&nbsp;: Terrible nouvelle pour Valeri Nichushkin - The Playoffs FR\" \/>\n<meta property=\"og:url\" content=\"https:\/\/theplayoffs.news\/fr\/actualite-nhl\/colorado-avalanche-terrible-nouvelle-valeri-nichushkin\/\" \/>\n<meta property=\"og:site_name\" content=\"The Playoffs FR\" \/>\n<meta property=\"article:publisher\" content=\"https:\/\/www.facebook.com\/TheFreeAgentFR\/\" \/>\n<meta property=\"article:modified_time\" content=\"2024-01-16T11:46:56+01:00\" \/>\n<meta property=\"og:image\" content=\"https:\/\/theplayoffs.news\/fr\/wp-content\/uploads\/2024\/01\/USATSI_22266171.jpg\" \/>\n\t<meta property=\"og:image:width\" content=\"1920\" \/>\n\t<meta property=\"og:image:height\" content=\"1316\" \/>\n\t<meta property=\"og:image:type\" content=\"image\/jpeg\" \/>\n<meta name=\"author\" content=\"Lilian Himmelberger\" \/>\n<meta name=\"twitter:card\" content=\"summary_large_image\" \/>\n<meta name=\"twitter:creator\" content=\"@Colorado_FR_AVS\" \/>\n<meta name=\"twitter:site\" content=\"@TheFreeAgentFR\" \/>\n<meta name=\"twitter:label1\" content=\"\u00c9crit par\" \/>\n\t<meta name=\"twitter:data1\" content=\"Lilian Himmelberger\" \/>\n\t<meta name=\"twitter:label2\" content=\"Dur\u00e9e de lecture estim\u00e9e\" \/>\n\t<meta name=\"twitter:data2\" content=\"2 minutes\" \/>\n<script type=\"application\/ld+json\" class=\"yoast-schema-graph\">{\"@context\":\"https:\/\/schema.org\",\"@graph\":[{\"@type\":\"WebPage\",\"@id\":\"https:\/\/theplayoffs.news\/fr\/actualite-nhl\/colorado-avalanche-terrible-nouvelle-valeri-nichushkin\/\",\"url\":\"https:\/\/theplayoffs.news\/fr\/actualite-nhl\/colorado-avalanche-terrible-nouvelle-valeri-nichushkin\/\",\"name\":\"Colorado Avalanche\u00a0: Terrible nouvelle pour Valeri Nichushkin - The Playoffs FR\",\"isPartOf\":{\"@id\":\"https:\/\/theplayoffs.news\/fr\/#website\"},\"primaryImageOfPage\":{\"@id\":\"https:\/\/theplayoffs.news\/fr\/actualite-nhl\/colorado-avalanche-terrible-nouvelle-valeri-nichushkin\/#primaryimage\"},\"image\":{\"@id\":\"https:\/\/theplayoffs.news\/fr\/actualite-nhl\/colorado-avalanche-terrible-nouvelle-valeri-nichushkin\/#primaryimage\"},\"thumbnailUrl\":\"https:\/\/theplayoffs.news\/fr\/wp-content\/uploads\/2024\/01\/USATSI_22266171.jpg\",\"datePublished\":\"2024-01-16T10:46:55+00:00\",\"dateModified\":\"2024-01-16T10:46:56+00:00\",\"author\":{\"@id\":\"https:\/\/theplayoffs.news\/fr\/#\/schema\/person\/0931b4a2fbcb1e3ec76de45cc3952a9b\"},\"breadcrumb\":{\"@id\":\"https:\/\/theplayoffs.news\/fr\/actualite-nhl\/colorado-avalanche-terrible-nouvelle-valeri-nichushkin\/#breadcrumb\"},\"inLanguage\":\"fr-FR\",\"potentialAction\":[{\"@type\":\"ReadAction\",\"target\":[\"https:\/\/theplayoffs.news\/fr\/actualite-nhl\/colorado-avalanche-terrible-nouvelle-valeri-nichushkin\/\"]}]},{\"@type\":\"ImageObject\",\"inLanguage\":\"fr-FR\",\"@id\":\"https:\/\/theplayoffs.news\/fr\/actualite-nhl\/colorado-avalanche-terrible-nouvelle-valeri-nichushkin\/#primaryimage\",\"url\":\"https:\/\/theplayoffs.news\/fr\/wp-content\/uploads\/2024\/01\/USATSI_22266171.jpg\",\"contentUrl\":\"https:\/\/theplayoffs.news\/fr\/wp-content\/uploads\/2024\/01\/USATSI_22266171.jpg\",\"width\":1920,\"height\":1316,\"caption\":\"Jan 10, 2024; Denver, Colorado, USA; Colorado Avalanche right wing Valeri Nichushkin (13) celebrates his goal in the second period against the Vegas Golden Knights at Ball Arena. Mandatory Credit: Ron Chenoy-USA TODAY Sports\"},{\"@type\":\"BreadcrumbList\",\"@id\":\"https:\/\/theplayoffs.news\/fr\/actualite-nhl\/colorado-avalanche-terrible-nouvelle-valeri-nichushkin\/#breadcrumb\",\"itemListElement\":[{\"@type\":\"ListItem\",\"position\":1,\"name\":\"Accueil\",\"item\":\"https:\/\/theplayoffs.news\/fr\/\"},{\"@type\":\"ListItem\",\"position\":2,\"name\":\"Colorado Avalanche\u00a0: Terrible nouvelle pour Valeri Nichushkin\"}]},{\"@type\":\"WebSite\",\"@id\":\"https:\/\/theplayoffs.news\/fr\/#website\",\"url\":\"https:\/\/theplayoffs.news\/fr\/\",\"name\":\"The Playoffs FR\",\"description\":\"NBA-NFL-NHL-MLB\",\"potentialAction\":[{\"@type\":\"SearchAction\",\"target\":{\"@type\":\"EntryPoint\",\"urlTemplate\":\"https:\/\/theplayoffs.news\/fr\/?s={search_term_string}\"},\"query-input\":{\"@type\":\"PropertyValueSpecification\",\"valueRequired\":true,\"valueName\":\"search_term_string\"}}],\"inLanguage\":\"fr-FR\"},{\"@type\":\"Person\",\"@id\":\"https:\/\/theplayoffs.news\/fr\/#\/schema\/person\/0931b4a2fbcb1e3ec76de45cc3952a9b\",\"name\":\"Lilian Himmelberger\",\"image\":{\"@type\":\"ImageObject\",\"inLanguage\":\"fr-FR\",\"@id\":\"https:\/\/theplayoffs.news\/fr\/#\/schema\/person\/image\/\",\"url\":\"https:\/\/secure.gravatar.com\/avatar\/f4ac659ea2cbd43c2b77e8f751667a8f5b8015dadf9db3f3942f26588c2262af?s=96&d=mm&r=g\",\"contentUrl\":\"https:\/\/secure.gravatar.com\/avatar\/f4ac659ea2cbd43c2b77e8f751667a8f5b8015dadf9db3f3942f26588c2262af?s=96&d=mm&r=g\",\"caption\":\"Lilian Himmelberger\"},\"description\":\"Pour TPO, j\u2019\u00e9cris sur la NHL et la Ligue Magnus ou le hockey fran\u00e7ais en g\u00e9n\u00e9ral. J\u2019ai commenc\u00e9 un compte Twitter\/X sur l\u2019actu du Colorado Avalanche en fran\u00e7ais en 2020 et j\u2019ai commenc\u00e9 \u00e0 \u00e9crire des articles sur la NHL pour un site perso. C\u2019est en novembre 2023 que j\u2019ai ensuite rejoint TPO pour \u00e9crire sur la NHL et le hockey fran\u00e7ais. J\u2019adore pouvoir parler de ma passion et surtout de pouvoir parler du hockey qui est un sport encore trop peu connu en France. N\u2019oubliez pas que Nathan MacKinnon est le meilleur joueur du monde.\",\"sameAs\":[\"https:\/\/x.com\/Colorado_FR_AVS\"],\"url\":\"https:\/\/theplayoffs.news\/fr\/author\/lilianhimmelbergergmail-com\/\"}]}<\/script>\n<!-- \/ Yoast SEO plugin. -->","yoast_head_json":{"title":"Colorado Avalanche&nbsp;: Terrible nouvelle pour Valeri Nichushkin - The Playoffs FR","robots":{"index":"index","follow":"follow","max-snippet":"max-snippet:-1","max-image-preview":"max-image-preview:large","max-video-preview":"max-video-preview:-1"},"canonical":"https:\/\/theplayoffs.news\/fr\/actualite-nhl\/colorado-avalanche-terrible-nouvelle-valeri-nichushkin\/","og_locale":"fr_FR","og_type":"article","og_title":"Colorado Avalanche&nbsp;: Terrible nouvelle pour Valeri Nichushkin - The Playoffs FR","og_url":"https:\/\/theplayoffs.news\/fr\/actualite-nhl\/colorado-avalanche-terrible-nouvelle-valeri-nichushkin\/","og_site_name":"The Playoffs FR","article_publisher":"https:\/\/www.facebook.com\/TheFreeAgentFR\/","article_modified_time":"2024-01-16T10:46:56+00:00","og_image":[{"width":1920,"height":1316,"url":"https:\/\/theplayoffs.news\/fr\/wp-content\/uploads\/2024\/01\/USATSI_22266171.jpg","type":"image\/jpeg"}],"author":"Lilian Himmelberger","twitter_card":"summary_large_image","twitter_creator":"@Colorado_FR_AVS","twitter_site":"@TheFreeAgentFR","twitter_misc":{"\u00c9crit par":"Lilian Himmelberger","Dur\u00e9e de lecture estim\u00e9e":"2 minutes"},"schema":{"@context":"https:\/\/schema.org","@graph":[{"@type":"WebPage","@id":"https:\/\/theplayoffs.news\/fr\/actualite-nhl\/colorado-avalanche-terrible-nouvelle-valeri-nichushkin\/","url":"https:\/\/theplayoffs.news\/fr\/actualite-nhl\/colorado-avalanche-terrible-nouvelle-valeri-nichushkin\/","name":"Colorado Avalanche\u00a0: Terrible nouvelle pour Valeri Nichushkin - The Playoffs FR","isPartOf":{"@id":"https:\/\/theplayoffs.news\/fr\/#website"},"primaryImageOfPage":{"@id":"https:\/\/theplayoffs.news\/fr\/actualite-nhl\/colorado-avalanche-terrible-nouvelle-valeri-nichushkin\/#primaryimage"},"image":{"@id":"https:\/\/theplayoffs.news\/fr\/actualite-nhl\/colorado-avalanche-terrible-nouvelle-valeri-nichushkin\/#primaryimage"},"thumbnailUrl":"https:\/\/theplayoffs.news\/fr\/wp-content\/uploads\/2024\/01\/USATSI_22266171.jpg","datePublished":"2024-01-16T10:46:55+00:00","dateModified":"2024-01-16T10:46:56+00:00","author":{"@id":"https:\/\/theplayoffs.news\/fr\/#\/schema\/person\/0931b4a2fbcb1e3ec76de45cc3952a9b"},"breadcrumb":{"@id":"https:\/\/theplayoffs.news\/fr\/actualite-nhl\/colorado-avalanche-terrible-nouvelle-valeri-nichushkin\/#breadcrumb"},"inLanguage":"fr-FR","potentialAction":[{"@type":"ReadAction","target":["https:\/\/theplayoffs.news\/fr\/actualite-nhl\/colorado-avalanche-terrible-nouvelle-valeri-nichushkin\/"]}]},{"@type":"ImageObject","inLanguage":"fr-FR","@id":"https:\/\/theplayoffs.news\/fr\/actualite-nhl\/colorado-avalanche-terrible-nouvelle-valeri-nichushkin\/#primaryimage","url":"https:\/\/theplayoffs.news\/fr\/wp-content\/uploads\/2024\/01\/USATSI_22266171.jpg","contentUrl":"https:\/\/theplayoffs.news\/fr\/wp-content\/uploads\/2024\/01\/USATSI_22266171.jpg","width":1920,"height":1316,"caption":"Jan 10, 2024; Denver, Colorado, USA; Colorado Avalanche right wing Valeri Nichushkin (13) celebrates his goal in the second period against the Vegas Golden Knights at Ball Arena. Mandatory Credit: Ron Chenoy-USA TODAY Sports"},{"@type":"BreadcrumbList","@id":"https:\/\/theplayoffs.news\/fr\/actualite-nhl\/colorado-avalanche-terrible-nouvelle-valeri-nichushkin\/#breadcrumb","itemListElement":[{"@type":"ListItem","position":1,"name":"Accueil","item":"https:\/\/theplayoffs.news\/fr\/"},{"@type":"ListItem","position":2,"name":"Colorado Avalanche\u00a0: Terrible nouvelle pour Valeri Nichushkin"}]},{"@type":"WebSite","@id":"https:\/\/theplayoffs.news\/fr\/#website","url":"https:\/\/theplayoffs.news\/fr\/","name":"The Playoffs FR","description":"NBA-NFL-NHL-MLB","potentialAction":[{"@type":"SearchAction","target":{"@type":"EntryPoint","urlTemplate":"https:\/\/theplayoffs.news\/fr\/?s={search_term_string}"},"query-input":{"@type":"PropertyValueSpecification","valueRequired":true,"valueName":"search_term_string"}}],"inLanguage":"fr-FR"},{"@type":"Person","@id":"https:\/\/theplayoffs.news\/fr\/#\/schema\/person\/0931b4a2fbcb1e3ec76de45cc3952a9b","name":"Lilian Himmelberger","image":{"@type":"ImageObject","inLanguage":"fr-FR","@id":"https:\/\/theplayoffs.news\/fr\/#\/schema\/person\/image\/","url":"https:\/\/secure.gravatar.com\/avatar\/f4ac659ea2cbd43c2b77e8f751667a8f5b8015dadf9db3f3942f26588c2262af?s=96&d=mm&r=g","contentUrl":"https:\/\/secure.gravatar.com\/avatar\/f4ac659ea2cbd43c2b77e8f751667a8f5b8015dadf9db3f3942f26588c2262af?s=96&d=mm&r=g","caption":"Lilian Himmelberger"},"description":"Pour TPO, j\u2019\u00e9cris sur la NHL et la Ligue Magnus ou le hockey fran\u00e7ais en g\u00e9n\u00e9ral. J\u2019ai commenc\u00e9 un compte Twitter\/X sur l\u2019actu du Colorado Avalanche en fran\u00e7ais en 2020 et j\u2019ai commenc\u00e9 \u00e0 \u00e9crire des articles sur la NHL pour un site perso. C\u2019est en novembre 2023 que j\u2019ai ensuite rejoint TPO pour \u00e9crire sur la NHL et le hockey fran\u00e7ais. J\u2019adore pouvoir parler de ma passion et surtout de pouvoir parler du hockey qui est un sport encore trop peu connu en France. N\u2019oubliez pas que Nathan MacKinnon est le meilleur joueur du monde.","sameAs":["https:\/\/x.com\/Colorado_FR_AVS"],"url":"https:\/\/theplayoffs.news\/fr\/author\/lilianhimmelbergergmail-com\/"}]}},"_links":{"self":[{"href":"https:\/\/theplayoffs.news\/fr\/wp-json\/wp\/v2\/posts\/1263509","targetHints":{"allow":["GET"]}}],"collection":[{"href":"https:\/\/theplayoffs.news\/fr\/wp-json\/wp\/v2\/posts"}],"about":[{"href":"https:\/\/theplayoffs.news\/fr\/wp-json\/wp\/v2\/types\/post"}],"author":[{"embeddable":true,"href":"https:\/\/theplayoffs.news\/fr\/wp-json\/wp\/v2\/users\/180310223"}],"replies":[{"embeddable":true,"href":"https:\/\/theplayoffs.news\/fr\/wp-json\/wp\/v2\/comments?post=1263509"}],"version-history":[{"count":2,"href":"https:\/\/theplayoffs.news\/fr\/wp-json\/wp\/v2\/posts\/1263509\/revisions"}],"predecessor-version":[{"id":1263524,"href":"https:\/\/theplayoffs.news\/fr\/wp-json\/wp\/v2\/posts\/1263509\/revisions\/1263524"}],"wp:featuredmedia":[{"embeddable":true,"href":"https:\/\/theplayoffs.news\/fr\/wp-json\/wp\/v2\/media\/1263519"}],"wp:attachment":[{"href":"https:\/\/theplayoffs.news\/fr\/wp-json\/wp\/v2\/media?parent=1263509"}],"wp:term":[{"taxonomy":"category","embeddable":true,"href":"https:\/\/theplayoffs.news\/fr\/wp-json\/wp\/v2\/categories?post=1263509"},{"taxonomy":"post_tag","embeddable":true,"href":"https:\/\/theplayoffs.news\/fr\/wp-json\/wp\/v2\/tags?post=1263509"},{"taxonomy":"sport","embeddable":true,"href":"https:\/\/theplayoffs.news\/fr\/wp-json\/wp\/v2\/sport?post=1263509"},{"taxonomy":"saison","embeddable":true,"href":"https:\/\/theplayoffs.news\/fr\/wp-json\/wp\/v2\/saison?post=1263509"}],"curies":[{"name":"wp","href":"https:\/\/api.w.org\/{rel}","templated":true}]}}