{"id":1258249,"date":"2024-01-14T14:50:50","date_gmt":"2024-01-14T13:50:50","guid":{"rendered":"https:\/\/theplayoffs.news\/fr\/?p=1258249"},"modified":"2024-01-14T14:50:51","modified_gmt":"2024-01-14T13:50:51","slug":"casque-fendu-de-patrick-mahomes-le-froid-comme-principale-raison","status":"publish","type":"post","link":"https:\/\/theplayoffs.news\/fr\/actualite-nfl\/casque-fendu-de-patrick-mahomes-le-froid-comme-principale-raison\/","title":{"rendered":"Casque fendu de Patrick Mahomes : le froid comme principale raison ?"},"content":{"rendered":"<h2>NFL &ndash; Lors d&rsquo;une nuit glacialement froide de samedi, Patrick Mahomes a vu son casque se briser pendant le match.<\/h2><p>Cet incident, consid&eacute;r&eacute; comme le premier de son genre dans le football professionnel, a soulev&eacute; de s&eacute;rieuses questions sur la fiabilit&eacute; de l&rsquo;&eacute;quipement de s&eacute;curit&eacute; dans des conditions m&eacute;t&eacute;orologiques extr&ecirc;mes.<\/p><p><a href=\"https:\/\/theplayoffs.news\/fr\/joueur\/patrick-mahomes-nfl-6278954\/\" class=\"trk-cta-link\" data-cta-trk='{\"ctaType\":\"Link\",\"ctaSubType\":\"main\"}'><strong>Patrick Mahomes<\/strong><\/a>, connu pour sa r&eacute;silience et son d&eacute;vouement envers le jeu, a &eacute;t&eacute; surpris par les dommages subis par son casque. Il a exprim&eacute; son &eacute;tonnement, notant qu&rsquo;il n&rsquo;avait jamais rien vu de tel au cours de sa carri&egrave;re. Les conditions sur le terrain &eacute;taient exceptionnellement froides, conduisant &agrave; des sp&eacute;culations selon lesquelles les temp&eacute;ratures glaciales ont jou&eacute; un r&ocirc;le crucial dans la d&eacute;faillance du casque.<\/p><blockquote><p>&laquo;&nbsp;Cela ne m&rsquo;&eacute;tait jamais arriv&eacute;&nbsp;&raquo;, <a href=\"https:\/\/www.nbcsports.com\/nfl\/profootballtalk\/rumor-mill\/news\/patrick-mahomes-broken-helmet-was-a-first-im-sure-it-was-because-of-the-cold\" class=\"trk-cta-link\" data-cta-trk='{\"ctaType\":\"Link\",\"ctaSubType\":\"main\"}'>a d&eacute;clar&eacute; Patrick Mahomes<\/a>. &laquo;&nbsp;Je suis s&ucirc;r que c&rsquo;est d&ucirc; au fait qu&rsquo;il fait tr&egrave;s froid. Je ne sais pas ce qui s&rsquo;est pass&eacute; sur le moment, mais je me suis retrouv&eacute; dans le caucus et tout le monde me l&rsquo;a dit, mais je me suis dit : &laquo;&nbsp;Je vous ai tous compris, mais je ne vais pas sortir du match, on va r&eacute;gler &ccedil;a sur la ligne de touche&nbsp;&raquo;. C&rsquo;&eacute;tait une premi&egrave;re pour moi.&nbsp;&raquo;<\/p><\/blockquote><p>Cet incident a suscit&eacute; un d&eacute;bat sur la pr&eacute;paration de l&rsquo;&eacute;quipement de football dans des temp&eacute;ratures extr&ecirc;mes. La NFL, aux c&ocirc;t&eacute;s de l&rsquo;Association des joueurs de la NFL, est incit&eacute;e &agrave; r&eacute;&eacute;valuer ses protocoles de s&eacute;curit&eacute;, en particulier en ce qui concerne les tests d&rsquo;&eacute;quipement sous des conditions m&eacute;t&eacute;orologiques s&eacute;v&egrave;res. Si l&rsquo;&eacute;quipement ne peut pas r&eacute;sister &agrave; des temp&eacute;ratures&nbsp; en dessous de z&eacute;ro, cela pose la question de savoir s&rsquo;il est s&ucirc;r de jouer dans de telles circonstances.<\/p><p>De plus, cet &eacute;v&eacute;nement a incit&eacute; une discussion sur le stockage et l&rsquo;entretien de l&rsquo;&eacute;quipement de secours.<\/p><p>L&rsquo;incident du casque de Patrick Mahomes sert d&rsquo;avertissement &agrave; la NFL. Il souligne la n&eacute;cessit&eacute; de tester rigoureusement l&rsquo;&eacute;quipement de football dans diverses conditions environnementales, assurant que la s&eacute;curit&eacute; des joueurs reste primordiale.<\/p><p>&nbsp;<\/p><p>Credit Photo. : Jay Biggerstaff-USA TODAY Sports<\/p>\n","protected":false},"excerpt":{"rendered":"","protected":false},"author":13,"featured_media":1258277,"comment_status":"open","ping_status":"closed","sticky":false,"template":"","format":"standard","meta":{"inline_featured_image":false,"kia_subtitle":"","_mux_skip_reasons":[],"proofreadBy":0,"footnotes":""},"categories":[118,40],"tags":[5731,225],"sport":[],"saison":[],"class_list":["post-1258249","post","type-post","status-publish","format-standard","has-post-thumbnail","hentry","category-actualite-nfl","category-nfl","tag-chiefs-de-kansas-city","tag-patrick-mahomes"],"acf":[],"yoast_head":"<!-- This site is optimized with the Yoast SEO plugin v24.2 - https:\/\/yoast.com\/wordpress\/plugins\/seo\/ -->\n<title>Casque fendu de Patrick Mahomes : le froid comme principale raison ? - The Playoffs FR<\/title>\n<meta name=\"robots\" content=\"index, follow, max-snippet:-1, max-image-preview:large, max-video-preview:-1\" \/>\n<link rel=\"canonical\" href=\"https:\/\/theplayoffs.news\/fr\/actualite-nfl\/casque-fendu-de-patrick-mahomes-le-froid-comme-principale-raison\/\" \/>\n<meta property=\"og:locale\" content=\"fr_FR\" \/>\n<meta property=\"og:type\" content=\"article\" \/>\n<meta property=\"og:title\" content=\"Casque fendu de Patrick Mahomes : le froid comme principale raison ? - The Playoffs FR\" \/>\n<meta property=\"og:url\" content=\"https:\/\/theplayoffs.news\/fr\/actualite-nfl\/casque-fendu-de-patrick-mahomes-le-froid-comme-principale-raison\/\" \/>\n<meta property=\"og:site_name\" content=\"The Playoffs FR\" \/>\n<meta property=\"article:publisher\" content=\"https:\/\/www.facebook.com\/TheFreeAgentFR\/\" \/>\n<meta property=\"article:modified_time\" content=\"2024-01-14T14:50:51+01:00\" \/>\n<meta property=\"og:image\" content=\"https:\/\/theplayoffs.news\/fr\/wp-content\/uploads\/2024\/01\/USATSI_22287431.jpg\" \/>\n\t<meta property=\"og:image:width\" content=\"1920\" \/>\n\t<meta property=\"og:image:height\" content=\"1280\" \/>\n\t<meta property=\"og:image:type\" content=\"image\/jpeg\" \/>\n<meta name=\"author\" content=\"Charles Taudin\" \/>\n<meta name=\"twitter:card\" content=\"summary_large_image\" \/>\n<meta name=\"twitter:creator\" content=\"@TheFreeAgentFR\" \/>\n<meta name=\"twitter:site\" content=\"@TheFreeAgentFR\" \/>\n<meta name=\"twitter:label1\" content=\"\u00c9crit par\" \/>\n\t<meta name=\"twitter:data1\" content=\"Charles Taudin\" \/>\n\t<meta name=\"twitter:label2\" content=\"Dur\u00e9e de lecture estim\u00e9e\" \/>\n\t<meta name=\"twitter:data2\" content=\"2 minutes\" \/>\n<script type=\"application\/ld+json\" class=\"yoast-schema-graph\">{\"@context\":\"https:\/\/schema.org\",\"@graph\":[{\"@type\":\"WebPage\",\"@id\":\"https:\/\/theplayoffs.news\/fr\/actualite-nfl\/casque-fendu-de-patrick-mahomes-le-froid-comme-principale-raison\/\",\"url\":\"https:\/\/theplayoffs.news\/fr\/actualite-nfl\/casque-fendu-de-patrick-mahomes-le-froid-comme-principale-raison\/\",\"name\":\"Casque fendu de Patrick Mahomes : le froid comme principale raison ? - The Playoffs FR\",\"isPartOf\":{\"@id\":\"https:\/\/theplayoffs.news\/fr\/#website\"},\"primaryImageOfPage\":{\"@id\":\"https:\/\/theplayoffs.news\/fr\/actualite-nfl\/casque-fendu-de-patrick-mahomes-le-froid-comme-principale-raison\/#primaryimage\"},\"image\":{\"@id\":\"https:\/\/theplayoffs.news\/fr\/actualite-nfl\/casque-fendu-de-patrick-mahomes-le-froid-comme-principale-raison\/#primaryimage\"},\"thumbnailUrl\":\"https:\/\/theplayoffs.news\/fr\/wp-content\/uploads\/2024\/01\/USATSI_22287431.jpg\",\"datePublished\":\"2024-01-14T13:50:50+00:00\",\"dateModified\":\"2024-01-14T13:50:51+00:00\",\"author\":{\"@id\":\"https:\/\/theplayoffs.news\/fr\/#\/schema\/person\/eee5b69ad5d3c51cabe881c839dbe133\"},\"breadcrumb\":{\"@id\":\"https:\/\/theplayoffs.news\/fr\/actualite-nfl\/casque-fendu-de-patrick-mahomes-le-froid-comme-principale-raison\/#breadcrumb\"},\"inLanguage\":\"fr-FR\",\"potentialAction\":[{\"@type\":\"ReadAction\",\"target\":[\"https:\/\/theplayoffs.news\/fr\/actualite-nfl\/casque-fendu-de-patrick-mahomes-le-froid-comme-principale-raison\/\"]}]},{\"@type\":\"ImageObject\",\"inLanguage\":\"fr-FR\",\"@id\":\"https:\/\/theplayoffs.news\/fr\/actualite-nfl\/casque-fendu-de-patrick-mahomes-le-froid-comme-principale-raison\/#primaryimage\",\"url\":\"https:\/\/theplayoffs.news\/fr\/wp-content\/uploads\/2024\/01\/USATSI_22287431.jpg\",\"contentUrl\":\"https:\/\/theplayoffs.news\/fr\/wp-content\/uploads\/2024\/01\/USATSI_22287431.jpg\",\"width\":1920,\"height\":1280,\"caption\":\"Jan 13, 2024; Kansas City, Missouri, USA; Kansas City Chiefs quarterback Patrick Mahomes (15) throws against the Miami Dolphins during the first half of the 2024 AFC wild card game at GEHA Field at Arrowhead Stadium. Mandatory Credit: Jay Biggerstaff-USA TODAY Sports\"},{\"@type\":\"BreadcrumbList\",\"@id\":\"https:\/\/theplayoffs.news\/fr\/actualite-nfl\/casque-fendu-de-patrick-mahomes-le-froid-comme-principale-raison\/#breadcrumb\",\"itemListElement\":[{\"@type\":\"ListItem\",\"position\":1,\"name\":\"Accueil\",\"item\":\"https:\/\/theplayoffs.news\/fr\/\"},{\"@type\":\"ListItem\",\"position\":2,\"name\":\"Casque fendu de Patrick Mahomes : le froid comme principale raison ?\"}]},{\"@type\":\"WebSite\",\"@id\":\"https:\/\/theplayoffs.news\/fr\/#website\",\"url\":\"https:\/\/theplayoffs.news\/fr\/\",\"name\":\"The Playoffs FR\",\"description\":\"NBA-NFL-NHL-MLB\",\"potentialAction\":[{\"@type\":\"SearchAction\",\"target\":{\"@type\":\"EntryPoint\",\"urlTemplate\":\"https:\/\/theplayoffs.news\/fr\/?s={search_term_string}\"},\"query-input\":{\"@type\":\"PropertyValueSpecification\",\"valueRequired\":true,\"valueName\":\"search_term_string\"}}],\"inLanguage\":\"fr-FR\"},{\"@type\":\"Person\",\"@id\":\"https:\/\/theplayoffs.news\/fr\/#\/schema\/person\/eee5b69ad5d3c51cabe881c839dbe133\",\"name\":\"Charles Taudin\",\"image\":{\"@type\":\"ImageObject\",\"inLanguage\":\"fr-FR\",\"@id\":\"https:\/\/theplayoffs.news\/fr\/#\/schema\/person\/image\/\",\"url\":\"https:\/\/secure.gravatar.com\/avatar\/59a1e772205ce9fd255edfcafc93013736822e20261f294c5753b20c41ede9f2?s=96&d=mm&r=g\",\"contentUrl\":\"https:\/\/secure.gravatar.com\/avatar\/59a1e772205ce9fd255edfcafc93013736822e20261f294c5753b20c41ede9f2?s=96&d=mm&r=g\",\"caption\":\"Charles Taudin\"},\"description\":\"R\u00e9dacteur en chef global de The Playoffs, j\u2019ai cr\u00e9\u00e9 The Free Agent, devenu The Playoffs FR, en 2020 durant la pand\u00e9mie. Amoureux depuis des ann\u00e9es des 4 sports majeurs am\u00e9ricains, j\u2019organise maintenant la strat\u00e9gie \u00e9ditoriale et les r\u00e9seaux sociaux de l\u2019ensemble des versions de The Playoffs. Il m\u2019arrive encore d\u2019\u00e9crire sur certains sports que j\u2019affectionne particuli\u00e8rement comme la NFL ou la MLB. Si vous devez retenir qu\u2019une chose : Eli Manning est le vrai GOAT pour avoir battu deux fois Tom Brady.\",\"sameAs\":[\"https:\/\/www.instagram.com\/ctaudin_\/\"],\"url\":\"https:\/\/theplayoffs.news\/fr\/author\/charles-taudin\/\"}]}<\/script>\n<!-- \/ Yoast SEO plugin. -->","yoast_head_json":{"title":"Casque fendu de Patrick Mahomes : le froid comme principale raison ? - The Playoffs FR","robots":{"index":"index","follow":"follow","max-snippet":"max-snippet:-1","max-image-preview":"max-image-preview:large","max-video-preview":"max-video-preview:-1"},"canonical":"https:\/\/theplayoffs.news\/fr\/actualite-nfl\/casque-fendu-de-patrick-mahomes-le-froid-comme-principale-raison\/","og_locale":"fr_FR","og_type":"article","og_title":"Casque fendu de Patrick Mahomes : le froid comme principale raison ? - The Playoffs FR","og_url":"https:\/\/theplayoffs.news\/fr\/actualite-nfl\/casque-fendu-de-patrick-mahomes-le-froid-comme-principale-raison\/","og_site_name":"The Playoffs FR","article_publisher":"https:\/\/www.facebook.com\/TheFreeAgentFR\/","article_modified_time":"2024-01-14T13:50:51+00:00","og_image":[{"width":1920,"height":1280,"url":"https:\/\/theplayoffs.news\/fr\/wp-content\/uploads\/2024\/01\/USATSI_22287431.jpg","type":"image\/jpeg"}],"author":"Charles Taudin","twitter_card":"summary_large_image","twitter_creator":"@TheFreeAgentFR","twitter_site":"@TheFreeAgentFR","twitter_misc":{"\u00c9crit par":"Charles Taudin","Dur\u00e9e de lecture estim\u00e9e":"2 minutes"},"schema":{"@context":"https:\/\/schema.org","@graph":[{"@type":"WebPage","@id":"https:\/\/theplayoffs.news\/fr\/actualite-nfl\/casque-fendu-de-patrick-mahomes-le-froid-comme-principale-raison\/","url":"https:\/\/theplayoffs.news\/fr\/actualite-nfl\/casque-fendu-de-patrick-mahomes-le-froid-comme-principale-raison\/","name":"Casque fendu de Patrick Mahomes : le froid comme principale raison ? - The Playoffs FR","isPartOf":{"@id":"https:\/\/theplayoffs.news\/fr\/#website"},"primaryImageOfPage":{"@id":"https:\/\/theplayoffs.news\/fr\/actualite-nfl\/casque-fendu-de-patrick-mahomes-le-froid-comme-principale-raison\/#primaryimage"},"image":{"@id":"https:\/\/theplayoffs.news\/fr\/actualite-nfl\/casque-fendu-de-patrick-mahomes-le-froid-comme-principale-raison\/#primaryimage"},"thumbnailUrl":"https:\/\/theplayoffs.news\/fr\/wp-content\/uploads\/2024\/01\/USATSI_22287431.jpg","datePublished":"2024-01-14T13:50:50+00:00","dateModified":"2024-01-14T13:50:51+00:00","author":{"@id":"https:\/\/theplayoffs.news\/fr\/#\/schema\/person\/eee5b69ad5d3c51cabe881c839dbe133"},"breadcrumb":{"@id":"https:\/\/theplayoffs.news\/fr\/actualite-nfl\/casque-fendu-de-patrick-mahomes-le-froid-comme-principale-raison\/#breadcrumb"},"inLanguage":"fr-FR","potentialAction":[{"@type":"ReadAction","target":["https:\/\/theplayoffs.news\/fr\/actualite-nfl\/casque-fendu-de-patrick-mahomes-le-froid-comme-principale-raison\/"]}]},{"@type":"ImageObject","inLanguage":"fr-FR","@id":"https:\/\/theplayoffs.news\/fr\/actualite-nfl\/casque-fendu-de-patrick-mahomes-le-froid-comme-principale-raison\/#primaryimage","url":"https:\/\/theplayoffs.news\/fr\/wp-content\/uploads\/2024\/01\/USATSI_22287431.jpg","contentUrl":"https:\/\/theplayoffs.news\/fr\/wp-content\/uploads\/2024\/01\/USATSI_22287431.jpg","width":1920,"height":1280,"caption":"Jan 13, 2024; Kansas City, Missouri, USA; Kansas City Chiefs quarterback Patrick Mahomes (15) throws against the Miami Dolphins during the first half of the 2024 AFC wild card game at GEHA Field at Arrowhead Stadium. Mandatory Credit: Jay Biggerstaff-USA TODAY Sports"},{"@type":"BreadcrumbList","@id":"https:\/\/theplayoffs.news\/fr\/actualite-nfl\/casque-fendu-de-patrick-mahomes-le-froid-comme-principale-raison\/#breadcrumb","itemListElement":[{"@type":"ListItem","position":1,"name":"Accueil","item":"https:\/\/theplayoffs.news\/fr\/"},{"@type":"ListItem","position":2,"name":"Casque fendu de Patrick Mahomes : le froid comme principale raison ?"}]},{"@type":"WebSite","@id":"https:\/\/theplayoffs.news\/fr\/#website","url":"https:\/\/theplayoffs.news\/fr\/","name":"The Playoffs FR","description":"NBA-NFL-NHL-MLB","potentialAction":[{"@type":"SearchAction","target":{"@type":"EntryPoint","urlTemplate":"https:\/\/theplayoffs.news\/fr\/?s={search_term_string}"},"query-input":{"@type":"PropertyValueSpecification","valueRequired":true,"valueName":"search_term_string"}}],"inLanguage":"fr-FR"},{"@type":"Person","@id":"https:\/\/theplayoffs.news\/fr\/#\/schema\/person\/eee5b69ad5d3c51cabe881c839dbe133","name":"Charles Taudin","image":{"@type":"ImageObject","inLanguage":"fr-FR","@id":"https:\/\/theplayoffs.news\/fr\/#\/schema\/person\/image\/","url":"https:\/\/secure.gravatar.com\/avatar\/59a1e772205ce9fd255edfcafc93013736822e20261f294c5753b20c41ede9f2?s=96&d=mm&r=g","contentUrl":"https:\/\/secure.gravatar.com\/avatar\/59a1e772205ce9fd255edfcafc93013736822e20261f294c5753b20c41ede9f2?s=96&d=mm&r=g","caption":"Charles Taudin"},"description":"R\u00e9dacteur en chef global de The Playoffs, j\u2019ai cr\u00e9\u00e9 The Free Agent, devenu The Playoffs FR, en 2020 durant la pand\u00e9mie. Amoureux depuis des ann\u00e9es des 4 sports majeurs am\u00e9ricains, j\u2019organise maintenant la strat\u00e9gie \u00e9ditoriale et les r\u00e9seaux sociaux de l\u2019ensemble des versions de The Playoffs. Il m\u2019arrive encore d\u2019\u00e9crire sur certains sports que j\u2019affectionne particuli\u00e8rement comme la NFL ou la MLB. Si vous devez retenir qu\u2019une chose : Eli Manning est le vrai GOAT pour avoir battu deux fois Tom Brady.","sameAs":["https:\/\/www.instagram.com\/ctaudin_\/"],"url":"https:\/\/theplayoffs.news\/fr\/author\/charles-taudin\/"}]}},"_links":{"self":[{"href":"https:\/\/theplayoffs.news\/fr\/wp-json\/wp\/v2\/posts\/1258249","targetHints":{"allow":["GET"]}}],"collection":[{"href":"https:\/\/theplayoffs.news\/fr\/wp-json\/wp\/v2\/posts"}],"about":[{"href":"https:\/\/theplayoffs.news\/fr\/wp-json\/wp\/v2\/types\/post"}],"author":[{"embeddable":true,"href":"https:\/\/theplayoffs.news\/fr\/wp-json\/wp\/v2\/users\/13"}],"replies":[{"embeddable":true,"href":"https:\/\/theplayoffs.news\/fr\/wp-json\/wp\/v2\/comments?post=1258249"}],"version-history":[{"count":3,"href":"https:\/\/theplayoffs.news\/fr\/wp-json\/wp\/v2\/posts\/1258249\/revisions"}],"predecessor-version":[{"id":1259594,"href":"https:\/\/theplayoffs.news\/fr\/wp-json\/wp\/v2\/posts\/1258249\/revisions\/1259594"}],"wp:featuredmedia":[{"embeddable":true,"href":"https:\/\/theplayoffs.news\/fr\/wp-json\/wp\/v2\/media\/1258277"}],"wp:attachment":[{"href":"https:\/\/theplayoffs.news\/fr\/wp-json\/wp\/v2\/media?parent=1258249"}],"wp:term":[{"taxonomy":"category","embeddable":true,"href":"https:\/\/theplayoffs.news\/fr\/wp-json\/wp\/v2\/categories?post=1258249"},{"taxonomy":"post_tag","embeddable":true,"href":"https:\/\/theplayoffs.news\/fr\/wp-json\/wp\/v2\/tags?post=1258249"},{"taxonomy":"sport","embeddable":true,"href":"https:\/\/theplayoffs.news\/fr\/wp-json\/wp\/v2\/sport?post=1258249"},{"taxonomy":"saison","embeddable":true,"href":"https:\/\/theplayoffs.news\/fr\/wp-json\/wp\/v2\/saison?post=1258249"}],"curies":[{"name":"wp","href":"https:\/\/api.w.org\/{rel}","templated":true}]}}