{"id":1252833,"date":"2024-01-12T22:55:30","date_gmt":"2024-01-12T21:55:30","guid":{"rendered":"https:\/\/theplayoffs.news\/fr\/?p=1252833"},"modified":"2024-01-12T22:55:31","modified_gmt":"2024-01-12T21:55:31","slug":"all-pro-2023-selection-complete-est-connue","status":"publish","type":"post","link":"https:\/\/theplayoffs.news\/fr\/actualite-nfl\/all-pro-2023-selection-complete-est-connue\/","title":{"rendered":"Team All Pro 2023: la s\u00e9lection compl\u00e8te est connue!"},"content":{"rendered":"<h2>NFL &ndash; A la veille du d&eacute;but des playoffs NFL, les s&eacute;lections des joueurs des &eacute;quipes All Pro 2023 sont d&eacute;sormais connues.<\/h2><p>Comme il est de coutume en NFL juste apr&egrave;s la fin de la saison r&eacute;guli&egrave;re, les &eacute;quipes All Pro de la saison qui vient de s&rsquo;&eacute;couler sont d&eacute;voil&eacute;es r&eacute;compensant ainsi les meilleurs joueurs de la saison selon un syst&egrave;me de vote de 50 journalistes d&eacute;sign&eacute;s par l&rsquo;Associated Press. Les joueurs sont ensuite class&eacute;s et r&eacute;parties dans la <a href=\"https:\/\/twitter.com\/AdamSchefter\/status\/1745866663642181681\" class=\"trk-cta-link\" data-cta-trk='{\"ctaType\":\"Link\",\"ctaSubType\":\"main\"}'>First Team All Pro&nbsp;<\/a> pour les joueurs ayant eu le plus de vote et dans la Second Team All Pro&nbsp; pour les joueurs arrivant juste derri&egrave;re.<\/p><blockquote class=\"twitter-tweet\" data-width=\"500\" data-dnt=\"true\">\n<p lang=\"en\" dir=\"ltr\">NFL&rsquo;s first team All Pros: <a href=\"https:\/\/t.co\/UUO2OSjaLa\" class=\"trk-cta-link\" data-cta-trk='{\"ctaType\":\"Link\",\"ctaSubType\":\"main\"}'>pic.twitter.com\/UUO2OSjaLa<\/a><\/p>\n<p>&mdash; Adam Schefter (@AdamSchefter) <a href=\"https:\/\/twitter.com\/AdamSchefter\/status\/1745866663642181681?ref_src=twsrc%5Etfw\" class=\"trk-cta-link\" data-cta-trk='{\"ctaType\":\"Link\",\"ctaSubType\":\"main\"}'>January 12, 2024<\/a><\/p><\/blockquote><p><script async src=\"https:\/\/platform.twitter.com\/widgets.js\" charset=\"utf-8\"><\/script><\/p><p>Lors de cette saison 2023, trois joueurs ont &eacute;t&eacute; &eacute;lu unanimement dans la First Team All Pro ce qui signifie que les 50 journalistes votants les ont class&eacute; &agrave; chaque fois en premi&egrave;re position. Sans surprise, on retrouve dans ces trois joueurs le receveur des Miami Dolphins Tyreek Hill mais aussi deux joueurs des San Francisco 49ers, Christian McCaffrey et <a href=\"https:\/\/theplayoffs.news\/fr\/joueur\/fred-warner-san-francisco-49ers-nfl\/\" class=\"trk-cta-link\" data-cta-trk='{\"ctaType\":\"Link\",\"ctaSubType\":\"main\"}'>Fred Warner<\/a>.<\/p><p>Retrouvez ci dessous la liste compl&egrave;te des joueurs s&eacute;lectionn&eacute;s par les journalistes dans les deux teams All Pro de cette saison NFL 2023.<\/p><h3>First Team All Pro 2023:<\/h3><h4><b>Attaque<\/b><\/h4><p><strong>Quarterback<\/strong>: Lamar Jackson (Baltimore Ravens)<br>\n<strong>Running Back<\/strong>: Christian McCaffrey (San Francisco 49ers)<br>\n<strong>Fullback<\/strong>: Kyle Juszczyk (San Francisco 49ers)<br>\n<strong>Tight End<\/strong>: George Kittle (San Francisco 49ers)<br>\n<strong>Wide Receivers<\/strong>: Tyreek Hill (Miami Dolphins) \/ CeeDee Lamb (Dallas Cowboys) \/ Amon-Ra St. Brown (Detroit Lions)<br>\n<strong>Left Tackle<\/strong>: Trent Williams (San Francisco 49ers)<br>\n<strong>Left Guard<\/strong>: Joe Thuney (Kansas City Chiefs)<br>\n<strong>Center:<\/strong> Jason Kelce (Philadelphie Eagles)<br>\n<strong>Right Guard<\/strong>: Zack Martin (Dallas Cowboys)<br>\n<strong>Right Tackle<\/strong>: Penei Sewell (Detroit Lions)<\/p><h4>D&eacute;fense<\/h4><p><strong>Edge Rushers:<\/strong> Myles Garrett (Cleveland Browns) \/ T.J. Watt (Pittsburgh Steelers)<br>\n<strong>Interior Linemen:<\/strong> Aaron Donald (Los Angeles Rams) \/ Chris Jones (Kansas City Chiefs)<br>\n<strong>Linebackers:<\/strong> Fred Warner (San Francisco 49ers) \/ Roquan Smith (Baltimore Ravens) \/ Quincy Williams (New York Jets)<br>\n<strong>Cornerbacks:<\/strong> DaRon Bland (Dallas Cowboys) \/ Sauce Gardner (New York Jets)<br>\n<strong>Slot cornerback:<\/strong> Trent McDuffie (Kansas City Chiefs)<br>\n<strong>Safeties:<\/strong> Kyle Hamilton (Baltimore Ravens) \/ Antoine Winfield Jr. (Tampa Bay Buccaneers)<\/p><h4>Equipes Sp&eacute;ciales<\/h4><p><strong>Kicker:<\/strong> Brandon Aubrey (Dallas Cowboys)<br>\n<strong>Punter:<\/strong> AJ Cole (Las Vegas Raiders)<br>\n<strong>Kick Returner:<\/strong> Keisean Nixon (Green Bay Packers)<br>\n<strong>Punt Returner:<\/strong> Rashid Shaheed (New Orleans Saints)<br>\n<strong>Special Teamer:<\/strong> Miles Killebrew (Pittsburgh Steelers)<br>\n<strong>Long Snapper:<\/strong> Ross Matiscik (Jacksonville Jaguars)<\/p><h3>Second Team All Pro 2023<\/h3><h4><b>Attaque<\/b><\/h4><p><strong>Quarterback<\/strong>: Dak Prescott (Dallas Cowboys)<br>\n<strong>Running Back<\/strong>: Kyren Williams (Los Angeles Rams)<br>\n<strong>Fullback<\/strong>: Patrick Ricard (Baltimore Ravens)<br>\n<strong>Tight End<\/strong>: Sam LaPorta (Detroit Lions)<br>\n<strong>Wide Receivers<\/strong>: AJ Brown (Philadelphie Eagles) \/ Puka Nacua (Los Angeles Rams) \/ Mike Evans (Tampa Bay Buccaneers) \/ Brandon Aiyuk (San Francisco 49ers)<br>\n<strong>Left Tackle<\/strong>: Tyron Smith (Dallas Cowboys)<br>\n<strong>Left Guard<\/strong>: Tyler Smith (Dallas Cowboys)<br>\n<strong>Center:<\/strong> Frank Ragnow (Detroit Lions)<br>\n<strong>Right Guard<\/strong>: Chris Lidstrom (Atlanta Falcons)<br>\n<strong>Right Tackle<\/strong>: Lane Johnson (Philadelphie Eagles)<\/p><h4>D&eacute;fense<\/h4><p><strong>Edge Rushers:<\/strong> Micah Parsons (Dallas Cowboys) \/ Maxx Crosby (Las Vegas Raiders)<br>\n<strong>Interior Linemen:<\/strong> Justin Madubuike (Baltimore Ravens) \/ Dexter Lawrence (New York Giants)<br>\n<strong>Linebackers:<\/strong> Demario Davis (New Orleans Saints) \/ Bobby Wagner (Seattle Seahawks) \/ Patrick Queen (Baltimore Ravens)<br>\n<strong>Cornerbacks:<\/strong> Jaylon Johnson (Chicago Bears) \/ Charvarius Ward (San Francisco 49ers)<br>\n<strong>Slot cornerback:<\/strong> Taron Johnson (Buffalo Bills)<br>\n<strong>Safeties:<\/strong> Jessie Bates III (Atlanta Falcons) \/ Justin Simmons (Denver Broncos)<\/p><h4>Equipes Sp&eacute;ciales<\/h4><p><strong>Kicker:<\/strong> Jake Elliott (Philadelphie Eagles)<br>\n<strong>Punter:<\/strong> Bryan Anger (Dallas Cowboys)<br>\n<strong>Kick Returner:<\/strong> Marvin Mims (Denver Broncos)<br>\n<strong>Punt Returner:<\/strong> Derius Davis (Los Angeles Chargers)<br>\n<strong>Special Teamer:<\/strong> Jalen Reeves-Maybin (Detroit Lions)<br>\n<strong>Long Snapper:<\/strong> Andrew DePaola (Minnesota Vikings)<\/p><p><em>Cr&eacute;dit photo: Tommy Gilligan-USA TODAY Sports<\/em><\/p>\n","protected":false},"excerpt":{"rendered":"","protected":false},"author":180309964,"featured_media":1252835,"comment_status":"open","ping_status":"closed","sticky":false,"template":"","format":"standard","meta":{"inline_featured_image":false,"kia_subtitle":"","_mux_skip_reasons":[],"proofreadBy":0,"footnotes":""},"categories":[118,40],"tags":[6834],"sport":[2785],"saison":[3453],"class_list":["post-1252833","post","type-post","status-publish","format-standard","has-post-thumbnail","hentry","category-actualite-nfl","category-nfl","tag-all-pro-team-nfl","sport-nfl","saison-3453"],"acf":[],"yoast_head":"<!-- This site is optimized with the Yoast SEO plugin v24.2 - https:\/\/yoast.com\/wordpress\/plugins\/seo\/ -->\n<title>Team All Pro 2023: la s&eacute;lection compl&egrave;te est connue! - The Playoffs FR<\/title>\n<meta name=\"robots\" content=\"index, follow, max-snippet:-1, max-image-preview:large, max-video-preview:-1\" \/>\n<link rel=\"canonical\" href=\"https:\/\/theplayoffs.news\/fr\/actualite-nfl\/all-pro-2023-selection-complete-est-connue\/\" \/>\n<meta property=\"og:locale\" content=\"fr_FR\" \/>\n<meta property=\"og:type\" content=\"article\" \/>\n<meta property=\"og:title\" content=\"Team All Pro 2023: la s&eacute;lection compl&egrave;te est connue! - The Playoffs FR\" \/>\n<meta property=\"og:url\" content=\"https:\/\/theplayoffs.news\/fr\/actualite-nfl\/all-pro-2023-selection-complete-est-connue\/\" \/>\n<meta property=\"og:site_name\" content=\"The Playoffs FR\" \/>\n<meta property=\"article:publisher\" content=\"https:\/\/www.facebook.com\/TheFreeAgentFR\/\" \/>\n<meta property=\"article:modified_time\" content=\"2024-01-12T22:55:31+01:00\" \/>\n<meta property=\"og:image\" content=\"https:\/\/theplayoffs.news\/fr\/wp-content\/uploads\/2024\/01\/USATSI_22201007.jpg\" \/>\n\t<meta property=\"og:image:width\" content=\"1920\" \/>\n\t<meta property=\"og:image:height\" content=\"1278\" \/>\n\t<meta property=\"og:image:type\" content=\"image\/jpeg\" \/>\n<meta name=\"author\" content=\"Flavien Jumeau\" \/>\n<meta name=\"twitter:card\" content=\"summary_large_image\" \/>\n<meta name=\"twitter:creator\" content=\"@TheFreeAgentFR\" \/>\n<meta name=\"twitter:site\" content=\"@TheFreeAgentFR\" \/>\n<meta name=\"twitter:label1\" content=\"\u00c9crit par\" \/>\n\t<meta name=\"twitter:data1\" content=\"Flavien Jumeau\" \/>\n\t<meta name=\"twitter:label2\" content=\"Dur\u00e9e de lecture estim\u00e9e\" \/>\n\t<meta name=\"twitter:data2\" content=\"3 minutes\" \/>\n<script type=\"application\/ld+json\" class=\"yoast-schema-graph\">{\"@context\":\"https:\/\/schema.org\",\"@graph\":[{\"@type\":\"WebPage\",\"@id\":\"https:\/\/theplayoffs.news\/fr\/actualite-nfl\/all-pro-2023-selection-complete-est-connue\/\",\"url\":\"https:\/\/theplayoffs.news\/fr\/actualite-nfl\/all-pro-2023-selection-complete-est-connue\/\",\"name\":\"Team All Pro 2023: la s\u00e9lection compl\u00e8te est connue! - The Playoffs FR\",\"isPartOf\":{\"@id\":\"https:\/\/theplayoffs.news\/fr\/#website\"},\"primaryImageOfPage\":{\"@id\":\"https:\/\/theplayoffs.news\/fr\/actualite-nfl\/all-pro-2023-selection-complete-est-connue\/#primaryimage\"},\"image\":{\"@id\":\"https:\/\/theplayoffs.news\/fr\/actualite-nfl\/all-pro-2023-selection-complete-est-connue\/#primaryimage\"},\"thumbnailUrl\":\"https:\/\/theplayoffs.news\/fr\/wp-content\/uploads\/2024\/01\/USATSI_22201007.jpg\",\"datePublished\":\"2024-01-12T21:55:30+00:00\",\"dateModified\":\"2024-01-12T21:55:31+00:00\",\"author\":{\"@id\":\"https:\/\/theplayoffs.news\/fr\/#\/schema\/person\/def63bc6746dc5957469b75feb99e66d\"},\"breadcrumb\":{\"@id\":\"https:\/\/theplayoffs.news\/fr\/actualite-nfl\/all-pro-2023-selection-complete-est-connue\/#breadcrumb\"},\"inLanguage\":\"fr-FR\",\"potentialAction\":[{\"@type\":\"ReadAction\",\"target\":[\"https:\/\/theplayoffs.news\/fr\/actualite-nfl\/all-pro-2023-selection-complete-est-connue\/\"]}]},{\"@type\":\"ImageObject\",\"inLanguage\":\"fr-FR\",\"@id\":\"https:\/\/theplayoffs.news\/fr\/actualite-nfl\/all-pro-2023-selection-complete-est-connue\/#primaryimage\",\"url\":\"https:\/\/theplayoffs.news\/fr\/wp-content\/uploads\/2024\/01\/USATSI_22201007.jpg\",\"contentUrl\":\"https:\/\/theplayoffs.news\/fr\/wp-content\/uploads\/2024\/01\/USATSI_22201007.jpg\",\"width\":1920,\"height\":1278,\"caption\":\"Dec 31, 2023; Baltimore, Maryland, USA; Miami Dolphins wide receiver Tyreek Hill (10) reacts after making a first down against the Baltimore Ravens during the first half at M&amp;T Bank Stadium. Mandatory Credit: Tommy Gilligan-USA TODAY Sports\"},{\"@type\":\"BreadcrumbList\",\"@id\":\"https:\/\/theplayoffs.news\/fr\/actualite-nfl\/all-pro-2023-selection-complete-est-connue\/#breadcrumb\",\"itemListElement\":[{\"@type\":\"ListItem\",\"position\":1,\"name\":\"Accueil\",\"item\":\"https:\/\/theplayoffs.news\/fr\/\"},{\"@type\":\"ListItem\",\"position\":2,\"name\":\"Team All Pro 2023: la s\u00e9lection compl\u00e8te est connue!\"}]},{\"@type\":\"WebSite\",\"@id\":\"https:\/\/theplayoffs.news\/fr\/#website\",\"url\":\"https:\/\/theplayoffs.news\/fr\/\",\"name\":\"The Playoffs FR\",\"description\":\"NBA-NFL-NHL-MLB\",\"potentialAction\":[{\"@type\":\"SearchAction\",\"target\":{\"@type\":\"EntryPoint\",\"urlTemplate\":\"https:\/\/theplayoffs.news\/fr\/?s={search_term_string}\"},\"query-input\":{\"@type\":\"PropertyValueSpecification\",\"valueRequired\":true,\"valueName\":\"search_term_string\"}}],\"inLanguage\":\"fr-FR\"},{\"@type\":\"Person\",\"@id\":\"https:\/\/theplayoffs.news\/fr\/#\/schema\/person\/def63bc6746dc5957469b75feb99e66d\",\"name\":\"Flavien Jumeau\",\"image\":{\"@type\":\"ImageObject\",\"inLanguage\":\"fr-FR\",\"@id\":\"https:\/\/theplayoffs.news\/fr\/#\/schema\/person\/image\/\",\"url\":\"https:\/\/secure.gravatar.com\/avatar\/e7fa8ba5a4b7e4ce35fe152f083f352db28ad0acce692004ed88a7a7d78893f7?s=96&d=mm&r=g\",\"contentUrl\":\"https:\/\/secure.gravatar.com\/avatar\/e7fa8ba5a4b7e4ce35fe152f083f352db28ad0acce692004ed88a7a7d78893f7?s=96&d=mm&r=g\",\"caption\":\"Flavien Jumeau\"},\"description\":\"Amoureux du sport (et de vraiment tous les sports) depuis mon plus jeune \u00e2ge, j\u2019ai longtemps h\u00e9site entre le snooker et le curling. Finalement c\u2019est le foot US que j\u2019ai d\u00e9cid\u00e9 de choisir! Responsable foot US sur TPO et animateur du podcast Tailgate j\u2019ai pour mission de vous faire d\u00e9couvrir ce sport passionnant si ce n\u2019est pas encore fait et de vous donner les derni\u00e8res actus. Le tout dans la bonne humeur et avec toujours un jeu de mots ou deux savamment distill\u00e9s! Fan des Saints, pour moi Drew Brees est le vrai GOAT!\",\"url\":\"https:\/\/theplayoffs.news\/fr\/author\/flavien-jumeaugmail-com\/\"}]}<\/script>\n<!-- \/ Yoast SEO plugin. -->","yoast_head_json":{"title":"Team All Pro 2023: la s&eacute;lection compl&egrave;te est connue! - The Playoffs FR","robots":{"index":"index","follow":"follow","max-snippet":"max-snippet:-1","max-image-preview":"max-image-preview:large","max-video-preview":"max-video-preview:-1"},"canonical":"https:\/\/theplayoffs.news\/fr\/actualite-nfl\/all-pro-2023-selection-complete-est-connue\/","og_locale":"fr_FR","og_type":"article","og_title":"Team All Pro 2023: la s&eacute;lection compl&egrave;te est connue! - The Playoffs FR","og_url":"https:\/\/theplayoffs.news\/fr\/actualite-nfl\/all-pro-2023-selection-complete-est-connue\/","og_site_name":"The Playoffs FR","article_publisher":"https:\/\/www.facebook.com\/TheFreeAgentFR\/","article_modified_time":"2024-01-12T21:55:31+00:00","og_image":[{"width":1920,"height":1278,"url":"https:\/\/theplayoffs.news\/fr\/wp-content\/uploads\/2024\/01\/USATSI_22201007.jpg","type":"image\/jpeg"}],"author":"Flavien Jumeau","twitter_card":"summary_large_image","twitter_creator":"@TheFreeAgentFR","twitter_site":"@TheFreeAgentFR","twitter_misc":{"\u00c9crit par":"Flavien Jumeau","Dur\u00e9e de lecture estim\u00e9e":"3 minutes"},"schema":{"@context":"https:\/\/schema.org","@graph":[{"@type":"WebPage","@id":"https:\/\/theplayoffs.news\/fr\/actualite-nfl\/all-pro-2023-selection-complete-est-connue\/","url":"https:\/\/theplayoffs.news\/fr\/actualite-nfl\/all-pro-2023-selection-complete-est-connue\/","name":"Team All Pro 2023: la s\u00e9lection compl\u00e8te est connue! - The Playoffs FR","isPartOf":{"@id":"https:\/\/theplayoffs.news\/fr\/#website"},"primaryImageOfPage":{"@id":"https:\/\/theplayoffs.news\/fr\/actualite-nfl\/all-pro-2023-selection-complete-est-connue\/#primaryimage"},"image":{"@id":"https:\/\/theplayoffs.news\/fr\/actualite-nfl\/all-pro-2023-selection-complete-est-connue\/#primaryimage"},"thumbnailUrl":"https:\/\/theplayoffs.news\/fr\/wp-content\/uploads\/2024\/01\/USATSI_22201007.jpg","datePublished":"2024-01-12T21:55:30+00:00","dateModified":"2024-01-12T21:55:31+00:00","author":{"@id":"https:\/\/theplayoffs.news\/fr\/#\/schema\/person\/def63bc6746dc5957469b75feb99e66d"},"breadcrumb":{"@id":"https:\/\/theplayoffs.news\/fr\/actualite-nfl\/all-pro-2023-selection-complete-est-connue\/#breadcrumb"},"inLanguage":"fr-FR","potentialAction":[{"@type":"ReadAction","target":["https:\/\/theplayoffs.news\/fr\/actualite-nfl\/all-pro-2023-selection-complete-est-connue\/"]}]},{"@type":"ImageObject","inLanguage":"fr-FR","@id":"https:\/\/theplayoffs.news\/fr\/actualite-nfl\/all-pro-2023-selection-complete-est-connue\/#primaryimage","url":"https:\/\/theplayoffs.news\/fr\/wp-content\/uploads\/2024\/01\/USATSI_22201007.jpg","contentUrl":"https:\/\/theplayoffs.news\/fr\/wp-content\/uploads\/2024\/01\/USATSI_22201007.jpg","width":1920,"height":1278,"caption":"Dec 31, 2023; Baltimore, Maryland, USA; Miami Dolphins wide receiver Tyreek Hill (10) reacts after making a first down against the Baltimore Ravens during the first half at M&amp;T Bank Stadium. Mandatory Credit: Tommy Gilligan-USA TODAY Sports"},{"@type":"BreadcrumbList","@id":"https:\/\/theplayoffs.news\/fr\/actualite-nfl\/all-pro-2023-selection-complete-est-connue\/#breadcrumb","itemListElement":[{"@type":"ListItem","position":1,"name":"Accueil","item":"https:\/\/theplayoffs.news\/fr\/"},{"@type":"ListItem","position":2,"name":"Team All Pro 2023: la s\u00e9lection compl\u00e8te est connue!"}]},{"@type":"WebSite","@id":"https:\/\/theplayoffs.news\/fr\/#website","url":"https:\/\/theplayoffs.news\/fr\/","name":"The Playoffs FR","description":"NBA-NFL-NHL-MLB","potentialAction":[{"@type":"SearchAction","target":{"@type":"EntryPoint","urlTemplate":"https:\/\/theplayoffs.news\/fr\/?s={search_term_string}"},"query-input":{"@type":"PropertyValueSpecification","valueRequired":true,"valueName":"search_term_string"}}],"inLanguage":"fr-FR"},{"@type":"Person","@id":"https:\/\/theplayoffs.news\/fr\/#\/schema\/person\/def63bc6746dc5957469b75feb99e66d","name":"Flavien Jumeau","image":{"@type":"ImageObject","inLanguage":"fr-FR","@id":"https:\/\/theplayoffs.news\/fr\/#\/schema\/person\/image\/","url":"https:\/\/secure.gravatar.com\/avatar\/e7fa8ba5a4b7e4ce35fe152f083f352db28ad0acce692004ed88a7a7d78893f7?s=96&d=mm&r=g","contentUrl":"https:\/\/secure.gravatar.com\/avatar\/e7fa8ba5a4b7e4ce35fe152f083f352db28ad0acce692004ed88a7a7d78893f7?s=96&d=mm&r=g","caption":"Flavien Jumeau"},"description":"Amoureux du sport (et de vraiment tous les sports) depuis mon plus jeune \u00e2ge, j\u2019ai longtemps h\u00e9site entre le snooker et le curling. Finalement c\u2019est le foot US que j\u2019ai d\u00e9cid\u00e9 de choisir! Responsable foot US sur TPO et animateur du podcast Tailgate j\u2019ai pour mission de vous faire d\u00e9couvrir ce sport passionnant si ce n\u2019est pas encore fait et de vous donner les derni\u00e8res actus. Le tout dans la bonne humeur et avec toujours un jeu de mots ou deux savamment distill\u00e9s! Fan des Saints, pour moi Drew Brees est le vrai GOAT!","url":"https:\/\/theplayoffs.news\/fr\/author\/flavien-jumeaugmail-com\/"}]}},"_links":{"self":[{"href":"https:\/\/theplayoffs.news\/fr\/wp-json\/wp\/v2\/posts\/1252833","targetHints":{"allow":["GET"]}}],"collection":[{"href":"https:\/\/theplayoffs.news\/fr\/wp-json\/wp\/v2\/posts"}],"about":[{"href":"https:\/\/theplayoffs.news\/fr\/wp-json\/wp\/v2\/types\/post"}],"author":[{"embeddable":true,"href":"https:\/\/theplayoffs.news\/fr\/wp-json\/wp\/v2\/users\/180309964"}],"replies":[{"embeddable":true,"href":"https:\/\/theplayoffs.news\/fr\/wp-json\/wp\/v2\/comments?post=1252833"}],"version-history":[{"count":3,"href":"https:\/\/theplayoffs.news\/fr\/wp-json\/wp\/v2\/posts\/1252833\/revisions"}],"predecessor-version":[{"id":1252839,"href":"https:\/\/theplayoffs.news\/fr\/wp-json\/wp\/v2\/posts\/1252833\/revisions\/1252839"}],"wp:featuredmedia":[{"embeddable":true,"href":"https:\/\/theplayoffs.news\/fr\/wp-json\/wp\/v2\/media\/1252835"}],"wp:attachment":[{"href":"https:\/\/theplayoffs.news\/fr\/wp-json\/wp\/v2\/media?parent=1252833"}],"wp:term":[{"taxonomy":"category","embeddable":true,"href":"https:\/\/theplayoffs.news\/fr\/wp-json\/wp\/v2\/categories?post=1252833"},{"taxonomy":"post_tag","embeddable":true,"href":"https:\/\/theplayoffs.news\/fr\/wp-json\/wp\/v2\/tags?post=1252833"},{"taxonomy":"sport","embeddable":true,"href":"https:\/\/theplayoffs.news\/fr\/wp-json\/wp\/v2\/sport?post=1252833"},{"taxonomy":"saison","embeddable":true,"href":"https:\/\/theplayoffs.news\/fr\/wp-json\/wp\/v2\/saison?post=1252833"}],"curies":[{"name":"wp","href":"https:\/\/api.w.org\/{rel}","templated":true}]}}