{"id":1252127,"date":"2024-01-12T15:14:57","date_gmt":"2024-01-12T14:14:57","guid":{"rendered":"https:\/\/theplayoffs.news\/fr\/?p=1252127"},"modified":"2024-01-12T15:16:06","modified_gmt":"2024-01-12T14:16:06","slug":"trevor-zegras-absent-6-a-8-semaines","status":"publish","type":"post","link":"https:\/\/theplayoffs.news\/fr\/actualite-nhl\/trevor-zegras-absent-6-a-8-semaines\/","title":{"rendered":"Trevor Zegras absent 6 \u00e0 8 semaines"},"content":{"rendered":"<h2>NHL &ndash; Trevor Zegras devrait &ecirc;tre absent pendant 6 &agrave; 8 semaines en raison d&rsquo;une cheville cass&eacute;e, comme annonc&eacute; par l&rsquo;&eacute;quipe jeudi.<\/h2><p>La blessure, survenue lors de leur r&eacute;cente victoire contre les Predators de Nashville, intervient &agrave; un moment critique de la saison de l&rsquo;&eacute;quipe. Zegras, &acirc;g&eacute; de seulement 22 ans, s&rsquo;est impos&eacute; comme un joueur cl&eacute; pour Anaheim, menant l&rsquo;&eacute;quipe en buts, passes d&eacute;cisives et points la saison pr&eacute;c&eacute;dente. Sa blessure est survenue lorsque le b&acirc;ton de l&rsquo;attaquant des Predators, Juuso Parssinen, s&rsquo;est emm&ecirc;l&eacute; dans ses patins, entra&icirc;nant une chute grave.<\/p><blockquote class=\"twitter-tweet\" data-width=\"500\" data-dnt=\"true\">\n<p lang=\"fr\" dir=\"ltr\">Updates des blessures:<\/p>\n<p>Trevor Zegras s'est cass&eacute; la cheville mardi et sera op&eacute;r&eacute; dans un proche avenir. Il sera absent environ 6 &agrave; 8 semaines.<\/p>\n<p>Dans le m&ecirc;me match, Pavel Mintyukov s'est bless&eacute; &agrave; l&rsquo;&eacute;paule et sera absent environ six semaines.<a href=\"https:\/\/twitter.com\/hashtag\/FlyTogether?src=hash&amp;ref_src=twsrc%5Etfw\" class=\"trk-cta-link\" data-cta-trk='{\"ctaType\":\"Link\",\"ctaSubType\":\"main\"}'>#FlyTogether<\/a> <a href=\"https:\/\/t.co\/NHySqYDjle\" class=\"trk-cta-link\" data-cta-trk='{\"ctaType\":\"Link\",\"ctaSubType\":\"main\"}'>pic.twitter.com\/NHySqYDjle<\/a><\/p>\n<p>&mdash; Anaheim Ducks &#127467;&#127479; (@Anaheim_DucksFr) <a href=\"https:\/\/twitter.com\/Anaheim_DucksFr\/status\/1745591003392729119?ref_src=twsrc%5Etfw\" class=\"trk-cta-link\" data-cta-trk='{\"ctaType\":\"Link\",\"ctaSubType\":\"main\"}'>January 11, 2024<\/a><\/p><\/blockquote><p><script async src=\"https:\/\/platform.twitter.com\/widgets.js\" charset=\"utf-8\"><\/script><\/p><p>Ajoutant aux malheurs des Ducks, le d&eacute;fenseur Pavel Mintyukov fait &eacute;galement face &agrave; une p&eacute;riode de convalescence de six semaines en raison d&rsquo;une blessure &agrave; l&rsquo;&eacute;paule subie lors du m&ecirc;me match. Mintyukov, recrue prometteuse et choix num&eacute;ro 10 du rep&ecirc;chage de la LNH 2022, a d&eacute;montr&eacute; des comp&eacute;tences impressionnantes, se classant troisi&egrave;me parmi les d&eacute;fenseurs recrues de la LNH en points.<\/p><p>Malgr&eacute; ces revers, l&rsquo;entra&icirc;neur des Ducks, Greg Cronin, a soulign&eacute; la n&eacute;cessit&eacute; de s&rsquo;adapter et de surmonter ces d&eacute;fis. &laquo; C&rsquo;est le hockey; il y a des blessures &raquo;, a d&eacute;clar&eacute; Cronin. L&rsquo;&eacute;quipe, actuellement positionn&eacute;e septi&egrave;me dans la division du Pacifique, doit trouver de nouvelles strat&eacute;gies pour compenser l&rsquo;absence de ces joueurs cl&eacute;s.<\/p><p>L&rsquo;attaquant Frank Vatrano a soulign&eacute; les difficult&eacute;s continues de l&rsquo;&eacute;quipe &agrave; maintenir une formation compl&egrave;te tout au long de la saison, soulignant la n&eacute;cessit&eacute; pour les joueurs restants de se surpasser dans cette phase cruciale.<\/p><p>De plus, la sortie r&eacute;cente du gardien des Ducks, John Gibson, en raison d&rsquo;une blessure au haut du corps ajoute une autre couche d&rsquo;incertitude. Sans mise &agrave; jour imm&eacute;diate sur son &eacute;tat, la r&eacute;silience de l&rsquo;&eacute;quipe est mise &agrave; l&rsquo;&eacute;preuve alors qu&rsquo;elle navigue &agrave; travers ces revers cons&eacute;cutifs.<\/p><p>&nbsp;<\/p><p>Credit: Christopher Hanewinckel-USA TODAY Sports<\/p>\n","protected":false},"excerpt":{"rendered":"","protected":false},"author":13,"featured_media":1252140,"comment_status":"open","ping_status":"closed","sticky":false,"template":"","format":"standard","meta":{"inline_featured_image":false,"kia_subtitle":"","_mux_skip_reasons":[],"proofreadBy":0,"footnotes":""},"categories":[187,26],"tags":[349,1728],"sport":[],"saison":[],"class_list":["post-1252127","post","type-post","status-publish","format-standard","has-post-thumbnail","hentry","category-actualite-nhl","category-nhl","tag-anaheim-ducks","tag-trevor-zegras"],"acf":[],"yoast_head":"<!-- This site is optimized with the Yoast SEO plugin v24.2 - https:\/\/yoast.com\/wordpress\/plugins\/seo\/ -->\n<title>Trevor Zegras absent 6 &agrave; 8 semaines - The Playoffs FR<\/title>\n<meta name=\"robots\" content=\"index, follow, max-snippet:-1, max-image-preview:large, max-video-preview:-1\" \/>\n<link rel=\"canonical\" href=\"https:\/\/theplayoffs.news\/fr\/actualite-nhl\/trevor-zegras-absent-6-a-8-semaines\/\" \/>\n<meta property=\"og:locale\" content=\"fr_FR\" \/>\n<meta property=\"og:type\" content=\"article\" \/>\n<meta property=\"og:title\" content=\"Trevor Zegras absent 6 &agrave; 8 semaines - The Playoffs FR\" \/>\n<meta property=\"og:url\" content=\"https:\/\/theplayoffs.news\/fr\/actualite-nhl\/trevor-zegras-absent-6-a-8-semaines\/\" \/>\n<meta property=\"og:site_name\" content=\"The Playoffs FR\" \/>\n<meta property=\"article:publisher\" content=\"https:\/\/www.facebook.com\/TheFreeAgentFR\/\" \/>\n<meta property=\"article:modified_time\" content=\"2024-01-12T15:16:06+01:00\" \/>\n<meta property=\"og:image\" content=\"https:\/\/theplayoffs.news\/fr\/wp-content\/uploads\/2024\/01\/USATSI_22258831.jpg\" \/>\n\t<meta property=\"og:image:width\" content=\"1920\" \/>\n\t<meta property=\"og:image:height\" content=\"1280\" \/>\n\t<meta property=\"og:image:type\" content=\"image\/jpeg\" \/>\n<meta name=\"author\" content=\"Charles Taudin\" \/>\n<meta name=\"twitter:card\" content=\"summary_large_image\" \/>\n<meta name=\"twitter:creator\" content=\"@TheFreeAgentFR\" \/>\n<meta name=\"twitter:site\" content=\"@TheFreeAgentFR\" \/>\n<meta name=\"twitter:label1\" content=\"\u00c9crit par\" \/>\n\t<meta name=\"twitter:data1\" content=\"Charles Taudin\" \/>\n\t<meta name=\"twitter:label2\" content=\"Dur\u00e9e de lecture estim\u00e9e\" \/>\n\t<meta name=\"twitter:data2\" content=\"2 minutes\" \/>\n<script type=\"application\/ld+json\" class=\"yoast-schema-graph\">{\"@context\":\"https:\/\/schema.org\",\"@graph\":[{\"@type\":\"WebPage\",\"@id\":\"https:\/\/theplayoffs.news\/fr\/actualite-nhl\/trevor-zegras-absent-6-a-8-semaines\/\",\"url\":\"https:\/\/theplayoffs.news\/fr\/actualite-nhl\/trevor-zegras-absent-6-a-8-semaines\/\",\"name\":\"Trevor Zegras absent 6 \u00e0 8 semaines - The Playoffs FR\",\"isPartOf\":{\"@id\":\"https:\/\/theplayoffs.news\/fr\/#website\"},\"primaryImageOfPage\":{\"@id\":\"https:\/\/theplayoffs.news\/fr\/actualite-nhl\/trevor-zegras-absent-6-a-8-semaines\/#primaryimage\"},\"image\":{\"@id\":\"https:\/\/theplayoffs.news\/fr\/actualite-nhl\/trevor-zegras-absent-6-a-8-semaines\/#primaryimage\"},\"thumbnailUrl\":\"https:\/\/theplayoffs.news\/fr\/wp-content\/uploads\/2024\/01\/USATSI_22258831.jpg\",\"datePublished\":\"2024-01-12T14:14:57+00:00\",\"dateModified\":\"2024-01-12T14:16:06+00:00\",\"author\":{\"@id\":\"https:\/\/theplayoffs.news\/fr\/#\/schema\/person\/eee5b69ad5d3c51cabe881c839dbe133\"},\"breadcrumb\":{\"@id\":\"https:\/\/theplayoffs.news\/fr\/actualite-nhl\/trevor-zegras-absent-6-a-8-semaines\/#breadcrumb\"},\"inLanguage\":\"fr-FR\",\"potentialAction\":[{\"@type\":\"ReadAction\",\"target\":[\"https:\/\/theplayoffs.news\/fr\/actualite-nhl\/trevor-zegras-absent-6-a-8-semaines\/\"]}]},{\"@type\":\"ImageObject\",\"inLanguage\":\"fr-FR\",\"@id\":\"https:\/\/theplayoffs.news\/fr\/actualite-nhl\/trevor-zegras-absent-6-a-8-semaines\/#primaryimage\",\"url\":\"https:\/\/theplayoffs.news\/fr\/wp-content\/uploads\/2024\/01\/USATSI_22258831.jpg\",\"contentUrl\":\"https:\/\/theplayoffs.news\/fr\/wp-content\/uploads\/2024\/01\/USATSI_22258831.jpg\",\"width\":1920,\"height\":1280,\"caption\":\"Jan 9, 2024; Nashville, Tennessee, USA; Anaheim Ducks center Trevor Zegras (11) is helped off the ice after an injury first period against the Nashville Predators at Bridgestone Arena. Mandatory Credit: Christopher Hanewinckel-USA TODAY Sports\"},{\"@type\":\"BreadcrumbList\",\"@id\":\"https:\/\/theplayoffs.news\/fr\/actualite-nhl\/trevor-zegras-absent-6-a-8-semaines\/#breadcrumb\",\"itemListElement\":[{\"@type\":\"ListItem\",\"position\":1,\"name\":\"Accueil\",\"item\":\"https:\/\/theplayoffs.news\/fr\/\"},{\"@type\":\"ListItem\",\"position\":2,\"name\":\"Trevor Zegras absent 6 \u00e0 8 semaines\"}]},{\"@type\":\"WebSite\",\"@id\":\"https:\/\/theplayoffs.news\/fr\/#website\",\"url\":\"https:\/\/theplayoffs.news\/fr\/\",\"name\":\"The Playoffs FR\",\"description\":\"NBA-NFL-NHL-MLB\",\"potentialAction\":[{\"@type\":\"SearchAction\",\"target\":{\"@type\":\"EntryPoint\",\"urlTemplate\":\"https:\/\/theplayoffs.news\/fr\/?s={search_term_string}\"},\"query-input\":{\"@type\":\"PropertyValueSpecification\",\"valueRequired\":true,\"valueName\":\"search_term_string\"}}],\"inLanguage\":\"fr-FR\"},{\"@type\":\"Person\",\"@id\":\"https:\/\/theplayoffs.news\/fr\/#\/schema\/person\/eee5b69ad5d3c51cabe881c839dbe133\",\"name\":\"Charles Taudin\",\"image\":{\"@type\":\"ImageObject\",\"inLanguage\":\"fr-FR\",\"@id\":\"https:\/\/theplayoffs.news\/fr\/#\/schema\/person\/image\/\",\"url\":\"https:\/\/secure.gravatar.com\/avatar\/59a1e772205ce9fd255edfcafc93013736822e20261f294c5753b20c41ede9f2?s=96&d=mm&r=g\",\"contentUrl\":\"https:\/\/secure.gravatar.com\/avatar\/59a1e772205ce9fd255edfcafc93013736822e20261f294c5753b20c41ede9f2?s=96&d=mm&r=g\",\"caption\":\"Charles Taudin\"},\"description\":\"R\u00e9dacteur en chef global de The Playoffs, j\u2019ai cr\u00e9\u00e9 The Free Agent, devenu The Playoffs FR, en 2020 durant la pand\u00e9mie. Amoureux depuis des ann\u00e9es des 4 sports majeurs am\u00e9ricains, j\u2019organise maintenant la strat\u00e9gie \u00e9ditoriale et les r\u00e9seaux sociaux de l\u2019ensemble des versions de The Playoffs. Il m\u2019arrive encore d\u2019\u00e9crire sur certains sports que j\u2019affectionne particuli\u00e8rement comme la NFL ou la MLB. Si vous devez retenir qu\u2019une chose : Eli Manning est le vrai GOAT pour avoir battu deux fois Tom Brady.\",\"sameAs\":[\"https:\/\/www.instagram.com\/ctaudin_\/\"],\"url\":\"https:\/\/theplayoffs.news\/fr\/author\/charles-taudin\/\"}]}<\/script>\n<!-- \/ Yoast SEO plugin. -->","yoast_head_json":{"title":"Trevor Zegras absent 6 &agrave; 8 semaines - The Playoffs FR","robots":{"index":"index","follow":"follow","max-snippet":"max-snippet:-1","max-image-preview":"max-image-preview:large","max-video-preview":"max-video-preview:-1"},"canonical":"https:\/\/theplayoffs.news\/fr\/actualite-nhl\/trevor-zegras-absent-6-a-8-semaines\/","og_locale":"fr_FR","og_type":"article","og_title":"Trevor Zegras absent 6 &agrave; 8 semaines - The Playoffs FR","og_url":"https:\/\/theplayoffs.news\/fr\/actualite-nhl\/trevor-zegras-absent-6-a-8-semaines\/","og_site_name":"The Playoffs FR","article_publisher":"https:\/\/www.facebook.com\/TheFreeAgentFR\/","article_modified_time":"2024-01-12T14:16:06+00:00","og_image":[{"width":1920,"height":1280,"url":"https:\/\/theplayoffs.news\/fr\/wp-content\/uploads\/2024\/01\/USATSI_22258831.jpg","type":"image\/jpeg"}],"author":"Charles Taudin","twitter_card":"summary_large_image","twitter_creator":"@TheFreeAgentFR","twitter_site":"@TheFreeAgentFR","twitter_misc":{"\u00c9crit par":"Charles Taudin","Dur\u00e9e de lecture estim\u00e9e":"2 minutes"},"schema":{"@context":"https:\/\/schema.org","@graph":[{"@type":"WebPage","@id":"https:\/\/theplayoffs.news\/fr\/actualite-nhl\/trevor-zegras-absent-6-a-8-semaines\/","url":"https:\/\/theplayoffs.news\/fr\/actualite-nhl\/trevor-zegras-absent-6-a-8-semaines\/","name":"Trevor Zegras absent 6 \u00e0 8 semaines - The Playoffs FR","isPartOf":{"@id":"https:\/\/theplayoffs.news\/fr\/#website"},"primaryImageOfPage":{"@id":"https:\/\/theplayoffs.news\/fr\/actualite-nhl\/trevor-zegras-absent-6-a-8-semaines\/#primaryimage"},"image":{"@id":"https:\/\/theplayoffs.news\/fr\/actualite-nhl\/trevor-zegras-absent-6-a-8-semaines\/#primaryimage"},"thumbnailUrl":"https:\/\/theplayoffs.news\/fr\/wp-content\/uploads\/2024\/01\/USATSI_22258831.jpg","datePublished":"2024-01-12T14:14:57+00:00","dateModified":"2024-01-12T14:16:06+00:00","author":{"@id":"https:\/\/theplayoffs.news\/fr\/#\/schema\/person\/eee5b69ad5d3c51cabe881c839dbe133"},"breadcrumb":{"@id":"https:\/\/theplayoffs.news\/fr\/actualite-nhl\/trevor-zegras-absent-6-a-8-semaines\/#breadcrumb"},"inLanguage":"fr-FR","potentialAction":[{"@type":"ReadAction","target":["https:\/\/theplayoffs.news\/fr\/actualite-nhl\/trevor-zegras-absent-6-a-8-semaines\/"]}]},{"@type":"ImageObject","inLanguage":"fr-FR","@id":"https:\/\/theplayoffs.news\/fr\/actualite-nhl\/trevor-zegras-absent-6-a-8-semaines\/#primaryimage","url":"https:\/\/theplayoffs.news\/fr\/wp-content\/uploads\/2024\/01\/USATSI_22258831.jpg","contentUrl":"https:\/\/theplayoffs.news\/fr\/wp-content\/uploads\/2024\/01\/USATSI_22258831.jpg","width":1920,"height":1280,"caption":"Jan 9, 2024; Nashville, Tennessee, USA; Anaheim Ducks center Trevor Zegras (11) is helped off the ice after an injury first period against the Nashville Predators at Bridgestone Arena. Mandatory Credit: Christopher Hanewinckel-USA TODAY Sports"},{"@type":"BreadcrumbList","@id":"https:\/\/theplayoffs.news\/fr\/actualite-nhl\/trevor-zegras-absent-6-a-8-semaines\/#breadcrumb","itemListElement":[{"@type":"ListItem","position":1,"name":"Accueil","item":"https:\/\/theplayoffs.news\/fr\/"},{"@type":"ListItem","position":2,"name":"Trevor Zegras absent 6 \u00e0 8 semaines"}]},{"@type":"WebSite","@id":"https:\/\/theplayoffs.news\/fr\/#website","url":"https:\/\/theplayoffs.news\/fr\/","name":"The Playoffs FR","description":"NBA-NFL-NHL-MLB","potentialAction":[{"@type":"SearchAction","target":{"@type":"EntryPoint","urlTemplate":"https:\/\/theplayoffs.news\/fr\/?s={search_term_string}"},"query-input":{"@type":"PropertyValueSpecification","valueRequired":true,"valueName":"search_term_string"}}],"inLanguage":"fr-FR"},{"@type":"Person","@id":"https:\/\/theplayoffs.news\/fr\/#\/schema\/person\/eee5b69ad5d3c51cabe881c839dbe133","name":"Charles Taudin","image":{"@type":"ImageObject","inLanguage":"fr-FR","@id":"https:\/\/theplayoffs.news\/fr\/#\/schema\/person\/image\/","url":"https:\/\/secure.gravatar.com\/avatar\/59a1e772205ce9fd255edfcafc93013736822e20261f294c5753b20c41ede9f2?s=96&d=mm&r=g","contentUrl":"https:\/\/secure.gravatar.com\/avatar\/59a1e772205ce9fd255edfcafc93013736822e20261f294c5753b20c41ede9f2?s=96&d=mm&r=g","caption":"Charles Taudin"},"description":"R\u00e9dacteur en chef global de The Playoffs, j\u2019ai cr\u00e9\u00e9 The Free Agent, devenu The Playoffs FR, en 2020 durant la pand\u00e9mie. Amoureux depuis des ann\u00e9es des 4 sports majeurs am\u00e9ricains, j\u2019organise maintenant la strat\u00e9gie \u00e9ditoriale et les r\u00e9seaux sociaux de l\u2019ensemble des versions de The Playoffs. Il m\u2019arrive encore d\u2019\u00e9crire sur certains sports que j\u2019affectionne particuli\u00e8rement comme la NFL ou la MLB. Si vous devez retenir qu\u2019une chose : Eli Manning est le vrai GOAT pour avoir battu deux fois Tom Brady.","sameAs":["https:\/\/www.instagram.com\/ctaudin_\/"],"url":"https:\/\/theplayoffs.news\/fr\/author\/charles-taudin\/"}]}},"_links":{"self":[{"href":"https:\/\/theplayoffs.news\/fr\/wp-json\/wp\/v2\/posts\/1252127","targetHints":{"allow":["GET"]}}],"collection":[{"href":"https:\/\/theplayoffs.news\/fr\/wp-json\/wp\/v2\/posts"}],"about":[{"href":"https:\/\/theplayoffs.news\/fr\/wp-json\/wp\/v2\/types\/post"}],"author":[{"embeddable":true,"href":"https:\/\/theplayoffs.news\/fr\/wp-json\/wp\/v2\/users\/13"}],"replies":[{"embeddable":true,"href":"https:\/\/theplayoffs.news\/fr\/wp-json\/wp\/v2\/comments?post=1252127"}],"version-history":[{"count":3,"href":"https:\/\/theplayoffs.news\/fr\/wp-json\/wp\/v2\/posts\/1252127\/revisions"}],"predecessor-version":[{"id":1252152,"href":"https:\/\/theplayoffs.news\/fr\/wp-json\/wp\/v2\/posts\/1252127\/revisions\/1252152"}],"wp:featuredmedia":[{"embeddable":true,"href":"https:\/\/theplayoffs.news\/fr\/wp-json\/wp\/v2\/media\/1252140"}],"wp:attachment":[{"href":"https:\/\/theplayoffs.news\/fr\/wp-json\/wp\/v2\/media?parent=1252127"}],"wp:term":[{"taxonomy":"category","embeddable":true,"href":"https:\/\/theplayoffs.news\/fr\/wp-json\/wp\/v2\/categories?post=1252127"},{"taxonomy":"post_tag","embeddable":true,"href":"https:\/\/theplayoffs.news\/fr\/wp-json\/wp\/v2\/tags?post=1252127"},{"taxonomy":"sport","embeddable":true,"href":"https:\/\/theplayoffs.news\/fr\/wp-json\/wp\/v2\/sport?post=1252127"},{"taxonomy":"saison","embeddable":true,"href":"https:\/\/theplayoffs.news\/fr\/wp-json\/wp\/v2\/saison?post=1252127"}],"curies":[{"name":"wp","href":"https:\/\/api.w.org\/{rel}","templated":true}]}}