{"id":1251457,"date":"2024-01-12T12:26:17","date_gmt":"2024-01-12T11:26:17","guid":{"rendered":"https:\/\/theplayoffs.news\/fr\/?p=1251457"},"modified":"2024-01-12T12:28:05","modified_gmt":"2024-01-12T11:28:05","slug":"wilfried-pene-cap-sur-la-nfl-draft-2025","status":"publish","type":"post","link":"https:\/\/theplayoffs.news\/fr\/americain\/wilfried-pene-cap-sur-la-nfl-draft-2025\/","title":{"rendered":"Wilfried Pene, cap sur la NFL Draft 2025\u00a0!"},"content":{"rendered":"<h2><strong>Qui dit nouvelle ann&eacute;e dit nouvelles r&eacute;solutions&nbsp;! Pour le natif de Tours Wilfried Pene c&rsquo;est le moment de d&eacute;finir les nouveaux objectifs avec son &eacute;quipe des Hokies de Virginia Tech. <\/strong><\/h2><h3><strong>La saison 2024 &ndash; 2025 s&rsquo;annonce plus que charni&egrave;re pour poursuivre son American Dream. <\/strong><\/h3><p><strong>&nbsp;<\/strong>Le Defensive Line (D-Line) de 23 ans profite de ses vacances pour revenir en France afin de recharger les batteries en vue de la prochaine saison qui sera tr&egrave;s importante pour lui. En ligne de mire, la NFL, les strasses et les paillettes. Si l&rsquo;objectif d&eacute;clar&eacute; est de pouvoir jouer dans ce qui se fait de mieux en termes de Football Americain, Wilfried Pene devra repousser ces pr&eacute;visions d&rsquo;une saison suppl&eacute;mentaire.<\/p><p><img loading=\"lazy\" decoding=\"async\" class=\"alignnone wp-image-1251466 size-full\" src=\"https:\/\/theplayoffs.news\/fr\/wp-content\/uploads\/2024\/01\/WP.jpg\" alt=\"\" width=\"454\" height=\"257\" srcset=\"https:\/\/theplayoffs.news\/fr\/wp-content\/uploads\/2024\/01\/WP.jpg 454w, https:\/\/theplayoffs.news\/fr\/wp-content\/uploads\/2024\/01\/WP-300x170.jpg 300w\" sizes=\"auto, (max-width: 454px) 100vw, 454px\" \/><\/p><p>Lors d&rsquo;un entretien avec le num&eacute;ro 91 l&rsquo;an pass&eacute;, sa feuille de route &eacute;tait claire&nbsp;: r&eacute;aliser une saison 2023-2024 &eacute;clatante afin de se pr&eacute;senter pour la prochaine NFL Draft de 2024 (qui aura lieu &agrave; D&eacute;troit du 25 au 27 avril prochain). La saison ne se sera pas totalement pass&eacute; comme il l&rsquo;aurait souhait&eacute;. Moins de temps de jeu effectif cette saison, des statistiques individuelles en baisse par rapport &agrave; ce qu&rsquo;il avait pu produire les derni&egrave;res saisons. De quoi inqui&eacute;ter l&rsquo;ancien des Pionniers de Touraine qui ne comprenait pas trop les choix r&eacute;alis&eacute;s par le coach Brent Pry. Apr&egrave;s de longues discussions entre les deux hommes, il aurait donc d&eacute;cid&eacute; de privil&eacute;gier certaines individualit&eacute;s &agrave; d&rsquo;autres en vue de la prochaine draft.<\/p><p>Des d&eacute;cisions qui vont donc retarder l&rsquo;objectif principal de Wilfried qui &eacute;tait la NFL Draft 2024. Professionnel jusqu&rsquo;au bout, il a &eacute;galement obtenu des garanties aupr&egrave;s de son coach qui lui ont permis de prendre son mal en patience&nbsp;:<\/p><blockquote><p><em>&laquo;&nbsp;Cela reste aussi un sport collectif, et puis je pense avoir pu progresser sur l&rsquo;aspect mental. Je sais maintenant que la saison prochaine, elle sera pour moi, je vais pouvoir bien me montrer.&nbsp;&raquo;<\/em><em>&nbsp;<\/em><\/p><\/blockquote><p>En plus de l&rsquo;aspect mental qui a &eacute;volu&eacute; positivement, sur un plan technique, il a pu &eacute;galement progresser sur ses forces qui &eacute;taient d&eacute;j&agrave; les siennes les saisons pass&eacute;es&nbsp;:<\/p><blockquote><p>&laquo;&nbsp;J&rsquo;ai l&rsquo;impression d&rsquo;avoir pu progresser techniquement dans mes d&eacute;placements, dans mes gestes d&eacute;fensifs, je suis maintenant bien plus pr&eacute;cis. Je me sens bien meilleur que le joueur que j&rsquo;&eacute;tais avant.&nbsp;&raquo;<\/p><\/blockquote><p>Si sur le plan individuel, la saison ne s&rsquo;est pas d&eacute;roul&eacute;e comme il l&rsquo;avait pr&eacute;vue, sur le plan collectif cette &eacute;quipe des Hokies a montr&eacute; de belles choses, notamment avec l&rsquo;obtention du Military Bowl, apr&egrave;s sa victoire &eacute;tincelante contre les Green Wave de Tulane (41-20).<\/p><p><img loading=\"lazy\" decoding=\"async\" class=\"alignnone size-full wp-image-1251464\" src=\"https:\/\/theplayoffs.news\/fr\/wp-content\/uploads\/2024\/01\/WPENE.jpg\" alt=\"\" width=\"454\" height=\"340\" srcset=\"https:\/\/theplayoffs.news\/fr\/wp-content\/uploads\/2024\/01\/WPENE.jpg 454w, https:\/\/theplayoffs.news\/fr\/wp-content\/uploads\/2024\/01\/WPENE-300x225.jpg 300w\" sizes=\"auto, (max-width: 454px) 100vw, 454px\" \/><\/p><p>Un souvenir qui restera grav&eacute; dans la m&eacute;moire de Wilfried, lui qui a obtenu sa premi&egrave;re &laquo;&nbsp;Champions Ring&nbsp;&raquo;&nbsp;:<\/p><blockquote><p>&laquo;&nbsp;Avoir la bague&nbsp;! avec &eacute;crit dessus Champ, c&rsquo;est quelque chose. Celle-ci tu la porte avec l&rsquo;assurance de bien avoir remport&eacute; le match. Ce n&rsquo;est pas celle que tu obtiens pour la participation, non cette fois-ci c&rsquo;&eacute;tait la vraie bague, celle de Champion.&nbsp;&raquo;<\/p><\/blockquote><p>L&rsquo;objectif maintenant pour Wilfried Pene, sera de r&eacute;aliser une saison pleine statistiquement et en termes de matchs jou&eacute;s afin de se pr&eacute;senter officiellement pour la NFL Draft 2025. Lui qui fait partie de cette nouvelle g&eacute;n&eacute;ration de joueurs qui ont la volont&eacute; d&rsquo;aller se frotter au plus haut niveau du Foot Am&eacute;ricain, se verrait donc bien l&rsquo;ambassadeur d&rsquo;un sport qui n&rsquo;attend que de se d&eacute;velopper et de s&rsquo;exporter jusque dans l&rsquo;hexagone. Un r&ocirc;le qui d&eacute;passe celui du simple sportif que Wilfried semble prendre tr&egrave;s &agrave; c&oelig;ur en parlant de &laquo;&nbsp;mission&nbsp;&raquo; pour lui. Comme pour poursuivre cette m&eacute;tamorphose du sport fran&ccedil;ais &agrave; l&rsquo;international qu&rsquo;on connait d&eacute;j&agrave; avec le Soccer (Mbapp&eacute;), le Basket (Victor Wembanyama en NBA), ou encore la natation (avec Leon Marchand).<\/p><p>Cet &eacute;chec de l&rsquo;export du Football Am&eacute;ricain en France reste quelque chose qui ne changera pas tant que les mentalit&eacute;s n&rsquo;&eacute;volueront pas&nbsp;:<\/p><blockquote><p>&laquo;&nbsp;Selon moi, il faudrait que les jeunes joueurs se frottent le plus t&ocirc;t possible au niveau am&eacute;ricain. Il ne faut pas se mentir, les prochaines g&eacute;n&eacute;rations devront avoir plus de cran pour tenter l&rsquo;exp&eacute;rience am&eacute;ricaine. Je le reconnais, c&rsquo;est dur, car nous devons faire deux ou trois fois plus que les autres pour avoir une chance, mais faisons preuve de cran.&nbsp;&raquo;<\/p><\/blockquote><p>Une chose est certaine, l&rsquo;app&eacute;tit de Wilfried Pene reste intact. Son envie d&rsquo;entrer en NFL Reste son ambition premi&egrave;re. La saison prochaine avec les Hokies risque d&rsquo;&ecirc;tre d&eacute;cisive afin de pouvoir entamer un nouveau chapitre de sa carri&egrave;re.<\/p><p>&nbsp;<\/p>\n","protected":false},"excerpt":{"rendered":"","protected":false},"author":180310213,"featured_media":1251472,"comment_status":"open","ping_status":"closed","sticky":false,"template":"","format":"standard","meta":{"inline_featured_image":false,"kia_subtitle":"","_mux_skip_reasons":[],"proofreadBy":0,"footnotes":""},"categories":[122,121],"tags":[],"sport":[],"saison":[],"class_list":["post-1251457","post","type-post","status-publish","format-standard","has-post-thumbnail","hentry","category-americain","category-ncaa"],"acf":[],"yoast_head":"<!-- This site is optimized with the Yoast SEO plugin v24.2 - https:\/\/yoast.com\/wordpress\/plugins\/seo\/ -->\n<title>Wilfried Pene, cap sur la NFL Draft 2025&nbsp;! - The Playoffs FR<\/title>\n<meta name=\"robots\" content=\"index, follow, max-snippet:-1, max-image-preview:large, max-video-preview:-1\" \/>\n<link rel=\"canonical\" href=\"https:\/\/theplayoffs.news\/fr\/americain\/wilfried-pene-cap-sur-la-nfl-draft-2025\/\" \/>\n<meta property=\"og:locale\" content=\"fr_FR\" \/>\n<meta property=\"og:type\" content=\"article\" \/>\n<meta property=\"og:title\" content=\"Wilfried Pene, cap sur la NFL Draft 2025&nbsp;! - The Playoffs FR\" \/>\n<meta property=\"og:url\" content=\"https:\/\/theplayoffs.news\/fr\/americain\/wilfried-pene-cap-sur-la-nfl-draft-2025\/\" \/>\n<meta property=\"og:site_name\" content=\"The Playoffs FR\" \/>\n<meta property=\"article:publisher\" content=\"https:\/\/www.facebook.com\/TheFreeAgentFR\/\" \/>\n<meta property=\"article:modified_time\" content=\"2024-01-12T12:28:05+01:00\" \/>\n<meta property=\"og:image\" content=\"https:\/\/theplayoffs.news\/fr\/wp-content\/uploads\/2024\/01\/TRAINING.jpg\" \/>\n\t<meta property=\"og:image:width\" content=\"1020\" \/>\n\t<meta property=\"og:image:height\" content=\"573\" \/>\n\t<meta property=\"og:image:type\" content=\"image\/jpeg\" \/>\n<meta name=\"author\" content=\"ShowTime\" \/>\n<meta name=\"twitter:card\" content=\"summary_large_image\" \/>\n<meta name=\"twitter:creator\" content=\"@TheFreeAgentFR\" \/>\n<meta name=\"twitter:site\" content=\"@TheFreeAgentFR\" \/>\n<meta name=\"twitter:label1\" content=\"\u00c9crit par\" \/>\n\t<meta name=\"twitter:data1\" content=\"ShowTime\" \/>\n\t<meta name=\"twitter:label2\" content=\"Dur\u00e9e de lecture estim\u00e9e\" \/>\n\t<meta name=\"twitter:data2\" content=\"4 minutes\" \/>\n<script type=\"application\/ld+json\" class=\"yoast-schema-graph\">{\"@context\":\"https:\/\/schema.org\",\"@graph\":[{\"@type\":\"WebPage\",\"@id\":\"https:\/\/theplayoffs.news\/fr\/americain\/wilfried-pene-cap-sur-la-nfl-draft-2025\/\",\"url\":\"https:\/\/theplayoffs.news\/fr\/americain\/wilfried-pene-cap-sur-la-nfl-draft-2025\/\",\"name\":\"Wilfried Pene, cap sur la NFL Draft 2025\u00a0! - The Playoffs FR\",\"isPartOf\":{\"@id\":\"https:\/\/theplayoffs.news\/fr\/#website\"},\"primaryImageOfPage\":{\"@id\":\"https:\/\/theplayoffs.news\/fr\/americain\/wilfried-pene-cap-sur-la-nfl-draft-2025\/#primaryimage\"},\"image\":{\"@id\":\"https:\/\/theplayoffs.news\/fr\/americain\/wilfried-pene-cap-sur-la-nfl-draft-2025\/#primaryimage\"},\"thumbnailUrl\":\"https:\/\/theplayoffs.news\/fr\/wp-content\/uploads\/2024\/01\/TRAINING.jpg\",\"datePublished\":\"2024-01-12T11:26:17+00:00\",\"dateModified\":\"2024-01-12T11:28:05+00:00\",\"author\":{\"@id\":\"https:\/\/theplayoffs.news\/fr\/#\/schema\/person\/f6fa85bab6c49d3aa861c5981269a117\"},\"breadcrumb\":{\"@id\":\"https:\/\/theplayoffs.news\/fr\/americain\/wilfried-pene-cap-sur-la-nfl-draft-2025\/#breadcrumb\"},\"inLanguage\":\"fr-FR\",\"potentialAction\":[{\"@type\":\"ReadAction\",\"target\":[\"https:\/\/theplayoffs.news\/fr\/americain\/wilfried-pene-cap-sur-la-nfl-draft-2025\/\"]}]},{\"@type\":\"ImageObject\",\"inLanguage\":\"fr-FR\",\"@id\":\"https:\/\/theplayoffs.news\/fr\/americain\/wilfried-pene-cap-sur-la-nfl-draft-2025\/#primaryimage\",\"url\":\"https:\/\/theplayoffs.news\/fr\/wp-content\/uploads\/2024\/01\/TRAINING.jpg\",\"contentUrl\":\"https:\/\/theplayoffs.news\/fr\/wp-content\/uploads\/2024\/01\/TRAINING.jpg\",\"width\":1020,\"height\":573},{\"@type\":\"BreadcrumbList\",\"@id\":\"https:\/\/theplayoffs.news\/fr\/americain\/wilfried-pene-cap-sur-la-nfl-draft-2025\/#breadcrumb\",\"itemListElement\":[{\"@type\":\"ListItem\",\"position\":1,\"name\":\"Accueil\",\"item\":\"https:\/\/theplayoffs.news\/fr\/\"},{\"@type\":\"ListItem\",\"position\":2,\"name\":\"Wilfried Pene, cap sur la NFL Draft 2025\u00a0!\"}]},{\"@type\":\"WebSite\",\"@id\":\"https:\/\/theplayoffs.news\/fr\/#website\",\"url\":\"https:\/\/theplayoffs.news\/fr\/\",\"name\":\"The Playoffs FR\",\"description\":\"NBA-NFL-NHL-MLB\",\"potentialAction\":[{\"@type\":\"SearchAction\",\"target\":{\"@type\":\"EntryPoint\",\"urlTemplate\":\"https:\/\/theplayoffs.news\/fr\/?s={search_term_string}\"},\"query-input\":{\"@type\":\"PropertyValueSpecification\",\"valueRequired\":true,\"valueName\":\"search_term_string\"}}],\"inLanguage\":\"fr-FR\"},{\"@type\":\"Person\",\"@id\":\"https:\/\/theplayoffs.news\/fr\/#\/schema\/person\/f6fa85bab6c49d3aa861c5981269a117\",\"name\":\"ShowTime\",\"image\":{\"@type\":\"ImageObject\",\"inLanguage\":\"fr-FR\",\"@id\":\"https:\/\/theplayoffs.news\/fr\/#\/schema\/person\/image\/\",\"url\":\"https:\/\/secure.gravatar.com\/avatar\/166d3b2bca5888013ebfdceaf7de9847159306eb3205a7368a67242a7102306d?s=96&d=mm&r=g\",\"contentUrl\":\"https:\/\/secure.gravatar.com\/avatar\/166d3b2bca5888013ebfdceaf7de9847159306eb3205a7368a67242a7102306d?s=96&d=mm&r=g\",\"caption\":\"ShowTime\"},\"url\":\"https:\/\/theplayoffs.news\/fr\/author\/thomas-laradeegmail-com\/\"}]}<\/script>\n<!-- \/ Yoast SEO plugin. -->","yoast_head_json":{"title":"Wilfried Pene, cap sur la NFL Draft 2025&nbsp;! - The Playoffs FR","robots":{"index":"index","follow":"follow","max-snippet":"max-snippet:-1","max-image-preview":"max-image-preview:large","max-video-preview":"max-video-preview:-1"},"canonical":"https:\/\/theplayoffs.news\/fr\/americain\/wilfried-pene-cap-sur-la-nfl-draft-2025\/","og_locale":"fr_FR","og_type":"article","og_title":"Wilfried Pene, cap sur la NFL Draft 2025&nbsp;! - The Playoffs FR","og_url":"https:\/\/theplayoffs.news\/fr\/americain\/wilfried-pene-cap-sur-la-nfl-draft-2025\/","og_site_name":"The Playoffs FR","article_publisher":"https:\/\/www.facebook.com\/TheFreeAgentFR\/","article_modified_time":"2024-01-12T11:28:05+00:00","og_image":[{"width":1020,"height":573,"url":"https:\/\/theplayoffs.news\/fr\/wp-content\/uploads\/2024\/01\/TRAINING.jpg","type":"image\/jpeg"}],"author":"ShowTime","twitter_card":"summary_large_image","twitter_creator":"@TheFreeAgentFR","twitter_site":"@TheFreeAgentFR","twitter_misc":{"\u00c9crit par":"ShowTime","Dur\u00e9e de lecture estim\u00e9e":"4 minutes"},"schema":{"@context":"https:\/\/schema.org","@graph":[{"@type":"WebPage","@id":"https:\/\/theplayoffs.news\/fr\/americain\/wilfried-pene-cap-sur-la-nfl-draft-2025\/","url":"https:\/\/theplayoffs.news\/fr\/americain\/wilfried-pene-cap-sur-la-nfl-draft-2025\/","name":"Wilfried Pene, cap sur la NFL Draft 2025\u00a0! - The Playoffs FR","isPartOf":{"@id":"https:\/\/theplayoffs.news\/fr\/#website"},"primaryImageOfPage":{"@id":"https:\/\/theplayoffs.news\/fr\/americain\/wilfried-pene-cap-sur-la-nfl-draft-2025\/#primaryimage"},"image":{"@id":"https:\/\/theplayoffs.news\/fr\/americain\/wilfried-pene-cap-sur-la-nfl-draft-2025\/#primaryimage"},"thumbnailUrl":"https:\/\/theplayoffs.news\/fr\/wp-content\/uploads\/2024\/01\/TRAINING.jpg","datePublished":"2024-01-12T11:26:17+00:00","dateModified":"2024-01-12T11:28:05+00:00","author":{"@id":"https:\/\/theplayoffs.news\/fr\/#\/schema\/person\/f6fa85bab6c49d3aa861c5981269a117"},"breadcrumb":{"@id":"https:\/\/theplayoffs.news\/fr\/americain\/wilfried-pene-cap-sur-la-nfl-draft-2025\/#breadcrumb"},"inLanguage":"fr-FR","potentialAction":[{"@type":"ReadAction","target":["https:\/\/theplayoffs.news\/fr\/americain\/wilfried-pene-cap-sur-la-nfl-draft-2025\/"]}]},{"@type":"ImageObject","inLanguage":"fr-FR","@id":"https:\/\/theplayoffs.news\/fr\/americain\/wilfried-pene-cap-sur-la-nfl-draft-2025\/#primaryimage","url":"https:\/\/theplayoffs.news\/fr\/wp-content\/uploads\/2024\/01\/TRAINING.jpg","contentUrl":"https:\/\/theplayoffs.news\/fr\/wp-content\/uploads\/2024\/01\/TRAINING.jpg","width":1020,"height":573},{"@type":"BreadcrumbList","@id":"https:\/\/theplayoffs.news\/fr\/americain\/wilfried-pene-cap-sur-la-nfl-draft-2025\/#breadcrumb","itemListElement":[{"@type":"ListItem","position":1,"name":"Accueil","item":"https:\/\/theplayoffs.news\/fr\/"},{"@type":"ListItem","position":2,"name":"Wilfried Pene, cap sur la NFL Draft 2025\u00a0!"}]},{"@type":"WebSite","@id":"https:\/\/theplayoffs.news\/fr\/#website","url":"https:\/\/theplayoffs.news\/fr\/","name":"The Playoffs FR","description":"NBA-NFL-NHL-MLB","potentialAction":[{"@type":"SearchAction","target":{"@type":"EntryPoint","urlTemplate":"https:\/\/theplayoffs.news\/fr\/?s={search_term_string}"},"query-input":{"@type":"PropertyValueSpecification","valueRequired":true,"valueName":"search_term_string"}}],"inLanguage":"fr-FR"},{"@type":"Person","@id":"https:\/\/theplayoffs.news\/fr\/#\/schema\/person\/f6fa85bab6c49d3aa861c5981269a117","name":"ShowTime","image":{"@type":"ImageObject","inLanguage":"fr-FR","@id":"https:\/\/theplayoffs.news\/fr\/#\/schema\/person\/image\/","url":"https:\/\/secure.gravatar.com\/avatar\/166d3b2bca5888013ebfdceaf7de9847159306eb3205a7368a67242a7102306d?s=96&d=mm&r=g","contentUrl":"https:\/\/secure.gravatar.com\/avatar\/166d3b2bca5888013ebfdceaf7de9847159306eb3205a7368a67242a7102306d?s=96&d=mm&r=g","caption":"ShowTime"},"url":"https:\/\/theplayoffs.news\/fr\/author\/thomas-laradeegmail-com\/"}]}},"_links":{"self":[{"href":"https:\/\/theplayoffs.news\/fr\/wp-json\/wp\/v2\/posts\/1251457","targetHints":{"allow":["GET"]}}],"collection":[{"href":"https:\/\/theplayoffs.news\/fr\/wp-json\/wp\/v2\/posts"}],"about":[{"href":"https:\/\/theplayoffs.news\/fr\/wp-json\/wp\/v2\/types\/post"}],"author":[{"embeddable":true,"href":"https:\/\/theplayoffs.news\/fr\/wp-json\/wp\/v2\/users\/180310213"}],"replies":[{"embeddable":true,"href":"https:\/\/theplayoffs.news\/fr\/wp-json\/wp\/v2\/comments?post=1251457"}],"version-history":[{"count":2,"href":"https:\/\/theplayoffs.news\/fr\/wp-json\/wp\/v2\/posts\/1251457\/revisions"}],"predecessor-version":[{"id":1251479,"href":"https:\/\/theplayoffs.news\/fr\/wp-json\/wp\/v2\/posts\/1251457\/revisions\/1251479"}],"wp:featuredmedia":[{"embeddable":true,"href":"https:\/\/theplayoffs.news\/fr\/wp-json\/wp\/v2\/media\/1251472"}],"wp:attachment":[{"href":"https:\/\/theplayoffs.news\/fr\/wp-json\/wp\/v2\/media?parent=1251457"}],"wp:term":[{"taxonomy":"category","embeddable":true,"href":"https:\/\/theplayoffs.news\/fr\/wp-json\/wp\/v2\/categories?post=1251457"},{"taxonomy":"post_tag","embeddable":true,"href":"https:\/\/theplayoffs.news\/fr\/wp-json\/wp\/v2\/tags?post=1251457"},{"taxonomy":"sport","embeddable":true,"href":"https:\/\/theplayoffs.news\/fr\/wp-json\/wp\/v2\/sport?post=1251457"},{"taxonomy":"saison","embeddable":true,"href":"https:\/\/theplayoffs.news\/fr\/wp-json\/wp\/v2\/saison?post=1251457"}],"curies":[{"name":"wp","href":"https:\/\/api.w.org\/{rel}","templated":true}]}}