{"id":1248572,"date":"2024-01-11T13:19:09","date_gmt":"2024-01-11T12:19:09","guid":{"rendered":"https:\/\/theplayoffs.news\/fr\/?p=1248572"},"modified":"2024-01-11T13:19:11","modified_gmt":"2024-01-11T12:19:11","slug":"bill-belichick-renvoye-par-les-patriots","status":"publish","type":"post","link":"https:\/\/theplayoffs.news\/fr\/actualite-nfl\/bill-belichick-renvoye-par-les-patriots\/","title":{"rendered":"Bill Belichick renvoy\u00e9 par les Patriots"},"content":{"rendered":"<h2>NFL &ndash; L&rsquo;entra&icirc;neur embl&eacute;matique des New England Patriots Bill Belichick a &eacute;t&eacute; renvoy&eacute; par la franchise ce jeudi.<\/h2><p>C&rsquo;en est fini de l&rsquo;&egrave;re <a href=\"https:\/\/www.pro-football-reference.com\/coaches\/BeliBi0.htm\" class=\"trk-cta-link\" data-cta-trk='{\"ctaType\":\"Link\",\"ctaSubType\":\"main\"}'>Bill Belichick<\/a> aux Patriots! Un peu plus de douze heures apr&egrave;s <a href=\"https:\/\/theplayoffs.news\/fr\/nfl\/pete-carroll-plus-entraineur-des-seahawks\/\" class=\"trk-cta-link\" data-cta-trk='{\"ctaType\":\"Link\",\"ctaSubType\":\"main\"}'>le renvoi de Pete Carroll<\/a> des Seahawks de Seattle et de l&rsquo;annonce de la retraite de Nick Saban, un autre entra&icirc;neur embl&eacute;matique de la NFL est renvoy&eacute; de son poste. D&rsquo;apr&egrave;s une information publi&eacute;e par <a href=\"https:\/\/twitter.com\/RapSheet\/status\/1745416354113507506\" class=\"trk-cta-link\" data-cta-trk='{\"ctaType\":\"Link\",\"ctaSubType\":\"main\"}'>Ian Rapoport<\/a>, Bill Belichick ne sera plus l&rsquo;entra&icirc;neur des Patriots pendant la saison 2024. L&rsquo;officialisation de la nouvelle par la franchise devrait intervenir dans la journ&eacute;e.<\/p><blockquote class=\"twitter-tweet\" data-width=\"500\" data-dnt=\"true\">\n<p lang=\"en\" dir=\"ltr\">&#128680; &#128680; &#128680; <\/p>\n<p>The <a href=\"https:\/\/twitter.com\/hashtag\/Patriots?src=hash&amp;ref_src=twsrc%5Etfw\" class=\"trk-cta-link\" data-cta-trk='{\"ctaType\":\"Link\",\"ctaSubType\":\"main\"}'>#Patriots<\/a> are moving on and so is the greatest coach of all time.<br>&nbsp;<br>Bill Belichick won&rsquo;t be New England&rsquo;s coach in 2024, per me and <a href=\"https:\/\/twitter.com\/TomPelissero?ref_src=twsrc%5Etfw\" class=\"trk-cta-link\" data-cta-trk='{\"ctaType\":\"Link\",\"ctaSubType\":\"main\"}'>@TomPelissero<\/a>, as his celebrated 24-year tenure, one that included 6 Super Bowl wins, is over. A new era awaits. <a href=\"https:\/\/t.co\/QRqfe2lkHh\" class=\"trk-cta-link\" data-cta-trk='{\"ctaType\":\"Link\",\"ctaSubType\":\"main\"}'>pic.twitter.com\/QRqfe2lkHh<\/a><\/p>\n<p>&mdash; Ian Rapoport (@RapSheet) <a href=\"https:\/\/twitter.com\/RapSheet\/status\/1745416354113507506?ref_src=twsrc%5Etfw\" class=\"trk-cta-link\" data-cta-trk='{\"ctaType\":\"Link\",\"ctaSubType\":\"main\"}'>January 11, 2024<\/a><\/p><\/blockquote><p><script async src=\"https:\/\/platform.twitter.com\/widgets.js\" charset=\"utf-8\"><\/script><\/p><p>Au total, Bill Belichick aura pass&eacute; 24 saisons sur le banc de touche des Patriots avec des succ&egrave;s retentissants &agrave; l&rsquo;image de la dynastie emmen&eacute;e par Tom Brady pendant laquelle la franchise de la Nouvelle-Angleterre aura glan&eacute; 6 Super Bowl. L&rsquo;&egrave;re Belichick &agrave; la Nouvelle-Angleterre se termine donc avec 387 matchs de saison r&eacute;guli&egrave;re dont 266 victoires et 121 d&eacute;faites. Une fin de r&egrave;gne plus compliqu&eacute;e &agrave; l&rsquo;image de cette derni&egrave;re saison 2023 clotur&eacute;e avec seulement 4 victoires.<\/p><p>Mais la fin de Bill Belichick aux Patriots ne signifie pas forc&eacute;ment la fin de la carri&egrave;re de l&rsquo;entra&icirc;neur de 71 ans qui aurait toujours comme objectif d&rsquo;aller chercher le record du nombre de victoires pour un entra&icirc;neur en NFL. Mais ce ne sera donc pas avec les Patriots!<\/p><p><em>Cr&eacute;dit photo: Mark Konezny-USA TODAY Sports<\/em><\/p>\n","protected":false},"excerpt":{"rendered":"","protected":false},"author":180309964,"featured_media":1240026,"comment_status":"open","ping_status":"closed","sticky":false,"template":"","format":"standard","meta":{"inline_featured_image":false,"kia_subtitle":"","_mux_skip_reasons":[],"proofreadBy":0,"footnotes":""},"categories":[118,40],"tags":[879,622],"sport":[2785],"saison":[3453],"class_list":["post-1248572","post","type-post","status-publish","format-standard","has-post-thumbnail","hentry","category-actualite-nfl","category-nfl","tag-bill-belichick","tag-new-england-patriots","sport-nfl","saison-3453"],"acf":[],"yoast_head":"<!-- This site is optimized with the Yoast SEO plugin v24.2 - https:\/\/yoast.com\/wordpress\/plugins\/seo\/ -->\n<title>Bill Belichick renvoy&eacute; par les Patriots - The Playoffs FR<\/title>\n<meta name=\"robots\" content=\"index, follow, max-snippet:-1, max-image-preview:large, max-video-preview:-1\" \/>\n<link rel=\"canonical\" href=\"https:\/\/theplayoffs.news\/fr\/actualite-nfl\/bill-belichick-renvoye-par-les-patriots\/\" \/>\n<meta property=\"og:locale\" content=\"fr_FR\" \/>\n<meta property=\"og:type\" content=\"article\" \/>\n<meta property=\"og:title\" content=\"Bill Belichick renvoy&eacute; par les Patriots - The Playoffs FR\" \/>\n<meta property=\"og:url\" content=\"https:\/\/theplayoffs.news\/fr\/actualite-nfl\/bill-belichick-renvoye-par-les-patriots\/\" \/>\n<meta property=\"og:site_name\" content=\"The Playoffs FR\" \/>\n<meta property=\"article:publisher\" content=\"https:\/\/www.facebook.com\/TheFreeAgentFR\/\" \/>\n<meta property=\"article:modified_time\" content=\"2024-01-11T13:19:11+01:00\" \/>\n<meta property=\"og:image\" content=\"https:\/\/theplayoffs.news\/fr\/wp-content\/uploads\/2024\/01\/USATSI_22201957-2.jpg\" \/>\n\t<meta property=\"og:image:width\" content=\"1920\" \/>\n\t<meta property=\"og:image:height\" content=\"1434\" \/>\n\t<meta property=\"og:image:type\" content=\"image\/jpeg\" \/>\n<meta name=\"author\" content=\"Flavien Jumeau\" \/>\n<meta name=\"twitter:card\" content=\"summary_large_image\" \/>\n<meta name=\"twitter:creator\" content=\"@TheFreeAgentFR\" \/>\n<meta name=\"twitter:site\" content=\"@TheFreeAgentFR\" \/>\n<meta name=\"twitter:label1\" content=\"\u00c9crit par\" \/>\n\t<meta name=\"twitter:data1\" content=\"Flavien Jumeau\" \/>\n\t<meta name=\"twitter:label2\" content=\"Dur\u00e9e de lecture estim\u00e9e\" \/>\n\t<meta name=\"twitter:data2\" content=\"1 minute\" \/>\n<script type=\"application\/ld+json\" class=\"yoast-schema-graph\">{\"@context\":\"https:\/\/schema.org\",\"@graph\":[{\"@type\":\"WebPage\",\"@id\":\"https:\/\/theplayoffs.news\/fr\/actualite-nfl\/bill-belichick-renvoye-par-les-patriots\/\",\"url\":\"https:\/\/theplayoffs.news\/fr\/actualite-nfl\/bill-belichick-renvoye-par-les-patriots\/\",\"name\":\"Bill Belichick renvoy\u00e9 par les Patriots - The Playoffs FR\",\"isPartOf\":{\"@id\":\"https:\/\/theplayoffs.news\/fr\/#website\"},\"primaryImageOfPage\":{\"@id\":\"https:\/\/theplayoffs.news\/fr\/actualite-nfl\/bill-belichick-renvoye-par-les-patriots\/#primaryimage\"},\"image\":{\"@id\":\"https:\/\/theplayoffs.news\/fr\/actualite-nfl\/bill-belichick-renvoye-par-les-patriots\/#primaryimage\"},\"thumbnailUrl\":\"https:\/\/theplayoffs.news\/fr\/wp-content\/uploads\/2024\/01\/USATSI_22201957-2.jpg\",\"datePublished\":\"2024-01-11T12:19:09+00:00\",\"dateModified\":\"2024-01-11T12:19:11+00:00\",\"author\":{\"@id\":\"https:\/\/theplayoffs.news\/fr\/#\/schema\/person\/def63bc6746dc5957469b75feb99e66d\"},\"breadcrumb\":{\"@id\":\"https:\/\/theplayoffs.news\/fr\/actualite-nfl\/bill-belichick-renvoye-par-les-patriots\/#breadcrumb\"},\"inLanguage\":\"fr-FR\",\"potentialAction\":[{\"@type\":\"ReadAction\",\"target\":[\"https:\/\/theplayoffs.news\/fr\/actualite-nfl\/bill-belichick-renvoye-par-les-patriots\/\"]}]},{\"@type\":\"ImageObject\",\"inLanguage\":\"fr-FR\",\"@id\":\"https:\/\/theplayoffs.news\/fr\/actualite-nfl\/bill-belichick-renvoye-par-les-patriots\/#primaryimage\",\"url\":\"https:\/\/theplayoffs.news\/fr\/wp-content\/uploads\/2024\/01\/USATSI_22201957-2.jpg\",\"contentUrl\":\"https:\/\/theplayoffs.news\/fr\/wp-content\/uploads\/2024\/01\/USATSI_22201957-2.jpg\",\"width\":1920,\"height\":1434,\"caption\":\"Dec 31, 2023; Orchard Park, New York, USA; New England Patriots head coach Bill Belichick watches a play against the Buffalo Bills in the fourth quarter at Highmark Stadium. Mandatory Credit: Mark Konezny-USA TODAY Sports\"},{\"@type\":\"BreadcrumbList\",\"@id\":\"https:\/\/theplayoffs.news\/fr\/actualite-nfl\/bill-belichick-renvoye-par-les-patriots\/#breadcrumb\",\"itemListElement\":[{\"@type\":\"ListItem\",\"position\":1,\"name\":\"Accueil\",\"item\":\"https:\/\/theplayoffs.news\/fr\/\"},{\"@type\":\"ListItem\",\"position\":2,\"name\":\"Bill Belichick renvoy\u00e9 par les Patriots\"}]},{\"@type\":\"WebSite\",\"@id\":\"https:\/\/theplayoffs.news\/fr\/#website\",\"url\":\"https:\/\/theplayoffs.news\/fr\/\",\"name\":\"The Playoffs FR\",\"description\":\"NBA-NFL-NHL-MLB\",\"potentialAction\":[{\"@type\":\"SearchAction\",\"target\":{\"@type\":\"EntryPoint\",\"urlTemplate\":\"https:\/\/theplayoffs.news\/fr\/?s={search_term_string}\"},\"query-input\":{\"@type\":\"PropertyValueSpecification\",\"valueRequired\":true,\"valueName\":\"search_term_string\"}}],\"inLanguage\":\"fr-FR\"},{\"@type\":\"Person\",\"@id\":\"https:\/\/theplayoffs.news\/fr\/#\/schema\/person\/def63bc6746dc5957469b75feb99e66d\",\"name\":\"Flavien Jumeau\",\"image\":{\"@type\":\"ImageObject\",\"inLanguage\":\"fr-FR\",\"@id\":\"https:\/\/theplayoffs.news\/fr\/#\/schema\/person\/image\/\",\"url\":\"https:\/\/secure.gravatar.com\/avatar\/e7fa8ba5a4b7e4ce35fe152f083f352db28ad0acce692004ed88a7a7d78893f7?s=96&d=mm&r=g\",\"contentUrl\":\"https:\/\/secure.gravatar.com\/avatar\/e7fa8ba5a4b7e4ce35fe152f083f352db28ad0acce692004ed88a7a7d78893f7?s=96&d=mm&r=g\",\"caption\":\"Flavien Jumeau\"},\"description\":\"Amoureux du sport (et de vraiment tous les sports) depuis mon plus jeune \u00e2ge, j\u2019ai longtemps h\u00e9site entre le snooker et le curling. Finalement c\u2019est le foot US que j\u2019ai d\u00e9cid\u00e9 de choisir! Responsable foot US sur TPO et animateur du podcast Tailgate j\u2019ai pour mission de vous faire d\u00e9couvrir ce sport passionnant si ce n\u2019est pas encore fait et de vous donner les derni\u00e8res actus. Le tout dans la bonne humeur et avec toujours un jeu de mots ou deux savamment distill\u00e9s! Fan des Saints, pour moi Drew Brees est le vrai GOAT!\",\"url\":\"https:\/\/theplayoffs.news\/fr\/author\/flavien-jumeaugmail-com\/\"}]}<\/script>\n<!-- \/ Yoast SEO plugin. -->","yoast_head_json":{"title":"Bill Belichick renvoy&eacute; par les Patriots - The Playoffs FR","robots":{"index":"index","follow":"follow","max-snippet":"max-snippet:-1","max-image-preview":"max-image-preview:large","max-video-preview":"max-video-preview:-1"},"canonical":"https:\/\/theplayoffs.news\/fr\/actualite-nfl\/bill-belichick-renvoye-par-les-patriots\/","og_locale":"fr_FR","og_type":"article","og_title":"Bill Belichick renvoy&eacute; par les Patriots - The Playoffs FR","og_url":"https:\/\/theplayoffs.news\/fr\/actualite-nfl\/bill-belichick-renvoye-par-les-patriots\/","og_site_name":"The Playoffs FR","article_publisher":"https:\/\/www.facebook.com\/TheFreeAgentFR\/","article_modified_time":"2024-01-11T12:19:11+00:00","og_image":[{"width":1920,"height":1434,"url":"https:\/\/theplayoffs.news\/fr\/wp-content\/uploads\/2024\/01\/USATSI_22201957-2.jpg","type":"image\/jpeg"}],"author":"Flavien Jumeau","twitter_card":"summary_large_image","twitter_creator":"@TheFreeAgentFR","twitter_site":"@TheFreeAgentFR","twitter_misc":{"\u00c9crit par":"Flavien Jumeau","Dur\u00e9e de lecture estim\u00e9e":"1 minute"},"schema":{"@context":"https:\/\/schema.org","@graph":[{"@type":"WebPage","@id":"https:\/\/theplayoffs.news\/fr\/actualite-nfl\/bill-belichick-renvoye-par-les-patriots\/","url":"https:\/\/theplayoffs.news\/fr\/actualite-nfl\/bill-belichick-renvoye-par-les-patriots\/","name":"Bill Belichick renvoy\u00e9 par les Patriots - The Playoffs FR","isPartOf":{"@id":"https:\/\/theplayoffs.news\/fr\/#website"},"primaryImageOfPage":{"@id":"https:\/\/theplayoffs.news\/fr\/actualite-nfl\/bill-belichick-renvoye-par-les-patriots\/#primaryimage"},"image":{"@id":"https:\/\/theplayoffs.news\/fr\/actualite-nfl\/bill-belichick-renvoye-par-les-patriots\/#primaryimage"},"thumbnailUrl":"https:\/\/theplayoffs.news\/fr\/wp-content\/uploads\/2024\/01\/USATSI_22201957-2.jpg","datePublished":"2024-01-11T12:19:09+00:00","dateModified":"2024-01-11T12:19:11+00:00","author":{"@id":"https:\/\/theplayoffs.news\/fr\/#\/schema\/person\/def63bc6746dc5957469b75feb99e66d"},"breadcrumb":{"@id":"https:\/\/theplayoffs.news\/fr\/actualite-nfl\/bill-belichick-renvoye-par-les-patriots\/#breadcrumb"},"inLanguage":"fr-FR","potentialAction":[{"@type":"ReadAction","target":["https:\/\/theplayoffs.news\/fr\/actualite-nfl\/bill-belichick-renvoye-par-les-patriots\/"]}]},{"@type":"ImageObject","inLanguage":"fr-FR","@id":"https:\/\/theplayoffs.news\/fr\/actualite-nfl\/bill-belichick-renvoye-par-les-patriots\/#primaryimage","url":"https:\/\/theplayoffs.news\/fr\/wp-content\/uploads\/2024\/01\/USATSI_22201957-2.jpg","contentUrl":"https:\/\/theplayoffs.news\/fr\/wp-content\/uploads\/2024\/01\/USATSI_22201957-2.jpg","width":1920,"height":1434,"caption":"Dec 31, 2023; Orchard Park, New York, USA; New England Patriots head coach Bill Belichick watches a play against the Buffalo Bills in the fourth quarter at Highmark Stadium. Mandatory Credit: Mark Konezny-USA TODAY Sports"},{"@type":"BreadcrumbList","@id":"https:\/\/theplayoffs.news\/fr\/actualite-nfl\/bill-belichick-renvoye-par-les-patriots\/#breadcrumb","itemListElement":[{"@type":"ListItem","position":1,"name":"Accueil","item":"https:\/\/theplayoffs.news\/fr\/"},{"@type":"ListItem","position":2,"name":"Bill Belichick renvoy\u00e9 par les Patriots"}]},{"@type":"WebSite","@id":"https:\/\/theplayoffs.news\/fr\/#website","url":"https:\/\/theplayoffs.news\/fr\/","name":"The Playoffs FR","description":"NBA-NFL-NHL-MLB","potentialAction":[{"@type":"SearchAction","target":{"@type":"EntryPoint","urlTemplate":"https:\/\/theplayoffs.news\/fr\/?s={search_term_string}"},"query-input":{"@type":"PropertyValueSpecification","valueRequired":true,"valueName":"search_term_string"}}],"inLanguage":"fr-FR"},{"@type":"Person","@id":"https:\/\/theplayoffs.news\/fr\/#\/schema\/person\/def63bc6746dc5957469b75feb99e66d","name":"Flavien Jumeau","image":{"@type":"ImageObject","inLanguage":"fr-FR","@id":"https:\/\/theplayoffs.news\/fr\/#\/schema\/person\/image\/","url":"https:\/\/secure.gravatar.com\/avatar\/e7fa8ba5a4b7e4ce35fe152f083f352db28ad0acce692004ed88a7a7d78893f7?s=96&d=mm&r=g","contentUrl":"https:\/\/secure.gravatar.com\/avatar\/e7fa8ba5a4b7e4ce35fe152f083f352db28ad0acce692004ed88a7a7d78893f7?s=96&d=mm&r=g","caption":"Flavien Jumeau"},"description":"Amoureux du sport (et de vraiment tous les sports) depuis mon plus jeune \u00e2ge, j\u2019ai longtemps h\u00e9site entre le snooker et le curling. Finalement c\u2019est le foot US que j\u2019ai d\u00e9cid\u00e9 de choisir! Responsable foot US sur TPO et animateur du podcast Tailgate j\u2019ai pour mission de vous faire d\u00e9couvrir ce sport passionnant si ce n\u2019est pas encore fait et de vous donner les derni\u00e8res actus. Le tout dans la bonne humeur et avec toujours un jeu de mots ou deux savamment distill\u00e9s! Fan des Saints, pour moi Drew Brees est le vrai GOAT!","url":"https:\/\/theplayoffs.news\/fr\/author\/flavien-jumeaugmail-com\/"}]}},"_links":{"self":[{"href":"https:\/\/theplayoffs.news\/fr\/wp-json\/wp\/v2\/posts\/1248572","targetHints":{"allow":["GET"]}}],"collection":[{"href":"https:\/\/theplayoffs.news\/fr\/wp-json\/wp\/v2\/posts"}],"about":[{"href":"https:\/\/theplayoffs.news\/fr\/wp-json\/wp\/v2\/types\/post"}],"author":[{"embeddable":true,"href":"https:\/\/theplayoffs.news\/fr\/wp-json\/wp\/v2\/users\/180309964"}],"replies":[{"embeddable":true,"href":"https:\/\/theplayoffs.news\/fr\/wp-json\/wp\/v2\/comments?post=1248572"}],"version-history":[{"count":3,"href":"https:\/\/theplayoffs.news\/fr\/wp-json\/wp\/v2\/posts\/1248572\/revisions"}],"predecessor-version":[{"id":1248636,"href":"https:\/\/theplayoffs.news\/fr\/wp-json\/wp\/v2\/posts\/1248572\/revisions\/1248636"}],"wp:featuredmedia":[{"embeddable":true,"href":"https:\/\/theplayoffs.news\/fr\/wp-json\/wp\/v2\/media\/1240026"}],"wp:attachment":[{"href":"https:\/\/theplayoffs.news\/fr\/wp-json\/wp\/v2\/media?parent=1248572"}],"wp:term":[{"taxonomy":"category","embeddable":true,"href":"https:\/\/theplayoffs.news\/fr\/wp-json\/wp\/v2\/categories?post=1248572"},{"taxonomy":"post_tag","embeddable":true,"href":"https:\/\/theplayoffs.news\/fr\/wp-json\/wp\/v2\/tags?post=1248572"},{"taxonomy":"sport","embeddable":true,"href":"https:\/\/theplayoffs.news\/fr\/wp-json\/wp\/v2\/sport?post=1248572"},{"taxonomy":"saison","embeddable":true,"href":"https:\/\/theplayoffs.news\/fr\/wp-json\/wp\/v2\/saison?post=1248572"}],"curies":[{"name":"wp","href":"https:\/\/api.w.org\/{rel}","templated":true}]}}