{"id":1244593,"date":"2024-01-10T09:53:11","date_gmt":"2024-01-10T08:53:11","guid":{"rendered":"https:\/\/theplayoffs.news\/fr\/?p=1244593"},"modified":"2024-01-10T09:56:05","modified_gmt":"2024-01-10T08:56:05","slug":"julio-urias-pas-de-poursuites-judiciaires-dans-limmediat","status":"publish","type":"post","link":"https:\/\/theplayoffs.news\/fr\/actualite-mlb\/julio-urias-pas-de-poursuites-judiciaires-dans-limmediat\/","title":{"rendered":"Julio Urias : pas de poursuites judiciaires dans l&rsquo;imm\u00e9diat"},"content":{"rendered":"<h2>MLB &ndash; Le bureau du procureur du comt&eacute; de Los Angeles a d&eacute;cid&eacute; de ne pas poursuivre les accusations de violence domestique contre l&rsquo;ancien lanceur des Dodgers, Julio Ur&iacute;as.<\/h2><p>Cette d&eacute;cision, d&eacute;coulant de l&rsquo;arrestation d&rsquo;Ur&iacute;as en septembre pour suspicion de violence domestique de nature criminelle, d&eacute;place l&rsquo;attention vers le bureau de l&rsquo;avocat de la ville pour d&rsquo;&eacute;ventuelles consid&eacute;rations de d&eacute;lit.<\/p><p>L&rsquo;incident, qui s&rsquo;est d&eacute;roul&eacute; lors d&rsquo;un match de LAFC au BMO Stadium contre Inter Miami, impliquait <a href=\"https:\/\/theplayoffs.news\/fr\/joueur\/julio-urias-mlb-66446\/\" class=\"trk-cta-link\" data-cta-trk='{\"ctaType\":\"Link\",\"ctaSubType\":\"main\"}'><strong>Julio Ur&iacute;as<\/strong><\/a> pr&eacute;tendument engag&eacute; dans une altercation physique, poussant la victime contre une cl&ocirc;ture et la tirant par les cheveux ou les &eacute;paules. Malgr&eacute; ces all&eacute;gations graves, l&rsquo;enqu&ecirc;te du comt&eacute; a conclu que la gravit&eacute; des blessures de la victime et l&rsquo;historique criminel d&rsquo;Ur&iacute;as ne justifiaient pas des accusations de crime.<\/p><p><strong>Implications pour la carri&egrave;re de Julio Ur&iacute;as<\/strong><\/p><p>La r&eacute;ponse de la Major League Baseball &agrave; l&rsquo;incident a &eacute;t&eacute; rapide, Julio Ur&iacute;as &eacute;tant mis en cong&eacute; administratif peu apr&egrave;s l&rsquo;incident. Ce mouvement l&rsquo;a &eacute;cart&eacute; pour le reste de la saison, un coup significatif pour sa carri&egrave;re et son &eacute;quipe. &Agrave; 27 ans, d&eacute;sormais agent libre, l&rsquo;avenir d&rsquo;Ur&iacute;as dans la ligue est en balance. La MLB continue son enqu&ecirc;te, qui devrait prendre de l&rsquo;ampleur apr&egrave;s la r&eacute;solution des proc&eacute;dures judiciaires.<\/p><p>La politique de violence domestique de la ligue, &eacute;tablie conjointement avec le syndicat des joueurs, lui permet de prendre des mesures disciplinaires ind&eacute;pendamment du r&eacute;sultat juridique. Julio Ur&iacute;as, qui a d&eacute;j&agrave; fait face &agrave; une situation similaire en 2019, r&eacute;sultant en une suspension de 20 matchs, pourrait faire face &agrave; de nouvelles sanctions en vertu de cette politique. Cette politique, en vigueur depuis 2015, n&rsquo;a pas vu de joueur suspendu deux fois pour violence domestique, ce qui place Ur&iacute;as dans une situation sans pr&eacute;c&eacute;dent.<\/p><p>Apr&egrave;s sa suspension en 2019, Ur&iacute;as a fait un retour remarquable, jouant un r&ocirc;le cl&eacute; dans la victoire des Dodgers lors des World Series 2020 et recevant des votes pour le Cy Young lors des saisons suivantes.<\/p><p>&nbsp;<\/p><p>Credit Photo : Gary A. Vasquez-USA TODAY Sports<\/p>\n","protected":false},"excerpt":{"rendered":"","protected":false},"author":13,"featured_media":1244605,"comment_status":"open","ping_status":"closed","sticky":false,"template":"","format":"standard","meta":{"inline_featured_image":false,"kia_subtitle":"","_mux_skip_reasons":[],"proofreadBy":0,"footnotes":""},"categories":[188,9],"tags":[2575],"sport":[],"saison":[],"class_list":["post-1244593","post","type-post","status-publish","format-standard","has-post-thumbnail","hentry","category-actualite-mlb","category-mlb","tag-julio-urias"],"acf":[],"yoast_head":"<!-- This site is optimized with the Yoast SEO plugin v24.2 - https:\/\/yoast.com\/wordpress\/plugins\/seo\/ -->\n<title>Julio Urias : pas de poursuites judiciaires dans l&#039;imm&eacute;diat - The Playoffs FR<\/title>\n<meta name=\"robots\" content=\"index, follow, max-snippet:-1, max-image-preview:large, max-video-preview:-1\" \/>\n<link rel=\"canonical\" href=\"https:\/\/theplayoffs.news\/fr\/actualite-mlb\/julio-urias-pas-de-poursuites-judiciaires-dans-limmediat\/\" \/>\n<meta property=\"og:locale\" content=\"fr_FR\" \/>\n<meta property=\"og:type\" content=\"article\" \/>\n<meta property=\"og:title\" content=\"Julio Urias : pas de poursuites judiciaires dans l&#039;imm&eacute;diat - The Playoffs FR\" \/>\n<meta property=\"og:url\" content=\"https:\/\/theplayoffs.news\/fr\/actualite-mlb\/julio-urias-pas-de-poursuites-judiciaires-dans-limmediat\/\" \/>\n<meta property=\"og:site_name\" content=\"The Playoffs FR\" \/>\n<meta property=\"article:publisher\" content=\"https:\/\/www.facebook.com\/TheFreeAgentFR\/\" \/>\n<meta property=\"article:modified_time\" content=\"2024-01-10T09:56:05+01:00\" \/>\n<meta property=\"og:image\" content=\"https:\/\/theplayoffs.news\/fr\/wp-content\/uploads\/2024\/01\/USATSI_21325500.jpg\" \/>\n\t<meta property=\"og:image:width\" content=\"1920\" \/>\n\t<meta property=\"og:image:height\" content=\"1280\" \/>\n\t<meta property=\"og:image:type\" content=\"image\/jpeg\" \/>\n<meta name=\"author\" content=\"Charles Taudin\" \/>\n<meta name=\"twitter:card\" content=\"summary_large_image\" \/>\n<meta name=\"twitter:creator\" content=\"@TheFreeAgentFR\" \/>\n<meta name=\"twitter:site\" content=\"@TheFreeAgentFR\" \/>\n<meta name=\"twitter:label1\" content=\"\u00c9crit par\" \/>\n\t<meta name=\"twitter:data1\" content=\"Charles Taudin\" \/>\n\t<meta name=\"twitter:label2\" content=\"Dur\u00e9e de lecture estim\u00e9e\" \/>\n\t<meta name=\"twitter:data2\" content=\"2 minutes\" \/>\n<script type=\"application\/ld+json\" class=\"yoast-schema-graph\">{\"@context\":\"https:\/\/schema.org\",\"@graph\":[{\"@type\":\"WebPage\",\"@id\":\"https:\/\/theplayoffs.news\/fr\/actualite-mlb\/julio-urias-pas-de-poursuites-judiciaires-dans-limmediat\/\",\"url\":\"https:\/\/theplayoffs.news\/fr\/actualite-mlb\/julio-urias-pas-de-poursuites-judiciaires-dans-limmediat\/\",\"name\":\"Julio Urias : pas de poursuites judiciaires dans l\\\\'imm\u00e9diat - The Playoffs FR\",\"isPartOf\":{\"@id\":\"https:\/\/theplayoffs.news\/fr\/#website\"},\"primaryImageOfPage\":{\"@id\":\"https:\/\/theplayoffs.news\/fr\/actualite-mlb\/julio-urias-pas-de-poursuites-judiciaires-dans-limmediat\/#primaryimage\"},\"image\":{\"@id\":\"https:\/\/theplayoffs.news\/fr\/actualite-mlb\/julio-urias-pas-de-poursuites-judiciaires-dans-limmediat\/#primaryimage\"},\"thumbnailUrl\":\"https:\/\/theplayoffs.news\/fr\/wp-content\/uploads\/2024\/01\/USATSI_21325500.jpg\",\"datePublished\":\"2024-01-10T08:53:11+00:00\",\"dateModified\":\"2024-01-10T08:56:05+00:00\",\"author\":{\"@id\":\"https:\/\/theplayoffs.news\/fr\/#\/schema\/person\/eee5b69ad5d3c51cabe881c839dbe133\"},\"breadcrumb\":{\"@id\":\"https:\/\/theplayoffs.news\/fr\/actualite-mlb\/julio-urias-pas-de-poursuites-judiciaires-dans-limmediat\/#breadcrumb\"},\"inLanguage\":\"fr-FR\",\"potentialAction\":[{\"@type\":\"ReadAction\",\"target\":[\"https:\/\/theplayoffs.news\/fr\/actualite-mlb\/julio-urias-pas-de-poursuites-judiciaires-dans-limmediat\/\"]}]},{\"@type\":\"ImageObject\",\"inLanguage\":\"fr-FR\",\"@id\":\"https:\/\/theplayoffs.news\/fr\/actualite-mlb\/julio-urias-pas-de-poursuites-judiciaires-dans-limmediat\/#primaryimage\",\"url\":\"https:\/\/theplayoffs.news\/fr\/wp-content\/uploads\/2024\/01\/USATSI_21325500.jpg\",\"contentUrl\":\"https:\/\/theplayoffs.news\/fr\/wp-content\/uploads\/2024\/01\/USATSI_21325500.jpg\",\"width\":1920,\"height\":1280,\"caption\":\"September 1, 2023; Los Angeles, California, USA; Los Angeles Dodgers starting pitcher Julio Urias (7) throws against the Atlanta Braves during the first inning at Dodger Stadium. Mandatory Credit: Gary A. Vasquez-USA TODAY Sports\"},{\"@type\":\"BreadcrumbList\",\"@id\":\"https:\/\/theplayoffs.news\/fr\/actualite-mlb\/julio-urias-pas-de-poursuites-judiciaires-dans-limmediat\/#breadcrumb\",\"itemListElement\":[{\"@type\":\"ListItem\",\"position\":1,\"name\":\"Accueil\",\"item\":\"https:\/\/theplayoffs.news\/fr\/\"},{\"@type\":\"ListItem\",\"position\":2,\"name\":\"Julio Urias : pas de poursuites judiciaires dans l&rsquo;imm\u00e9diat\"}]},{\"@type\":\"WebSite\",\"@id\":\"https:\/\/theplayoffs.news\/fr\/#website\",\"url\":\"https:\/\/theplayoffs.news\/fr\/\",\"name\":\"The Playoffs FR\",\"description\":\"NBA-NFL-NHL-MLB\",\"potentialAction\":[{\"@type\":\"SearchAction\",\"target\":{\"@type\":\"EntryPoint\",\"urlTemplate\":\"https:\/\/theplayoffs.news\/fr\/?s={search_term_string}\"},\"query-input\":{\"@type\":\"PropertyValueSpecification\",\"valueRequired\":true,\"valueName\":\"search_term_string\"}}],\"inLanguage\":\"fr-FR\"},{\"@type\":\"Person\",\"@id\":\"https:\/\/theplayoffs.news\/fr\/#\/schema\/person\/eee5b69ad5d3c51cabe881c839dbe133\",\"name\":\"Charles Taudin\",\"image\":{\"@type\":\"ImageObject\",\"inLanguage\":\"fr-FR\",\"@id\":\"https:\/\/theplayoffs.news\/fr\/#\/schema\/person\/image\/\",\"url\":\"https:\/\/secure.gravatar.com\/avatar\/59a1e772205ce9fd255edfcafc93013736822e20261f294c5753b20c41ede9f2?s=96&d=mm&r=g\",\"contentUrl\":\"https:\/\/secure.gravatar.com\/avatar\/59a1e772205ce9fd255edfcafc93013736822e20261f294c5753b20c41ede9f2?s=96&d=mm&r=g\",\"caption\":\"Charles Taudin\"},\"description\":\"R\u00e9dacteur en chef global de The Playoffs, j\u2019ai cr\u00e9\u00e9 The Free Agent, devenu The Playoffs FR, en 2020 durant la pand\u00e9mie. Amoureux depuis des ann\u00e9es des 4 sports majeurs am\u00e9ricains, j\u2019organise maintenant la strat\u00e9gie \u00e9ditoriale et les r\u00e9seaux sociaux de l\u2019ensemble des versions de The Playoffs. Il m\u2019arrive encore d\u2019\u00e9crire sur certains sports que j\u2019affectionne particuli\u00e8rement comme la NFL ou la MLB. Si vous devez retenir qu\u2019une chose : Eli Manning est le vrai GOAT pour avoir battu deux fois Tom Brady.\",\"sameAs\":[\"https:\/\/www.instagram.com\/ctaudin_\/\"],\"url\":\"https:\/\/theplayoffs.news\/fr\/author\/charles-taudin\/\"}]}<\/script>\n<!-- \/ Yoast SEO plugin. -->","yoast_head_json":{"title":"Julio Urias : pas de poursuites judiciaires dans l&#039;imm&eacute;diat - The Playoffs FR","robots":{"index":"index","follow":"follow","max-snippet":"max-snippet:-1","max-image-preview":"max-image-preview:large","max-video-preview":"max-video-preview:-1"},"canonical":"https:\/\/theplayoffs.news\/fr\/actualite-mlb\/julio-urias-pas-de-poursuites-judiciaires-dans-limmediat\/","og_locale":"fr_FR","og_type":"article","og_title":"Julio Urias : pas de poursuites judiciaires dans l&#039;imm&eacute;diat - The Playoffs FR","og_url":"https:\/\/theplayoffs.news\/fr\/actualite-mlb\/julio-urias-pas-de-poursuites-judiciaires-dans-limmediat\/","og_site_name":"The Playoffs FR","article_publisher":"https:\/\/www.facebook.com\/TheFreeAgentFR\/","article_modified_time":"2024-01-10T08:56:05+00:00","og_image":[{"width":1920,"height":1280,"url":"https:\/\/theplayoffs.news\/fr\/wp-content\/uploads\/2024\/01\/USATSI_21325500.jpg","type":"image\/jpeg"}],"author":"Charles Taudin","twitter_card":"summary_large_image","twitter_creator":"@TheFreeAgentFR","twitter_site":"@TheFreeAgentFR","twitter_misc":{"\u00c9crit par":"Charles Taudin","Dur\u00e9e de lecture estim\u00e9e":"2 minutes"},"schema":{"@context":"https:\/\/schema.org","@graph":[{"@type":"WebPage","@id":"https:\/\/theplayoffs.news\/fr\/actualite-mlb\/julio-urias-pas-de-poursuites-judiciaires-dans-limmediat\/","url":"https:\/\/theplayoffs.news\/fr\/actualite-mlb\/julio-urias-pas-de-poursuites-judiciaires-dans-limmediat\/","name":"Julio Urias : pas de poursuites judiciaires dans l\\'imm\u00e9diat - The Playoffs FR","isPartOf":{"@id":"https:\/\/theplayoffs.news\/fr\/#website"},"primaryImageOfPage":{"@id":"https:\/\/theplayoffs.news\/fr\/actualite-mlb\/julio-urias-pas-de-poursuites-judiciaires-dans-limmediat\/#primaryimage"},"image":{"@id":"https:\/\/theplayoffs.news\/fr\/actualite-mlb\/julio-urias-pas-de-poursuites-judiciaires-dans-limmediat\/#primaryimage"},"thumbnailUrl":"https:\/\/theplayoffs.news\/fr\/wp-content\/uploads\/2024\/01\/USATSI_21325500.jpg","datePublished":"2024-01-10T08:53:11+00:00","dateModified":"2024-01-10T08:56:05+00:00","author":{"@id":"https:\/\/theplayoffs.news\/fr\/#\/schema\/person\/eee5b69ad5d3c51cabe881c839dbe133"},"breadcrumb":{"@id":"https:\/\/theplayoffs.news\/fr\/actualite-mlb\/julio-urias-pas-de-poursuites-judiciaires-dans-limmediat\/#breadcrumb"},"inLanguage":"fr-FR","potentialAction":[{"@type":"ReadAction","target":["https:\/\/theplayoffs.news\/fr\/actualite-mlb\/julio-urias-pas-de-poursuites-judiciaires-dans-limmediat\/"]}]},{"@type":"ImageObject","inLanguage":"fr-FR","@id":"https:\/\/theplayoffs.news\/fr\/actualite-mlb\/julio-urias-pas-de-poursuites-judiciaires-dans-limmediat\/#primaryimage","url":"https:\/\/theplayoffs.news\/fr\/wp-content\/uploads\/2024\/01\/USATSI_21325500.jpg","contentUrl":"https:\/\/theplayoffs.news\/fr\/wp-content\/uploads\/2024\/01\/USATSI_21325500.jpg","width":1920,"height":1280,"caption":"September 1, 2023; Los Angeles, California, USA; Los Angeles Dodgers starting pitcher Julio Urias (7) throws against the Atlanta Braves during the first inning at Dodger Stadium. Mandatory Credit: Gary A. Vasquez-USA TODAY Sports"},{"@type":"BreadcrumbList","@id":"https:\/\/theplayoffs.news\/fr\/actualite-mlb\/julio-urias-pas-de-poursuites-judiciaires-dans-limmediat\/#breadcrumb","itemListElement":[{"@type":"ListItem","position":1,"name":"Accueil","item":"https:\/\/theplayoffs.news\/fr\/"},{"@type":"ListItem","position":2,"name":"Julio Urias : pas de poursuites judiciaires dans l&rsquo;imm\u00e9diat"}]},{"@type":"WebSite","@id":"https:\/\/theplayoffs.news\/fr\/#website","url":"https:\/\/theplayoffs.news\/fr\/","name":"The Playoffs FR","description":"NBA-NFL-NHL-MLB","potentialAction":[{"@type":"SearchAction","target":{"@type":"EntryPoint","urlTemplate":"https:\/\/theplayoffs.news\/fr\/?s={search_term_string}"},"query-input":{"@type":"PropertyValueSpecification","valueRequired":true,"valueName":"search_term_string"}}],"inLanguage":"fr-FR"},{"@type":"Person","@id":"https:\/\/theplayoffs.news\/fr\/#\/schema\/person\/eee5b69ad5d3c51cabe881c839dbe133","name":"Charles Taudin","image":{"@type":"ImageObject","inLanguage":"fr-FR","@id":"https:\/\/theplayoffs.news\/fr\/#\/schema\/person\/image\/","url":"https:\/\/secure.gravatar.com\/avatar\/59a1e772205ce9fd255edfcafc93013736822e20261f294c5753b20c41ede9f2?s=96&d=mm&r=g","contentUrl":"https:\/\/secure.gravatar.com\/avatar\/59a1e772205ce9fd255edfcafc93013736822e20261f294c5753b20c41ede9f2?s=96&d=mm&r=g","caption":"Charles Taudin"},"description":"R\u00e9dacteur en chef global de The Playoffs, j\u2019ai cr\u00e9\u00e9 The Free Agent, devenu The Playoffs FR, en 2020 durant la pand\u00e9mie. Amoureux depuis des ann\u00e9es des 4 sports majeurs am\u00e9ricains, j\u2019organise maintenant la strat\u00e9gie \u00e9ditoriale et les r\u00e9seaux sociaux de l\u2019ensemble des versions de The Playoffs. Il m\u2019arrive encore d\u2019\u00e9crire sur certains sports que j\u2019affectionne particuli\u00e8rement comme la NFL ou la MLB. Si vous devez retenir qu\u2019une chose : Eli Manning est le vrai GOAT pour avoir battu deux fois Tom Brady.","sameAs":["https:\/\/www.instagram.com\/ctaudin_\/"],"url":"https:\/\/theplayoffs.news\/fr\/author\/charles-taudin\/"}]}},"_links":{"self":[{"href":"https:\/\/theplayoffs.news\/fr\/wp-json\/wp\/v2\/posts\/1244593","targetHints":{"allow":["GET"]}}],"collection":[{"href":"https:\/\/theplayoffs.news\/fr\/wp-json\/wp\/v2\/posts"}],"about":[{"href":"https:\/\/theplayoffs.news\/fr\/wp-json\/wp\/v2\/types\/post"}],"author":[{"embeddable":true,"href":"https:\/\/theplayoffs.news\/fr\/wp-json\/wp\/v2\/users\/13"}],"replies":[{"embeddable":true,"href":"https:\/\/theplayoffs.news\/fr\/wp-json\/wp\/v2\/comments?post=1244593"}],"version-history":[{"count":3,"href":"https:\/\/theplayoffs.news\/fr\/wp-json\/wp\/v2\/posts\/1244593\/revisions"}],"predecessor-version":[{"id":1244618,"href":"https:\/\/theplayoffs.news\/fr\/wp-json\/wp\/v2\/posts\/1244593\/revisions\/1244618"}],"wp:featuredmedia":[{"embeddable":true,"href":"https:\/\/theplayoffs.news\/fr\/wp-json\/wp\/v2\/media\/1244605"}],"wp:attachment":[{"href":"https:\/\/theplayoffs.news\/fr\/wp-json\/wp\/v2\/media?parent=1244593"}],"wp:term":[{"taxonomy":"category","embeddable":true,"href":"https:\/\/theplayoffs.news\/fr\/wp-json\/wp\/v2\/categories?post=1244593"},{"taxonomy":"post_tag","embeddable":true,"href":"https:\/\/theplayoffs.news\/fr\/wp-json\/wp\/v2\/tags?post=1244593"},{"taxonomy":"sport","embeddable":true,"href":"https:\/\/theplayoffs.news\/fr\/wp-json\/wp\/v2\/sport?post=1244593"},{"taxonomy":"saison","embeddable":true,"href":"https:\/\/theplayoffs.news\/fr\/wp-json\/wp\/v2\/saison?post=1244593"}],"curies":[{"name":"wp","href":"https:\/\/api.w.org\/{rel}","templated":true}]}}