{"id":1230766,"date":"2024-01-05T17:46:22","date_gmt":"2024-01-05T16:46:22","guid":{"rendered":"https:\/\/theplayoffs.news\/fr\/?p=1230766"},"modified":"2024-01-05T17:48:05","modified_gmt":"2024-01-05T16:48:05","slug":"brad-stevens-parle-trade-deadline","status":"publish","type":"post","link":"https:\/\/theplayoffs.news\/fr\/actualite-nba\/brad-stevens-parle-trade-deadline\/","title":{"rendered":"Brad Stevens revient sur la trade deadline"},"content":{"rendered":"<h2>Profitant d&rsquo;un passage devant la presse, <a href=\"https:\/\/fr.wikipedia.org\/wiki\/Brad_Stevens\" class=\"trk-cta-link\" data-cta-trk='{\"ctaType\":\"Link\",\"ctaSubType\":\"main\"}'>Brad Stevens<\/a> a tenu &agrave; faire le point sur les objectifs des <a href=\"https:\/\/theplayoffs.news\/fr\/equipe\/boston-celtics-nba\/\" class=\"trk-cta-link\" data-cta-trk='{\"ctaType\":\"Link\",\"ctaSubType\":\"main\"}'>Boston Celtics<\/a> d&rsquo;ici la trade deadline qui approche &agrave; grand pas.<\/h2><p>Ses apparitions publiques sont rares. Aussi quand Brad Stevens prend la parole, tout le monde est tr&egrave;s attentif &agrave; ses propos. Ses Celtics vont tr&egrave;s bien en ce d&eacute;but de saison (1er de la NBA) et ces choix de transfert de l&rsquo;&eacute;t&eacute; dernier ont &eacute;t&eacute; encore une fois une r&eacute;ussite.<\/p><p>Pourtant les sp&eacute;cialistes et les fans estiment que le banc reste un peu faible pour les joutes &agrave; venir en playoffs. Brad Stevens a tenu &agrave; leur r&eacute;pondre :<\/p><blockquote><p>&laquo;&nbsp;Qui peut venir et avoir la conscience de soi et le talent pour s&rsquo;ajouter au groupe ?<br>\nDes joueurs comme <a href=\"https:\/\/theplayoffs.news\/fr\/joueur\/derrick-white-nba-6157152\/\" class=\"trk-cta-link\" data-cta-trk='{\"ctaType\":\"Link\",\"ctaSubType\":\"main\"}'>Derrick White<\/a> et Jrue Holiday sont tellement &agrave; l&rsquo;aise dans leur r&ocirc;le. Ils n&rsquo;utilisent pas toujours une tonne de possessions, mais celles qu&rsquo;ils utilisent sont incroyables. Chaque jour, ils sont positifs, ils soutiennent le groupe.<br>\nTrouver des gars qui compl&egrave;tent tous nos meilleurs joueurs, c&rsquo;est un petit groupe. Lorsque vous ajoutez des joueurs &agrave; votre &eacute;quipe, ils peuvent l&rsquo;enrichir ou lui nuire, il faut &ecirc;tre prudent. C&rsquo;est une chose &agrave; laquelle il faut penser quand on a autant de joueurs qui se compl&egrave;tent que les n&ocirc;tres.&nbsp;&raquo;<\/p><\/blockquote><p>\n<div id=\"attachment_1230889\" style=\"width: 696px\" class=\"wp-caption aligncenter\"><img loading=\"lazy\" decoding=\"async\" aria-describedby=\"caption-attachment-1230889\" class=\" wp-image-1230889\" src=\"https:\/\/theplayoffs.news\/fr\/wp-content\/uploads\/2024\/01\/USATSI_22186842.jpg\" alt=\"\" width=\"686\" height=\"1029\" srcset=\"https:\/\/theplayoffs.news\/fr\/wp-content\/uploads\/2024\/01\/USATSI_22186842.jpg 1280w, https:\/\/theplayoffs.news\/fr\/wp-content\/uploads\/2024\/01\/USATSI_22186842-200x300.jpg 200w, https:\/\/theplayoffs.news\/fr\/wp-content\/uploads\/2024\/01\/USATSI_22186842-687x1030.jpg 687w, https:\/\/theplayoffs.news\/fr\/wp-content\/uploads\/2024\/01\/USATSI_22186842-768x1152.jpg 768w, https:\/\/theplayoffs.news\/fr\/wp-content\/uploads\/2024\/01\/USATSI_22186842-1024x1536.jpg 1024w, https:\/\/theplayoffs.news\/fr\/wp-content\/uploads\/2024\/01\/USATSI_22186842-1000x1500.jpg 1000w, https:\/\/theplayoffs.news\/fr\/wp-content\/uploads\/2024\/01\/USATSI_22186842-470x705.jpg 470w\" sizes=\"auto, (max-width: 686px) 100vw, 686px\" \/><p id=\"caption-attachment-1230889\" class=\"wp-caption-text\">Mandatory Credit: Bob DeChiara-USA TODAY Sports<\/p><\/div>\n<\/p><p>C&rsquo;est un fait. L&rsquo;&eacute;quilibre d&rsquo;un groupe reste fragile et le moindre changement peut &ecirc;tre b&eacute;n&eacute;fique comme n&eacute;gatif. Et il ne faut pas n&eacute;gliger l&rsquo;aspect &eacute;conomique. Sans autorisation du Pr&eacute;sident Wyc Grousbeck, qui a eu l&rsquo;id&eacute;e g&eacute;niale d&rsquo;installer Brad Stevens au commande des op&eacute;rations basket des Celtics, rien ne serait possible.<\/p><blockquote><p>&laquo;&nbsp;J&rsquo;aimerais voir comment nous pouvons trouver un autre grand ailier qui peut nous aider, et je pense que cela peut se faire de l&rsquo;int&eacute;rieur et je pense aussi que nous allons continuer &agrave; surveiller la free agency et les &eacute;changes.<br>\nNos outils sont assez limit&eacute;s d&rsquo;un point de vue financier. Nous avons le feu vert pour faire tout ce que nous devons faire, le TPE de Grant est vraiment l&rsquo;outil num&eacute;ro un dont nous disposons.<br>\nMais ces 6M$ ne repr&eacute;sentent qu&rsquo;un petit nombre de personnes. Beaucoup de ceux qui sont dans ce cas sont sign&eacute;s pour des contrats minimums ou plus petits, ou sont sur leurs contrats de d&eacute;butants que les &eacute;quipes ne sont pas exactement excit&eacute;s de bouger encore. Nous allons l&rsquo;&eacute;puiser, nous allons l&rsquo;examiner&nbsp;&raquo;.<\/p><\/blockquote><p>La bonne opportunit&eacute; au bon moment. Voil&agrave; ce que Brad Stevens semble attendre. Tout va d&eacute;pendre donc des mouvements des autres &eacute;quipes. Et en NBA, comme tous les ans, nous savons tr&egrave;s bien que tout se joue dans les derniers jours de la trade deadline.<\/p><p>\n<div id=\"attachment_1230884\" style=\"width: 1930px\" class=\"wp-caption aligncenter\"><img loading=\"lazy\" decoding=\"async\" aria-describedby=\"caption-attachment-1230884\" class=\"size-full wp-image-1230884\" src=\"https:\/\/theplayoffs.news\/fr\/wp-content\/uploads\/2024\/01\/USATSI_22203178.jpg\" alt=\"\" width=\"1920\" height=\"1280\" srcset=\"https:\/\/theplayoffs.news\/fr\/wp-content\/uploads\/2024\/01\/USATSI_22203178.jpg 1920w, https:\/\/theplayoffs.news\/fr\/wp-content\/uploads\/2024\/01\/USATSI_22203178-300x200.jpg 300w, https:\/\/theplayoffs.news\/fr\/wp-content\/uploads\/2024\/01\/USATSI_22203178-1030x687.jpg 1030w, https:\/\/theplayoffs.news\/fr\/wp-content\/uploads\/2024\/01\/USATSI_22203178-768x512.jpg 768w, https:\/\/theplayoffs.news\/fr\/wp-content\/uploads\/2024\/01\/USATSI_22203178-1536x1024.jpg 1536w, https:\/\/theplayoffs.news\/fr\/wp-content\/uploads\/2024\/01\/USATSI_22203178-1500x1000.jpg 1500w, https:\/\/theplayoffs.news\/fr\/wp-content\/uploads\/2024\/01\/USATSI_22203178-705x470.jpg 705w, https:\/\/theplayoffs.news\/fr\/wp-content\/uploads\/2024\/01\/USATSI_22203178-1320x880.jpg 1320w\" sizes=\"auto, (max-width: 1920px) 100vw, 1920px\" \/><p id=\"caption-attachment-1230884\" class=\"wp-caption-text\">Mandatory Credit: Daniel Dunn-USA TODAY Sports<\/p><\/div>\n<\/p><p>Le poste de pivot rempla&ccedil;ant est aussi un poste cibl&eacute; faible par les observateurs ext&eacute;rieurs. Brad Stevens lui semble satisfait des joueurs &agrave; sa disposition :<\/p><blockquote><p>&laquo;&nbsp;Ajouter un pivot de rotation ? Il faudrait que ce soit un sacr&eacute; joueur.<br>\nAvec les outils dont nous disposons, il n&rsquo;y a pas grand-chose que nous puissions faire sans toucher &agrave; nos joueurs principaux. Ce qu&rsquo;il faut regarder, ce sont les gars qui peuvent jouer, les gars qui peuvent ajouter de la valeur, mais qui n&rsquo;ont pas besoin de jouer et qui sont au-dessus d&rsquo;eux-m&ecirc;mes. C&rsquo;est important.<br>\nC&rsquo;est ce que nous avons maintenant. Kristaps a bien jou&eacute;, Al a &eacute;t&eacute; bon, Luke et Neemias, quand on a fait appel &agrave; eux, ont apport&eacute; une grande valeur ajout&eacute;e. Si nous ajoutons quelqu&rsquo;un, je ne sais pas si cela changera la donne.&nbsp;&raquo;<\/p><\/blockquote><p>\n<div id=\"attachment_1230898\" style=\"width: 1930px\" class=\"wp-caption aligncenter\"><img loading=\"lazy\" decoding=\"async\" aria-describedby=\"caption-attachment-1230898\" class=\"size-full wp-image-1230898\" src=\"https:\/\/theplayoffs.news\/fr\/wp-content\/uploads\/2024\/01\/USATSI_22173491.jpg\" alt=\"\" width=\"1920\" height=\"1280\" srcset=\"https:\/\/theplayoffs.news\/fr\/wp-content\/uploads\/2024\/01\/USATSI_22173491.jpg 1920w, https:\/\/theplayoffs.news\/fr\/wp-content\/uploads\/2024\/01\/USATSI_22173491-300x200.jpg 300w, https:\/\/theplayoffs.news\/fr\/wp-content\/uploads\/2024\/01\/USATSI_22173491-1030x687.jpg 1030w, https:\/\/theplayoffs.news\/fr\/wp-content\/uploads\/2024\/01\/USATSI_22173491-768x512.jpg 768w, https:\/\/theplayoffs.news\/fr\/wp-content\/uploads\/2024\/01\/USATSI_22173491-1536x1024.jpg 1536w, https:\/\/theplayoffs.news\/fr\/wp-content\/uploads\/2024\/01\/USATSI_22173491-1500x1000.jpg 1500w, https:\/\/theplayoffs.news\/fr\/wp-content\/uploads\/2024\/01\/USATSI_22173491-705x470.jpg 705w, https:\/\/theplayoffs.news\/fr\/wp-content\/uploads\/2024\/01\/USATSI_22173491-1320x880.jpg 1320w\" sizes=\"auto, (max-width: 1920px) 100vw, 1920px\" \/><p id=\"caption-attachment-1230898\" class=\"wp-caption-text\">Mandatory Credit: Gary A. Vasquez-USA TODAY Sports<\/p><\/div>\n<\/p><p>Il y a aussi le cas <a href=\"https:\/\/theplayoffs.news\/fr\/joueur\/neemias-queta-nba-8794848\/\" class=\"trk-cta-link\" data-cta-trk='{\"ctaType\":\"Link\",\"ctaSubType\":\"main\"}'>Neemias Queta<\/a>. Joueur sign&eacute; en two way contat, il a fait de belles apparitions avec les Celtics, saisissant chaque seconde que le coach Joe Mazzula lui a donn&eacute;. Et l&agrave; encore Brad Stevens l&rsquo;a bien remarqu&eacute; :<\/p><blockquote><p>&laquo;&nbsp;Nous avons ces discussions tous les jours et, vous savez, lui, comme d&rsquo;autres, a pr&eacute;sent&eacute; un excellent dossier.<br>\nC&rsquo;est un travailleur acharn&eacute;. Il a &eacute;t&eacute; un tr&egrave;s bon joueur pour nous. Nous avions pr&eacute;vu et nous lui avons fait comprendre, quand nous l&rsquo;avons sign&eacute;, qu&rsquo;il serait &agrave; Boston bien plus souvent que dans le Maine, parce que nous allions avoir Al au repos pour les back to back, parce que Kristaps allait se reposer un peu ici et l&agrave;.<br>\nNous n&rsquo;avions pas pr&eacute;vu que Luke se blesse &agrave; l&rsquo;&eacute;chauffement il y a deux semaines, mais maintenant qu&rsquo;il est de retour, nous nous sentons un peu plus en s&eacute;curit&eacute;, mais il a fait du bon travail et on l&rsquo;a &eacute;videmment remarqu&eacute;&nbsp;&raquo;.<\/p><\/blockquote><p>La concurrence est donc pr&eacute;venue. Les Boston Celtics sont pret &agrave; faire des ajustements dans leur effectif. Mais comme l&rsquo;a tr&egrave;s bien dit Brad Stevens, ce ne sera pas &agrave; n&rsquo;importe quel prix et il ne faudra pas se tromper. Affaire &agrave; suivre donc.<\/p><p>\n<div id=\"attachment_1230877\" style=\"width: 1930px\" class=\"wp-caption aligncenter\"><img loading=\"lazy\" decoding=\"async\" aria-describedby=\"caption-attachment-1230877\" class=\"size-full wp-image-1230877\" src=\"https:\/\/theplayoffs.news\/fr\/wp-content\/uploads\/2024\/01\/USATSI_22203599.jpg\" alt=\"\" width=\"1920\" height=\"1280\" srcset=\"https:\/\/theplayoffs.news\/fr\/wp-content\/uploads\/2024\/01\/USATSI_22203599.jpg 1920w, https:\/\/theplayoffs.news\/fr\/wp-content\/uploads\/2024\/01\/USATSI_22203599-300x200.jpg 300w, https:\/\/theplayoffs.news\/fr\/wp-content\/uploads\/2024\/01\/USATSI_22203599-1030x687.jpg 1030w, https:\/\/theplayoffs.news\/fr\/wp-content\/uploads\/2024\/01\/USATSI_22203599-768x512.jpg 768w, https:\/\/theplayoffs.news\/fr\/wp-content\/uploads\/2024\/01\/USATSI_22203599-1536x1024.jpg 1536w, https:\/\/theplayoffs.news\/fr\/wp-content\/uploads\/2024\/01\/USATSI_22203599-1500x1000.jpg 1500w, https:\/\/theplayoffs.news\/fr\/wp-content\/uploads\/2024\/01\/USATSI_22203599-705x470.jpg 705w, https:\/\/theplayoffs.news\/fr\/wp-content\/uploads\/2024\/01\/USATSI_22203599-1320x880.jpg 1320w\" sizes=\"auto, (max-width: 1920px) 100vw, 1920px\" \/><p id=\"caption-attachment-1230877\" class=\"wp-caption-text\">Mandatory Credit: Daniel Dunn-USA TODAY Sports<\/p><\/div>\n<\/p>\n","protected":false},"excerpt":{"rendered":"","protected":false},"author":180310082,"featured_media":1230858,"comment_status":"open","ping_status":"closed","sticky":false,"template":"","format":"standard","meta":{"inline_featured_image":false,"kia_subtitle":"","_mux_skip_reasons":[],"proofreadBy":0,"footnotes":""},"categories":[110,10],"tags":[603,2829],"sport":[2783],"saison":[],"class_list":["post-1230766","post","type-post","status-publish","format-standard","has-post-thumbnail","hentry","category-actualite-nba","category-nba","tag-boston-celtics","tag-brad-stevens","sport-nba"],"acf":[],"yoast_head":"<!-- This site is optimized with the Yoast SEO plugin v24.2 - https:\/\/yoast.com\/wordpress\/plugins\/seo\/ -->\n<title>Brad Stevens revient sur la trade deadline - The Playoffs FR<\/title>\n<meta name=\"robots\" content=\"index, follow, max-snippet:-1, max-image-preview:large, max-video-preview:-1\" \/>\n<link rel=\"canonical\" href=\"https:\/\/theplayoffs.news\/fr\/actualite-nba\/brad-stevens-parle-trade-deadline\/\" \/>\n<meta property=\"og:locale\" content=\"fr_FR\" \/>\n<meta property=\"og:type\" content=\"article\" \/>\n<meta property=\"og:title\" content=\"Brad Stevens revient sur la trade deadline - The Playoffs FR\" \/>\n<meta property=\"og:url\" content=\"https:\/\/theplayoffs.news\/fr\/actualite-nba\/brad-stevens-parle-trade-deadline\/\" \/>\n<meta property=\"og:site_name\" content=\"The Playoffs FR\" \/>\n<meta property=\"article:publisher\" content=\"https:\/\/www.facebook.com\/TheFreeAgentFR\/\" \/>\n<meta property=\"article:modified_time\" content=\"2024-01-05T17:48:05+01:00\" \/>\n<meta property=\"og:image\" content=\"https:\/\/theplayoffs.news\/fr\/wp-content\/uploads\/2024\/01\/USATSI_21551389.jpg\" \/>\n\t<meta property=\"og:image:width\" content=\"1920\" \/>\n\t<meta property=\"og:image:height\" content=\"1497\" \/>\n\t<meta property=\"og:image:type\" content=\"image\/jpeg\" \/>\n<meta name=\"author\" content=\"Cedric Revailler\" \/>\n<meta name=\"twitter:card\" content=\"summary_large_image\" \/>\n<meta name=\"twitter:creator\" content=\"@TheFreeAgentFR\" \/>\n<meta name=\"twitter:site\" content=\"@TheFreeAgentFR\" \/>\n<meta name=\"twitter:label1\" content=\"\u00c9crit par\" \/>\n\t<meta name=\"twitter:data1\" content=\"Cedric Revailler\" \/>\n\t<meta name=\"twitter:label2\" content=\"Dur\u00e9e de lecture estim\u00e9e\" \/>\n\t<meta name=\"twitter:data2\" content=\"4 minutes\" \/>\n<script type=\"application\/ld+json\" class=\"yoast-schema-graph\">{\"@context\":\"https:\/\/schema.org\",\"@graph\":[{\"@type\":\"WebPage\",\"@id\":\"https:\/\/theplayoffs.news\/fr\/actualite-nba\/brad-stevens-parle-trade-deadline\/\",\"url\":\"https:\/\/theplayoffs.news\/fr\/actualite-nba\/brad-stevens-parle-trade-deadline\/\",\"name\":\"Brad Stevens revient sur la trade deadline - The Playoffs FR\",\"isPartOf\":{\"@id\":\"https:\/\/theplayoffs.news\/fr\/#website\"},\"primaryImageOfPage\":{\"@id\":\"https:\/\/theplayoffs.news\/fr\/actualite-nba\/brad-stevens-parle-trade-deadline\/#primaryimage\"},\"image\":{\"@id\":\"https:\/\/theplayoffs.news\/fr\/actualite-nba\/brad-stevens-parle-trade-deadline\/#primaryimage\"},\"thumbnailUrl\":\"https:\/\/theplayoffs.news\/fr\/wp-content\/uploads\/2024\/01\/USATSI_21551389.jpg\",\"datePublished\":\"2024-01-05T16:46:22+00:00\",\"dateModified\":\"2024-01-05T16:48:05+00:00\",\"author\":{\"@id\":\"https:\/\/theplayoffs.news\/fr\/#\/schema\/person\/1e3c96573a7e006e470d99095d376566\"},\"breadcrumb\":{\"@id\":\"https:\/\/theplayoffs.news\/fr\/actualite-nba\/brad-stevens-parle-trade-deadline\/#breadcrumb\"},\"inLanguage\":\"fr-FR\",\"potentialAction\":[{\"@type\":\"ReadAction\",\"target\":[\"https:\/\/theplayoffs.news\/fr\/actualite-nba\/brad-stevens-parle-trade-deadline\/\"]}]},{\"@type\":\"ImageObject\",\"inLanguage\":\"fr-FR\",\"@id\":\"https:\/\/theplayoffs.news\/fr\/actualite-nba\/brad-stevens-parle-trade-deadline\/#primaryimage\",\"url\":\"https:\/\/theplayoffs.news\/fr\/wp-content\/uploads\/2024\/01\/USATSI_21551389.jpg\",\"contentUrl\":\"https:\/\/theplayoffs.news\/fr\/wp-content\/uploads\/2024\/01\/USATSI_21551389.jpg\",\"width\":1920,\"height\":1497,\"caption\":\"Oct 2, 2023; Boston, Celtics, USA; Boston Celtics president of basketball operations Brad Stevens talks during Boston Celtics Media Day. Mandatory Credit: David Butler II-USA TODAY Sports\"},{\"@type\":\"BreadcrumbList\",\"@id\":\"https:\/\/theplayoffs.news\/fr\/actualite-nba\/brad-stevens-parle-trade-deadline\/#breadcrumb\",\"itemListElement\":[{\"@type\":\"ListItem\",\"position\":1,\"name\":\"Accueil\",\"item\":\"https:\/\/theplayoffs.news\/fr\/\"},{\"@type\":\"ListItem\",\"position\":2,\"name\":\"Brad Stevens revient sur la trade deadline\"}]},{\"@type\":\"WebSite\",\"@id\":\"https:\/\/theplayoffs.news\/fr\/#website\",\"url\":\"https:\/\/theplayoffs.news\/fr\/\",\"name\":\"The Playoffs FR\",\"description\":\"NBA-NFL-NHL-MLB\",\"potentialAction\":[{\"@type\":\"SearchAction\",\"target\":{\"@type\":\"EntryPoint\",\"urlTemplate\":\"https:\/\/theplayoffs.news\/fr\/?s={search_term_string}\"},\"query-input\":{\"@type\":\"PropertyValueSpecification\",\"valueRequired\":true,\"valueName\":\"search_term_string\"}}],\"inLanguage\":\"fr-FR\"},{\"@type\":\"Person\",\"@id\":\"https:\/\/theplayoffs.news\/fr\/#\/schema\/person\/1e3c96573a7e006e470d99095d376566\",\"name\":\"Cedric Revailler\",\"image\":{\"@type\":\"ImageObject\",\"inLanguage\":\"fr-FR\",\"@id\":\"https:\/\/theplayoffs.news\/fr\/#\/schema\/person\/image\/\",\"url\":\"https:\/\/secure.gravatar.com\/avatar\/25219b06e7ca9a2909f7c1d941548b63f4bb523fa6fd9b58a19fc4415c4f11f2?s=96&d=mm&r=g\",\"contentUrl\":\"https:\/\/secure.gravatar.com\/avatar\/25219b06e7ca9a2909f7c1d941548b63f4bb523fa6fd9b58a19fc4415c4f11f2?s=96&d=mm&r=g\",\"caption\":\"Cedric Revailler\"},\"url\":\"https:\/\/theplayoffs.news\/fr\/author\/revailler-cedricneuf-fr\/\"}]}<\/script>\n<!-- \/ Yoast SEO plugin. -->","yoast_head_json":{"title":"Brad Stevens revient sur la trade deadline - The Playoffs FR","robots":{"index":"index","follow":"follow","max-snippet":"max-snippet:-1","max-image-preview":"max-image-preview:large","max-video-preview":"max-video-preview:-1"},"canonical":"https:\/\/theplayoffs.news\/fr\/actualite-nba\/brad-stevens-parle-trade-deadline\/","og_locale":"fr_FR","og_type":"article","og_title":"Brad Stevens revient sur la trade deadline - The Playoffs FR","og_url":"https:\/\/theplayoffs.news\/fr\/actualite-nba\/brad-stevens-parle-trade-deadline\/","og_site_name":"The Playoffs FR","article_publisher":"https:\/\/www.facebook.com\/TheFreeAgentFR\/","article_modified_time":"2024-01-05T16:48:05+00:00","og_image":[{"width":1920,"height":1497,"url":"https:\/\/theplayoffs.news\/fr\/wp-content\/uploads\/2024\/01\/USATSI_21551389.jpg","type":"image\/jpeg"}],"author":"Cedric Revailler","twitter_card":"summary_large_image","twitter_creator":"@TheFreeAgentFR","twitter_site":"@TheFreeAgentFR","twitter_misc":{"\u00c9crit par":"Cedric Revailler","Dur\u00e9e de lecture estim\u00e9e":"4 minutes"},"schema":{"@context":"https:\/\/schema.org","@graph":[{"@type":"WebPage","@id":"https:\/\/theplayoffs.news\/fr\/actualite-nba\/brad-stevens-parle-trade-deadline\/","url":"https:\/\/theplayoffs.news\/fr\/actualite-nba\/brad-stevens-parle-trade-deadline\/","name":"Brad Stevens revient sur la trade deadline - The Playoffs FR","isPartOf":{"@id":"https:\/\/theplayoffs.news\/fr\/#website"},"primaryImageOfPage":{"@id":"https:\/\/theplayoffs.news\/fr\/actualite-nba\/brad-stevens-parle-trade-deadline\/#primaryimage"},"image":{"@id":"https:\/\/theplayoffs.news\/fr\/actualite-nba\/brad-stevens-parle-trade-deadline\/#primaryimage"},"thumbnailUrl":"https:\/\/theplayoffs.news\/fr\/wp-content\/uploads\/2024\/01\/USATSI_21551389.jpg","datePublished":"2024-01-05T16:46:22+00:00","dateModified":"2024-01-05T16:48:05+00:00","author":{"@id":"https:\/\/theplayoffs.news\/fr\/#\/schema\/person\/1e3c96573a7e006e470d99095d376566"},"breadcrumb":{"@id":"https:\/\/theplayoffs.news\/fr\/actualite-nba\/brad-stevens-parle-trade-deadline\/#breadcrumb"},"inLanguage":"fr-FR","potentialAction":[{"@type":"ReadAction","target":["https:\/\/theplayoffs.news\/fr\/actualite-nba\/brad-stevens-parle-trade-deadline\/"]}]},{"@type":"ImageObject","inLanguage":"fr-FR","@id":"https:\/\/theplayoffs.news\/fr\/actualite-nba\/brad-stevens-parle-trade-deadline\/#primaryimage","url":"https:\/\/theplayoffs.news\/fr\/wp-content\/uploads\/2024\/01\/USATSI_21551389.jpg","contentUrl":"https:\/\/theplayoffs.news\/fr\/wp-content\/uploads\/2024\/01\/USATSI_21551389.jpg","width":1920,"height":1497,"caption":"Oct 2, 2023; Boston, Celtics, USA; Boston Celtics president of basketball operations Brad Stevens talks during Boston Celtics Media Day. Mandatory Credit: David Butler II-USA TODAY Sports"},{"@type":"BreadcrumbList","@id":"https:\/\/theplayoffs.news\/fr\/actualite-nba\/brad-stevens-parle-trade-deadline\/#breadcrumb","itemListElement":[{"@type":"ListItem","position":1,"name":"Accueil","item":"https:\/\/theplayoffs.news\/fr\/"},{"@type":"ListItem","position":2,"name":"Brad Stevens revient sur la trade deadline"}]},{"@type":"WebSite","@id":"https:\/\/theplayoffs.news\/fr\/#website","url":"https:\/\/theplayoffs.news\/fr\/","name":"The Playoffs FR","description":"NBA-NFL-NHL-MLB","potentialAction":[{"@type":"SearchAction","target":{"@type":"EntryPoint","urlTemplate":"https:\/\/theplayoffs.news\/fr\/?s={search_term_string}"},"query-input":{"@type":"PropertyValueSpecification","valueRequired":true,"valueName":"search_term_string"}}],"inLanguage":"fr-FR"},{"@type":"Person","@id":"https:\/\/theplayoffs.news\/fr\/#\/schema\/person\/1e3c96573a7e006e470d99095d376566","name":"Cedric Revailler","image":{"@type":"ImageObject","inLanguage":"fr-FR","@id":"https:\/\/theplayoffs.news\/fr\/#\/schema\/person\/image\/","url":"https:\/\/secure.gravatar.com\/avatar\/25219b06e7ca9a2909f7c1d941548b63f4bb523fa6fd9b58a19fc4415c4f11f2?s=96&d=mm&r=g","contentUrl":"https:\/\/secure.gravatar.com\/avatar\/25219b06e7ca9a2909f7c1d941548b63f4bb523fa6fd9b58a19fc4415c4f11f2?s=96&d=mm&r=g","caption":"Cedric Revailler"},"url":"https:\/\/theplayoffs.news\/fr\/author\/revailler-cedricneuf-fr\/"}]}},"_links":{"self":[{"href":"https:\/\/theplayoffs.news\/fr\/wp-json\/wp\/v2\/posts\/1230766","targetHints":{"allow":["GET"]}}],"collection":[{"href":"https:\/\/theplayoffs.news\/fr\/wp-json\/wp\/v2\/posts"}],"about":[{"href":"https:\/\/theplayoffs.news\/fr\/wp-json\/wp\/v2\/types\/post"}],"author":[{"embeddable":true,"href":"https:\/\/theplayoffs.news\/fr\/wp-json\/wp\/v2\/users\/180310082"}],"replies":[{"embeddable":true,"href":"https:\/\/theplayoffs.news\/fr\/wp-json\/wp\/v2\/comments?post=1230766"}],"version-history":[{"count":6,"href":"https:\/\/theplayoffs.news\/fr\/wp-json\/wp\/v2\/posts\/1230766\/revisions"}],"predecessor-version":[{"id":1230963,"href":"https:\/\/theplayoffs.news\/fr\/wp-json\/wp\/v2\/posts\/1230766\/revisions\/1230963"}],"wp:featuredmedia":[{"embeddable":true,"href":"https:\/\/theplayoffs.news\/fr\/wp-json\/wp\/v2\/media\/1230858"}],"wp:attachment":[{"href":"https:\/\/theplayoffs.news\/fr\/wp-json\/wp\/v2\/media?parent=1230766"}],"wp:term":[{"taxonomy":"category","embeddable":true,"href":"https:\/\/theplayoffs.news\/fr\/wp-json\/wp\/v2\/categories?post=1230766"},{"taxonomy":"post_tag","embeddable":true,"href":"https:\/\/theplayoffs.news\/fr\/wp-json\/wp\/v2\/tags?post=1230766"},{"taxonomy":"sport","embeddable":true,"href":"https:\/\/theplayoffs.news\/fr\/wp-json\/wp\/v2\/sport?post=1230766"},{"taxonomy":"saison","embeddable":true,"href":"https:\/\/theplayoffs.news\/fr\/wp-json\/wp\/v2\/saison?post=1230766"}],"curies":[{"name":"wp","href":"https:\/\/api.w.org\/{rel}","templated":true}]}}