{"id":1230458,"date":"2024-01-05T17:23:01","date_gmt":"2024-01-05T16:23:01","guid":{"rendered":"https:\/\/theplayoffs.news\/fr\/?p=1230458"},"modified":"2024-01-05T17:24:06","modified_gmt":"2024-01-05T16:24:06","slug":"joel-embiid-meilleure-saison-nba-histoire-pour-patrick-beverley","status":"publish","type":"post","link":"https:\/\/theplayoffs.news\/fr\/actualite-nba\/joel-embiid-meilleure-saison-nba-histoire-pour-patrick-beverley\/","title":{"rendered":"Joel Embiid fait la \u00ab\u00a0meilleure saison NBA de l&rsquo;histoire\u00a0\u00bb pour Patrick Beverley"},"content":{"rendered":"<h2>NBA &ndash; Le MVP en titre, Joel Embiid connait une saison 2023-24 &agrave; nouveau ph&eacute;nom&eacute;nale.<\/h2><p>L&rsquo;encha&icirc;nement des performances notamment le nombre de matchs cons&eacute;cutifs &agrave; au moins 30 points et 10 rebonds atteste de sa domination et de son statut en NBA. Jamais avec la langue dans sa poche, Patrick Beverley, connu pour son franc parler, a &eacute;t&eacute; dithyrambique &agrave; propos de son co&eacute;quipier <a href=\"https:\/\/twitter.com\/PatBevPod\/status\/1742578107750527410?ref_src=twsrc%5Etfw%7Ctwcamp%5Etweetembed%7Ctwterm%5E1742578107750527410%7Ctwgr%5Eb1e1236831e4fb8614cd54f33d65ff023c7384df%7Ctwcon%5Es1_c10&amp;ref_url=https%3A%2F%2Fthefreeagent.fr%2Fwp-admin%2Fpost-new.php\" class=\"trk-cta-link\" data-cta-trk='{\"ctaType\":\"Link\",\"ctaSubType\":\"main\"}'>dans son dernier podcast<\/a>.<\/p><blockquote class=\"twitter-tweet\" data-width=\"500\" data-dnt=\"true\">\n<p lang=\"en\" dir=\"ltr\">&ldquo;If he finishes this season the way he&rsquo;s playing now&hellip; it would be the greatest season of a single player that&rsquo;s ever played basketball&rdquo; <\/p>\n<p>PB is hold Joel Embiid to some high standards! <a href=\"https:\/\/t.co\/2PECiAcB24\" class=\"trk-cta-link\" data-cta-trk='{\"ctaType\":\"Link\",\"ctaSubType\":\"main\"}'>pic.twitter.com\/2PECiAcB24<\/a><\/p>\n<p>&mdash; Pat Bev Pod (@PatBevPod) <a href=\"https:\/\/twitter.com\/PatBevPod\/status\/1742578107750527410?ref_src=twsrc%5Etfw\" class=\"trk-cta-link\" data-cta-trk='{\"ctaType\":\"Link\",\"ctaSubType\":\"main\"}'>January 3, 2024<\/a><\/p><\/blockquote><p><script async src=\"https:\/\/platform.twitter.com\/widgets.js\" charset=\"utf-8\"><\/script><\/p><p>On peut entendre Patrick Beverley clamer haut et fort :<\/p><blockquote><p>&laquo;&nbsp;S&rsquo;il [Joel Embiid] termine la saison sur le m&ecirc;me niveau qu&rsquo;il a actuellement, ce sera la plus grande saison jamais r&eacute;alis&eacute;e par un joueur dans l&rsquo;histoire de la NBA&nbsp;&raquo;<\/p><\/blockquote><p>Rien que &ccedil;a.<\/p><p>Quelles sont les statistiques actuelles de <a href=\"https:\/\/theplayoffs.news\/fr\/joueur\/joel-embiid-philadelphia-76ers-nba\/\" class=\"trk-cta-link\" data-cta-trk='{\"ctaType\":\"Link\",\"ctaSubType\":\"main\"}'><strong>Joel Embiid<\/strong><\/a> : 34.8 points, 11.8 rebonds, 6.2 passes &agrave; 53.9% au shoot. Il m&egrave;ne la NBA en tant que meilleur marqueur, 5&egrave; au rebonds et est en route pour &eacute;galer Wilt Chamberlain en tant que seul joueur &agrave; avoir une moyenne de points sup&eacute;rieure &agrave; son nombre de minutes jou&eacute;es.<\/p><p>Ces statistiques forcent le respect et placent Embiid en t&ecirc;te de la conversation pour le titre de MVP sans aucun doute.<\/p><p>Mais Patrick Beverley a-t-il raison ? Serait-ce vraiment la meilleure saison de l&rsquo;histoire de la NBA ?<\/p><p>Si on prend individuellement les statistiques, des joueurs, et pas des moindres ont d&eacute;j&agrave; fait mieux que Joel Embiid sur une saison. Prenez simplement les 37.1 points de moyenne compil&eacute;s par <em>His Airness<\/em>, Michael Jordan lors de la saison 86-87.<\/p><p>En terme de rebonds, Wilt Chamberlain parait tellement inatteignable avec ses 24.6 rebonds en 65-66 tout en shootant &agrave; 54%.<\/p><p>On peut aussi mentionner les saisons en triple double de Russell Westbrook et Oscar Robertson. Mais &agrave; &eacute;poque diff&eacute;rente, basket diff&eacute;rents, joueur diff&eacute;rent et cela conduit le plus souvent &agrave; un d&eacute;bat st&eacute;rile comme pour celui du GOAT.<\/p><p>Joel Embiid affiche des statistiques individuelle d&rsquo;une autre &eacute;poque &agrave; n&rsquo;en pas douter et s&rsquo;il termine de la sorte, alors peut-&ecirc;tre le d&eacute;bat pourrait tourner autour de savoir s&rsquo;il fait bien la meilleure saison de l&rsquo;&egrave;re moderne ou du 21&egrave; si&egrave;cle.<\/p><p>&nbsp;<\/p><p>Credit Photo : Bill Streicher-USA TODAY Sports<\/p>\n","protected":false},"excerpt":{"rendered":"","protected":false},"author":13,"featured_media":1230518,"comment_status":"open","ping_status":"closed","sticky":false,"template":"","format":"standard","meta":{"inline_featured_image":false,"kia_subtitle":"","_mux_skip_reasons":[],"proofreadBy":0,"footnotes":""},"categories":[110,10],"tags":[742],"sport":[],"saison":[],"class_list":["post-1230458","post","type-post","status-publish","format-standard","has-post-thumbnail","hentry","category-actualite-nba","category-nba","tag-joel-embiid"],"acf":[],"yoast_head":"<!-- This site is optimized with the Yoast SEO plugin v24.2 - https:\/\/yoast.com\/wordpress\/plugins\/seo\/ -->\n<title>Joel Embiid fait la &quot;meilleure saison NBA de l&#039;histoire&quot; pour Patrick Beverley - The Playoffs FR<\/title>\n<meta name=\"robots\" content=\"index, follow, max-snippet:-1, max-image-preview:large, max-video-preview:-1\" \/>\n<link rel=\"canonical\" href=\"https:\/\/theplayoffs.news\/fr\/actualite-nba\/joel-embiid-meilleure-saison-nba-histoire-pour-patrick-beverley\/\" \/>\n<meta property=\"og:locale\" content=\"fr_FR\" \/>\n<meta property=\"og:type\" content=\"article\" \/>\n<meta property=\"og:title\" content=\"Joel Embiid fait la &quot;meilleure saison NBA de l&#039;histoire&quot; pour Patrick Beverley - The Playoffs FR\" \/>\n<meta property=\"og:url\" content=\"https:\/\/theplayoffs.news\/fr\/actualite-nba\/joel-embiid-meilleure-saison-nba-histoire-pour-patrick-beverley\/\" \/>\n<meta property=\"og:site_name\" content=\"The Playoffs FR\" \/>\n<meta property=\"article:publisher\" content=\"https:\/\/www.facebook.com\/TheFreeAgentFR\/\" \/>\n<meta property=\"article:modified_time\" content=\"2024-01-05T17:24:06+01:00\" \/>\n<meta property=\"og:image\" content=\"https:\/\/theplayoffs.news\/fr\/wp-content\/uploads\/2024\/01\/USATSI_22211279-1.jpg\" \/>\n\t<meta property=\"og:image:width\" content=\"1920\" \/>\n\t<meta property=\"og:image:height\" content=\"1280\" \/>\n\t<meta property=\"og:image:type\" content=\"image\/jpeg\" \/>\n<meta name=\"author\" content=\"Charles Taudin\" \/>\n<meta name=\"twitter:card\" content=\"summary_large_image\" \/>\n<meta name=\"twitter:creator\" content=\"@TheFreeAgentFR\" \/>\n<meta name=\"twitter:site\" content=\"@TheFreeAgentFR\" \/>\n<meta name=\"twitter:label1\" content=\"\u00c9crit par\" \/>\n\t<meta name=\"twitter:data1\" content=\"Charles Taudin\" \/>\n\t<meta name=\"twitter:label2\" content=\"Dur\u00e9e de lecture estim\u00e9e\" \/>\n\t<meta name=\"twitter:data2\" content=\"2 minutes\" \/>\n<script type=\"application\/ld+json\" class=\"yoast-schema-graph\">{\"@context\":\"https:\/\/schema.org\",\"@graph\":[{\"@type\":\"WebPage\",\"@id\":\"https:\/\/theplayoffs.news\/fr\/actualite-nba\/joel-embiid-meilleure-saison-nba-histoire-pour-patrick-beverley\/\",\"url\":\"https:\/\/theplayoffs.news\/fr\/actualite-nba\/joel-embiid-meilleure-saison-nba-histoire-pour-patrick-beverley\/\",\"name\":\"Joel Embiid fait la \\\\\\\"meilleure saison NBA de l\\\\'histoire\\\\\\\" pour Patrick Beverley - The Playoffs FR\",\"isPartOf\":{\"@id\":\"https:\/\/theplayoffs.news\/fr\/#website\"},\"primaryImageOfPage\":{\"@id\":\"https:\/\/theplayoffs.news\/fr\/actualite-nba\/joel-embiid-meilleure-saison-nba-histoire-pour-patrick-beverley\/#primaryimage\"},\"image\":{\"@id\":\"https:\/\/theplayoffs.news\/fr\/actualite-nba\/joel-embiid-meilleure-saison-nba-histoire-pour-patrick-beverley\/#primaryimage\"},\"thumbnailUrl\":\"https:\/\/theplayoffs.news\/fr\/wp-content\/uploads\/2024\/01\/USATSI_22211279-1.jpg\",\"datePublished\":\"2024-01-05T16:23:01+00:00\",\"dateModified\":\"2024-01-05T16:24:06+00:00\",\"author\":{\"@id\":\"https:\/\/theplayoffs.news\/fr\/#\/schema\/person\/eee5b69ad5d3c51cabe881c839dbe133\"},\"breadcrumb\":{\"@id\":\"https:\/\/theplayoffs.news\/fr\/actualite-nba\/joel-embiid-meilleure-saison-nba-histoire-pour-patrick-beverley\/#breadcrumb\"},\"inLanguage\":\"fr-FR\",\"potentialAction\":[{\"@type\":\"ReadAction\",\"target\":[\"https:\/\/theplayoffs.news\/fr\/actualite-nba\/joel-embiid-meilleure-saison-nba-histoire-pour-patrick-beverley\/\"]}]},{\"@type\":\"ImageObject\",\"inLanguage\":\"fr-FR\",\"@id\":\"https:\/\/theplayoffs.news\/fr\/actualite-nba\/joel-embiid-meilleure-saison-nba-histoire-pour-patrick-beverley\/#primaryimage\",\"url\":\"https:\/\/theplayoffs.news\/fr\/wp-content\/uploads\/2024\/01\/USATSI_22211279-1.jpg\",\"contentUrl\":\"https:\/\/theplayoffs.news\/fr\/wp-content\/uploads\/2024\/01\/USATSI_22211279-1.jpg\",\"width\":1920,\"height\":1280,\"caption\":\"Jan 2, 2024; Philadelphia, Pennsylvania, USA; Philadelphia 76ers center Joel Embiid (21) dribbles the ball against the Chicago Bulls during the second quarter at Wells Fargo Center. Mandatory Credit: Bill Streicher-USA TODAY Sports\"},{\"@type\":\"BreadcrumbList\",\"@id\":\"https:\/\/theplayoffs.news\/fr\/actualite-nba\/joel-embiid-meilleure-saison-nba-histoire-pour-patrick-beverley\/#breadcrumb\",\"itemListElement\":[{\"@type\":\"ListItem\",\"position\":1,\"name\":\"Accueil\",\"item\":\"https:\/\/theplayoffs.news\/fr\/\"},{\"@type\":\"ListItem\",\"position\":2,\"name\":\"Joel Embiid fait la \u00ab\u00a0meilleure saison NBA de l&rsquo;histoire\u00a0\u00bb pour Patrick Beverley\"}]},{\"@type\":\"WebSite\",\"@id\":\"https:\/\/theplayoffs.news\/fr\/#website\",\"url\":\"https:\/\/theplayoffs.news\/fr\/\",\"name\":\"The Playoffs FR\",\"description\":\"NBA-NFL-NHL-MLB\",\"potentialAction\":[{\"@type\":\"SearchAction\",\"target\":{\"@type\":\"EntryPoint\",\"urlTemplate\":\"https:\/\/theplayoffs.news\/fr\/?s={search_term_string}\"},\"query-input\":{\"@type\":\"PropertyValueSpecification\",\"valueRequired\":true,\"valueName\":\"search_term_string\"}}],\"inLanguage\":\"fr-FR\"},{\"@type\":\"Person\",\"@id\":\"https:\/\/theplayoffs.news\/fr\/#\/schema\/person\/eee5b69ad5d3c51cabe881c839dbe133\",\"name\":\"Charles Taudin\",\"image\":{\"@type\":\"ImageObject\",\"inLanguage\":\"fr-FR\",\"@id\":\"https:\/\/theplayoffs.news\/fr\/#\/schema\/person\/image\/\",\"url\":\"https:\/\/secure.gravatar.com\/avatar\/59a1e772205ce9fd255edfcafc93013736822e20261f294c5753b20c41ede9f2?s=96&d=mm&r=g\",\"contentUrl\":\"https:\/\/secure.gravatar.com\/avatar\/59a1e772205ce9fd255edfcafc93013736822e20261f294c5753b20c41ede9f2?s=96&d=mm&r=g\",\"caption\":\"Charles Taudin\"},\"description\":\"R\u00e9dacteur en chef global de The Playoffs, j\u2019ai cr\u00e9\u00e9 The Free Agent, devenu The Playoffs FR, en 2020 durant la pand\u00e9mie. Amoureux depuis des ann\u00e9es des 4 sports majeurs am\u00e9ricains, j\u2019organise maintenant la strat\u00e9gie \u00e9ditoriale et les r\u00e9seaux sociaux de l\u2019ensemble des versions de The Playoffs. Il m\u2019arrive encore d\u2019\u00e9crire sur certains sports que j\u2019affectionne particuli\u00e8rement comme la NFL ou la MLB. Si vous devez retenir qu\u2019une chose : Eli Manning est le vrai GOAT pour avoir battu deux fois Tom Brady.\",\"sameAs\":[\"https:\/\/www.instagram.com\/ctaudin_\/\"],\"url\":\"https:\/\/theplayoffs.news\/fr\/author\/charles-taudin\/\"}]}<\/script>\n<!-- \/ Yoast SEO plugin. -->","yoast_head_json":{"title":"Joel Embiid fait la &quot;meilleure saison NBA de l&#039;histoire&quot; pour Patrick Beverley - The Playoffs FR","robots":{"index":"index","follow":"follow","max-snippet":"max-snippet:-1","max-image-preview":"max-image-preview:large","max-video-preview":"max-video-preview:-1"},"canonical":"https:\/\/theplayoffs.news\/fr\/actualite-nba\/joel-embiid-meilleure-saison-nba-histoire-pour-patrick-beverley\/","og_locale":"fr_FR","og_type":"article","og_title":"Joel Embiid fait la &quot;meilleure saison NBA de l&#039;histoire&quot; pour Patrick Beverley - The Playoffs FR","og_url":"https:\/\/theplayoffs.news\/fr\/actualite-nba\/joel-embiid-meilleure-saison-nba-histoire-pour-patrick-beverley\/","og_site_name":"The Playoffs FR","article_publisher":"https:\/\/www.facebook.com\/TheFreeAgentFR\/","article_modified_time":"2024-01-05T16:24:06+00:00","og_image":[{"width":1920,"height":1280,"url":"https:\/\/theplayoffs.news\/fr\/wp-content\/uploads\/2024\/01\/USATSI_22211279-1.jpg","type":"image\/jpeg"}],"author":"Charles Taudin","twitter_card":"summary_large_image","twitter_creator":"@TheFreeAgentFR","twitter_site":"@TheFreeAgentFR","twitter_misc":{"\u00c9crit par":"Charles Taudin","Dur\u00e9e de lecture estim\u00e9e":"2 minutes"},"schema":{"@context":"https:\/\/schema.org","@graph":[{"@type":"WebPage","@id":"https:\/\/theplayoffs.news\/fr\/actualite-nba\/joel-embiid-meilleure-saison-nba-histoire-pour-patrick-beverley\/","url":"https:\/\/theplayoffs.news\/fr\/actualite-nba\/joel-embiid-meilleure-saison-nba-histoire-pour-patrick-beverley\/","name":"Joel Embiid fait la \\\"meilleure saison NBA de l\\'histoire\\\" pour Patrick Beverley - The Playoffs FR","isPartOf":{"@id":"https:\/\/theplayoffs.news\/fr\/#website"},"primaryImageOfPage":{"@id":"https:\/\/theplayoffs.news\/fr\/actualite-nba\/joel-embiid-meilleure-saison-nba-histoire-pour-patrick-beverley\/#primaryimage"},"image":{"@id":"https:\/\/theplayoffs.news\/fr\/actualite-nba\/joel-embiid-meilleure-saison-nba-histoire-pour-patrick-beverley\/#primaryimage"},"thumbnailUrl":"https:\/\/theplayoffs.news\/fr\/wp-content\/uploads\/2024\/01\/USATSI_22211279-1.jpg","datePublished":"2024-01-05T16:23:01+00:00","dateModified":"2024-01-05T16:24:06+00:00","author":{"@id":"https:\/\/theplayoffs.news\/fr\/#\/schema\/person\/eee5b69ad5d3c51cabe881c839dbe133"},"breadcrumb":{"@id":"https:\/\/theplayoffs.news\/fr\/actualite-nba\/joel-embiid-meilleure-saison-nba-histoire-pour-patrick-beverley\/#breadcrumb"},"inLanguage":"fr-FR","potentialAction":[{"@type":"ReadAction","target":["https:\/\/theplayoffs.news\/fr\/actualite-nba\/joel-embiid-meilleure-saison-nba-histoire-pour-patrick-beverley\/"]}]},{"@type":"ImageObject","inLanguage":"fr-FR","@id":"https:\/\/theplayoffs.news\/fr\/actualite-nba\/joel-embiid-meilleure-saison-nba-histoire-pour-patrick-beverley\/#primaryimage","url":"https:\/\/theplayoffs.news\/fr\/wp-content\/uploads\/2024\/01\/USATSI_22211279-1.jpg","contentUrl":"https:\/\/theplayoffs.news\/fr\/wp-content\/uploads\/2024\/01\/USATSI_22211279-1.jpg","width":1920,"height":1280,"caption":"Jan 2, 2024; Philadelphia, Pennsylvania, USA; Philadelphia 76ers center Joel Embiid (21) dribbles the ball against the Chicago Bulls during the second quarter at Wells Fargo Center. Mandatory Credit: Bill Streicher-USA TODAY Sports"},{"@type":"BreadcrumbList","@id":"https:\/\/theplayoffs.news\/fr\/actualite-nba\/joel-embiid-meilleure-saison-nba-histoire-pour-patrick-beverley\/#breadcrumb","itemListElement":[{"@type":"ListItem","position":1,"name":"Accueil","item":"https:\/\/theplayoffs.news\/fr\/"},{"@type":"ListItem","position":2,"name":"Joel Embiid fait la \u00ab\u00a0meilleure saison NBA de l&rsquo;histoire\u00a0\u00bb pour Patrick Beverley"}]},{"@type":"WebSite","@id":"https:\/\/theplayoffs.news\/fr\/#website","url":"https:\/\/theplayoffs.news\/fr\/","name":"The Playoffs FR","description":"NBA-NFL-NHL-MLB","potentialAction":[{"@type":"SearchAction","target":{"@type":"EntryPoint","urlTemplate":"https:\/\/theplayoffs.news\/fr\/?s={search_term_string}"},"query-input":{"@type":"PropertyValueSpecification","valueRequired":true,"valueName":"search_term_string"}}],"inLanguage":"fr-FR"},{"@type":"Person","@id":"https:\/\/theplayoffs.news\/fr\/#\/schema\/person\/eee5b69ad5d3c51cabe881c839dbe133","name":"Charles Taudin","image":{"@type":"ImageObject","inLanguage":"fr-FR","@id":"https:\/\/theplayoffs.news\/fr\/#\/schema\/person\/image\/","url":"https:\/\/secure.gravatar.com\/avatar\/59a1e772205ce9fd255edfcafc93013736822e20261f294c5753b20c41ede9f2?s=96&d=mm&r=g","contentUrl":"https:\/\/secure.gravatar.com\/avatar\/59a1e772205ce9fd255edfcafc93013736822e20261f294c5753b20c41ede9f2?s=96&d=mm&r=g","caption":"Charles Taudin"},"description":"R\u00e9dacteur en chef global de The Playoffs, j\u2019ai cr\u00e9\u00e9 The Free Agent, devenu The Playoffs FR, en 2020 durant la pand\u00e9mie. Amoureux depuis des ann\u00e9es des 4 sports majeurs am\u00e9ricains, j\u2019organise maintenant la strat\u00e9gie \u00e9ditoriale et les r\u00e9seaux sociaux de l\u2019ensemble des versions de The Playoffs. Il m\u2019arrive encore d\u2019\u00e9crire sur certains sports que j\u2019affectionne particuli\u00e8rement comme la NFL ou la MLB. Si vous devez retenir qu\u2019une chose : Eli Manning est le vrai GOAT pour avoir battu deux fois Tom Brady.","sameAs":["https:\/\/www.instagram.com\/ctaudin_\/"],"url":"https:\/\/theplayoffs.news\/fr\/author\/charles-taudin\/"}]}},"_links":{"self":[{"href":"https:\/\/theplayoffs.news\/fr\/wp-json\/wp\/v2\/posts\/1230458","targetHints":{"allow":["GET"]}}],"collection":[{"href":"https:\/\/theplayoffs.news\/fr\/wp-json\/wp\/v2\/posts"}],"about":[{"href":"https:\/\/theplayoffs.news\/fr\/wp-json\/wp\/v2\/types\/post"}],"author":[{"embeddable":true,"href":"https:\/\/theplayoffs.news\/fr\/wp-json\/wp\/v2\/users\/13"}],"replies":[{"embeddable":true,"href":"https:\/\/theplayoffs.news\/fr\/wp-json\/wp\/v2\/comments?post=1230458"}],"version-history":[{"count":3,"href":"https:\/\/theplayoffs.news\/fr\/wp-json\/wp\/v2\/posts\/1230458\/revisions"}],"predecessor-version":[{"id":1230534,"href":"https:\/\/theplayoffs.news\/fr\/wp-json\/wp\/v2\/posts\/1230458\/revisions\/1230534"}],"wp:featuredmedia":[{"embeddable":true,"href":"https:\/\/theplayoffs.news\/fr\/wp-json\/wp\/v2\/media\/1230518"}],"wp:attachment":[{"href":"https:\/\/theplayoffs.news\/fr\/wp-json\/wp\/v2\/media?parent=1230458"}],"wp:term":[{"taxonomy":"category","embeddable":true,"href":"https:\/\/theplayoffs.news\/fr\/wp-json\/wp\/v2\/categories?post=1230458"},{"taxonomy":"post_tag","embeddable":true,"href":"https:\/\/theplayoffs.news\/fr\/wp-json\/wp\/v2\/tags?post=1230458"},{"taxonomy":"sport","embeddable":true,"href":"https:\/\/theplayoffs.news\/fr\/wp-json\/wp\/v2\/sport?post=1230458"},{"taxonomy":"saison","embeddable":true,"href":"https:\/\/theplayoffs.news\/fr\/wp-json\/wp\/v2\/saison?post=1230458"}],"curies":[{"name":"wp","href":"https:\/\/api.w.org\/{rel}","templated":true}]}}