{"id":1227568,"date":"2024-01-04T16:31:36","date_gmt":"2024-01-04T15:31:36","guid":{"rendered":"https:\/\/theplayoffs.news\/fr\/?p=1227568"},"modified":"2024-01-04T16:33:08","modified_gmt":"2024-01-04T15:33:08","slug":"ricky-rubio-accord-rachat-contrat","status":"publish","type":"post","link":"https:\/\/theplayoffs.news\/fr\/actualite-nba\/ricky-rubio-accord-rachat-contrat\/","title":{"rendered":"Ricky Rubio : accord avec les Cavaliers pour le rachat de son contrat"},"content":{"rendered":"<h2>NBA &ndash; Ricky Rubio a conclu un accord de rachat de contrat avec l&rsquo;&eacute;quipe des Cavaliers.<\/h2><p>Cette d&eacute;cision, rapport&eacute;e par <a href=\"https:\/\/www.espn.com\/nba\/story\/_\/id\/39240801\/sources-ricky-rubio-cavaliers-agree-contract-buyout\" class=\"trk-cta-link\" data-cta-trk='{\"ctaType\":\"Link\",\"ctaSubType\":\"main\"}'>Adrian Wojnarowski d&rsquo;ESPN<\/a>, survenant apr&egrave;s une pause de Rubio de la franchise <a href=\"https:\/\/theplayoffs.news\/fr\/nba-basketball\/ricky-rubio-pause-basket-ball\/\" class=\"trk-cta-link\" data-cta-trk='{\"ctaType\":\"Link\",\"ctaSubType\":\"main\"}'>pour se concentrer sur sa sant&eacute; mentale<\/a>, signale ce qui pourrait &ecirc;tre la conclusion d&rsquo;un parcours impressionnant de 12 ans en NBA.<\/p><p>Rubio, connu pour son jeu habile et son leadership sur le terrain, laisse derri&egrave;re lui un h&eacute;ritage qui comprend une moyennede 10,8 points et 7,4 passes d&eacute;cisives par match tout au long de sa carri&egrave;re.<\/p><p>La d&eacute;cision de <a href=\"https:\/\/theplayoffs.news\/fr\/joueur\/ricky-rubio-nba-8022\/\" class=\"trk-cta-link\" data-cta-trk='{\"ctaType\":\"Link\",\"ctaSubType\":\"main\"}'><strong>Ricky Rubio<\/strong><\/a> de se retirer a &eacute;t&eacute; communiqu&eacute;e l&rsquo;&eacute;t&eacute; dernier par son agent, Jeff Schwartz, au pr&eacute;sident des op&eacute;rations de basketball des Cavaliers, Koby Altman.<\/p><p>Les Cavaliers, respectant la situation de Rubio, avaient initialement accommod&eacute; son absence. Cependant, les discussions r&eacute;centes ont tourn&eacute; vers un rachat alors qu&rsquo;il devenait de plus en plus &eacute;vident que le retour de Ricky Rubio aux Cavaliers, ou en NBA en g&eacute;n&eacute;ral, &eacute;tait improbable.<\/p><h4>Implications financi&egrave;res<\/h4><p>L&rsquo;accord de rachat, qui implique 6,1 millions de dollars pour la saison en cours et 6,4 millions de dollars pour 2024-2025, offre une flexibilit&eacute; financi&egrave;re aux Cavaliers. Il ouvre &eacute;galement un deuxi&egrave;me poste dans l&rsquo;&eacute;quipe, permettant &agrave; l&rsquo;&eacute;quipe d&rsquo;explorer de nouveaux talents.<\/p><p>Pour Ricky Rubio, ce mouvement pourrait ne pas marquer la fin de son parcours professionnel en basketball. Des sp&eacute;culations sugg&egrave;rent un retour &agrave; ses racines en Espagne, o&ugrave; il a &eacute;merg&eacute; pour la premi&egrave;re fois en tant que prodige &agrave; 14 ans, pourrait &ecirc;tre dans les cartes.<\/p><p>La carri&egrave;re de Ricky Rubio a &eacute;t&eacute; marqu&eacute;e par la r&eacute;silience, surmontant deux d&eacute;chirures du LCA, la plus r&eacute;cente l&rsquo;ayant &eacute;cart&eacute; des terrains pendant la majeure partie des deux derni&egrave;res saisons. Malgr&eacute; ces revers, il a maintenu une r&eacute;putation de co&eacute;quipier favori parmi des stars comme Kevin Love et Donovan Mitchell, et en tant que joueur qui a apport&eacute; un flair unique au jeu.<\/p><p>&nbsp;<\/p><p>Credit Photo : Brett Davis-USA TODAY Sports<\/p>\n","protected":false},"excerpt":{"rendered":"","protected":false},"author":180309799,"featured_media":1227571,"comment_status":"open","ping_status":"closed","sticky":false,"template":"","format":"standard","meta":{"inline_featured_image":false,"kia_subtitle":"","_mux_skip_reasons":[],"proofreadBy":0,"footnotes":""},"categories":[110,10],"tags":[6812,2138],"sport":[],"saison":[],"class_list":["post-1227568","post","type-post","status-publish","format-standard","has-post-thumbnail","hentry","category-actualite-nba","category-nba","tag-rickey-rubio","tag-ricky-rubio"],"acf":[],"yoast_head":"<!-- This site is optimized with the Yoast SEO plugin v24.2 - https:\/\/yoast.com\/wordpress\/plugins\/seo\/ -->\n<title>Ricky Rubio : accord avec les Cavaliers pour le rachat de son contrat - The Playoffs FR<\/title>\n<meta name=\"robots\" content=\"index, follow, max-snippet:-1, max-image-preview:large, max-video-preview:-1\" \/>\n<link rel=\"canonical\" href=\"https:\/\/theplayoffs.news\/fr\/actualite-nba\/ricky-rubio-accord-rachat-contrat\/\" \/>\n<meta property=\"og:locale\" content=\"fr_FR\" \/>\n<meta property=\"og:type\" content=\"article\" \/>\n<meta property=\"og:title\" content=\"Ricky Rubio : accord avec les Cavaliers pour le rachat de son contrat - The Playoffs FR\" \/>\n<meta property=\"og:url\" content=\"https:\/\/theplayoffs.news\/fr\/actualite-nba\/ricky-rubio-accord-rachat-contrat\/\" \/>\n<meta property=\"og:site_name\" content=\"The Playoffs FR\" \/>\n<meta property=\"article:publisher\" content=\"https:\/\/www.facebook.com\/TheFreeAgentFR\/\" \/>\n<meta property=\"article:modified_time\" content=\"2024-01-04T16:33:08+01:00\" \/>\n<meta property=\"og:image\" content=\"https:\/\/theplayoffs.news\/fr\/wp-content\/uploads\/2024\/01\/USATSI_20336968.jpg\" \/>\n\t<meta property=\"og:image:width\" content=\"1920\" \/>\n\t<meta property=\"og:image:height\" content=\"1280\" \/>\n\t<meta property=\"og:image:type\" content=\"image\/jpeg\" \/>\n<meta name=\"author\" content=\"La r\u00e9daction\" \/>\n<meta name=\"twitter:card\" content=\"summary_large_image\" \/>\n<meta name=\"twitter:creator\" content=\"@TheFreeAgentFR\" \/>\n<meta name=\"twitter:site\" content=\"@TheFreeAgentFR\" \/>\n<meta name=\"twitter:label1\" content=\"\u00c9crit par\" \/>\n\t<meta name=\"twitter:data1\" content=\"La r\u00e9daction\" \/>\n\t<meta name=\"twitter:label2\" content=\"Dur\u00e9e de lecture estim\u00e9e\" \/>\n\t<meta name=\"twitter:data2\" content=\"2 minutes\" \/>\n<script type=\"application\/ld+json\" class=\"yoast-schema-graph\">{\"@context\":\"https:\/\/schema.org\",\"@graph\":[{\"@type\":\"WebPage\",\"@id\":\"https:\/\/theplayoffs.news\/fr\/actualite-nba\/ricky-rubio-accord-rachat-contrat\/\",\"url\":\"https:\/\/theplayoffs.news\/fr\/actualite-nba\/ricky-rubio-accord-rachat-contrat\/\",\"name\":\"Ricky Rubio : accord avec les Cavaliers pour le rachat de son contrat - The Playoffs FR\",\"isPartOf\":{\"@id\":\"https:\/\/theplayoffs.news\/fr\/#website\"},\"primaryImageOfPage\":{\"@id\":\"https:\/\/theplayoffs.news\/fr\/actualite-nba\/ricky-rubio-accord-rachat-contrat\/#primaryimage\"},\"image\":{\"@id\":\"https:\/\/theplayoffs.news\/fr\/actualite-nba\/ricky-rubio-accord-rachat-contrat\/#primaryimage\"},\"thumbnailUrl\":\"https:\/\/theplayoffs.news\/fr\/wp-content\/uploads\/2024\/01\/USATSI_20336968.jpg\",\"datePublished\":\"2024-01-04T15:31:36+00:00\",\"dateModified\":\"2024-01-04T15:33:08+00:00\",\"author\":{\"@id\":\"https:\/\/theplayoffs.news\/fr\/#\/schema\/person\/bb40426f4e478f9bd8cdbfeb4f2f9784\"},\"breadcrumb\":{\"@id\":\"https:\/\/theplayoffs.news\/fr\/actualite-nba\/ricky-rubio-accord-rachat-contrat\/#breadcrumb\"},\"inLanguage\":\"fr-FR\",\"potentialAction\":[{\"@type\":\"ReadAction\",\"target\":[\"https:\/\/theplayoffs.news\/fr\/actualite-nba\/ricky-rubio-accord-rachat-contrat\/\"]}]},{\"@type\":\"ImageObject\",\"inLanguage\":\"fr-FR\",\"@id\":\"https:\/\/theplayoffs.news\/fr\/actualite-nba\/ricky-rubio-accord-rachat-contrat\/#primaryimage\",\"url\":\"https:\/\/theplayoffs.news\/fr\/wp-content\/uploads\/2024\/01\/USATSI_20336968.jpg\",\"contentUrl\":\"https:\/\/theplayoffs.news\/fr\/wp-content\/uploads\/2024\/01\/USATSI_20336968.jpg\",\"width\":1920,\"height\":1280,\"caption\":\"Mar 28, 2023; Atlanta, Georgia, USA; Cleveland Cavaliers guard Ricky Rubio (13) shoots against the Atlanta Hawks in the first quarter at State Farm Arena. Mandatory Credit: Brett Davis-USA TODAY Sports\"},{\"@type\":\"BreadcrumbList\",\"@id\":\"https:\/\/theplayoffs.news\/fr\/actualite-nba\/ricky-rubio-accord-rachat-contrat\/#breadcrumb\",\"itemListElement\":[{\"@type\":\"ListItem\",\"position\":1,\"name\":\"Accueil\",\"item\":\"https:\/\/theplayoffs.news\/fr\/\"},{\"@type\":\"ListItem\",\"position\":2,\"name\":\"Ricky Rubio : accord avec les Cavaliers pour le rachat de son contrat\"}]},{\"@type\":\"WebSite\",\"@id\":\"https:\/\/theplayoffs.news\/fr\/#website\",\"url\":\"https:\/\/theplayoffs.news\/fr\/\",\"name\":\"The Playoffs FR\",\"description\":\"NBA-NFL-NHL-MLB\",\"potentialAction\":[{\"@type\":\"SearchAction\",\"target\":{\"@type\":\"EntryPoint\",\"urlTemplate\":\"https:\/\/theplayoffs.news\/fr\/?s={search_term_string}\"},\"query-input\":{\"@type\":\"PropertyValueSpecification\",\"valueRequired\":true,\"valueName\":\"search_term_string\"}}],\"inLanguage\":\"fr-FR\"},{\"@type\":\"Person\",\"@id\":\"https:\/\/theplayoffs.news\/fr\/#\/schema\/person\/bb40426f4e478f9bd8cdbfeb4f2f9784\",\"name\":\"La r\u00e9daction\",\"image\":{\"@type\":\"ImageObject\",\"inLanguage\":\"fr-FR\",\"@id\":\"https:\/\/theplayoffs.news\/fr\/#\/schema\/person\/image\/\",\"url\":\"https:\/\/secure.gravatar.com\/avatar\/7e69b41460ab2c17d61c8c364b6a0ee006f957a70191383ef42be1f4733d6515?s=96&d=mm&r=g\",\"contentUrl\":\"https:\/\/secure.gravatar.com\/avatar\/7e69b41460ab2c17d61c8c364b6a0ee006f957a70191383ef42be1f4733d6515?s=96&d=mm&r=g\",\"caption\":\"La r\u00e9daction\"},\"description\":\"On dit qu\\\\'il faut un village pour s\\\\'occuper d\\\\'un enfant. Et bien c\\\\'est exactement ce dont il s\\\\'agit ici pour The Playoffs. La r\u00e9daction, ce sont vos r\u00e9dacteurs pr\u00e9f\u00e9r\u00e9s qui collaborent sur ces articles que vous lisez au quotidien.\u00a0\",\"url\":\"https:\/\/theplayoffs.news\/fr\/author\/freeagentfr\/\"}]}<\/script>\n<!-- \/ Yoast SEO plugin. -->","yoast_head_json":{"title":"Ricky Rubio : accord avec les Cavaliers pour le rachat de son contrat - The Playoffs FR","robots":{"index":"index","follow":"follow","max-snippet":"max-snippet:-1","max-image-preview":"max-image-preview:large","max-video-preview":"max-video-preview:-1"},"canonical":"https:\/\/theplayoffs.news\/fr\/actualite-nba\/ricky-rubio-accord-rachat-contrat\/","og_locale":"fr_FR","og_type":"article","og_title":"Ricky Rubio : accord avec les Cavaliers pour le rachat de son contrat - The Playoffs FR","og_url":"https:\/\/theplayoffs.news\/fr\/actualite-nba\/ricky-rubio-accord-rachat-contrat\/","og_site_name":"The Playoffs FR","article_publisher":"https:\/\/www.facebook.com\/TheFreeAgentFR\/","article_modified_time":"2024-01-04T15:33:08+00:00","og_image":[{"width":1920,"height":1280,"url":"https:\/\/theplayoffs.news\/fr\/wp-content\/uploads\/2024\/01\/USATSI_20336968.jpg","type":"image\/jpeg"}],"author":"La r\u00e9daction","twitter_card":"summary_large_image","twitter_creator":"@TheFreeAgentFR","twitter_site":"@TheFreeAgentFR","twitter_misc":{"\u00c9crit par":"La r\u00e9daction","Dur\u00e9e de lecture estim\u00e9e":"2 minutes"},"schema":{"@context":"https:\/\/schema.org","@graph":[{"@type":"WebPage","@id":"https:\/\/theplayoffs.news\/fr\/actualite-nba\/ricky-rubio-accord-rachat-contrat\/","url":"https:\/\/theplayoffs.news\/fr\/actualite-nba\/ricky-rubio-accord-rachat-contrat\/","name":"Ricky Rubio : accord avec les Cavaliers pour le rachat de son contrat - The Playoffs FR","isPartOf":{"@id":"https:\/\/theplayoffs.news\/fr\/#website"},"primaryImageOfPage":{"@id":"https:\/\/theplayoffs.news\/fr\/actualite-nba\/ricky-rubio-accord-rachat-contrat\/#primaryimage"},"image":{"@id":"https:\/\/theplayoffs.news\/fr\/actualite-nba\/ricky-rubio-accord-rachat-contrat\/#primaryimage"},"thumbnailUrl":"https:\/\/theplayoffs.news\/fr\/wp-content\/uploads\/2024\/01\/USATSI_20336968.jpg","datePublished":"2024-01-04T15:31:36+00:00","dateModified":"2024-01-04T15:33:08+00:00","author":{"@id":"https:\/\/theplayoffs.news\/fr\/#\/schema\/person\/bb40426f4e478f9bd8cdbfeb4f2f9784"},"breadcrumb":{"@id":"https:\/\/theplayoffs.news\/fr\/actualite-nba\/ricky-rubio-accord-rachat-contrat\/#breadcrumb"},"inLanguage":"fr-FR","potentialAction":[{"@type":"ReadAction","target":["https:\/\/theplayoffs.news\/fr\/actualite-nba\/ricky-rubio-accord-rachat-contrat\/"]}]},{"@type":"ImageObject","inLanguage":"fr-FR","@id":"https:\/\/theplayoffs.news\/fr\/actualite-nba\/ricky-rubio-accord-rachat-contrat\/#primaryimage","url":"https:\/\/theplayoffs.news\/fr\/wp-content\/uploads\/2024\/01\/USATSI_20336968.jpg","contentUrl":"https:\/\/theplayoffs.news\/fr\/wp-content\/uploads\/2024\/01\/USATSI_20336968.jpg","width":1920,"height":1280,"caption":"Mar 28, 2023; Atlanta, Georgia, USA; Cleveland Cavaliers guard Ricky Rubio (13) shoots against the Atlanta Hawks in the first quarter at State Farm Arena. Mandatory Credit: Brett Davis-USA TODAY Sports"},{"@type":"BreadcrumbList","@id":"https:\/\/theplayoffs.news\/fr\/actualite-nba\/ricky-rubio-accord-rachat-contrat\/#breadcrumb","itemListElement":[{"@type":"ListItem","position":1,"name":"Accueil","item":"https:\/\/theplayoffs.news\/fr\/"},{"@type":"ListItem","position":2,"name":"Ricky Rubio : accord avec les Cavaliers pour le rachat de son contrat"}]},{"@type":"WebSite","@id":"https:\/\/theplayoffs.news\/fr\/#website","url":"https:\/\/theplayoffs.news\/fr\/","name":"The Playoffs FR","description":"NBA-NFL-NHL-MLB","potentialAction":[{"@type":"SearchAction","target":{"@type":"EntryPoint","urlTemplate":"https:\/\/theplayoffs.news\/fr\/?s={search_term_string}"},"query-input":{"@type":"PropertyValueSpecification","valueRequired":true,"valueName":"search_term_string"}}],"inLanguage":"fr-FR"},{"@type":"Person","@id":"https:\/\/theplayoffs.news\/fr\/#\/schema\/person\/bb40426f4e478f9bd8cdbfeb4f2f9784","name":"La r\u00e9daction","image":{"@type":"ImageObject","inLanguage":"fr-FR","@id":"https:\/\/theplayoffs.news\/fr\/#\/schema\/person\/image\/","url":"https:\/\/secure.gravatar.com\/avatar\/7e69b41460ab2c17d61c8c364b6a0ee006f957a70191383ef42be1f4733d6515?s=96&d=mm&r=g","contentUrl":"https:\/\/secure.gravatar.com\/avatar\/7e69b41460ab2c17d61c8c364b6a0ee006f957a70191383ef42be1f4733d6515?s=96&d=mm&r=g","caption":"La r\u00e9daction"},"description":"On dit qu\\'il faut un village pour s\\'occuper d\\'un enfant. Et bien c\\'est exactement ce dont il s\\'agit ici pour The Playoffs. La r\u00e9daction, ce sont vos r\u00e9dacteurs pr\u00e9f\u00e9r\u00e9s qui collaborent sur ces articles que vous lisez au quotidien.\u00a0","url":"https:\/\/theplayoffs.news\/fr\/author\/freeagentfr\/"}]}},"_links":{"self":[{"href":"https:\/\/theplayoffs.news\/fr\/wp-json\/wp\/v2\/posts\/1227568","targetHints":{"allow":["GET"]}}],"collection":[{"href":"https:\/\/theplayoffs.news\/fr\/wp-json\/wp\/v2\/posts"}],"about":[{"href":"https:\/\/theplayoffs.news\/fr\/wp-json\/wp\/v2\/types\/post"}],"author":[{"embeddable":true,"href":"https:\/\/theplayoffs.news\/fr\/wp-json\/wp\/v2\/users\/180309799"}],"replies":[{"embeddable":true,"href":"https:\/\/theplayoffs.news\/fr\/wp-json\/wp\/v2\/comments?post=1227568"}],"version-history":[{"count":3,"href":"https:\/\/theplayoffs.news\/fr\/wp-json\/wp\/v2\/posts\/1227568\/revisions"}],"predecessor-version":[{"id":1227595,"href":"https:\/\/theplayoffs.news\/fr\/wp-json\/wp\/v2\/posts\/1227568\/revisions\/1227595"}],"wp:featuredmedia":[{"embeddable":true,"href":"https:\/\/theplayoffs.news\/fr\/wp-json\/wp\/v2\/media\/1227571"}],"wp:attachment":[{"href":"https:\/\/theplayoffs.news\/fr\/wp-json\/wp\/v2\/media?parent=1227568"}],"wp:term":[{"taxonomy":"category","embeddable":true,"href":"https:\/\/theplayoffs.news\/fr\/wp-json\/wp\/v2\/categories?post=1227568"},{"taxonomy":"post_tag","embeddable":true,"href":"https:\/\/theplayoffs.news\/fr\/wp-json\/wp\/v2\/tags?post=1227568"},{"taxonomy":"sport","embeddable":true,"href":"https:\/\/theplayoffs.news\/fr\/wp-json\/wp\/v2\/sport?post=1227568"},{"taxonomy":"saison","embeddable":true,"href":"https:\/\/theplayoffs.news\/fr\/wp-json\/wp\/v2\/saison?post=1227568"}],"curies":[{"name":"wp","href":"https:\/\/api.w.org\/{rel}","templated":true}]}}