{"id":1227429,"date":"2024-01-04T16:47:18","date_gmt":"2024-01-04T15:47:18","guid":{"rendered":"https:\/\/theplayoffs.news\/fr\/?p=1227429"},"modified":"2024-01-04T16:48:06","modified_gmt":"2024-01-04T15:48:06","slug":"anfernee-simons-retrouver-parquets","status":"publish","type":"post","link":"https:\/\/theplayoffs.news\/fr\/actualite-nba\/anfernee-simons-retrouver-parquets\/","title":{"rendered":"Anfernee Simons content de retrouver les parquets"},"content":{"rendered":"<h2>NBA &ndash; Le retour sur le terrain d&rsquo;Anfernee Simons, mercredi soir, a &eacute;t&eacute; un retour difficile.<\/h2><p>Apr&egrave;s avoir manqu&eacute; plusieurs matchs en raison de ce qu&rsquo;il a d&eacute;crit comme la pire maladie depuis sa saison de rookie, <a href=\"https:\/\/theplayoffs.news\/fr\/joueur\/anfernee-simons-nba-8703702\/\" class=\"trk-cta-link\" data-cta-trk='{\"ctaType\":\"Link\",\"ctaSubType\":\"main\"}'><strong>Anfernee Simons<\/strong><\/a> a refait surface contre les Dallas Mavericks. Malgr&eacute; la d&eacute;faite de son &eacute;quipe 126-97 et un score de seulement 15 points, bien en dessous de sa moyenne de saison de 27,1, Simons s&rsquo;est dit satisfait de son retour. Il a soulign&eacute; la difficult&eacute; de la maladie, rappelant les d&eacute;fis rencontr&eacute;s lors de sa premi&egrave;re ann&eacute;e, et a mis en lumi&egrave;re une lutte continue contre les probl&egrave;mes de sant&eacute; li&eacute;s &agrave; l&rsquo;hiver.<\/p><blockquote><p>&laquo;&nbsp;J&rsquo;&eacute;tais tr&egrave;s malade, c&rsquo;est s&ucirc;r&nbsp;&raquo;, <a href=\"https:\/\/www.oregonlive.com\/blazers\/2024\/01\/trail-blazers-anfernee-simons-returns-from-illness-to-score-15-points-in-loss-at-dallas-i-was-pretty-sick-for-sure.html\" class=\"trk-cta-link\" data-cta-trk='{\"ctaType\":\"Link\",\"ctaSubType\":\"main\"}'>a d&eacute;clar&eacute; Simons apr&egrave;s le match<\/a>. &laquo;&nbsp;Je ne pense pas avoir &eacute;t&eacute; aussi malade depuis mon ann&eacute;e rookie.<br>\n&laquo;&nbsp;Le froid et moi &ccedil;a ne fait pas bon m&eacute;nage parfois&nbsp;&raquo;, a d&eacute;clar&eacute; Simons, originaire d&rsquo;Orlando, en Floride. &laquo;&nbsp;C&rsquo;est pourquoi il y a beaucoup de choses qui ne vont pas. J&rsquo;ai du mucus dans les poumons, j&rsquo;ai du mal &agrave; respirer. J&rsquo;ai eu un peu de fi&egrave;vre. J&rsquo;avais envie de rester au lit toute la journ&eacute;e. Je n&rsquo;avais pas l&rsquo;&eacute;nergie de me lever&nbsp;&raquo;.<\/p><\/blockquote><p>La maladie d&rsquo;Anfernee Simons, qui s&rsquo;est manifest&eacute;e par de graves sympt&ocirc;mes respiratoires et une fatigue intense, l&rsquo;avait mis sur la touche depuis fin d&eacute;cembre. La saison derni&egrave;re, il avait r&eacute;ussi &agrave; &eacute;viter de tels contretemps, rendant l&rsquo;exp&eacute;rience de cette ann&eacute;e particuli&egrave;rement &eacute;prouvante.<\/p><p>L&rsquo;entra&icirc;neur des Blazers, Chauncey Billups, a reconnu les difficult&eacute;s de revenir sans entra&icirc;nement mais a lou&eacute; l&rsquo;effort d&rsquo;Anfernee Simons pour retrouver sa forme.<\/p><p>Simons reste optimiste quant &agrave; la possibilit&eacute; de retrouver son rythme et de contribuer de mani&egrave;re plus significative aux prochains matchs de l&rsquo;&eacute;quipe. Les Blazers, confront&eacute;s &agrave; nouveau aux Mavericks sous peu, esp&egrave;rent voir le retour complet de Simons &agrave; son meilleur niveau de scoreur, un &eacute;l&eacute;ment essentiel dans leur strat&eacute;gie &agrave; venir.<\/p><p>&nbsp;<\/p><p>Credit: Jerome Miron-USA TODAY Sports<\/p>\n","protected":false},"excerpt":{"rendered":"","protected":false},"author":13,"featured_media":1227446,"comment_status":"open","ping_status":"closed","sticky":false,"template":"","format":"standard","meta":{"inline_featured_image":false,"kia_subtitle":"","_mux_skip_reasons":[],"proofreadBy":0,"footnotes":""},"categories":[110,10],"tags":[5100,1382],"sport":[],"saison":[],"class_list":["post-1227429","post","type-post","status-publish","format-standard","has-post-thumbnail","hentry","category-actualite-nba","category-nba","tag-anfernee-simons","tag-portland-trail-blazers"],"acf":[],"yoast_head":"<!-- This site is optimized with the Yoast SEO plugin v24.2 - https:\/\/yoast.com\/wordpress\/plugins\/seo\/ -->\n<title>Anfernee Simons content de retrouver les parquets - The Playoffs FR<\/title>\n<meta name=\"robots\" content=\"index, follow, max-snippet:-1, max-image-preview:large, max-video-preview:-1\" \/>\n<link rel=\"canonical\" href=\"https:\/\/theplayoffs.news\/fr\/actualite-nba\/anfernee-simons-retrouver-parquets\/\" \/>\n<meta property=\"og:locale\" content=\"fr_FR\" \/>\n<meta property=\"og:type\" content=\"article\" \/>\n<meta property=\"og:title\" content=\"Anfernee Simons content de retrouver les parquets - The Playoffs FR\" \/>\n<meta property=\"og:url\" content=\"https:\/\/theplayoffs.news\/fr\/actualite-nba\/anfernee-simons-retrouver-parquets\/\" \/>\n<meta property=\"og:site_name\" content=\"The Playoffs FR\" \/>\n<meta property=\"article:publisher\" content=\"https:\/\/www.facebook.com\/TheFreeAgentFR\/\" \/>\n<meta property=\"article:modified_time\" content=\"2024-01-04T16:48:06+01:00\" \/>\n<meta property=\"og:image\" content=\"https:\/\/theplayoffs.news\/fr\/wp-content\/uploads\/2024\/01\/USATSI_22216487.jpg\" \/>\n\t<meta property=\"og:image:width\" content=\"1920\" \/>\n\t<meta property=\"og:image:height\" content=\"1280\" \/>\n\t<meta property=\"og:image:type\" content=\"image\/jpeg\" \/>\n<meta name=\"author\" content=\"Charles Taudin\" \/>\n<meta name=\"twitter:card\" content=\"summary_large_image\" \/>\n<meta name=\"twitter:creator\" content=\"@TheFreeAgentFR\" \/>\n<meta name=\"twitter:site\" content=\"@TheFreeAgentFR\" \/>\n<meta name=\"twitter:label1\" content=\"\u00c9crit par\" \/>\n\t<meta name=\"twitter:data1\" content=\"Charles Taudin\" \/>\n\t<meta name=\"twitter:label2\" content=\"Dur\u00e9e de lecture estim\u00e9e\" \/>\n\t<meta name=\"twitter:data2\" content=\"2 minutes\" \/>\n<script type=\"application\/ld+json\" class=\"yoast-schema-graph\">{\"@context\":\"https:\/\/schema.org\",\"@graph\":[{\"@type\":\"WebPage\",\"@id\":\"https:\/\/theplayoffs.news\/fr\/actualite-nba\/anfernee-simons-retrouver-parquets\/\",\"url\":\"https:\/\/theplayoffs.news\/fr\/actualite-nba\/anfernee-simons-retrouver-parquets\/\",\"name\":\"Anfernee Simons content de retrouver les parquets - The Playoffs FR\",\"isPartOf\":{\"@id\":\"https:\/\/theplayoffs.news\/fr\/#website\"},\"primaryImageOfPage\":{\"@id\":\"https:\/\/theplayoffs.news\/fr\/actualite-nba\/anfernee-simons-retrouver-parquets\/#primaryimage\"},\"image\":{\"@id\":\"https:\/\/theplayoffs.news\/fr\/actualite-nba\/anfernee-simons-retrouver-parquets\/#primaryimage\"},\"thumbnailUrl\":\"https:\/\/theplayoffs.news\/fr\/wp-content\/uploads\/2024\/01\/USATSI_22216487.jpg\",\"datePublished\":\"2024-01-04T15:47:18+00:00\",\"dateModified\":\"2024-01-04T15:48:06+00:00\",\"author\":{\"@id\":\"https:\/\/theplayoffs.news\/fr\/#\/schema\/person\/eee5b69ad5d3c51cabe881c839dbe133\"},\"breadcrumb\":{\"@id\":\"https:\/\/theplayoffs.news\/fr\/actualite-nba\/anfernee-simons-retrouver-parquets\/#breadcrumb\"},\"inLanguage\":\"fr-FR\",\"potentialAction\":[{\"@type\":\"ReadAction\",\"target\":[\"https:\/\/theplayoffs.news\/fr\/actualite-nba\/anfernee-simons-retrouver-parquets\/\"]}]},{\"@type\":\"ImageObject\",\"inLanguage\":\"fr-FR\",\"@id\":\"https:\/\/theplayoffs.news\/fr\/actualite-nba\/anfernee-simons-retrouver-parquets\/#primaryimage\",\"url\":\"https:\/\/theplayoffs.news\/fr\/wp-content\/uploads\/2024\/01\/USATSI_22216487.jpg\",\"contentUrl\":\"https:\/\/theplayoffs.news\/fr\/wp-content\/uploads\/2024\/01\/USATSI_22216487.jpg\",\"width\":1920,\"height\":1280,\"caption\":\"Jan 3, 2024; Dallas, Texas, USA; Portland Trail Blazers guard Anfernee Simons (1) warms up before the game between the Dallas Mavericks and the Portland Trail Blazers at the American Airlines Center. Mandatory Credit: Jerome Miron-USA TODAY Sports\"},{\"@type\":\"BreadcrumbList\",\"@id\":\"https:\/\/theplayoffs.news\/fr\/actualite-nba\/anfernee-simons-retrouver-parquets\/#breadcrumb\",\"itemListElement\":[{\"@type\":\"ListItem\",\"position\":1,\"name\":\"Accueil\",\"item\":\"https:\/\/theplayoffs.news\/fr\/\"},{\"@type\":\"ListItem\",\"position\":2,\"name\":\"Anfernee Simons content de retrouver les parquets\"}]},{\"@type\":\"WebSite\",\"@id\":\"https:\/\/theplayoffs.news\/fr\/#website\",\"url\":\"https:\/\/theplayoffs.news\/fr\/\",\"name\":\"The Playoffs FR\",\"description\":\"NBA-NFL-NHL-MLB\",\"potentialAction\":[{\"@type\":\"SearchAction\",\"target\":{\"@type\":\"EntryPoint\",\"urlTemplate\":\"https:\/\/theplayoffs.news\/fr\/?s={search_term_string}\"},\"query-input\":{\"@type\":\"PropertyValueSpecification\",\"valueRequired\":true,\"valueName\":\"search_term_string\"}}],\"inLanguage\":\"fr-FR\"},{\"@type\":\"Person\",\"@id\":\"https:\/\/theplayoffs.news\/fr\/#\/schema\/person\/eee5b69ad5d3c51cabe881c839dbe133\",\"name\":\"Charles Taudin\",\"image\":{\"@type\":\"ImageObject\",\"inLanguage\":\"fr-FR\",\"@id\":\"https:\/\/theplayoffs.news\/fr\/#\/schema\/person\/image\/\",\"url\":\"https:\/\/secure.gravatar.com\/avatar\/59a1e772205ce9fd255edfcafc93013736822e20261f294c5753b20c41ede9f2?s=96&d=mm&r=g\",\"contentUrl\":\"https:\/\/secure.gravatar.com\/avatar\/59a1e772205ce9fd255edfcafc93013736822e20261f294c5753b20c41ede9f2?s=96&d=mm&r=g\",\"caption\":\"Charles Taudin\"},\"description\":\"R\u00e9dacteur en chef global de The Playoffs, j\u2019ai cr\u00e9\u00e9 The Free Agent, devenu The Playoffs FR, en 2020 durant la pand\u00e9mie. Amoureux depuis des ann\u00e9es des 4 sports majeurs am\u00e9ricains, j\u2019organise maintenant la strat\u00e9gie \u00e9ditoriale et les r\u00e9seaux sociaux de l\u2019ensemble des versions de The Playoffs. Il m\u2019arrive encore d\u2019\u00e9crire sur certains sports que j\u2019affectionne particuli\u00e8rement comme la NFL ou la MLB. Si vous devez retenir qu\u2019une chose : Eli Manning est le vrai GOAT pour avoir battu deux fois Tom Brady.\",\"sameAs\":[\"https:\/\/www.instagram.com\/ctaudin_\/\"],\"url\":\"https:\/\/theplayoffs.news\/fr\/author\/charles-taudin\/\"}]}<\/script>\n<!-- \/ Yoast SEO plugin. -->","yoast_head_json":{"title":"Anfernee Simons content de retrouver les parquets - The Playoffs FR","robots":{"index":"index","follow":"follow","max-snippet":"max-snippet:-1","max-image-preview":"max-image-preview:large","max-video-preview":"max-video-preview:-1"},"canonical":"https:\/\/theplayoffs.news\/fr\/actualite-nba\/anfernee-simons-retrouver-parquets\/","og_locale":"fr_FR","og_type":"article","og_title":"Anfernee Simons content de retrouver les parquets - The Playoffs FR","og_url":"https:\/\/theplayoffs.news\/fr\/actualite-nba\/anfernee-simons-retrouver-parquets\/","og_site_name":"The Playoffs FR","article_publisher":"https:\/\/www.facebook.com\/TheFreeAgentFR\/","article_modified_time":"2024-01-04T15:48:06+00:00","og_image":[{"width":1920,"height":1280,"url":"https:\/\/theplayoffs.news\/fr\/wp-content\/uploads\/2024\/01\/USATSI_22216487.jpg","type":"image\/jpeg"}],"author":"Charles Taudin","twitter_card":"summary_large_image","twitter_creator":"@TheFreeAgentFR","twitter_site":"@TheFreeAgentFR","twitter_misc":{"\u00c9crit par":"Charles Taudin","Dur\u00e9e de lecture estim\u00e9e":"2 minutes"},"schema":{"@context":"https:\/\/schema.org","@graph":[{"@type":"WebPage","@id":"https:\/\/theplayoffs.news\/fr\/actualite-nba\/anfernee-simons-retrouver-parquets\/","url":"https:\/\/theplayoffs.news\/fr\/actualite-nba\/anfernee-simons-retrouver-parquets\/","name":"Anfernee Simons content de retrouver les parquets - The Playoffs FR","isPartOf":{"@id":"https:\/\/theplayoffs.news\/fr\/#website"},"primaryImageOfPage":{"@id":"https:\/\/theplayoffs.news\/fr\/actualite-nba\/anfernee-simons-retrouver-parquets\/#primaryimage"},"image":{"@id":"https:\/\/theplayoffs.news\/fr\/actualite-nba\/anfernee-simons-retrouver-parquets\/#primaryimage"},"thumbnailUrl":"https:\/\/theplayoffs.news\/fr\/wp-content\/uploads\/2024\/01\/USATSI_22216487.jpg","datePublished":"2024-01-04T15:47:18+00:00","dateModified":"2024-01-04T15:48:06+00:00","author":{"@id":"https:\/\/theplayoffs.news\/fr\/#\/schema\/person\/eee5b69ad5d3c51cabe881c839dbe133"},"breadcrumb":{"@id":"https:\/\/theplayoffs.news\/fr\/actualite-nba\/anfernee-simons-retrouver-parquets\/#breadcrumb"},"inLanguage":"fr-FR","potentialAction":[{"@type":"ReadAction","target":["https:\/\/theplayoffs.news\/fr\/actualite-nba\/anfernee-simons-retrouver-parquets\/"]}]},{"@type":"ImageObject","inLanguage":"fr-FR","@id":"https:\/\/theplayoffs.news\/fr\/actualite-nba\/anfernee-simons-retrouver-parquets\/#primaryimage","url":"https:\/\/theplayoffs.news\/fr\/wp-content\/uploads\/2024\/01\/USATSI_22216487.jpg","contentUrl":"https:\/\/theplayoffs.news\/fr\/wp-content\/uploads\/2024\/01\/USATSI_22216487.jpg","width":1920,"height":1280,"caption":"Jan 3, 2024; Dallas, Texas, USA; Portland Trail Blazers guard Anfernee Simons (1) warms up before the game between the Dallas Mavericks and the Portland Trail Blazers at the American Airlines Center. Mandatory Credit: Jerome Miron-USA TODAY Sports"},{"@type":"BreadcrumbList","@id":"https:\/\/theplayoffs.news\/fr\/actualite-nba\/anfernee-simons-retrouver-parquets\/#breadcrumb","itemListElement":[{"@type":"ListItem","position":1,"name":"Accueil","item":"https:\/\/theplayoffs.news\/fr\/"},{"@type":"ListItem","position":2,"name":"Anfernee Simons content de retrouver les parquets"}]},{"@type":"WebSite","@id":"https:\/\/theplayoffs.news\/fr\/#website","url":"https:\/\/theplayoffs.news\/fr\/","name":"The Playoffs FR","description":"NBA-NFL-NHL-MLB","potentialAction":[{"@type":"SearchAction","target":{"@type":"EntryPoint","urlTemplate":"https:\/\/theplayoffs.news\/fr\/?s={search_term_string}"},"query-input":{"@type":"PropertyValueSpecification","valueRequired":true,"valueName":"search_term_string"}}],"inLanguage":"fr-FR"},{"@type":"Person","@id":"https:\/\/theplayoffs.news\/fr\/#\/schema\/person\/eee5b69ad5d3c51cabe881c839dbe133","name":"Charles Taudin","image":{"@type":"ImageObject","inLanguage":"fr-FR","@id":"https:\/\/theplayoffs.news\/fr\/#\/schema\/person\/image\/","url":"https:\/\/secure.gravatar.com\/avatar\/59a1e772205ce9fd255edfcafc93013736822e20261f294c5753b20c41ede9f2?s=96&d=mm&r=g","contentUrl":"https:\/\/secure.gravatar.com\/avatar\/59a1e772205ce9fd255edfcafc93013736822e20261f294c5753b20c41ede9f2?s=96&d=mm&r=g","caption":"Charles Taudin"},"description":"R\u00e9dacteur en chef global de The Playoffs, j\u2019ai cr\u00e9\u00e9 The Free Agent, devenu The Playoffs FR, en 2020 durant la pand\u00e9mie. Amoureux depuis des ann\u00e9es des 4 sports majeurs am\u00e9ricains, j\u2019organise maintenant la strat\u00e9gie \u00e9ditoriale et les r\u00e9seaux sociaux de l\u2019ensemble des versions de The Playoffs. Il m\u2019arrive encore d\u2019\u00e9crire sur certains sports que j\u2019affectionne particuli\u00e8rement comme la NFL ou la MLB. Si vous devez retenir qu\u2019une chose : Eli Manning est le vrai GOAT pour avoir battu deux fois Tom Brady.","sameAs":["https:\/\/www.instagram.com\/ctaudin_\/"],"url":"https:\/\/theplayoffs.news\/fr\/author\/charles-taudin\/"}]}},"_links":{"self":[{"href":"https:\/\/theplayoffs.news\/fr\/wp-json\/wp\/v2\/posts\/1227429","targetHints":{"allow":["GET"]}}],"collection":[{"href":"https:\/\/theplayoffs.news\/fr\/wp-json\/wp\/v2\/posts"}],"about":[{"href":"https:\/\/theplayoffs.news\/fr\/wp-json\/wp\/v2\/types\/post"}],"author":[{"embeddable":true,"href":"https:\/\/theplayoffs.news\/fr\/wp-json\/wp\/v2\/users\/13"}],"replies":[{"embeddable":true,"href":"https:\/\/theplayoffs.news\/fr\/wp-json\/wp\/v2\/comments?post=1227429"}],"version-history":[{"count":3,"href":"https:\/\/theplayoffs.news\/fr\/wp-json\/wp\/v2\/posts\/1227429\/revisions"}],"predecessor-version":[{"id":1227467,"href":"https:\/\/theplayoffs.news\/fr\/wp-json\/wp\/v2\/posts\/1227429\/revisions\/1227467"}],"wp:featuredmedia":[{"embeddable":true,"href":"https:\/\/theplayoffs.news\/fr\/wp-json\/wp\/v2\/media\/1227446"}],"wp:attachment":[{"href":"https:\/\/theplayoffs.news\/fr\/wp-json\/wp\/v2\/media?parent=1227429"}],"wp:term":[{"taxonomy":"category","embeddable":true,"href":"https:\/\/theplayoffs.news\/fr\/wp-json\/wp\/v2\/categories?post=1227429"},{"taxonomy":"post_tag","embeddable":true,"href":"https:\/\/theplayoffs.news\/fr\/wp-json\/wp\/v2\/tags?post=1227429"},{"taxonomy":"sport","embeddable":true,"href":"https:\/\/theplayoffs.news\/fr\/wp-json\/wp\/v2\/sport?post=1227429"},{"taxonomy":"saison","embeddable":true,"href":"https:\/\/theplayoffs.news\/fr\/wp-json\/wp\/v2\/saison?post=1227429"}],"curies":[{"name":"wp","href":"https:\/\/api.w.org\/{rel}","templated":true}]}}