{"id":1226361,"date":"2024-01-04T11:25:45","date_gmt":"2024-01-04T10:25:45","guid":{"rendered":"https:\/\/theplayoffs.news\/fr\/?p=1226361"},"modified":"2024-01-04T11:25:46","modified_gmt":"2024-01-04T10:25:46","slug":"lebron-james-crise-couve-lakers","status":"publish","type":"post","link":"https:\/\/theplayoffs.news\/fr\/actualite-nba\/lebron-james-crise-couve-lakers\/","title":{"rendered":"LeBron James \u00e9vite les journalistes : la crise couve \u00e0 Los Angeles"},"content":{"rendered":"<h2>NBA &ndash; Les Lakers de Los Angeles traversent actuellement une p&eacute;riode difficile.<\/h2><p>Leur r&eacute;cente d&eacute;faite &agrave; domicile face au Miami Heat n&rsquo;est que le dernier &eacute;pisode d&rsquo;une s&eacute;rie de performances d&eacute;cevantes. Ce match, marqu&eacute; par un manque flagrant d&rsquo;ex&eacute;cution et une faible pr&eacute;cision au tir, a mis en &eacute;vidence les probl&egrave;mes syst&eacute;miques de l&rsquo;&eacute;quipe. Avec seulement quatre tirs r&eacute;ussis sur trente tentatives &agrave; trois points et un total alarmant de 22 pertes de balle, les Lakers ont vu leur bilan chuter en dessous de 50% de victoires pour la premi&egrave;re fois depuis d&eacute;but novembre.<\/p><p>Cette &eacute;quipe des Lakers est bien loin de celle qui a remport&eacute; le In-Season Tournament d&eacute;but d&eacute;cembre &agrave; Vegas.<\/p><h3>Probl&egrave;mes r&eacute;currents et manque de coh&eacute;rence<\/h3><p>Le principal d&eacute;fi des Lakers semble r&eacute;sider dans leur incoh&eacute;rence, tant sur le plan individuel que collectif.<\/p><p><a href=\"https:\/\/theplayoffs.news\/fr\/joueur\/lebron-james-nba-3932\/\" class=\"trk-cta-link\" data-cta-trk='{\"ctaType\":\"Link\",\"ctaSubType\":\"main\"}'><strong>LeBron James<\/strong><\/a>, habituellement un pilier de l&rsquo;&eacute;quipe, a enregistr&eacute; son plus faible total de points cette saison avec 12 points, illustrant la lutte de l&rsquo;&eacute;quipe pour trouver un rythme offensif stable. Parall&egrave;lement, bien qu&rsquo;Anthony Davis continue d&rsquo;offrir des performances impressionnantes, son succ&egrave;s individuel n&rsquo;a pas suffi &agrave; contrebalancer les faiblesses collectives.<\/p><p>Cette d&eacute;pendance excessive &agrave; l&rsquo;&eacute;gard d&rsquo;une ou deux stars souligne le besoin urgent d&rsquo;une contribution plus &eacute;quilibr&eacute;e et d&rsquo;une meilleure synergie entre les joueurs.<\/p><h3>La gestion de l&rsquo;&eacute;quipe face aux d&eacute;fis<\/h3><p>Alors que la date limite des &eacute;changes NBA approche, l&rsquo;organisation des Lakers doit prendre des d&eacute;cisions critiques.<\/p><p>Faut-il continuer avec l&rsquo;effectif actuel ou envisager des ajustements strat&eacute;giques ? Les r&eacute;centes performances sugg&egrave;rent que des changements pourraient &ecirc;tre n&eacute;cessaires, non seulement dans la composition de l&rsquo;&eacute;quipe, mais aussi dans l&rsquo;approche tactique. Pourtant, Anthony Davis ne croit pas en un changement radical de l&rsquo;effectif, louant la qualit&eacute; individuelle de chacun :<\/p><blockquote><p>&laquo;&nbsp;Je ne pense pas qu&rsquo;il s&rsquo;agisse de savoir qui est titulaire et qui ne l&rsquo;est pas. Tout le monde est capable de faire ce qu&rsquo;il faut pour gagner des matches de basket des deux c&ocirc;t&eacute;s du terrain&nbsp;&raquo;, <a href=\"https:\/\/sports.yahoo.com\/lakers-slump-continues-frustrating-home-055308810.html\" class=\"trk-cta-link\" data-cta-trk='{\"ctaType\":\"Link\",\"ctaSubType\":\"main\"}'>a d&eacute;clar&eacute; Davis<\/a>. &laquo;&nbsp;La question de la composition des &eacute;quipes est donc une excuse. Nous avons des joueurs au QI &eacute;lev&eacute; qui savent ce qu&rsquo;ils doivent faire individuellement et ce que nous devons faire en tant qu&rsquo;&eacute;quipe des deux c&ocirc;t&eacute;s du terrain.<\/p><\/blockquote><p>La pression est forte sur l&rsquo;entra&icirc;neur et la direction pour qu&rsquo;ils trouvent une formule gagnante, une t&acirc;che qui s&rsquo;av&egrave;re de plus en plus complexe.<\/p><p>Depuis le d&eacute;but de la saison, les nombreuses blessures ont eu un impact significatif sur les performances de la franchise. L&rsquo;instabilit&eacute; du 5 majeur ne permet pas de cr&eacute;er la coh&eacute;sion n&eacute;cessaire &agrave; l&rsquo;encha&icirc;nement de victoire.<\/p><p>Le tournoi NBA a prouv&eacute; que cette &eacute;quipe &eacute;tait capable de faire les choses bien.<\/p><p>Les Lakers se trouvent &agrave; un tournant crucial. Les matchs &agrave; venir, notamment contre les Grizzlies de Memphis, seront d&eacute;terminants pour &eacute;valuer la capacit&eacute; de l&rsquo;&eacute;quipe &agrave; se redresser. Il ne s&rsquo;agit pas seulement de remporter des matchs, mais de retrouver une dynamique de jeu positive et une confiance collective.<\/p><p>Les Lakers doivent non seulement affiner leur jeu offensif, mais aussi renforcer leur d&eacute;fense pour &eacute;viter de donner des avantages faciles &agrave; leurs adversaires. L&rsquo;&eacute;quipe doit &eacute;galement se concentrer sur la r&eacute;duction des erreurs non forc&eacute;es, un probl&egrave;me qui a &eacute;t&eacute; particuli&egrave;rement pr&eacute;judiciable lors des derniers matchs.<\/p><p>&nbsp;<\/p><p>Credit Photo: Gary A. Vasquez-USA TODAY Sports<\/p>\n","protected":false},"excerpt":{"rendered":"","protected":false},"author":13,"featured_media":1226390,"comment_status":"open","ping_status":"closed","sticky":false,"template":"","format":"standard","meta":{"inline_featured_image":false,"kia_subtitle":"","_mux_skip_reasons":[],"proofreadBy":0,"footnotes":""},"categories":[110,10],"tags":[116,117],"sport":[],"saison":[],"class_list":["post-1226361","post","type-post","status-publish","format-standard","has-post-thumbnail","hentry","category-actualite-nba","category-nba","tag-lebron-james","tag-los-angeles-lakers"],"acf":[],"yoast_head":"<!-- This site is optimized with the Yoast SEO plugin v24.2 - https:\/\/yoast.com\/wordpress\/plugins\/seo\/ -->\n<title>LeBron James &eacute;vite les journalistes : la crise couve &agrave; Los Angeles - The Playoffs FR<\/title>\n<meta name=\"robots\" content=\"index, follow, max-snippet:-1, max-image-preview:large, max-video-preview:-1\" \/>\n<link rel=\"canonical\" href=\"https:\/\/theplayoffs.news\/fr\/actualite-nba\/lebron-james-crise-couve-lakers\/\" \/>\n<meta property=\"og:locale\" content=\"fr_FR\" \/>\n<meta property=\"og:type\" content=\"article\" \/>\n<meta property=\"og:title\" content=\"LeBron James &eacute;vite les journalistes : la crise couve &agrave; Los Angeles - The Playoffs FR\" \/>\n<meta property=\"og:url\" content=\"https:\/\/theplayoffs.news\/fr\/actualite-nba\/lebron-james-crise-couve-lakers\/\" \/>\n<meta property=\"og:site_name\" content=\"The Playoffs FR\" \/>\n<meta property=\"article:publisher\" content=\"https:\/\/www.facebook.com\/TheFreeAgentFR\/\" \/>\n<meta property=\"article:modified_time\" content=\"2024-01-04T11:25:46+01:00\" \/>\n<meta property=\"og:image\" content=\"https:\/\/theplayoffs.news\/fr\/wp-content\/uploads\/2024\/01\/USATSI_22219114.jpg\" \/>\n\t<meta property=\"og:image:width\" content=\"1920\" \/>\n\t<meta property=\"og:image:height\" content=\"1280\" \/>\n\t<meta property=\"og:image:type\" content=\"image\/jpeg\" \/>\n<meta name=\"author\" content=\"Charles Taudin\" \/>\n<meta name=\"twitter:card\" content=\"summary_large_image\" \/>\n<meta name=\"twitter:creator\" content=\"@TheFreeAgentFR\" \/>\n<meta name=\"twitter:site\" content=\"@TheFreeAgentFR\" \/>\n<meta name=\"twitter:label1\" content=\"\u00c9crit par\" \/>\n\t<meta name=\"twitter:data1\" content=\"Charles Taudin\" \/>\n\t<meta name=\"twitter:label2\" content=\"Dur\u00e9e de lecture estim\u00e9e\" \/>\n\t<meta name=\"twitter:data2\" content=\"3 minutes\" \/>\n<script type=\"application\/ld+json\" class=\"yoast-schema-graph\">{\"@context\":\"https:\/\/schema.org\",\"@graph\":[{\"@type\":\"WebPage\",\"@id\":\"https:\/\/theplayoffs.news\/fr\/actualite-nba\/lebron-james-crise-couve-lakers\/\",\"url\":\"https:\/\/theplayoffs.news\/fr\/actualite-nba\/lebron-james-crise-couve-lakers\/\",\"name\":\"LeBron James \u00e9vite les journalistes : la crise couve \u00e0 Los Angeles - The Playoffs FR\",\"isPartOf\":{\"@id\":\"https:\/\/theplayoffs.news\/fr\/#website\"},\"primaryImageOfPage\":{\"@id\":\"https:\/\/theplayoffs.news\/fr\/actualite-nba\/lebron-james-crise-couve-lakers\/#primaryimage\"},\"image\":{\"@id\":\"https:\/\/theplayoffs.news\/fr\/actualite-nba\/lebron-james-crise-couve-lakers\/#primaryimage\"},\"thumbnailUrl\":\"https:\/\/theplayoffs.news\/fr\/wp-content\/uploads\/2024\/01\/USATSI_22219114.jpg\",\"datePublished\":\"2024-01-04T10:25:45+00:00\",\"dateModified\":\"2024-01-04T10:25:46+00:00\",\"author\":{\"@id\":\"https:\/\/theplayoffs.news\/fr\/#\/schema\/person\/eee5b69ad5d3c51cabe881c839dbe133\"},\"breadcrumb\":{\"@id\":\"https:\/\/theplayoffs.news\/fr\/actualite-nba\/lebron-james-crise-couve-lakers\/#breadcrumb\"},\"inLanguage\":\"fr-FR\",\"potentialAction\":[{\"@type\":\"ReadAction\",\"target\":[\"https:\/\/theplayoffs.news\/fr\/actualite-nba\/lebron-james-crise-couve-lakers\/\"]}]},{\"@type\":\"ImageObject\",\"inLanguage\":\"fr-FR\",\"@id\":\"https:\/\/theplayoffs.news\/fr\/actualite-nba\/lebron-james-crise-couve-lakers\/#primaryimage\",\"url\":\"https:\/\/theplayoffs.news\/fr\/wp-content\/uploads\/2024\/01\/USATSI_22219114.jpg\",\"contentUrl\":\"https:\/\/theplayoffs.news\/fr\/wp-content\/uploads\/2024\/01\/USATSI_22219114.jpg\",\"width\":1920,\"height\":1280,\"caption\":\"Jan 3, 2024; Los Angeles, California, USA; Los Angeles Lakers forward LeBron James (23) reacts during the second half at Crypto.com Arena. Mandatory Credit: Gary A. Vasquez-USA TODAY Sports\"},{\"@type\":\"BreadcrumbList\",\"@id\":\"https:\/\/theplayoffs.news\/fr\/actualite-nba\/lebron-james-crise-couve-lakers\/#breadcrumb\",\"itemListElement\":[{\"@type\":\"ListItem\",\"position\":1,\"name\":\"Accueil\",\"item\":\"https:\/\/theplayoffs.news\/fr\/\"},{\"@type\":\"ListItem\",\"position\":2,\"name\":\"LeBron James \u00e9vite les journalistes : la crise couve \u00e0 Los Angeles\"}]},{\"@type\":\"WebSite\",\"@id\":\"https:\/\/theplayoffs.news\/fr\/#website\",\"url\":\"https:\/\/theplayoffs.news\/fr\/\",\"name\":\"The Playoffs FR\",\"description\":\"NBA-NFL-NHL-MLB\",\"potentialAction\":[{\"@type\":\"SearchAction\",\"target\":{\"@type\":\"EntryPoint\",\"urlTemplate\":\"https:\/\/theplayoffs.news\/fr\/?s={search_term_string}\"},\"query-input\":{\"@type\":\"PropertyValueSpecification\",\"valueRequired\":true,\"valueName\":\"search_term_string\"}}],\"inLanguage\":\"fr-FR\"},{\"@type\":\"Person\",\"@id\":\"https:\/\/theplayoffs.news\/fr\/#\/schema\/person\/eee5b69ad5d3c51cabe881c839dbe133\",\"name\":\"Charles Taudin\",\"image\":{\"@type\":\"ImageObject\",\"inLanguage\":\"fr-FR\",\"@id\":\"https:\/\/theplayoffs.news\/fr\/#\/schema\/person\/image\/\",\"url\":\"https:\/\/secure.gravatar.com\/avatar\/59a1e772205ce9fd255edfcafc93013736822e20261f294c5753b20c41ede9f2?s=96&d=mm&r=g\",\"contentUrl\":\"https:\/\/secure.gravatar.com\/avatar\/59a1e772205ce9fd255edfcafc93013736822e20261f294c5753b20c41ede9f2?s=96&d=mm&r=g\",\"caption\":\"Charles Taudin\"},\"description\":\"R\u00e9dacteur en chef global de The Playoffs, j\u2019ai cr\u00e9\u00e9 The Free Agent, devenu The Playoffs FR, en 2020 durant la pand\u00e9mie. Amoureux depuis des ann\u00e9es des 4 sports majeurs am\u00e9ricains, j\u2019organise maintenant la strat\u00e9gie \u00e9ditoriale et les r\u00e9seaux sociaux de l\u2019ensemble des versions de The Playoffs. Il m\u2019arrive encore d\u2019\u00e9crire sur certains sports que j\u2019affectionne particuli\u00e8rement comme la NFL ou la MLB. Si vous devez retenir qu\u2019une chose : Eli Manning est le vrai GOAT pour avoir battu deux fois Tom Brady.\",\"sameAs\":[\"https:\/\/www.instagram.com\/ctaudin_\/\"],\"url\":\"https:\/\/theplayoffs.news\/fr\/author\/charles-taudin\/\"}]}<\/script>\n<!-- \/ Yoast SEO plugin. -->","yoast_head_json":{"title":"LeBron James &eacute;vite les journalistes : la crise couve &agrave; Los Angeles - The Playoffs FR","robots":{"index":"index","follow":"follow","max-snippet":"max-snippet:-1","max-image-preview":"max-image-preview:large","max-video-preview":"max-video-preview:-1"},"canonical":"https:\/\/theplayoffs.news\/fr\/actualite-nba\/lebron-james-crise-couve-lakers\/","og_locale":"fr_FR","og_type":"article","og_title":"LeBron James &eacute;vite les journalistes : la crise couve &agrave; Los Angeles - The Playoffs FR","og_url":"https:\/\/theplayoffs.news\/fr\/actualite-nba\/lebron-james-crise-couve-lakers\/","og_site_name":"The Playoffs FR","article_publisher":"https:\/\/www.facebook.com\/TheFreeAgentFR\/","article_modified_time":"2024-01-04T10:25:46+00:00","og_image":[{"width":1920,"height":1280,"url":"https:\/\/theplayoffs.news\/fr\/wp-content\/uploads\/2024\/01\/USATSI_22219114.jpg","type":"image\/jpeg"}],"author":"Charles Taudin","twitter_card":"summary_large_image","twitter_creator":"@TheFreeAgentFR","twitter_site":"@TheFreeAgentFR","twitter_misc":{"\u00c9crit par":"Charles Taudin","Dur\u00e9e de lecture estim\u00e9e":"3 minutes"},"schema":{"@context":"https:\/\/schema.org","@graph":[{"@type":"WebPage","@id":"https:\/\/theplayoffs.news\/fr\/actualite-nba\/lebron-james-crise-couve-lakers\/","url":"https:\/\/theplayoffs.news\/fr\/actualite-nba\/lebron-james-crise-couve-lakers\/","name":"LeBron James \u00e9vite les journalistes : la crise couve \u00e0 Los Angeles - The Playoffs FR","isPartOf":{"@id":"https:\/\/theplayoffs.news\/fr\/#website"},"primaryImageOfPage":{"@id":"https:\/\/theplayoffs.news\/fr\/actualite-nba\/lebron-james-crise-couve-lakers\/#primaryimage"},"image":{"@id":"https:\/\/theplayoffs.news\/fr\/actualite-nba\/lebron-james-crise-couve-lakers\/#primaryimage"},"thumbnailUrl":"https:\/\/theplayoffs.news\/fr\/wp-content\/uploads\/2024\/01\/USATSI_22219114.jpg","datePublished":"2024-01-04T10:25:45+00:00","dateModified":"2024-01-04T10:25:46+00:00","author":{"@id":"https:\/\/theplayoffs.news\/fr\/#\/schema\/person\/eee5b69ad5d3c51cabe881c839dbe133"},"breadcrumb":{"@id":"https:\/\/theplayoffs.news\/fr\/actualite-nba\/lebron-james-crise-couve-lakers\/#breadcrumb"},"inLanguage":"fr-FR","potentialAction":[{"@type":"ReadAction","target":["https:\/\/theplayoffs.news\/fr\/actualite-nba\/lebron-james-crise-couve-lakers\/"]}]},{"@type":"ImageObject","inLanguage":"fr-FR","@id":"https:\/\/theplayoffs.news\/fr\/actualite-nba\/lebron-james-crise-couve-lakers\/#primaryimage","url":"https:\/\/theplayoffs.news\/fr\/wp-content\/uploads\/2024\/01\/USATSI_22219114.jpg","contentUrl":"https:\/\/theplayoffs.news\/fr\/wp-content\/uploads\/2024\/01\/USATSI_22219114.jpg","width":1920,"height":1280,"caption":"Jan 3, 2024; Los Angeles, California, USA; Los Angeles Lakers forward LeBron James (23) reacts during the second half at Crypto.com Arena. Mandatory Credit: Gary A. Vasquez-USA TODAY Sports"},{"@type":"BreadcrumbList","@id":"https:\/\/theplayoffs.news\/fr\/actualite-nba\/lebron-james-crise-couve-lakers\/#breadcrumb","itemListElement":[{"@type":"ListItem","position":1,"name":"Accueil","item":"https:\/\/theplayoffs.news\/fr\/"},{"@type":"ListItem","position":2,"name":"LeBron James \u00e9vite les journalistes : la crise couve \u00e0 Los Angeles"}]},{"@type":"WebSite","@id":"https:\/\/theplayoffs.news\/fr\/#website","url":"https:\/\/theplayoffs.news\/fr\/","name":"The Playoffs FR","description":"NBA-NFL-NHL-MLB","potentialAction":[{"@type":"SearchAction","target":{"@type":"EntryPoint","urlTemplate":"https:\/\/theplayoffs.news\/fr\/?s={search_term_string}"},"query-input":{"@type":"PropertyValueSpecification","valueRequired":true,"valueName":"search_term_string"}}],"inLanguage":"fr-FR"},{"@type":"Person","@id":"https:\/\/theplayoffs.news\/fr\/#\/schema\/person\/eee5b69ad5d3c51cabe881c839dbe133","name":"Charles Taudin","image":{"@type":"ImageObject","inLanguage":"fr-FR","@id":"https:\/\/theplayoffs.news\/fr\/#\/schema\/person\/image\/","url":"https:\/\/secure.gravatar.com\/avatar\/59a1e772205ce9fd255edfcafc93013736822e20261f294c5753b20c41ede9f2?s=96&d=mm&r=g","contentUrl":"https:\/\/secure.gravatar.com\/avatar\/59a1e772205ce9fd255edfcafc93013736822e20261f294c5753b20c41ede9f2?s=96&d=mm&r=g","caption":"Charles Taudin"},"description":"R\u00e9dacteur en chef global de The Playoffs, j\u2019ai cr\u00e9\u00e9 The Free Agent, devenu The Playoffs FR, en 2020 durant la pand\u00e9mie. Amoureux depuis des ann\u00e9es des 4 sports majeurs am\u00e9ricains, j\u2019organise maintenant la strat\u00e9gie \u00e9ditoriale et les r\u00e9seaux sociaux de l\u2019ensemble des versions de The Playoffs. Il m\u2019arrive encore d\u2019\u00e9crire sur certains sports que j\u2019affectionne particuli\u00e8rement comme la NFL ou la MLB. Si vous devez retenir qu\u2019une chose : Eli Manning est le vrai GOAT pour avoir battu deux fois Tom Brady.","sameAs":["https:\/\/www.instagram.com\/ctaudin_\/"],"url":"https:\/\/theplayoffs.news\/fr\/author\/charles-taudin\/"}]}},"_links":{"self":[{"href":"https:\/\/theplayoffs.news\/fr\/wp-json\/wp\/v2\/posts\/1226361","targetHints":{"allow":["GET"]}}],"collection":[{"href":"https:\/\/theplayoffs.news\/fr\/wp-json\/wp\/v2\/posts"}],"about":[{"href":"https:\/\/theplayoffs.news\/fr\/wp-json\/wp\/v2\/types\/post"}],"author":[{"embeddable":true,"href":"https:\/\/theplayoffs.news\/fr\/wp-json\/wp\/v2\/users\/13"}],"replies":[{"embeddable":true,"href":"https:\/\/theplayoffs.news\/fr\/wp-json\/wp\/v2\/comments?post=1226361"}],"version-history":[{"count":3,"href":"https:\/\/theplayoffs.news\/fr\/wp-json\/wp\/v2\/posts\/1226361\/revisions"}],"predecessor-version":[{"id":1226420,"href":"https:\/\/theplayoffs.news\/fr\/wp-json\/wp\/v2\/posts\/1226361\/revisions\/1226420"}],"wp:featuredmedia":[{"embeddable":true,"href":"https:\/\/theplayoffs.news\/fr\/wp-json\/wp\/v2\/media\/1226390"}],"wp:attachment":[{"href":"https:\/\/theplayoffs.news\/fr\/wp-json\/wp\/v2\/media?parent=1226361"}],"wp:term":[{"taxonomy":"category","embeddable":true,"href":"https:\/\/theplayoffs.news\/fr\/wp-json\/wp\/v2\/categories?post=1226361"},{"taxonomy":"post_tag","embeddable":true,"href":"https:\/\/theplayoffs.news\/fr\/wp-json\/wp\/v2\/tags?post=1226361"},{"taxonomy":"sport","embeddable":true,"href":"https:\/\/theplayoffs.news\/fr\/wp-json\/wp\/v2\/sport?post=1226361"},{"taxonomy":"saison","embeddable":true,"href":"https:\/\/theplayoffs.news\/fr\/wp-json\/wp\/v2\/saison?post=1226361"}],"curies":[{"name":"wp","href":"https:\/\/api.w.org\/{rel}","templated":true}]}}