{"id":1224547,"date":"2024-01-03T18:05:43","date_gmt":"2024-01-03T17:05:43","guid":{"rendered":"https:\/\/theplayoffs.news\/fr\/?p=1224547"},"modified":"2024-01-03T18:08:05","modified_gmt":"2024-01-03T17:08:05","slug":"gary-payton-ii-une-nouvelle-absence","status":"publish","type":"post","link":"https:\/\/theplayoffs.news\/fr\/actualite-nba\/gary-payton-ii-une-nouvelle-absence\/","title":{"rendered":"Gary Payton II : une nouvelle absence"},"content":{"rendered":"<h2>NBA &ndash; Gary Payton II, a subi une &eacute;longation du muscle ischio-jambier gauche face &agrave; Orlando mardi soir.<\/h2><p>Cette blessure s&rsquo;est produite pendant le troisi&egrave;me quart du match serr&eacute; contre le Orlando Magic, termin&eacute; sur le score de 121-115 en faveur des Warriors. La blessure de Payton est particuli&egrave;rement pr&eacute;occupante compte tenu de son retour r&eacute;cent apr&egrave;s une absence de 13 matchs due &agrave; une &eacute;longation du mollet droit.<\/p><p>L&rsquo;entra&icirc;neur des Warriors, Steve Kerr, a exprim&eacute; ses inqui&eacute;tudes apr&egrave;s le match, soulignant la malchance de l&rsquo;&eacute;quipe et de <a href=\"https:\/\/theplayoffs.news\/fr\/joueur\/gary-payton-ii-nba-6269806\/\" class=\"trk-cta-link\" data-cta-trk='{\"ctaType\":\"Link\",\"ctaSubType\":\"main\"}'><strong>Gary Payton II<\/strong><\/a>. &laquo;&nbsp;<em>Je suis plus d&eacute;sol&eacute; pour lui que pour nous<\/em>,&nbsp;&raquo; a remarqu&eacute; Kerr, mettant l&rsquo;accent sur le r&ocirc;le important de Payton dans l&rsquo;&eacute;quipe.<\/p><p>L&rsquo;&eacute;tendue de la blessure de Payton reste incertaine, et les Warriors se pr&eacute;parent sans doute &agrave; l&rsquo;impact potentiel de son absence sur leurs strat&eacute;gies et performances.<\/p><p>L&rsquo;influence de Gary Payton II sur les Warriors n&rsquo;est pas &agrave; sous-estimer. Connu pour ses comp&eacute;tences d&eacute;fensives, la pr&eacute;sence de Payton sur le terrain a &eacute;t&eacute; un facteur significatif dans la dynamique de l&rsquo;&eacute;quipe.<\/p><p>Son &eacute;nergie et ses comp&eacute;tences d&eacute;fensives sont cruciales, surtout alors que l&rsquo;&eacute;quipe navigue en l&rsquo;absence de Draymond Green, suspendu.<\/p><p><a href=\"https:\/\/www.espn.com\/nba\/story\/_\/id\/39233168\/warriors-gary-payton-ii-miss-more-hamstring-strain\" class=\"trk-cta-link\" data-cta-trk='{\"ctaType\":\"Link\",\"ctaSubType\":\"main\"}'>Klay Thompson a comment&eacute;<\/a> le r&ocirc;le de Payton :<\/p><blockquote><p>&laquo;&nbsp;Il soulage tellement de pression pour nous, en termes de d&eacute;fense. Je suis s&ucirc;r qu&rsquo;il va nous manquer, mais nous voulons juste &ecirc;tre en bonne sant&eacute;.&nbsp;&raquo;<\/p><\/blockquote><p>En effet, Payton &eacute;tait &agrave; plus-10, le plus\/minus le plus &eacute;lev&eacute; de l&rsquo;&eacute;quipe, lors de ses 10 minutes de jeu avant la blessure. Son absence est un coup dur pour les Warriors, qui sont d&eacute;j&agrave; aux prises avec des probl&egrave;mes de constance cette saison.<\/p><p>L&rsquo;imm&eacute;diat apr&egrave;s la blessure a vu Payton dans une frustration visible, t&eacute;moignant de son d&eacute;vouement et des enjeux &eacute;lev&eacute;s pour l&rsquo;&eacute;quipe. Chris Paul, reconnaissant la contribution de Payton, a dit :<\/p><blockquote><p>&laquo;&nbsp;Les gens ne s&rsquo;en rendent peut-&ecirc;tre pas compte, mais son &eacute;nergie est constante tous les jours &ndash; chaque entra&icirc;nement, chaque match.&nbsp;&raquo;<\/p><\/blockquote><p>&nbsp;<\/p><p>Credit photo : Sergio Estrada-USA TODAY Sports<\/p>\n","protected":false},"excerpt":{"rendered":"","protected":false},"author":13,"featured_media":1224602,"comment_status":"open","ping_status":"closed","sticky":false,"template":"","format":"standard","meta":{"inline_featured_image":false,"kia_subtitle":"","_mux_skip_reasons":[],"proofreadBy":0,"footnotes":""},"categories":[110,10],"tags":[4494,1097],"sport":[],"saison":[],"class_list":["post-1224547","post","type-post","status-publish","format-standard","has-post-thumbnail","hentry","category-actualite-nba","category-nba","tag-gary-payton-ii","tag-golden-state-warriors"],"acf":[],"yoast_head":"<!-- This site is optimized with the Yoast SEO plugin v24.2 - https:\/\/yoast.com\/wordpress\/plugins\/seo\/ -->\n<title>Gary Payton II : une nouvelle absence - The Playoffs FR<\/title>\n<meta name=\"robots\" content=\"index, follow, max-snippet:-1, max-image-preview:large, max-video-preview:-1\" \/>\n<link rel=\"canonical\" href=\"https:\/\/theplayoffs.news\/fr\/actualite-nba\/gary-payton-ii-une-nouvelle-absence\/\" \/>\n<meta property=\"og:locale\" content=\"fr_FR\" \/>\n<meta property=\"og:type\" content=\"article\" \/>\n<meta property=\"og:title\" content=\"Gary Payton II : une nouvelle absence - The Playoffs FR\" \/>\n<meta property=\"og:url\" content=\"https:\/\/theplayoffs.news\/fr\/actualite-nba\/gary-payton-ii-une-nouvelle-absence\/\" \/>\n<meta property=\"og:site_name\" content=\"The Playoffs FR\" \/>\n<meta property=\"article:publisher\" content=\"https:\/\/www.facebook.com\/TheFreeAgentFR\/\" \/>\n<meta property=\"article:modified_time\" content=\"2024-01-03T18:08:05+01:00\" \/>\n<meta property=\"og:image\" content=\"https:\/\/theplayoffs.news\/fr\/wp-content\/uploads\/2024\/01\/USATSI_21992517.jpg\" \/>\n\t<meta property=\"og:image:width\" content=\"1920\" \/>\n\t<meta property=\"og:image:height\" content=\"1280\" \/>\n\t<meta property=\"og:image:type\" content=\"image\/jpeg\" \/>\n<meta name=\"author\" content=\"Charles Taudin\" \/>\n<meta name=\"twitter:card\" content=\"summary_large_image\" \/>\n<meta name=\"twitter:creator\" content=\"@TheFreeAgentFR\" \/>\n<meta name=\"twitter:site\" content=\"@TheFreeAgentFR\" \/>\n<meta name=\"twitter:label1\" content=\"\u00c9crit par\" \/>\n\t<meta name=\"twitter:data1\" content=\"Charles Taudin\" \/>\n\t<meta name=\"twitter:label2\" content=\"Dur\u00e9e de lecture estim\u00e9e\" \/>\n\t<meta name=\"twitter:data2\" content=\"2 minutes\" \/>\n<script type=\"application\/ld+json\" class=\"yoast-schema-graph\">{\"@context\":\"https:\/\/schema.org\",\"@graph\":[{\"@type\":\"WebPage\",\"@id\":\"https:\/\/theplayoffs.news\/fr\/actualite-nba\/gary-payton-ii-une-nouvelle-absence\/\",\"url\":\"https:\/\/theplayoffs.news\/fr\/actualite-nba\/gary-payton-ii-une-nouvelle-absence\/\",\"name\":\"Gary Payton II : une nouvelle absence - The Playoffs FR\",\"isPartOf\":{\"@id\":\"https:\/\/theplayoffs.news\/fr\/#website\"},\"primaryImageOfPage\":{\"@id\":\"https:\/\/theplayoffs.news\/fr\/actualite-nba\/gary-payton-ii-une-nouvelle-absence\/#primaryimage\"},\"image\":{\"@id\":\"https:\/\/theplayoffs.news\/fr\/actualite-nba\/gary-payton-ii-une-nouvelle-absence\/#primaryimage\"},\"thumbnailUrl\":\"https:\/\/theplayoffs.news\/fr\/wp-content\/uploads\/2024\/01\/USATSI_21992517.jpg\",\"datePublished\":\"2024-01-03T17:05:43+00:00\",\"dateModified\":\"2024-01-03T17:08:05+00:00\",\"author\":{\"@id\":\"https:\/\/theplayoffs.news\/fr\/#\/schema\/person\/eee5b69ad5d3c51cabe881c839dbe133\"},\"breadcrumb\":{\"@id\":\"https:\/\/theplayoffs.news\/fr\/actualite-nba\/gary-payton-ii-une-nouvelle-absence\/#breadcrumb\"},\"inLanguage\":\"fr-FR\",\"potentialAction\":[{\"@type\":\"ReadAction\",\"target\":[\"https:\/\/theplayoffs.news\/fr\/actualite-nba\/gary-payton-ii-une-nouvelle-absence\/\"]}]},{\"@type\":\"ImageObject\",\"inLanguage\":\"fr-FR\",\"@id\":\"https:\/\/theplayoffs.news\/fr\/actualite-nba\/gary-payton-ii-une-nouvelle-absence\/#primaryimage\",\"url\":\"https:\/\/theplayoffs.news\/fr\/wp-content\/uploads\/2024\/01\/USATSI_21992517.jpg\",\"contentUrl\":\"https:\/\/theplayoffs.news\/fr\/wp-content\/uploads\/2024\/01\/USATSI_21992517.jpg\",\"width\":1920,\"height\":1280,\"caption\":\"Nov 28, 2023; Sacramento, California, USA; Golden State Warriors guard Gary Payton II (0) limps off the court during the third quarter against the Sacramento Kings at Golden 1 Center. Mandatory Credit: Sergio Estrada-USA TODAY Sports\"},{\"@type\":\"BreadcrumbList\",\"@id\":\"https:\/\/theplayoffs.news\/fr\/actualite-nba\/gary-payton-ii-une-nouvelle-absence\/#breadcrumb\",\"itemListElement\":[{\"@type\":\"ListItem\",\"position\":1,\"name\":\"Accueil\",\"item\":\"https:\/\/theplayoffs.news\/fr\/\"},{\"@type\":\"ListItem\",\"position\":2,\"name\":\"Gary Payton II : une nouvelle absence\"}]},{\"@type\":\"WebSite\",\"@id\":\"https:\/\/theplayoffs.news\/fr\/#website\",\"url\":\"https:\/\/theplayoffs.news\/fr\/\",\"name\":\"The Playoffs FR\",\"description\":\"NBA-NFL-NHL-MLB\",\"potentialAction\":[{\"@type\":\"SearchAction\",\"target\":{\"@type\":\"EntryPoint\",\"urlTemplate\":\"https:\/\/theplayoffs.news\/fr\/?s={search_term_string}\"},\"query-input\":{\"@type\":\"PropertyValueSpecification\",\"valueRequired\":true,\"valueName\":\"search_term_string\"}}],\"inLanguage\":\"fr-FR\"},{\"@type\":\"Person\",\"@id\":\"https:\/\/theplayoffs.news\/fr\/#\/schema\/person\/eee5b69ad5d3c51cabe881c839dbe133\",\"name\":\"Charles Taudin\",\"image\":{\"@type\":\"ImageObject\",\"inLanguage\":\"fr-FR\",\"@id\":\"https:\/\/theplayoffs.news\/fr\/#\/schema\/person\/image\/\",\"url\":\"https:\/\/secure.gravatar.com\/avatar\/59a1e772205ce9fd255edfcafc93013736822e20261f294c5753b20c41ede9f2?s=96&d=mm&r=g\",\"contentUrl\":\"https:\/\/secure.gravatar.com\/avatar\/59a1e772205ce9fd255edfcafc93013736822e20261f294c5753b20c41ede9f2?s=96&d=mm&r=g\",\"caption\":\"Charles Taudin\"},\"description\":\"R\u00e9dacteur en chef global de The Playoffs, j\u2019ai cr\u00e9\u00e9 The Free Agent, devenu The Playoffs FR, en 2020 durant la pand\u00e9mie. Amoureux depuis des ann\u00e9es des 4 sports majeurs am\u00e9ricains, j\u2019organise maintenant la strat\u00e9gie \u00e9ditoriale et les r\u00e9seaux sociaux de l\u2019ensemble des versions de The Playoffs. Il m\u2019arrive encore d\u2019\u00e9crire sur certains sports que j\u2019affectionne particuli\u00e8rement comme la NFL ou la MLB. Si vous devez retenir qu\u2019une chose : Eli Manning est le vrai GOAT pour avoir battu deux fois Tom Brady.\",\"sameAs\":[\"https:\/\/www.instagram.com\/ctaudin_\/\"],\"url\":\"https:\/\/theplayoffs.news\/fr\/author\/charles-taudin\/\"}]}<\/script>\n<!-- \/ Yoast SEO plugin. -->","yoast_head_json":{"title":"Gary Payton II : une nouvelle absence - The Playoffs FR","robots":{"index":"index","follow":"follow","max-snippet":"max-snippet:-1","max-image-preview":"max-image-preview:large","max-video-preview":"max-video-preview:-1"},"canonical":"https:\/\/theplayoffs.news\/fr\/actualite-nba\/gary-payton-ii-une-nouvelle-absence\/","og_locale":"fr_FR","og_type":"article","og_title":"Gary Payton II : une nouvelle absence - The Playoffs FR","og_url":"https:\/\/theplayoffs.news\/fr\/actualite-nba\/gary-payton-ii-une-nouvelle-absence\/","og_site_name":"The Playoffs FR","article_publisher":"https:\/\/www.facebook.com\/TheFreeAgentFR\/","article_modified_time":"2024-01-03T17:08:05+00:00","og_image":[{"width":1920,"height":1280,"url":"https:\/\/theplayoffs.news\/fr\/wp-content\/uploads\/2024\/01\/USATSI_21992517.jpg","type":"image\/jpeg"}],"author":"Charles Taudin","twitter_card":"summary_large_image","twitter_creator":"@TheFreeAgentFR","twitter_site":"@TheFreeAgentFR","twitter_misc":{"\u00c9crit par":"Charles Taudin","Dur\u00e9e de lecture estim\u00e9e":"2 minutes"},"schema":{"@context":"https:\/\/schema.org","@graph":[{"@type":"WebPage","@id":"https:\/\/theplayoffs.news\/fr\/actualite-nba\/gary-payton-ii-une-nouvelle-absence\/","url":"https:\/\/theplayoffs.news\/fr\/actualite-nba\/gary-payton-ii-une-nouvelle-absence\/","name":"Gary Payton II : une nouvelle absence - The Playoffs FR","isPartOf":{"@id":"https:\/\/theplayoffs.news\/fr\/#website"},"primaryImageOfPage":{"@id":"https:\/\/theplayoffs.news\/fr\/actualite-nba\/gary-payton-ii-une-nouvelle-absence\/#primaryimage"},"image":{"@id":"https:\/\/theplayoffs.news\/fr\/actualite-nba\/gary-payton-ii-une-nouvelle-absence\/#primaryimage"},"thumbnailUrl":"https:\/\/theplayoffs.news\/fr\/wp-content\/uploads\/2024\/01\/USATSI_21992517.jpg","datePublished":"2024-01-03T17:05:43+00:00","dateModified":"2024-01-03T17:08:05+00:00","author":{"@id":"https:\/\/theplayoffs.news\/fr\/#\/schema\/person\/eee5b69ad5d3c51cabe881c839dbe133"},"breadcrumb":{"@id":"https:\/\/theplayoffs.news\/fr\/actualite-nba\/gary-payton-ii-une-nouvelle-absence\/#breadcrumb"},"inLanguage":"fr-FR","potentialAction":[{"@type":"ReadAction","target":["https:\/\/theplayoffs.news\/fr\/actualite-nba\/gary-payton-ii-une-nouvelle-absence\/"]}]},{"@type":"ImageObject","inLanguage":"fr-FR","@id":"https:\/\/theplayoffs.news\/fr\/actualite-nba\/gary-payton-ii-une-nouvelle-absence\/#primaryimage","url":"https:\/\/theplayoffs.news\/fr\/wp-content\/uploads\/2024\/01\/USATSI_21992517.jpg","contentUrl":"https:\/\/theplayoffs.news\/fr\/wp-content\/uploads\/2024\/01\/USATSI_21992517.jpg","width":1920,"height":1280,"caption":"Nov 28, 2023; Sacramento, California, USA; Golden State Warriors guard Gary Payton II (0) limps off the court during the third quarter against the Sacramento Kings at Golden 1 Center. Mandatory Credit: Sergio Estrada-USA TODAY Sports"},{"@type":"BreadcrumbList","@id":"https:\/\/theplayoffs.news\/fr\/actualite-nba\/gary-payton-ii-une-nouvelle-absence\/#breadcrumb","itemListElement":[{"@type":"ListItem","position":1,"name":"Accueil","item":"https:\/\/theplayoffs.news\/fr\/"},{"@type":"ListItem","position":2,"name":"Gary Payton II : une nouvelle absence"}]},{"@type":"WebSite","@id":"https:\/\/theplayoffs.news\/fr\/#website","url":"https:\/\/theplayoffs.news\/fr\/","name":"The Playoffs FR","description":"NBA-NFL-NHL-MLB","potentialAction":[{"@type":"SearchAction","target":{"@type":"EntryPoint","urlTemplate":"https:\/\/theplayoffs.news\/fr\/?s={search_term_string}"},"query-input":{"@type":"PropertyValueSpecification","valueRequired":true,"valueName":"search_term_string"}}],"inLanguage":"fr-FR"},{"@type":"Person","@id":"https:\/\/theplayoffs.news\/fr\/#\/schema\/person\/eee5b69ad5d3c51cabe881c839dbe133","name":"Charles Taudin","image":{"@type":"ImageObject","inLanguage":"fr-FR","@id":"https:\/\/theplayoffs.news\/fr\/#\/schema\/person\/image\/","url":"https:\/\/secure.gravatar.com\/avatar\/59a1e772205ce9fd255edfcafc93013736822e20261f294c5753b20c41ede9f2?s=96&d=mm&r=g","contentUrl":"https:\/\/secure.gravatar.com\/avatar\/59a1e772205ce9fd255edfcafc93013736822e20261f294c5753b20c41ede9f2?s=96&d=mm&r=g","caption":"Charles Taudin"},"description":"R\u00e9dacteur en chef global de The Playoffs, j\u2019ai cr\u00e9\u00e9 The Free Agent, devenu The Playoffs FR, en 2020 durant la pand\u00e9mie. Amoureux depuis des ann\u00e9es des 4 sports majeurs am\u00e9ricains, j\u2019organise maintenant la strat\u00e9gie \u00e9ditoriale et les r\u00e9seaux sociaux de l\u2019ensemble des versions de The Playoffs. Il m\u2019arrive encore d\u2019\u00e9crire sur certains sports que j\u2019affectionne particuli\u00e8rement comme la NFL ou la MLB. Si vous devez retenir qu\u2019une chose : Eli Manning est le vrai GOAT pour avoir battu deux fois Tom Brady.","sameAs":["https:\/\/www.instagram.com\/ctaudin_\/"],"url":"https:\/\/theplayoffs.news\/fr\/author\/charles-taudin\/"}]}},"_links":{"self":[{"href":"https:\/\/theplayoffs.news\/fr\/wp-json\/wp\/v2\/posts\/1224547","targetHints":{"allow":["GET"]}}],"collection":[{"href":"https:\/\/theplayoffs.news\/fr\/wp-json\/wp\/v2\/posts"}],"about":[{"href":"https:\/\/theplayoffs.news\/fr\/wp-json\/wp\/v2\/types\/post"}],"author":[{"embeddable":true,"href":"https:\/\/theplayoffs.news\/fr\/wp-json\/wp\/v2\/users\/13"}],"replies":[{"embeddable":true,"href":"https:\/\/theplayoffs.news\/fr\/wp-json\/wp\/v2\/comments?post=1224547"}],"version-history":[{"count":2,"href":"https:\/\/theplayoffs.news\/fr\/wp-json\/wp\/v2\/posts\/1224547\/revisions"}],"predecessor-version":[{"id":1224612,"href":"https:\/\/theplayoffs.news\/fr\/wp-json\/wp\/v2\/posts\/1224547\/revisions\/1224612"}],"wp:featuredmedia":[{"embeddable":true,"href":"https:\/\/theplayoffs.news\/fr\/wp-json\/wp\/v2\/media\/1224602"}],"wp:attachment":[{"href":"https:\/\/theplayoffs.news\/fr\/wp-json\/wp\/v2\/media?parent=1224547"}],"wp:term":[{"taxonomy":"category","embeddable":true,"href":"https:\/\/theplayoffs.news\/fr\/wp-json\/wp\/v2\/categories?post=1224547"},{"taxonomy":"post_tag","embeddable":true,"href":"https:\/\/theplayoffs.news\/fr\/wp-json\/wp\/v2\/tags?post=1224547"},{"taxonomy":"sport","embeddable":true,"href":"https:\/\/theplayoffs.news\/fr\/wp-json\/wp\/v2\/sport?post=1224547"},{"taxonomy":"saison","embeddable":true,"href":"https:\/\/theplayoffs.news\/fr\/wp-json\/wp\/v2\/saison?post=1224547"}],"curies":[{"name":"wp","href":"https:\/\/api.w.org\/{rel}","templated":true}]}}