{"id":1224279,"date":"2024-01-03T16:04:10","date_gmt":"2024-01-03T15:04:10","guid":{"rendered":"https:\/\/theplayoffs.news\/fr\/?p=1224279"},"modified":"2024-01-03T16:04:11","modified_gmt":"2024-01-03T15:04:11","slug":"resilience-jalen-pitre-deuxieme-saison-texans","status":"publish","type":"post","link":"https:\/\/theplayoffs.news\/fr\/actualite-nfl\/resilience-jalen-pitre-deuxieme-saison-texans\/","title":{"rendered":"La r\u00e9silience de Jalen Pitre dans une 2\u00e8 saison difficile avec les Texans"},"content":{"rendered":"<h2>NFL &ndash; Pour Jalen Pitre, safety des Houston Texans, sa deuxi&egrave;me saison dans la ligue a &eacute;t&eacute; un t&eacute;moignage de r&eacute;silience.<\/h2><p>Apr&egrave;s une premi&egrave;re ann&eacute;e exceptionnelle, la saison sophomore de Pitre s&rsquo;est d&eacute;roul&eacute;e dans des circonstances moins favorables, mais sa d&eacute;termination et sa croissance continuent d&rsquo;impressionner les fans et les analystes.<\/p><p>La saison a commenc&eacute; de mani&egrave;re tumultueuse pour <a href=\"https:\/\/theplayoffs.news\/fr\/joueur\/jalen-pitre-nfl-8482446\/\" class=\"trk-cta-link\" data-cta-trk='{\"ctaType\":\"Link\",\"ctaSubType\":\"main\"}'><strong>Jalen Pitre<\/strong><\/a>, qui a souffert d&rsquo;un poumon contusionn&eacute; lors du match d&rsquo;ouverture contre Baltimore. Cette blessure l&rsquo;a &eacute;cart&eacute; de deux matchs cruciaux pour le jeune safety. Cependant, les difficult&eacute;s de Pitre se sont &eacute;tendues au-del&agrave; de sa sant&eacute; physique. S&rsquo;adaptant &agrave; un nouveau sch&eacute;ma d&eacute;fensif sous un coordinateur diff&eacute;rent, il a eu du mal &agrave; reproduire ses statistiques impressionnantes de rookie, qui comprenaient 147 plaquages et cinq interceptions, le premier &eacute;tant le plus &eacute;lev&eacute; parmi les recrues de la NFL en 2022.<\/p><p>Malgr&eacute; ces revers, la r&eacute;ponse de Pitre &agrave; l&rsquo;adversit&eacute; a &eacute;t&eacute; remarquable. Sa mise sur le banc lors du match de la semaine 16 contre Cleveland, un mouvement qui a visiblement frustr&eacute; le jeune homme de 24 ans, ne l&rsquo;a pas dissuad&eacute;. Au contraire, cela a aliment&eacute; son retour dans les matchs suivants, en particulier lors de la victoire d&eacute;cisive des Texans 26-3 contre les Titans. Dans ce match, Pitre a enregistr&eacute; sept plaquages et a jou&eacute; un r&ocirc;le essentiel dans un effort d&eacute;fensif qui a limit&eacute; Tennessee &agrave; 187 yards totaux et aucun touchdown.<\/p><blockquote><p>&laquo;&nbsp;Je me suis remis au travail et j&rsquo;ai travaill&eacute; plus dur&nbsp;&raquo;, <a href=\"https:\/\/www.houstonchronicle.com\/texas-sports-nation\/texans\/article\/jalen-pitre-houston-texans-safety-18584727.php\" class=\"trk-cta-link\" data-cta-trk='{\"ctaType\":\"Link\",\"ctaSubType\":\"main\"}'>a d&eacute;clar&eacute; Jalen Pitre<\/a>. &laquo;&nbsp;J&rsquo;ai trouv&eacute; des choses que j&rsquo;ai bien faites. J&rsquo;ai trouv&eacute; des choses que je n&rsquo;ai pas bien faites. Continuer &agrave; affiner le processus et essayer de continuer &agrave; s&rsquo;am&eacute;liorer&nbsp;&raquo;.<\/p><\/blockquote><h3>Am&eacute;lioration constante et leadership<\/h3><p>Au-del&agrave; des statistiques, la croissance de Pitre en leadership et en force mentale a &eacute;t&eacute; &eacute;vidente. Son engagement envers une routine quotidienne rigoureuse et son accent sur l&rsquo;am&eacute;lioration continue, m&ecirc;me face &agrave; des revers professionnels, illustrent sa maturit&eacute;.<\/p><p>En outre, malgr&eacute; des difficult&eacute;s en couverture, sa puissance physique reste ind&eacute;niable, lui valant un soutien continu de la part du coordinateur d&eacute;fensif Matt Burke et du coach DeMeco Ryans.<\/p><p>&nbsp;<\/p><p>&nbsp;<\/p><p>Credit Photo : Christopher Hanewinckel-USA TODAY Sports<\/p>\n","protected":false},"excerpt":{"rendered":"","protected":false},"author":13,"featured_media":1224292,"comment_status":"open","ping_status":"closed","sticky":false,"template":"","format":"standard","meta":{"inline_featured_image":false,"kia_subtitle":"","_mux_skip_reasons":[],"proofreadBy":0,"footnotes":""},"categories":[118,40],"tags":[93,6807],"sport":[],"saison":[],"class_list":["post-1224279","post","type-post","status-publish","format-standard","has-post-thumbnail","hentry","category-actualite-nfl","category-nfl","tag-houston-texans","tag-jalen-pitre"],"acf":[],"yoast_head":"<!-- This site is optimized with the Yoast SEO plugin v24.2 - https:\/\/yoast.com\/wordpress\/plugins\/seo\/ -->\n<title>La r&eacute;silience de Jalen Pitre dans une 2&egrave; saison difficile avec les Texans - The Playoffs FR<\/title>\n<meta name=\"robots\" content=\"index, follow, max-snippet:-1, max-image-preview:large, max-video-preview:-1\" \/>\n<link rel=\"canonical\" href=\"https:\/\/theplayoffs.news\/fr\/actualite-nfl\/resilience-jalen-pitre-deuxieme-saison-texans\/\" \/>\n<meta property=\"og:locale\" content=\"fr_FR\" \/>\n<meta property=\"og:type\" content=\"article\" \/>\n<meta property=\"og:title\" content=\"La r&eacute;silience de Jalen Pitre dans une 2&egrave; saison difficile avec les Texans - The Playoffs FR\" \/>\n<meta property=\"og:url\" content=\"https:\/\/theplayoffs.news\/fr\/actualite-nfl\/resilience-jalen-pitre-deuxieme-saison-texans\/\" \/>\n<meta property=\"og:site_name\" content=\"The Playoffs FR\" \/>\n<meta property=\"article:publisher\" content=\"https:\/\/www.facebook.com\/TheFreeAgentFR\/\" \/>\n<meta property=\"article:modified_time\" content=\"2024-01-03T16:04:11+01:00\" \/>\n<meta property=\"og:image\" content=\"https:\/\/theplayoffs.news\/fr\/wp-content\/uploads\/2024\/01\/USATSI_22127362.jpg\" \/>\n\t<meta property=\"og:image:width\" content=\"1920\" \/>\n\t<meta property=\"og:image:height\" content=\"1193\" \/>\n\t<meta property=\"og:image:type\" content=\"image\/jpeg\" \/>\n<meta name=\"author\" content=\"Charles Taudin\" \/>\n<meta name=\"twitter:card\" content=\"summary_large_image\" \/>\n<meta name=\"twitter:creator\" content=\"@TheFreeAgentFR\" \/>\n<meta name=\"twitter:site\" content=\"@TheFreeAgentFR\" \/>\n<meta name=\"twitter:label1\" content=\"\u00c9crit par\" \/>\n\t<meta name=\"twitter:data1\" content=\"Charles Taudin\" \/>\n\t<meta name=\"twitter:label2\" content=\"Dur\u00e9e de lecture estim\u00e9e\" \/>\n\t<meta name=\"twitter:data2\" content=\"2 minutes\" \/>\n<script type=\"application\/ld+json\" class=\"yoast-schema-graph\">{\"@context\":\"https:\/\/schema.org\",\"@graph\":[{\"@type\":\"WebPage\",\"@id\":\"https:\/\/theplayoffs.news\/fr\/actualite-nfl\/resilience-jalen-pitre-deuxieme-saison-texans\/\",\"url\":\"https:\/\/theplayoffs.news\/fr\/actualite-nfl\/resilience-jalen-pitre-deuxieme-saison-texans\/\",\"name\":\"La r\u00e9silience de Jalen Pitre dans une 2\u00e8 saison difficile avec les Texans - The Playoffs FR\",\"isPartOf\":{\"@id\":\"https:\/\/theplayoffs.news\/fr\/#website\"},\"primaryImageOfPage\":{\"@id\":\"https:\/\/theplayoffs.news\/fr\/actualite-nfl\/resilience-jalen-pitre-deuxieme-saison-texans\/#primaryimage\"},\"image\":{\"@id\":\"https:\/\/theplayoffs.news\/fr\/actualite-nfl\/resilience-jalen-pitre-deuxieme-saison-texans\/#primaryimage\"},\"thumbnailUrl\":\"https:\/\/theplayoffs.news\/fr\/wp-content\/uploads\/2024\/01\/USATSI_22127362.jpg\",\"datePublished\":\"2024-01-03T15:04:10+00:00\",\"dateModified\":\"2024-01-03T15:04:11+00:00\",\"author\":{\"@id\":\"https:\/\/theplayoffs.news\/fr\/#\/schema\/person\/eee5b69ad5d3c51cabe881c839dbe133\"},\"breadcrumb\":{\"@id\":\"https:\/\/theplayoffs.news\/fr\/actualite-nfl\/resilience-jalen-pitre-deuxieme-saison-texans\/#breadcrumb\"},\"inLanguage\":\"fr-FR\",\"potentialAction\":[{\"@type\":\"ReadAction\",\"target\":[\"https:\/\/theplayoffs.news\/fr\/actualite-nfl\/resilience-jalen-pitre-deuxieme-saison-texans\/\"]}]},{\"@type\":\"ImageObject\",\"inLanguage\":\"fr-FR\",\"@id\":\"https:\/\/theplayoffs.news\/fr\/actualite-nfl\/resilience-jalen-pitre-deuxieme-saison-texans\/#primaryimage\",\"url\":\"https:\/\/theplayoffs.news\/fr\/wp-content\/uploads\/2024\/01\/USATSI_22127362.jpg\",\"contentUrl\":\"https:\/\/theplayoffs.news\/fr\/wp-content\/uploads\/2024\/01\/USATSI_22127362.jpg\",\"width\":1920,\"height\":1193,\"caption\":\"Dec 17, 2023; Nashville, Tennessee, USA; Houston Texans safety Jalen Pitre (5) celebrates with Texans CEO Cal McNair after an overtime win against the Tennessee Titans at Nissan Stadium. Mandatory Credit: Christopher Hanewinckel-USA TODAY Sports\"},{\"@type\":\"BreadcrumbList\",\"@id\":\"https:\/\/theplayoffs.news\/fr\/actualite-nfl\/resilience-jalen-pitre-deuxieme-saison-texans\/#breadcrumb\",\"itemListElement\":[{\"@type\":\"ListItem\",\"position\":1,\"name\":\"Accueil\",\"item\":\"https:\/\/theplayoffs.news\/fr\/\"},{\"@type\":\"ListItem\",\"position\":2,\"name\":\"La r\u00e9silience de Jalen Pitre dans une 2\u00e8 saison difficile avec les Texans\"}]},{\"@type\":\"WebSite\",\"@id\":\"https:\/\/theplayoffs.news\/fr\/#website\",\"url\":\"https:\/\/theplayoffs.news\/fr\/\",\"name\":\"The Playoffs FR\",\"description\":\"NBA-NFL-NHL-MLB\",\"potentialAction\":[{\"@type\":\"SearchAction\",\"target\":{\"@type\":\"EntryPoint\",\"urlTemplate\":\"https:\/\/theplayoffs.news\/fr\/?s={search_term_string}\"},\"query-input\":{\"@type\":\"PropertyValueSpecification\",\"valueRequired\":true,\"valueName\":\"search_term_string\"}}],\"inLanguage\":\"fr-FR\"},{\"@type\":\"Person\",\"@id\":\"https:\/\/theplayoffs.news\/fr\/#\/schema\/person\/eee5b69ad5d3c51cabe881c839dbe133\",\"name\":\"Charles Taudin\",\"image\":{\"@type\":\"ImageObject\",\"inLanguage\":\"fr-FR\",\"@id\":\"https:\/\/theplayoffs.news\/fr\/#\/schema\/person\/image\/\",\"url\":\"https:\/\/secure.gravatar.com\/avatar\/59a1e772205ce9fd255edfcafc93013736822e20261f294c5753b20c41ede9f2?s=96&d=mm&r=g\",\"contentUrl\":\"https:\/\/secure.gravatar.com\/avatar\/59a1e772205ce9fd255edfcafc93013736822e20261f294c5753b20c41ede9f2?s=96&d=mm&r=g\",\"caption\":\"Charles Taudin\"},\"description\":\"R\u00e9dacteur en chef global de The Playoffs, j\u2019ai cr\u00e9\u00e9 The Free Agent, devenu The Playoffs FR, en 2020 durant la pand\u00e9mie. Amoureux depuis des ann\u00e9es des 4 sports majeurs am\u00e9ricains, j\u2019organise maintenant la strat\u00e9gie \u00e9ditoriale et les r\u00e9seaux sociaux de l\u2019ensemble des versions de The Playoffs. Il m\u2019arrive encore d\u2019\u00e9crire sur certains sports que j\u2019affectionne particuli\u00e8rement comme la NFL ou la MLB. Si vous devez retenir qu\u2019une chose : Eli Manning est le vrai GOAT pour avoir battu deux fois Tom Brady.\",\"sameAs\":[\"https:\/\/www.instagram.com\/ctaudin_\/\"],\"url\":\"https:\/\/theplayoffs.news\/fr\/author\/charles-taudin\/\"}]}<\/script>\n<!-- \/ Yoast SEO plugin. -->","yoast_head_json":{"title":"La r&eacute;silience de Jalen Pitre dans une 2&egrave; saison difficile avec les Texans - The Playoffs FR","robots":{"index":"index","follow":"follow","max-snippet":"max-snippet:-1","max-image-preview":"max-image-preview:large","max-video-preview":"max-video-preview:-1"},"canonical":"https:\/\/theplayoffs.news\/fr\/actualite-nfl\/resilience-jalen-pitre-deuxieme-saison-texans\/","og_locale":"fr_FR","og_type":"article","og_title":"La r&eacute;silience de Jalen Pitre dans une 2&egrave; saison difficile avec les Texans - The Playoffs FR","og_url":"https:\/\/theplayoffs.news\/fr\/actualite-nfl\/resilience-jalen-pitre-deuxieme-saison-texans\/","og_site_name":"The Playoffs FR","article_publisher":"https:\/\/www.facebook.com\/TheFreeAgentFR\/","article_modified_time":"2024-01-03T15:04:11+00:00","og_image":[{"width":1920,"height":1193,"url":"https:\/\/theplayoffs.news\/fr\/wp-content\/uploads\/2024\/01\/USATSI_22127362.jpg","type":"image\/jpeg"}],"author":"Charles Taudin","twitter_card":"summary_large_image","twitter_creator":"@TheFreeAgentFR","twitter_site":"@TheFreeAgentFR","twitter_misc":{"\u00c9crit par":"Charles Taudin","Dur\u00e9e de lecture estim\u00e9e":"2 minutes"},"schema":{"@context":"https:\/\/schema.org","@graph":[{"@type":"WebPage","@id":"https:\/\/theplayoffs.news\/fr\/actualite-nfl\/resilience-jalen-pitre-deuxieme-saison-texans\/","url":"https:\/\/theplayoffs.news\/fr\/actualite-nfl\/resilience-jalen-pitre-deuxieme-saison-texans\/","name":"La r\u00e9silience de Jalen Pitre dans une 2\u00e8 saison difficile avec les Texans - The Playoffs FR","isPartOf":{"@id":"https:\/\/theplayoffs.news\/fr\/#website"},"primaryImageOfPage":{"@id":"https:\/\/theplayoffs.news\/fr\/actualite-nfl\/resilience-jalen-pitre-deuxieme-saison-texans\/#primaryimage"},"image":{"@id":"https:\/\/theplayoffs.news\/fr\/actualite-nfl\/resilience-jalen-pitre-deuxieme-saison-texans\/#primaryimage"},"thumbnailUrl":"https:\/\/theplayoffs.news\/fr\/wp-content\/uploads\/2024\/01\/USATSI_22127362.jpg","datePublished":"2024-01-03T15:04:10+00:00","dateModified":"2024-01-03T15:04:11+00:00","author":{"@id":"https:\/\/theplayoffs.news\/fr\/#\/schema\/person\/eee5b69ad5d3c51cabe881c839dbe133"},"breadcrumb":{"@id":"https:\/\/theplayoffs.news\/fr\/actualite-nfl\/resilience-jalen-pitre-deuxieme-saison-texans\/#breadcrumb"},"inLanguage":"fr-FR","potentialAction":[{"@type":"ReadAction","target":["https:\/\/theplayoffs.news\/fr\/actualite-nfl\/resilience-jalen-pitre-deuxieme-saison-texans\/"]}]},{"@type":"ImageObject","inLanguage":"fr-FR","@id":"https:\/\/theplayoffs.news\/fr\/actualite-nfl\/resilience-jalen-pitre-deuxieme-saison-texans\/#primaryimage","url":"https:\/\/theplayoffs.news\/fr\/wp-content\/uploads\/2024\/01\/USATSI_22127362.jpg","contentUrl":"https:\/\/theplayoffs.news\/fr\/wp-content\/uploads\/2024\/01\/USATSI_22127362.jpg","width":1920,"height":1193,"caption":"Dec 17, 2023; Nashville, Tennessee, USA; Houston Texans safety Jalen Pitre (5) celebrates with Texans CEO Cal McNair after an overtime win against the Tennessee Titans at Nissan Stadium. Mandatory Credit: Christopher Hanewinckel-USA TODAY Sports"},{"@type":"BreadcrumbList","@id":"https:\/\/theplayoffs.news\/fr\/actualite-nfl\/resilience-jalen-pitre-deuxieme-saison-texans\/#breadcrumb","itemListElement":[{"@type":"ListItem","position":1,"name":"Accueil","item":"https:\/\/theplayoffs.news\/fr\/"},{"@type":"ListItem","position":2,"name":"La r\u00e9silience de Jalen Pitre dans une 2\u00e8 saison difficile avec les Texans"}]},{"@type":"WebSite","@id":"https:\/\/theplayoffs.news\/fr\/#website","url":"https:\/\/theplayoffs.news\/fr\/","name":"The Playoffs FR","description":"NBA-NFL-NHL-MLB","potentialAction":[{"@type":"SearchAction","target":{"@type":"EntryPoint","urlTemplate":"https:\/\/theplayoffs.news\/fr\/?s={search_term_string}"},"query-input":{"@type":"PropertyValueSpecification","valueRequired":true,"valueName":"search_term_string"}}],"inLanguage":"fr-FR"},{"@type":"Person","@id":"https:\/\/theplayoffs.news\/fr\/#\/schema\/person\/eee5b69ad5d3c51cabe881c839dbe133","name":"Charles Taudin","image":{"@type":"ImageObject","inLanguage":"fr-FR","@id":"https:\/\/theplayoffs.news\/fr\/#\/schema\/person\/image\/","url":"https:\/\/secure.gravatar.com\/avatar\/59a1e772205ce9fd255edfcafc93013736822e20261f294c5753b20c41ede9f2?s=96&d=mm&r=g","contentUrl":"https:\/\/secure.gravatar.com\/avatar\/59a1e772205ce9fd255edfcafc93013736822e20261f294c5753b20c41ede9f2?s=96&d=mm&r=g","caption":"Charles Taudin"},"description":"R\u00e9dacteur en chef global de The Playoffs, j\u2019ai cr\u00e9\u00e9 The Free Agent, devenu The Playoffs FR, en 2020 durant la pand\u00e9mie. Amoureux depuis des ann\u00e9es des 4 sports majeurs am\u00e9ricains, j\u2019organise maintenant la strat\u00e9gie \u00e9ditoriale et les r\u00e9seaux sociaux de l\u2019ensemble des versions de The Playoffs. Il m\u2019arrive encore d\u2019\u00e9crire sur certains sports que j\u2019affectionne particuli\u00e8rement comme la NFL ou la MLB. Si vous devez retenir qu\u2019une chose : Eli Manning est le vrai GOAT pour avoir battu deux fois Tom Brady.","sameAs":["https:\/\/www.instagram.com\/ctaudin_\/"],"url":"https:\/\/theplayoffs.news\/fr\/author\/charles-taudin\/"}]}},"_links":{"self":[{"href":"https:\/\/theplayoffs.news\/fr\/wp-json\/wp\/v2\/posts\/1224279","targetHints":{"allow":["GET"]}}],"collection":[{"href":"https:\/\/theplayoffs.news\/fr\/wp-json\/wp\/v2\/posts"}],"about":[{"href":"https:\/\/theplayoffs.news\/fr\/wp-json\/wp\/v2\/types\/post"}],"author":[{"embeddable":true,"href":"https:\/\/theplayoffs.news\/fr\/wp-json\/wp\/v2\/users\/13"}],"replies":[{"embeddable":true,"href":"https:\/\/theplayoffs.news\/fr\/wp-json\/wp\/v2\/comments?post=1224279"}],"version-history":[{"count":3,"href":"https:\/\/theplayoffs.news\/fr\/wp-json\/wp\/v2\/posts\/1224279\/revisions"}],"predecessor-version":[{"id":1224308,"href":"https:\/\/theplayoffs.news\/fr\/wp-json\/wp\/v2\/posts\/1224279\/revisions\/1224308"}],"wp:featuredmedia":[{"embeddable":true,"href":"https:\/\/theplayoffs.news\/fr\/wp-json\/wp\/v2\/media\/1224292"}],"wp:attachment":[{"href":"https:\/\/theplayoffs.news\/fr\/wp-json\/wp\/v2\/media?parent=1224279"}],"wp:term":[{"taxonomy":"category","embeddable":true,"href":"https:\/\/theplayoffs.news\/fr\/wp-json\/wp\/v2\/categories?post=1224279"},{"taxonomy":"post_tag","embeddable":true,"href":"https:\/\/theplayoffs.news\/fr\/wp-json\/wp\/v2\/tags?post=1224279"},{"taxonomy":"sport","embeddable":true,"href":"https:\/\/theplayoffs.news\/fr\/wp-json\/wp\/v2\/sport?post=1224279"},{"taxonomy":"saison","embeddable":true,"href":"https:\/\/theplayoffs.news\/fr\/wp-json\/wp\/v2\/saison?post=1224279"}],"curies":[{"name":"wp","href":"https:\/\/api.w.org\/{rel}","templated":true}]}}