{"id":1215341,"date":"2023-12-31T17:03:06","date_gmt":"2023-12-31T16:03:06","guid":{"rendered":"https:\/\/theplayoffs.news\/fr\/?p=1215341"},"modified":"2023-12-31T17:03:08","modified_gmt":"2023-12-31T16:03:08","slug":"dan-campbell-furieux-contre-la-decision-de-fin-de-match","status":"publish","type":"post","link":"https:\/\/theplayoffs.news\/fr\/actualite-nfl\/dan-campbell-furieux-contre-la-decision-de-fin-de-match\/","title":{"rendered":"Dan Campbell furieux contre la d\u00e9cision de fin de match"},"content":{"rendered":"<h2>NFL &ndash; Les Lions de Detroit ont subi une d&eacute;faite d&eacute;chirante contre les Cowboys de Dallas, entach&eacute;e par une p&eacute;nalit&eacute; controvers&eacute;e qui a depuis suscit&eacute; un d&eacute;bat intense.<\/h2><p>Avec seulement quelques secondes restantes, les Lions semblaient pr&ecirc;ts pour une victoire, seulement pour voir leurs espoirs an&eacute;antis par un mouchoir de p&eacute;nalit&eacute; inattendu contre le joueur de ligne offensive Taylor Decker.<\/p><p>L&rsquo;appel contest&eacute; portait sur un soucis d&rsquo;&eacute;ligibilit&eacute; &agrave; la r&eacute;ception, annulant ce qui aurait &eacute;t&eacute; une conversion cruciale de 2 points. Le c&oelig;ur de la controverse r&eacute;side dans la question de savoir si Decker, le tackle gauche partant des Lions, avait correctement signal&eacute; qu&rsquo;il &eacute;tait un receveur &eacute;ligible. Le quarterback Jared Goff et Decker affirment que le protocole correct a &eacute;t&eacute; suivi, contredisant la d&eacute;claration de l&rsquo;arbitre Brad Allen, qui a maintenu que Decker n&rsquo;avait pas signal&eacute; qu&rsquo;il &eacute;tait &eacute;ligible, alors que le tackle offensif de r&eacute;serve Dan Skipper l&rsquo;avait fait.<\/p><p>Apr&egrave;s le match, l&rsquo;atmosph&egrave;re dans le vestiaire des Lions &eacute;tait de frustration palpable et de d&eacute;ception. L&rsquo;entra&icirc;neur Dan Campbell a exprim&eacute; son m&eacute;contentement, soulignant son aversion pour perdre dans de telles circonstances contentieuses.<\/p><blockquote><p>&laquo;&nbsp;Seriez-vous frustr&eacute; en ce moment ? <a href=\"https:\/\/www.espn.com\/nfl\/story\/_\/id\/39213838\/cowboys-hang-penalty-nixes-lions-2-point-conversion\" class=\"trk-cta-link\" data-cta-trk='{\"ctaType\":\"Link\",\"ctaSubType\":\"main\"}'>a d&eacute;clar&eacute; Campbell apr&egrave;s coup<\/a>. &laquo;&nbsp;Je n&rsquo;aime pas perdre, et c&rsquo;est ce qui s&rsquo;est pass&eacute;. Nous avons perdu et cela me d&eacute;range. Je n&rsquo;aime pas avoir un L, donc c&rsquo;est &ccedil;a la frustration&nbsp;&raquo;.<\/p><\/blockquote><p>Ses sentiments faisaient &eacute;cho &agrave; ceux de ses joueurs, en particulier Decker, qui a not&eacute; qu&rsquo;il avait fait &laquo;&nbsp;exactement ce que l&rsquo;entra&icirc;neur m&rsquo;avait dit de faire&nbsp;&raquo;, laissant entendre une possible mauvaise communication ou malentendu dans le feu de l&rsquo;action.<\/p><p>La d&eacute;faite &eacute;tait particuli&egrave;rement am&egrave;re &eacute;tant donn&eacute; la strat&eacute;gie audacieuse des Lions dans les derniers moments du jeu. Optant pour l&rsquo;agressivit&eacute; offensive, Campbell a instruit son &eacute;quipe de viser une victoire plut&ocirc;t qu&rsquo;une &eacute;galit&eacute;, une d&eacute;cision qui a vu le receveur &eacute;loign&eacute; <a href=\"https:\/\/theplayoffs.news\/fr\/joueur\/amon-ra-st-brown-nfl-8748604\/\" class=\"trk-cta-link\" data-cta-trk='{\"ctaType\":\"Link\",\"ctaSubType\":\"main\"}'><strong>Amon-Ra St. Brown<\/strong><\/a> marquer un touchdown avec seulement quelques secondes &agrave; &eacute;pargner, seulement pour que les controverses subs&eacute;quentes se d&eacute;roulent.<\/p><p>Pourtant, la NFL semble prendre la direction de la sanction envers l&rsquo;&eacute;quipe d&rsquo;arbitre du match. Selon <a href=\"https:\/\/twitter.com\/brgridiron\/status\/1741488339822457041\" class=\"trk-cta-link\" data-cta-trk='{\"ctaType\":\"Link\",\"ctaSubType\":\"main\"}'>Adam Schefter<\/a>, l&rsquo;&eacute;quipe de Brad Allen n&rsquo;officiera pas lors des playoffs qui arrivent.<\/p><blockquote class=\"twitter-tweet\" data-width=\"500\" data-dnt=\"true\">\n<p lang=\"en\" dir=\"ltr\">Incoming fallout from Lions-Cowboys ending? &#128064;<\/p>\n<p>Brad Allen's referee crew is expected to be downgraded and out for 2024 NFL Playoffs <\/p>\n<p>(per <a href=\"https:\/\/twitter.com\/AdamSchefter?ref_src=twsrc%5Etfw\" class=\"trk-cta-link\" data-cta-trk='{\"ctaType\":\"Link\",\"ctaSubType\":\"main\"}'>@AdamSchefter<\/a>) <a href=\"https:\/\/t.co\/UuJewx9EuF\" class=\"trk-cta-link\" data-cta-trk='{\"ctaType\":\"Link\",\"ctaSubType\":\"main\"}'>pic.twitter.com\/UuJewx9EuF<\/a><\/p>\n<p>&mdash; B\/R Gridiron (@brgridiron) <a href=\"https:\/\/twitter.com\/brgridiron\/status\/1741488339822457041?ref_src=twsrc%5Etfw\" class=\"trk-cta-link\" data-cta-trk='{\"ctaType\":\"Link\",\"ctaSubType\":\"main\"}'>December 31, 2023<\/a><\/p><\/blockquote><p><script async src=\"https:\/\/platform.twitter.com\/widgets.js\" charset=\"utf-8\"><\/script><\/p><p>&nbsp;<\/p><p>&nbsp;<\/p>\n","protected":false},"excerpt":{"rendered":"","protected":false},"author":13,"featured_media":1215367,"comment_status":"open","ping_status":"closed","sticky":false,"template":"","format":"standard","meta":{"inline_featured_image":false,"kia_subtitle":"","_mux_skip_reasons":[],"proofreadBy":0,"footnotes":""},"categories":[118,40],"tags":[619,134],"sport":[],"saison":[],"class_list":["post-1215341","post","type-post","status-publish","format-standard","has-post-thumbnail","hentry","category-actualite-nfl","category-nfl","tag-dallas-cowboys","tag-detroit-lions"],"acf":[],"yoast_head":"<!-- This site is optimized with the Yoast SEO plugin v24.2 - https:\/\/yoast.com\/wordpress\/plugins\/seo\/ -->\n<title>Dan Campbell furieux contre la d&eacute;cision de fin de match - The Playoffs FR<\/title>\n<meta name=\"robots\" content=\"index, follow, max-snippet:-1, max-image-preview:large, max-video-preview:-1\" \/>\n<link rel=\"canonical\" href=\"https:\/\/theplayoffs.news\/fr\/actualite-nfl\/dan-campbell-furieux-contre-la-decision-de-fin-de-match\/\" \/>\n<meta property=\"og:locale\" content=\"fr_FR\" \/>\n<meta property=\"og:type\" content=\"article\" \/>\n<meta property=\"og:title\" content=\"Dan Campbell furieux contre la d&eacute;cision de fin de match - The Playoffs FR\" \/>\n<meta property=\"og:url\" content=\"https:\/\/theplayoffs.news\/fr\/actualite-nfl\/dan-campbell-furieux-contre-la-decision-de-fin-de-match\/\" \/>\n<meta property=\"og:site_name\" content=\"The Playoffs FR\" \/>\n<meta property=\"article:publisher\" content=\"https:\/\/www.facebook.com\/TheFreeAgentFR\/\" \/>\n<meta property=\"article:modified_time\" content=\"2023-12-31T17:03:08+01:00\" \/>\n<meta property=\"og:image\" content=\"https:\/\/theplayoffs.news\/fr\/wp-content\/uploads\/2023\/12\/USATSI_22199701.jpg\" \/>\n\t<meta property=\"og:image:width\" content=\"1920\" \/>\n\t<meta property=\"og:image:height\" content=\"1280\" \/>\n\t<meta property=\"og:image:type\" content=\"image\/jpeg\" \/>\n<meta name=\"author\" content=\"Charles Taudin\" \/>\n<meta name=\"twitter:card\" content=\"summary_large_image\" \/>\n<meta name=\"twitter:creator\" content=\"@TheFreeAgentFR\" \/>\n<meta name=\"twitter:site\" content=\"@TheFreeAgentFR\" \/>\n<meta name=\"twitter:label1\" content=\"\u00c9crit par\" \/>\n\t<meta name=\"twitter:data1\" content=\"Charles Taudin\" \/>\n\t<meta name=\"twitter:label2\" content=\"Dur\u00e9e de lecture estim\u00e9e\" \/>\n\t<meta name=\"twitter:data2\" content=\"2 minutes\" \/>\n<script type=\"application\/ld+json\" class=\"yoast-schema-graph\">{\"@context\":\"https:\/\/schema.org\",\"@graph\":[{\"@type\":\"WebPage\",\"@id\":\"https:\/\/theplayoffs.news\/fr\/actualite-nfl\/dan-campbell-furieux-contre-la-decision-de-fin-de-match\/\",\"url\":\"https:\/\/theplayoffs.news\/fr\/actualite-nfl\/dan-campbell-furieux-contre-la-decision-de-fin-de-match\/\",\"name\":\"Dan Campbell furieux contre la d\u00e9cision de fin de match - The Playoffs FR\",\"isPartOf\":{\"@id\":\"https:\/\/theplayoffs.news\/fr\/#website\"},\"primaryImageOfPage\":{\"@id\":\"https:\/\/theplayoffs.news\/fr\/actualite-nfl\/dan-campbell-furieux-contre-la-decision-de-fin-de-match\/#primaryimage\"},\"image\":{\"@id\":\"https:\/\/theplayoffs.news\/fr\/actualite-nfl\/dan-campbell-furieux-contre-la-decision-de-fin-de-match\/#primaryimage\"},\"thumbnailUrl\":\"https:\/\/theplayoffs.news\/fr\/wp-content\/uploads\/2023\/12\/USATSI_22199701.jpg\",\"datePublished\":\"2023-12-31T16:03:06+00:00\",\"dateModified\":\"2023-12-31T16:03:08+00:00\",\"author\":{\"@id\":\"https:\/\/theplayoffs.news\/fr\/#\/schema\/person\/eee5b69ad5d3c51cabe881c839dbe133\"},\"breadcrumb\":{\"@id\":\"https:\/\/theplayoffs.news\/fr\/actualite-nfl\/dan-campbell-furieux-contre-la-decision-de-fin-de-match\/#breadcrumb\"},\"inLanguage\":\"fr-FR\",\"potentialAction\":[{\"@type\":\"ReadAction\",\"target\":[\"https:\/\/theplayoffs.news\/fr\/actualite-nfl\/dan-campbell-furieux-contre-la-decision-de-fin-de-match\/\"]}]},{\"@type\":\"ImageObject\",\"inLanguage\":\"fr-FR\",\"@id\":\"https:\/\/theplayoffs.news\/fr\/actualite-nfl\/dan-campbell-furieux-contre-la-decision-de-fin-de-match\/#primaryimage\",\"url\":\"https:\/\/theplayoffs.news\/fr\/wp-content\/uploads\/2023\/12\/USATSI_22199701.jpg\",\"contentUrl\":\"https:\/\/theplayoffs.news\/fr\/wp-content\/uploads\/2023\/12\/USATSI_22199701.jpg\",\"width\":1920,\"height\":1280,\"caption\":\"Lions coach Dan Campbell talks to referees regarding offensive tackle Taylor Decker\\\\'s 2-point conversion catch being called illegal touching during the second half of the Lions\\\\' 20-19 loss at AT&amp;T Stadium in Arlington, Texas on Saturday, Dec. 30, 2023.\"},{\"@type\":\"BreadcrumbList\",\"@id\":\"https:\/\/theplayoffs.news\/fr\/actualite-nfl\/dan-campbell-furieux-contre-la-decision-de-fin-de-match\/#breadcrumb\",\"itemListElement\":[{\"@type\":\"ListItem\",\"position\":1,\"name\":\"Accueil\",\"item\":\"https:\/\/theplayoffs.news\/fr\/\"},{\"@type\":\"ListItem\",\"position\":2,\"name\":\"Dan Campbell furieux contre la d\u00e9cision de fin de match\"}]},{\"@type\":\"WebSite\",\"@id\":\"https:\/\/theplayoffs.news\/fr\/#website\",\"url\":\"https:\/\/theplayoffs.news\/fr\/\",\"name\":\"The Playoffs FR\",\"description\":\"NBA-NFL-NHL-MLB\",\"potentialAction\":[{\"@type\":\"SearchAction\",\"target\":{\"@type\":\"EntryPoint\",\"urlTemplate\":\"https:\/\/theplayoffs.news\/fr\/?s={search_term_string}\"},\"query-input\":{\"@type\":\"PropertyValueSpecification\",\"valueRequired\":true,\"valueName\":\"search_term_string\"}}],\"inLanguage\":\"fr-FR\"},{\"@type\":\"Person\",\"@id\":\"https:\/\/theplayoffs.news\/fr\/#\/schema\/person\/eee5b69ad5d3c51cabe881c839dbe133\",\"name\":\"Charles Taudin\",\"image\":{\"@type\":\"ImageObject\",\"inLanguage\":\"fr-FR\",\"@id\":\"https:\/\/theplayoffs.news\/fr\/#\/schema\/person\/image\/\",\"url\":\"https:\/\/secure.gravatar.com\/avatar\/59a1e772205ce9fd255edfcafc93013736822e20261f294c5753b20c41ede9f2?s=96&d=mm&r=g\",\"contentUrl\":\"https:\/\/secure.gravatar.com\/avatar\/59a1e772205ce9fd255edfcafc93013736822e20261f294c5753b20c41ede9f2?s=96&d=mm&r=g\",\"caption\":\"Charles Taudin\"},\"description\":\"R\u00e9dacteur en chef global de The Playoffs, j\u2019ai cr\u00e9\u00e9 The Free Agent, devenu The Playoffs FR, en 2020 durant la pand\u00e9mie. Amoureux depuis des ann\u00e9es des 4 sports majeurs am\u00e9ricains, j\u2019organise maintenant la strat\u00e9gie \u00e9ditoriale et les r\u00e9seaux sociaux de l\u2019ensemble des versions de The Playoffs. Il m\u2019arrive encore d\u2019\u00e9crire sur certains sports que j\u2019affectionne particuli\u00e8rement comme la NFL ou la MLB. Si vous devez retenir qu\u2019une chose : Eli Manning est le vrai GOAT pour avoir battu deux fois Tom Brady.\",\"sameAs\":[\"https:\/\/www.instagram.com\/ctaudin_\/\"],\"url\":\"https:\/\/theplayoffs.news\/fr\/author\/charles-taudin\/\"}]}<\/script>\n<!-- \/ Yoast SEO plugin. -->","yoast_head_json":{"title":"Dan Campbell furieux contre la d&eacute;cision de fin de match - The Playoffs FR","robots":{"index":"index","follow":"follow","max-snippet":"max-snippet:-1","max-image-preview":"max-image-preview:large","max-video-preview":"max-video-preview:-1"},"canonical":"https:\/\/theplayoffs.news\/fr\/actualite-nfl\/dan-campbell-furieux-contre-la-decision-de-fin-de-match\/","og_locale":"fr_FR","og_type":"article","og_title":"Dan Campbell furieux contre la d&eacute;cision de fin de match - The Playoffs FR","og_url":"https:\/\/theplayoffs.news\/fr\/actualite-nfl\/dan-campbell-furieux-contre-la-decision-de-fin-de-match\/","og_site_name":"The Playoffs FR","article_publisher":"https:\/\/www.facebook.com\/TheFreeAgentFR\/","article_modified_time":"2023-12-31T16:03:08+00:00","og_image":[{"width":1920,"height":1280,"url":"https:\/\/theplayoffs.news\/fr\/wp-content\/uploads\/2023\/12\/USATSI_22199701.jpg","type":"image\/jpeg"}],"author":"Charles Taudin","twitter_card":"summary_large_image","twitter_creator":"@TheFreeAgentFR","twitter_site":"@TheFreeAgentFR","twitter_misc":{"\u00c9crit par":"Charles Taudin","Dur\u00e9e de lecture estim\u00e9e":"2 minutes"},"schema":{"@context":"https:\/\/schema.org","@graph":[{"@type":"WebPage","@id":"https:\/\/theplayoffs.news\/fr\/actualite-nfl\/dan-campbell-furieux-contre-la-decision-de-fin-de-match\/","url":"https:\/\/theplayoffs.news\/fr\/actualite-nfl\/dan-campbell-furieux-contre-la-decision-de-fin-de-match\/","name":"Dan Campbell furieux contre la d\u00e9cision de fin de match - The Playoffs FR","isPartOf":{"@id":"https:\/\/theplayoffs.news\/fr\/#website"},"primaryImageOfPage":{"@id":"https:\/\/theplayoffs.news\/fr\/actualite-nfl\/dan-campbell-furieux-contre-la-decision-de-fin-de-match\/#primaryimage"},"image":{"@id":"https:\/\/theplayoffs.news\/fr\/actualite-nfl\/dan-campbell-furieux-contre-la-decision-de-fin-de-match\/#primaryimage"},"thumbnailUrl":"https:\/\/theplayoffs.news\/fr\/wp-content\/uploads\/2023\/12\/USATSI_22199701.jpg","datePublished":"2023-12-31T16:03:06+00:00","dateModified":"2023-12-31T16:03:08+00:00","author":{"@id":"https:\/\/theplayoffs.news\/fr\/#\/schema\/person\/eee5b69ad5d3c51cabe881c839dbe133"},"breadcrumb":{"@id":"https:\/\/theplayoffs.news\/fr\/actualite-nfl\/dan-campbell-furieux-contre-la-decision-de-fin-de-match\/#breadcrumb"},"inLanguage":"fr-FR","potentialAction":[{"@type":"ReadAction","target":["https:\/\/theplayoffs.news\/fr\/actualite-nfl\/dan-campbell-furieux-contre-la-decision-de-fin-de-match\/"]}]},{"@type":"ImageObject","inLanguage":"fr-FR","@id":"https:\/\/theplayoffs.news\/fr\/actualite-nfl\/dan-campbell-furieux-contre-la-decision-de-fin-de-match\/#primaryimage","url":"https:\/\/theplayoffs.news\/fr\/wp-content\/uploads\/2023\/12\/USATSI_22199701.jpg","contentUrl":"https:\/\/theplayoffs.news\/fr\/wp-content\/uploads\/2023\/12\/USATSI_22199701.jpg","width":1920,"height":1280,"caption":"Lions coach Dan Campbell talks to referees regarding offensive tackle Taylor Decker\\'s 2-point conversion catch being called illegal touching during the second half of the Lions\\' 20-19 loss at AT&amp;T Stadium in Arlington, Texas on Saturday, Dec. 30, 2023."},{"@type":"BreadcrumbList","@id":"https:\/\/theplayoffs.news\/fr\/actualite-nfl\/dan-campbell-furieux-contre-la-decision-de-fin-de-match\/#breadcrumb","itemListElement":[{"@type":"ListItem","position":1,"name":"Accueil","item":"https:\/\/theplayoffs.news\/fr\/"},{"@type":"ListItem","position":2,"name":"Dan Campbell furieux contre la d\u00e9cision de fin de match"}]},{"@type":"WebSite","@id":"https:\/\/theplayoffs.news\/fr\/#website","url":"https:\/\/theplayoffs.news\/fr\/","name":"The Playoffs FR","description":"NBA-NFL-NHL-MLB","potentialAction":[{"@type":"SearchAction","target":{"@type":"EntryPoint","urlTemplate":"https:\/\/theplayoffs.news\/fr\/?s={search_term_string}"},"query-input":{"@type":"PropertyValueSpecification","valueRequired":true,"valueName":"search_term_string"}}],"inLanguage":"fr-FR"},{"@type":"Person","@id":"https:\/\/theplayoffs.news\/fr\/#\/schema\/person\/eee5b69ad5d3c51cabe881c839dbe133","name":"Charles Taudin","image":{"@type":"ImageObject","inLanguage":"fr-FR","@id":"https:\/\/theplayoffs.news\/fr\/#\/schema\/person\/image\/","url":"https:\/\/secure.gravatar.com\/avatar\/59a1e772205ce9fd255edfcafc93013736822e20261f294c5753b20c41ede9f2?s=96&d=mm&r=g","contentUrl":"https:\/\/secure.gravatar.com\/avatar\/59a1e772205ce9fd255edfcafc93013736822e20261f294c5753b20c41ede9f2?s=96&d=mm&r=g","caption":"Charles Taudin"},"description":"R\u00e9dacteur en chef global de The Playoffs, j\u2019ai cr\u00e9\u00e9 The Free Agent, devenu The Playoffs FR, en 2020 durant la pand\u00e9mie. Amoureux depuis des ann\u00e9es des 4 sports majeurs am\u00e9ricains, j\u2019organise maintenant la strat\u00e9gie \u00e9ditoriale et les r\u00e9seaux sociaux de l\u2019ensemble des versions de The Playoffs. Il m\u2019arrive encore d\u2019\u00e9crire sur certains sports que j\u2019affectionne particuli\u00e8rement comme la NFL ou la MLB. Si vous devez retenir qu\u2019une chose : Eli Manning est le vrai GOAT pour avoir battu deux fois Tom Brady.","sameAs":["https:\/\/www.instagram.com\/ctaudin_\/"],"url":"https:\/\/theplayoffs.news\/fr\/author\/charles-taudin\/"}]}},"_links":{"self":[{"href":"https:\/\/theplayoffs.news\/fr\/wp-json\/wp\/v2\/posts\/1215341","targetHints":{"allow":["GET"]}}],"collection":[{"href":"https:\/\/theplayoffs.news\/fr\/wp-json\/wp\/v2\/posts"}],"about":[{"href":"https:\/\/theplayoffs.news\/fr\/wp-json\/wp\/v2\/types\/post"}],"author":[{"embeddable":true,"href":"https:\/\/theplayoffs.news\/fr\/wp-json\/wp\/v2\/users\/13"}],"replies":[{"embeddable":true,"href":"https:\/\/theplayoffs.news\/fr\/wp-json\/wp\/v2\/comments?post=1215341"}],"version-history":[{"count":3,"href":"https:\/\/theplayoffs.news\/fr\/wp-json\/wp\/v2\/posts\/1215341\/revisions"}],"predecessor-version":[{"id":1215392,"href":"https:\/\/theplayoffs.news\/fr\/wp-json\/wp\/v2\/posts\/1215341\/revisions\/1215392"}],"wp:featuredmedia":[{"embeddable":true,"href":"https:\/\/theplayoffs.news\/fr\/wp-json\/wp\/v2\/media\/1215367"}],"wp:attachment":[{"href":"https:\/\/theplayoffs.news\/fr\/wp-json\/wp\/v2\/media?parent=1215341"}],"wp:term":[{"taxonomy":"category","embeddable":true,"href":"https:\/\/theplayoffs.news\/fr\/wp-json\/wp\/v2\/categories?post=1215341"},{"taxonomy":"post_tag","embeddable":true,"href":"https:\/\/theplayoffs.news\/fr\/wp-json\/wp\/v2\/tags?post=1215341"},{"taxonomy":"sport","embeddable":true,"href":"https:\/\/theplayoffs.news\/fr\/wp-json\/wp\/v2\/sport?post=1215341"},{"taxonomy":"saison","embeddable":true,"href":"https:\/\/theplayoffs.news\/fr\/wp-json\/wp\/v2\/saison?post=1215341"}],"curies":[{"name":"wp","href":"https:\/\/api.w.org\/{rel}","templated":true}]}}