{"id":1203501,"date":"2023-12-27T20:28:50","date_gmt":"2023-12-27T19:28:50","guid":{"rendered":"https:\/\/theplayoffs.news\/fr\/?p=1203501"},"modified":"2023-12-27T20:28:52","modified_gmt":"2023-12-27T19:28:52","slug":"tyrod-taylor-nomme-qb-titulaire-des-giants","status":"publish","type":"post","link":"https:\/\/theplayoffs.news\/fr\/actualite-nfl\/tyrod-taylor-nomme-qb-titulaire-des-giants\/","title":{"rendered":"Tyrod Taylor nomm\u00e9 quarterback titulaire des Giants pour la week 17"},"content":{"rendered":"<h2>NFL &ndash; Les New York Giants ont d&eacute;cid&eacute; de changer de quarterback en titularisant Tyrod Taylor pour le prochain match de la franchise.<\/h2><p>L&rsquo;&egrave;re Tommy DeVito semble avoir pris fin plus t&ocirc;t que pr&eacute;vue chez les Giants de New York qui ont pris la d&eacute;cision de titulariser <a href=\"https:\/\/theplayoffs.news\/fr\/joueur\/tyrod-taylor-nfl-28326\/\" class=\"trk-cta-link\" data-cta-trk='{\"ctaType\":\"Link\",\"ctaSubType\":\"main\"}'>Tyrod Taylor<\/a> pour le match face aux Rams de Los Angeles. Un changement<a href=\"https:\/\/twitter.com\/Giants\/status\/1740039603107852353\" class=\"trk-cta-link\" data-cta-trk='{\"ctaType\":\"Link\",\"ctaSubType\":\"main\"}'> annonc&eacute; par l&rsquo;entra&icirc;neur principal<\/a> de la franchise alors que les Giants de New York sont &eacute;limin&eacute;s de toutes possibilit&eacute;s de pouvoir faire les playoffs &agrave; la fin de cette saison 2023.<\/p><blockquote class=\"twitter-tweet\" data-width=\"500\" data-dnt=\"true\">\n<p lang=\"en\" dir=\"ltr\">Coach Daboll says Tyrod Taylor will start at QB against the Rams <a href=\"https:\/\/t.co\/fTjPL01t4h\" class=\"trk-cta-link\" data-cta-trk='{\"ctaType\":\"Link\",\"ctaSubType\":\"main\"}'>pic.twitter.com\/fTjPL01t4h<\/a><\/p>\n<p>&mdash; New York Giants (@Giants) <a href=\"https:\/\/twitter.com\/Giants\/status\/1740039603107852353?ref_src=twsrc%5Etfw\" class=\"trk-cta-link\" data-cta-trk='{\"ctaType\":\"Link\",\"ctaSubType\":\"main\"}'>December 27, 2023<\/a><\/p><\/blockquote><p><script async src=\"https:\/\/platform.twitter.com\/widgets.js\" charset=\"utf-8\"><\/script><\/p><p>A l&rsquo;instar du <a href=\"https:\/\/theplayoffs.news\/fr\/divers\/jacoby-brissett-prend-les-commandes-week-17\/\" class=\"trk-cta-link\" data-cta-trk='{\"ctaType\":\"Link\",\"ctaSubType\":\"main\"}'>changement op&eacute;r&eacute; par les Commanders de Washington<\/a> en vue de la week 17, ce changement de quarterback titulaire dans la franchise new-yorkaise vient confirmer ce qui avait &eacute;t&eacute; d&eacute;cid&eacute; en cours de match lors de la week 16. Apr&egrave;s une nouvelle prestation difficile de Tommy DeVito qui n&rsquo;avait compl&eacute;t&eacute; que 9 passes sur 16 et gagn&eacute; 55 yards, Brian Daboll avait d&eacute;cid&eacute; de changer de quarterback pour donner sa chance &agrave; Tyrod Taylor.<\/p><p>Un changement qui n&rsquo;aura pas amen&eacute; la victoire ni des statistiques exceptionnelles pour Taylor (7\/16, 133 yards, 1TD, 1INT) mais qui aura convaincu l&rsquo;entra&icirc;neur de laisser une nouvelle chance &agrave; son habituel quarterback rempla&ccedil;ant alors que Daniel Jones ne pourra pas reprendre sa place avant le d&eacute;but de la saison 2024.<\/p><p>Si les New York Giants n&rsquo;ont plus rien &agrave; jouer dans cette saison 2023 et devront faire face &agrave; des Rams qui peuvent se qualifier pour les playoffs en cas de victoire, Tyrod Taylor pourrait lui jouer gros dans cette rencontre alors que des places sont &agrave; prendre derri&egrave;re Daniel Jones dans la hi&eacute;rarchie des quarterbacks pour la saison 2024.<\/p><p><em>Cr&eacute;dit photo: Eric Hartline-USA TODAY Sports<\/em><\/p>\n","protected":false},"excerpt":{"rendered":"","protected":false},"author":180309964,"featured_media":1203503,"comment_status":"open","ping_status":"closed","sticky":false,"template":"","format":"standard","meta":{"inline_featured_image":false,"kia_subtitle":"","_mux_skip_reasons":[],"proofreadBy":0,"footnotes":""},"categories":[118,40],"tags":[816,6633,947],"sport":[2785],"saison":[3453],"class_list":["post-1203501","post","type-post","status-publish","format-standard","has-post-thumbnail","hentry","category-actualite-nfl","category-nfl","tag-new-york-giants","tag-tommy-devito","tag-tyrod-taylor","sport-nfl","saison-3453"],"acf":[],"yoast_head":"<!-- This site is optimized with the Yoast SEO plugin v24.2 - https:\/\/yoast.com\/wordpress\/plugins\/seo\/ -->\n<title>Tyrod Taylor nomm&eacute; quarterback titulaire des Giants pour la week 17 - The Playoffs FR<\/title>\n<meta name=\"robots\" content=\"index, follow, max-snippet:-1, max-image-preview:large, max-video-preview:-1\" \/>\n<link rel=\"canonical\" href=\"https:\/\/theplayoffs.news\/fr\/actualite-nfl\/tyrod-taylor-nomme-qb-titulaire-des-giants\/\" \/>\n<meta property=\"og:locale\" content=\"fr_FR\" \/>\n<meta property=\"og:type\" content=\"article\" \/>\n<meta property=\"og:title\" content=\"Tyrod Taylor nomm&eacute; quarterback titulaire des Giants pour la week 17 - The Playoffs FR\" \/>\n<meta property=\"og:url\" content=\"https:\/\/theplayoffs.news\/fr\/actualite-nfl\/tyrod-taylor-nomme-qb-titulaire-des-giants\/\" \/>\n<meta property=\"og:site_name\" content=\"The Playoffs FR\" \/>\n<meta property=\"article:publisher\" content=\"https:\/\/www.facebook.com\/TheFreeAgentFR\/\" \/>\n<meta property=\"article:modified_time\" content=\"2023-12-27T20:28:52+01:00\" \/>\n<meta property=\"og:image\" content=\"https:\/\/theplayoffs.news\/fr\/wp-content\/uploads\/2023\/12\/USATSI_22173699.jpg\" \/>\n\t<meta property=\"og:image:width\" content=\"1920\" \/>\n\t<meta property=\"og:image:height\" content=\"1280\" \/>\n\t<meta property=\"og:image:type\" content=\"image\/jpeg\" \/>\n<meta name=\"author\" content=\"Flavien Jumeau\" \/>\n<meta name=\"twitter:card\" content=\"summary_large_image\" \/>\n<meta name=\"twitter:creator\" content=\"@TheFreeAgentFR\" \/>\n<meta name=\"twitter:site\" content=\"@TheFreeAgentFR\" \/>\n<meta name=\"twitter:label1\" content=\"\u00c9crit par\" \/>\n\t<meta name=\"twitter:data1\" content=\"Flavien Jumeau\" \/>\n\t<meta name=\"twitter:label2\" content=\"Dur\u00e9e de lecture estim\u00e9e\" \/>\n\t<meta name=\"twitter:data2\" content=\"1 minute\" \/>\n<script type=\"application\/ld+json\" class=\"yoast-schema-graph\">{\"@context\":\"https:\/\/schema.org\",\"@graph\":[{\"@type\":\"WebPage\",\"@id\":\"https:\/\/theplayoffs.news\/fr\/actualite-nfl\/tyrod-taylor-nomme-qb-titulaire-des-giants\/\",\"url\":\"https:\/\/theplayoffs.news\/fr\/actualite-nfl\/tyrod-taylor-nomme-qb-titulaire-des-giants\/\",\"name\":\"Tyrod Taylor nomm\u00e9 quarterback titulaire des Giants pour la week 17 - The Playoffs FR\",\"isPartOf\":{\"@id\":\"https:\/\/theplayoffs.news\/fr\/#website\"},\"primaryImageOfPage\":{\"@id\":\"https:\/\/theplayoffs.news\/fr\/actualite-nfl\/tyrod-taylor-nomme-qb-titulaire-des-giants\/#primaryimage\"},\"image\":{\"@id\":\"https:\/\/theplayoffs.news\/fr\/actualite-nfl\/tyrod-taylor-nomme-qb-titulaire-des-giants\/#primaryimage\"},\"thumbnailUrl\":\"https:\/\/theplayoffs.news\/fr\/wp-content\/uploads\/2023\/12\/USATSI_22173699.jpg\",\"datePublished\":\"2023-12-27T19:28:50+00:00\",\"dateModified\":\"2023-12-27T19:28:52+00:00\",\"author\":{\"@id\":\"https:\/\/theplayoffs.news\/fr\/#\/schema\/person\/def63bc6746dc5957469b75feb99e66d\"},\"breadcrumb\":{\"@id\":\"https:\/\/theplayoffs.news\/fr\/actualite-nfl\/tyrod-taylor-nomme-qb-titulaire-des-giants\/#breadcrumb\"},\"inLanguage\":\"fr-FR\",\"potentialAction\":[{\"@type\":\"ReadAction\",\"target\":[\"https:\/\/theplayoffs.news\/fr\/actualite-nfl\/tyrod-taylor-nomme-qb-titulaire-des-giants\/\"]}]},{\"@type\":\"ImageObject\",\"inLanguage\":\"fr-FR\",\"@id\":\"https:\/\/theplayoffs.news\/fr\/actualite-nfl\/tyrod-taylor-nomme-qb-titulaire-des-giants\/#primaryimage\",\"url\":\"https:\/\/theplayoffs.news\/fr\/wp-content\/uploads\/2023\/12\/USATSI_22173699.jpg\",\"contentUrl\":\"https:\/\/theplayoffs.news\/fr\/wp-content\/uploads\/2023\/12\/USATSI_22173699.jpg\",\"width\":1920,\"height\":1280,\"caption\":\"Dec 25, 2023; Philadelphia, Pennsylvania, USA; New York Giants quarterback Tyrod Taylor (2) rolls out the pocket during the third quarter against the New York Giants at Lincoln Financial Field. Mandatory Credit: Eric Hartline-USA TODAY Sports\"},{\"@type\":\"BreadcrumbList\",\"@id\":\"https:\/\/theplayoffs.news\/fr\/actualite-nfl\/tyrod-taylor-nomme-qb-titulaire-des-giants\/#breadcrumb\",\"itemListElement\":[{\"@type\":\"ListItem\",\"position\":1,\"name\":\"Accueil\",\"item\":\"https:\/\/theplayoffs.news\/fr\/\"},{\"@type\":\"ListItem\",\"position\":2,\"name\":\"Tyrod Taylor nomm\u00e9 quarterback titulaire des Giants pour la week 17\"}]},{\"@type\":\"WebSite\",\"@id\":\"https:\/\/theplayoffs.news\/fr\/#website\",\"url\":\"https:\/\/theplayoffs.news\/fr\/\",\"name\":\"The Playoffs FR\",\"description\":\"NBA-NFL-NHL-MLB\",\"potentialAction\":[{\"@type\":\"SearchAction\",\"target\":{\"@type\":\"EntryPoint\",\"urlTemplate\":\"https:\/\/theplayoffs.news\/fr\/?s={search_term_string}\"},\"query-input\":{\"@type\":\"PropertyValueSpecification\",\"valueRequired\":true,\"valueName\":\"search_term_string\"}}],\"inLanguage\":\"fr-FR\"},{\"@type\":\"Person\",\"@id\":\"https:\/\/theplayoffs.news\/fr\/#\/schema\/person\/def63bc6746dc5957469b75feb99e66d\",\"name\":\"Flavien Jumeau\",\"image\":{\"@type\":\"ImageObject\",\"inLanguage\":\"fr-FR\",\"@id\":\"https:\/\/theplayoffs.news\/fr\/#\/schema\/person\/image\/\",\"url\":\"https:\/\/secure.gravatar.com\/avatar\/e7fa8ba5a4b7e4ce35fe152f083f352db28ad0acce692004ed88a7a7d78893f7?s=96&d=mm&r=g\",\"contentUrl\":\"https:\/\/secure.gravatar.com\/avatar\/e7fa8ba5a4b7e4ce35fe152f083f352db28ad0acce692004ed88a7a7d78893f7?s=96&d=mm&r=g\",\"caption\":\"Flavien Jumeau\"},\"description\":\"Amoureux du sport (et de vraiment tous les sports) depuis mon plus jeune \u00e2ge, j\u2019ai longtemps h\u00e9site entre le snooker et le curling. Finalement c\u2019est le foot US que j\u2019ai d\u00e9cid\u00e9 de choisir! Responsable foot US sur TPO et animateur du podcast Tailgate j\u2019ai pour mission de vous faire d\u00e9couvrir ce sport passionnant si ce n\u2019est pas encore fait et de vous donner les derni\u00e8res actus. Le tout dans la bonne humeur et avec toujours un jeu de mots ou deux savamment distill\u00e9s! Fan des Saints, pour moi Drew Brees est le vrai GOAT!\",\"url\":\"https:\/\/theplayoffs.news\/fr\/author\/flavien-jumeaugmail-com\/\"}]}<\/script>\n<!-- \/ Yoast SEO plugin. -->","yoast_head_json":{"title":"Tyrod Taylor nomm&eacute; quarterback titulaire des Giants pour la week 17 - The Playoffs FR","robots":{"index":"index","follow":"follow","max-snippet":"max-snippet:-1","max-image-preview":"max-image-preview:large","max-video-preview":"max-video-preview:-1"},"canonical":"https:\/\/theplayoffs.news\/fr\/actualite-nfl\/tyrod-taylor-nomme-qb-titulaire-des-giants\/","og_locale":"fr_FR","og_type":"article","og_title":"Tyrod Taylor nomm&eacute; quarterback titulaire des Giants pour la week 17 - The Playoffs FR","og_url":"https:\/\/theplayoffs.news\/fr\/actualite-nfl\/tyrod-taylor-nomme-qb-titulaire-des-giants\/","og_site_name":"The Playoffs FR","article_publisher":"https:\/\/www.facebook.com\/TheFreeAgentFR\/","article_modified_time":"2023-12-27T19:28:52+00:00","og_image":[{"width":1920,"height":1280,"url":"https:\/\/theplayoffs.news\/fr\/wp-content\/uploads\/2023\/12\/USATSI_22173699.jpg","type":"image\/jpeg"}],"author":"Flavien Jumeau","twitter_card":"summary_large_image","twitter_creator":"@TheFreeAgentFR","twitter_site":"@TheFreeAgentFR","twitter_misc":{"\u00c9crit par":"Flavien Jumeau","Dur\u00e9e de lecture estim\u00e9e":"1 minute"},"schema":{"@context":"https:\/\/schema.org","@graph":[{"@type":"WebPage","@id":"https:\/\/theplayoffs.news\/fr\/actualite-nfl\/tyrod-taylor-nomme-qb-titulaire-des-giants\/","url":"https:\/\/theplayoffs.news\/fr\/actualite-nfl\/tyrod-taylor-nomme-qb-titulaire-des-giants\/","name":"Tyrod Taylor nomm\u00e9 quarterback titulaire des Giants pour la week 17 - The Playoffs FR","isPartOf":{"@id":"https:\/\/theplayoffs.news\/fr\/#website"},"primaryImageOfPage":{"@id":"https:\/\/theplayoffs.news\/fr\/actualite-nfl\/tyrod-taylor-nomme-qb-titulaire-des-giants\/#primaryimage"},"image":{"@id":"https:\/\/theplayoffs.news\/fr\/actualite-nfl\/tyrod-taylor-nomme-qb-titulaire-des-giants\/#primaryimage"},"thumbnailUrl":"https:\/\/theplayoffs.news\/fr\/wp-content\/uploads\/2023\/12\/USATSI_22173699.jpg","datePublished":"2023-12-27T19:28:50+00:00","dateModified":"2023-12-27T19:28:52+00:00","author":{"@id":"https:\/\/theplayoffs.news\/fr\/#\/schema\/person\/def63bc6746dc5957469b75feb99e66d"},"breadcrumb":{"@id":"https:\/\/theplayoffs.news\/fr\/actualite-nfl\/tyrod-taylor-nomme-qb-titulaire-des-giants\/#breadcrumb"},"inLanguage":"fr-FR","potentialAction":[{"@type":"ReadAction","target":["https:\/\/theplayoffs.news\/fr\/actualite-nfl\/tyrod-taylor-nomme-qb-titulaire-des-giants\/"]}]},{"@type":"ImageObject","inLanguage":"fr-FR","@id":"https:\/\/theplayoffs.news\/fr\/actualite-nfl\/tyrod-taylor-nomme-qb-titulaire-des-giants\/#primaryimage","url":"https:\/\/theplayoffs.news\/fr\/wp-content\/uploads\/2023\/12\/USATSI_22173699.jpg","contentUrl":"https:\/\/theplayoffs.news\/fr\/wp-content\/uploads\/2023\/12\/USATSI_22173699.jpg","width":1920,"height":1280,"caption":"Dec 25, 2023; Philadelphia, Pennsylvania, USA; New York Giants quarterback Tyrod Taylor (2) rolls out the pocket during the third quarter against the New York Giants at Lincoln Financial Field. Mandatory Credit: Eric Hartline-USA TODAY Sports"},{"@type":"BreadcrumbList","@id":"https:\/\/theplayoffs.news\/fr\/actualite-nfl\/tyrod-taylor-nomme-qb-titulaire-des-giants\/#breadcrumb","itemListElement":[{"@type":"ListItem","position":1,"name":"Accueil","item":"https:\/\/theplayoffs.news\/fr\/"},{"@type":"ListItem","position":2,"name":"Tyrod Taylor nomm\u00e9 quarterback titulaire des Giants pour la week 17"}]},{"@type":"WebSite","@id":"https:\/\/theplayoffs.news\/fr\/#website","url":"https:\/\/theplayoffs.news\/fr\/","name":"The Playoffs FR","description":"NBA-NFL-NHL-MLB","potentialAction":[{"@type":"SearchAction","target":{"@type":"EntryPoint","urlTemplate":"https:\/\/theplayoffs.news\/fr\/?s={search_term_string}"},"query-input":{"@type":"PropertyValueSpecification","valueRequired":true,"valueName":"search_term_string"}}],"inLanguage":"fr-FR"},{"@type":"Person","@id":"https:\/\/theplayoffs.news\/fr\/#\/schema\/person\/def63bc6746dc5957469b75feb99e66d","name":"Flavien Jumeau","image":{"@type":"ImageObject","inLanguage":"fr-FR","@id":"https:\/\/theplayoffs.news\/fr\/#\/schema\/person\/image\/","url":"https:\/\/secure.gravatar.com\/avatar\/e7fa8ba5a4b7e4ce35fe152f083f352db28ad0acce692004ed88a7a7d78893f7?s=96&d=mm&r=g","contentUrl":"https:\/\/secure.gravatar.com\/avatar\/e7fa8ba5a4b7e4ce35fe152f083f352db28ad0acce692004ed88a7a7d78893f7?s=96&d=mm&r=g","caption":"Flavien Jumeau"},"description":"Amoureux du sport (et de vraiment tous les sports) depuis mon plus jeune \u00e2ge, j\u2019ai longtemps h\u00e9site entre le snooker et le curling. Finalement c\u2019est le foot US que j\u2019ai d\u00e9cid\u00e9 de choisir! Responsable foot US sur TPO et animateur du podcast Tailgate j\u2019ai pour mission de vous faire d\u00e9couvrir ce sport passionnant si ce n\u2019est pas encore fait et de vous donner les derni\u00e8res actus. Le tout dans la bonne humeur et avec toujours un jeu de mots ou deux savamment distill\u00e9s! Fan des Saints, pour moi Drew Brees est le vrai GOAT!","url":"https:\/\/theplayoffs.news\/fr\/author\/flavien-jumeaugmail-com\/"}]}},"_links":{"self":[{"href":"https:\/\/theplayoffs.news\/fr\/wp-json\/wp\/v2\/posts\/1203501","targetHints":{"allow":["GET"]}}],"collection":[{"href":"https:\/\/theplayoffs.news\/fr\/wp-json\/wp\/v2\/posts"}],"about":[{"href":"https:\/\/theplayoffs.news\/fr\/wp-json\/wp\/v2\/types\/post"}],"author":[{"embeddable":true,"href":"https:\/\/theplayoffs.news\/fr\/wp-json\/wp\/v2\/users\/180309964"}],"replies":[{"embeddable":true,"href":"https:\/\/theplayoffs.news\/fr\/wp-json\/wp\/v2\/comments?post=1203501"}],"version-history":[{"count":3,"href":"https:\/\/theplayoffs.news\/fr\/wp-json\/wp\/v2\/posts\/1203501\/revisions"}],"predecessor-version":[{"id":1203507,"href":"https:\/\/theplayoffs.news\/fr\/wp-json\/wp\/v2\/posts\/1203501\/revisions\/1203507"}],"wp:featuredmedia":[{"embeddable":true,"href":"https:\/\/theplayoffs.news\/fr\/wp-json\/wp\/v2\/media\/1203503"}],"wp:attachment":[{"href":"https:\/\/theplayoffs.news\/fr\/wp-json\/wp\/v2\/media?parent=1203501"}],"wp:term":[{"taxonomy":"category","embeddable":true,"href":"https:\/\/theplayoffs.news\/fr\/wp-json\/wp\/v2\/categories?post=1203501"},{"taxonomy":"post_tag","embeddable":true,"href":"https:\/\/theplayoffs.news\/fr\/wp-json\/wp\/v2\/tags?post=1203501"},{"taxonomy":"sport","embeddable":true,"href":"https:\/\/theplayoffs.news\/fr\/wp-json\/wp\/v2\/sport?post=1203501"},{"taxonomy":"saison","embeddable":true,"href":"https:\/\/theplayoffs.news\/fr\/wp-json\/wp\/v2\/saison?post=1203501"}],"curies":[{"name":"wp","href":"https:\/\/api.w.org\/{rel}","templated":true}]}}