{"id":1203482,"date":"2023-12-27T17:57:33","date_gmt":"2023-12-27T16:57:33","guid":{"rendered":"https:\/\/theplayoffs.news\/fr\/?p=1203482"},"modified":"2023-12-27T17:57:33","modified_gmt":"2023-12-27T16:57:33","slug":"isiah-kiner-falefa-signe-2-ans-chez-les-blue-jays","status":"publish","type":"post","link":"https:\/\/theplayoffs.news\/fr\/actualite-mlb\/isiah-kiner-falefa-signe-2-ans-chez-les-blue-jays\/","title":{"rendered":"Isiah Kiner-Falefa signe 2 ans chez les Blue Jays"},"content":{"rendered":"<h2>MLB &ndash; Les Blue Jays de Toronto ont finalis&eacute; un accord de deux ans avec Isiah Kiner-Falefa, comme l&rsquo;a rapport&eacute; <a href=\"https:\/\/twitter.com\/ByRobertMurray\/status\/1740043824494420001\" class=\"trk-cta-link\" data-cta-trk='{\"ctaType\":\"Link\",\"ctaSubType\":\"main\"}'>Robert Murray de FanSided<\/a>.<\/h2><p>Ce contrat de 15 millions de dollars, agr&eacute;ment&eacute; d&rsquo;un million suppl&eacute;mentaire en incitations bas&eacute;es sur la performance, attend seulement les formalit&eacute;s d&rsquo;un examen physique pour &ecirc;tre officiel. L&rsquo;acquisition de Kiner-Falefa marque un mouvement strat&eacute;gique pour les Blue Jays, visant &agrave; renforcer leurs options en champ int&eacute;rieur.<\/p><p><a href=\"https:\/\/theplayoffs.news\/fr\/joueur\/isiah-kiner-falefa-mlb-67144\/\" class=\"trk-cta-link\" data-cta-trk='{\"ctaType\":\"Link\",\"ctaSubType\":\"main\"}'><strong>Isiah Kiner-Falefa<\/strong><\/a>, laur&eacute;at du Gant d&rsquo;Or comme troisi&egrave;me base en 2020 avec les Rangers, a depuis vu un changement dans ses positions sur le terrain. Les Rangers du Texas et les Yankees de New York l&rsquo;ont principalement utilis&eacute; comme arr&ecirc;t-court dans les saisons suivantes. La saison 2022 a &eacute;t&eacute; particuli&egrave;rement remarquable pour la polyvalence de Kiner-Falefa, le voyant couvrir diverses positions y compris le champ centre, le champ gauche, le troisi&egrave;me base, le champ droit, l&rsquo;arr&ecirc;t-court, et m&ecirc;me un bref passage comme deuxi&egrave;me base.<\/p><p>Son talent d&eacute;fensif, particuli&egrave;rement au troisi&egrave;me but, a &eacute;t&eacute; bien re&ccedil;u, malgr&eacute; des avis partag&eacute;s sur les positions en champ ext&eacute;rieur.<\/p><p>L&rsquo;acquisition d&rsquo;Isiah Kiner-Falefa par les Blue Jays arrive &agrave; un moment crucial.<\/p><p>Avec la free agency de Matt Chapman, Isiah Kiner-Falefa est pr&ecirc;t &agrave; &ecirc;tre une figure pivot dans le champ int&eacute;rieur de l&rsquo;&eacute;quipe, potentiellement en tant que troisi&egrave;me base r&eacute;gulier. Cependant, son r&ocirc;le s&rsquo;&eacute;tend au-del&agrave; de simplement remplir les chaussures de Chapman. La polyvalence de Kiner-Falefa en fait un remplacement id&eacute;al pour Whit Merrifield &eacute;galement, contribuant de mani&egrave;re significative en tant que frappeur droitier &agrave; la fois dans le champ int&eacute;rieur et ext&eacute;rieur.<\/p><p>En 647 matchs et six saisons entre les Texas Rangers et les Yankees, Isiah Kiner-Falefa affiche une moyenne au b&acirc;ton de .261 avec 26 home runs et 203 points produits.<\/p><p>&nbsp;<\/p><p>Credit Photo : Kamil Krzaczynski-USA TODAY Sports<\/p>\n","protected":false},"excerpt":{"rendered":"","protected":false},"author":13,"featured_media":1203484,"comment_status":"open","ping_status":"closed","sticky":false,"template":"","format":"standard","meta":{"inline_featured_image":false,"kia_subtitle":"","_mux_skip_reasons":[],"proofreadBy":0,"footnotes":""},"categories":[188,9],"tags":[5048,883],"sport":[],"saison":[],"class_list":["post-1203482","post","type-post","status-publish","format-standard","has-post-thumbnail","hentry","category-actualite-mlb","category-mlb","tag-isiah-kiner-falefa","tag-toronto-blue-jays"],"acf":[],"yoast_head":"<!-- This site is optimized with the Yoast SEO plugin v24.2 - https:\/\/yoast.com\/wordpress\/plugins\/seo\/ -->\n<title>Isiah Kiner-Falefa signe 2 ans chez les Blue Jays - The Playoffs FR<\/title>\n<meta name=\"robots\" content=\"index, follow, max-snippet:-1, max-image-preview:large, max-video-preview:-1\" \/>\n<link rel=\"canonical\" href=\"https:\/\/theplayoffs.news\/fr\/actualite-mlb\/isiah-kiner-falefa-signe-2-ans-chez-les-blue-jays\/\" \/>\n<meta property=\"og:locale\" content=\"fr_FR\" \/>\n<meta property=\"og:type\" content=\"article\" \/>\n<meta property=\"og:title\" content=\"Isiah Kiner-Falefa signe 2 ans chez les Blue Jays - The Playoffs FR\" \/>\n<meta property=\"og:url\" content=\"https:\/\/theplayoffs.news\/fr\/actualite-mlb\/isiah-kiner-falefa-signe-2-ans-chez-les-blue-jays\/\" \/>\n<meta property=\"og:site_name\" content=\"The Playoffs FR\" \/>\n<meta property=\"article:publisher\" content=\"https:\/\/www.facebook.com\/TheFreeAgentFR\/\" \/>\n<meta property=\"article:modified_time\" content=\"2023-12-27T17:57:33+01:00\" \/>\n<meta property=\"og:image\" content=\"https:\/\/theplayoffs.news\/fr\/wp-content\/uploads\/2023\/12\/USATSI_21169029.jpg\" \/>\n\t<meta property=\"og:image:width\" content=\"1920\" \/>\n\t<meta property=\"og:image:height\" content=\"1280\" \/>\n\t<meta property=\"og:image:type\" content=\"image\/jpeg\" \/>\n<meta name=\"author\" content=\"Charles Taudin\" \/>\n<meta name=\"twitter:card\" content=\"summary_large_image\" \/>\n<meta name=\"twitter:creator\" content=\"@TheFreeAgentFR\" \/>\n<meta name=\"twitter:site\" content=\"@TheFreeAgentFR\" \/>\n<meta name=\"twitter:label1\" content=\"\u00c9crit par\" \/>\n\t<meta name=\"twitter:data1\" content=\"Charles Taudin\" \/>\n\t<meta name=\"twitter:label2\" content=\"Dur\u00e9e de lecture estim\u00e9e\" \/>\n\t<meta name=\"twitter:data2\" content=\"2 minutes\" \/>\n<script type=\"application\/ld+json\" class=\"yoast-schema-graph\">{\"@context\":\"https:\/\/schema.org\",\"@graph\":[{\"@type\":\"WebPage\",\"@id\":\"https:\/\/theplayoffs.news\/fr\/actualite-mlb\/isiah-kiner-falefa-signe-2-ans-chez-les-blue-jays\/\",\"url\":\"https:\/\/theplayoffs.news\/fr\/actualite-mlb\/isiah-kiner-falefa-signe-2-ans-chez-les-blue-jays\/\",\"name\":\"Isiah Kiner-Falefa signe 2 ans chez les Blue Jays - The Playoffs FR\",\"isPartOf\":{\"@id\":\"https:\/\/theplayoffs.news\/fr\/#website\"},\"primaryImageOfPage\":{\"@id\":\"https:\/\/theplayoffs.news\/fr\/actualite-mlb\/isiah-kiner-falefa-signe-2-ans-chez-les-blue-jays\/#primaryimage\"},\"image\":{\"@id\":\"https:\/\/theplayoffs.news\/fr\/actualite-mlb\/isiah-kiner-falefa-signe-2-ans-chez-les-blue-jays\/#primaryimage\"},\"thumbnailUrl\":\"https:\/\/theplayoffs.news\/fr\/wp-content\/uploads\/2023\/12\/USATSI_21169029.jpg\",\"datePublished\":\"2023-12-27T16:57:33+00:00\",\"dateModified\":\"2023-12-27T16:57:33+00:00\",\"author\":{\"@id\":\"https:\/\/theplayoffs.news\/fr\/#\/schema\/person\/eee5b69ad5d3c51cabe881c839dbe133\"},\"breadcrumb\":{\"@id\":\"https:\/\/theplayoffs.news\/fr\/actualite-mlb\/isiah-kiner-falefa-signe-2-ans-chez-les-blue-jays\/#breadcrumb\"},\"inLanguage\":\"fr-FR\",\"potentialAction\":[{\"@type\":\"ReadAction\",\"target\":[\"https:\/\/theplayoffs.news\/fr\/actualite-mlb\/isiah-kiner-falefa-signe-2-ans-chez-les-blue-jays\/\"]}]},{\"@type\":\"ImageObject\",\"inLanguage\":\"fr-FR\",\"@id\":\"https:\/\/theplayoffs.news\/fr\/actualite-mlb\/isiah-kiner-falefa-signe-2-ans-chez-les-blue-jays\/#primaryimage\",\"url\":\"https:\/\/theplayoffs.news\/fr\/wp-content\/uploads\/2023\/12\/USATSI_21169029.jpg\",\"contentUrl\":\"https:\/\/theplayoffs.news\/fr\/wp-content\/uploads\/2023\/12\/USATSI_21169029.jpg\",\"width\":1920,\"height\":1280,\"caption\":\"Aug 8, 2023; Chicago, Illinois, USA; New York Yankees center fielder Isiah Kiner-Falefa (12) runs to second base after hitting a two-run double against the Chicago White Sox during the fourth inning at Guaranteed Rate Field. Mandatory Credit: Kamil Krzaczynski-USA TODAY Sports\"},{\"@type\":\"BreadcrumbList\",\"@id\":\"https:\/\/theplayoffs.news\/fr\/actualite-mlb\/isiah-kiner-falefa-signe-2-ans-chez-les-blue-jays\/#breadcrumb\",\"itemListElement\":[{\"@type\":\"ListItem\",\"position\":1,\"name\":\"Accueil\",\"item\":\"https:\/\/theplayoffs.news\/fr\/\"},{\"@type\":\"ListItem\",\"position\":2,\"name\":\"Isiah Kiner-Falefa signe 2 ans chez les Blue Jays\"}]},{\"@type\":\"WebSite\",\"@id\":\"https:\/\/theplayoffs.news\/fr\/#website\",\"url\":\"https:\/\/theplayoffs.news\/fr\/\",\"name\":\"The Playoffs FR\",\"description\":\"NBA-NFL-NHL-MLB\",\"potentialAction\":[{\"@type\":\"SearchAction\",\"target\":{\"@type\":\"EntryPoint\",\"urlTemplate\":\"https:\/\/theplayoffs.news\/fr\/?s={search_term_string}\"},\"query-input\":{\"@type\":\"PropertyValueSpecification\",\"valueRequired\":true,\"valueName\":\"search_term_string\"}}],\"inLanguage\":\"fr-FR\"},{\"@type\":\"Person\",\"@id\":\"https:\/\/theplayoffs.news\/fr\/#\/schema\/person\/eee5b69ad5d3c51cabe881c839dbe133\",\"name\":\"Charles Taudin\",\"image\":{\"@type\":\"ImageObject\",\"inLanguage\":\"fr-FR\",\"@id\":\"https:\/\/theplayoffs.news\/fr\/#\/schema\/person\/image\/\",\"url\":\"https:\/\/secure.gravatar.com\/avatar\/59a1e772205ce9fd255edfcafc93013736822e20261f294c5753b20c41ede9f2?s=96&d=mm&r=g\",\"contentUrl\":\"https:\/\/secure.gravatar.com\/avatar\/59a1e772205ce9fd255edfcafc93013736822e20261f294c5753b20c41ede9f2?s=96&d=mm&r=g\",\"caption\":\"Charles Taudin\"},\"description\":\"R\u00e9dacteur en chef global de The Playoffs, j\u2019ai cr\u00e9\u00e9 The Free Agent, devenu The Playoffs FR, en 2020 durant la pand\u00e9mie. Amoureux depuis des ann\u00e9es des 4 sports majeurs am\u00e9ricains, j\u2019organise maintenant la strat\u00e9gie \u00e9ditoriale et les r\u00e9seaux sociaux de l\u2019ensemble des versions de The Playoffs. Il m\u2019arrive encore d\u2019\u00e9crire sur certains sports que j\u2019affectionne particuli\u00e8rement comme la NFL ou la MLB. Si vous devez retenir qu\u2019une chose : Eli Manning est le vrai GOAT pour avoir battu deux fois Tom Brady.\",\"sameAs\":[\"https:\/\/www.instagram.com\/ctaudin_\/\"],\"url\":\"https:\/\/theplayoffs.news\/fr\/author\/charles-taudin\/\"}]}<\/script>\n<!-- \/ Yoast SEO plugin. -->","yoast_head_json":{"title":"Isiah Kiner-Falefa signe 2 ans chez les Blue Jays - The Playoffs FR","robots":{"index":"index","follow":"follow","max-snippet":"max-snippet:-1","max-image-preview":"max-image-preview:large","max-video-preview":"max-video-preview:-1"},"canonical":"https:\/\/theplayoffs.news\/fr\/actualite-mlb\/isiah-kiner-falefa-signe-2-ans-chez-les-blue-jays\/","og_locale":"fr_FR","og_type":"article","og_title":"Isiah Kiner-Falefa signe 2 ans chez les Blue Jays - The Playoffs FR","og_url":"https:\/\/theplayoffs.news\/fr\/actualite-mlb\/isiah-kiner-falefa-signe-2-ans-chez-les-blue-jays\/","og_site_name":"The Playoffs FR","article_publisher":"https:\/\/www.facebook.com\/TheFreeAgentFR\/","og_image":[{"width":1920,"height":1280,"url":"https:\/\/theplayoffs.news\/fr\/wp-content\/uploads\/2023\/12\/USATSI_21169029.jpg","type":"image\/jpeg"}],"author":"Charles Taudin","twitter_card":"summary_large_image","twitter_creator":"@TheFreeAgentFR","twitter_site":"@TheFreeAgentFR","twitter_misc":{"\u00c9crit par":"Charles Taudin","Dur\u00e9e de lecture estim\u00e9e":"2 minutes"},"schema":{"@context":"https:\/\/schema.org","@graph":[{"@type":"WebPage","@id":"https:\/\/theplayoffs.news\/fr\/actualite-mlb\/isiah-kiner-falefa-signe-2-ans-chez-les-blue-jays\/","url":"https:\/\/theplayoffs.news\/fr\/actualite-mlb\/isiah-kiner-falefa-signe-2-ans-chez-les-blue-jays\/","name":"Isiah Kiner-Falefa signe 2 ans chez les Blue Jays - The Playoffs FR","isPartOf":{"@id":"https:\/\/theplayoffs.news\/fr\/#website"},"primaryImageOfPage":{"@id":"https:\/\/theplayoffs.news\/fr\/actualite-mlb\/isiah-kiner-falefa-signe-2-ans-chez-les-blue-jays\/#primaryimage"},"image":{"@id":"https:\/\/theplayoffs.news\/fr\/actualite-mlb\/isiah-kiner-falefa-signe-2-ans-chez-les-blue-jays\/#primaryimage"},"thumbnailUrl":"https:\/\/theplayoffs.news\/fr\/wp-content\/uploads\/2023\/12\/USATSI_21169029.jpg","datePublished":"2023-12-27T16:57:33+00:00","dateModified":"2023-12-27T16:57:33+00:00","author":{"@id":"https:\/\/theplayoffs.news\/fr\/#\/schema\/person\/eee5b69ad5d3c51cabe881c839dbe133"},"breadcrumb":{"@id":"https:\/\/theplayoffs.news\/fr\/actualite-mlb\/isiah-kiner-falefa-signe-2-ans-chez-les-blue-jays\/#breadcrumb"},"inLanguage":"fr-FR","potentialAction":[{"@type":"ReadAction","target":["https:\/\/theplayoffs.news\/fr\/actualite-mlb\/isiah-kiner-falefa-signe-2-ans-chez-les-blue-jays\/"]}]},{"@type":"ImageObject","inLanguage":"fr-FR","@id":"https:\/\/theplayoffs.news\/fr\/actualite-mlb\/isiah-kiner-falefa-signe-2-ans-chez-les-blue-jays\/#primaryimage","url":"https:\/\/theplayoffs.news\/fr\/wp-content\/uploads\/2023\/12\/USATSI_21169029.jpg","contentUrl":"https:\/\/theplayoffs.news\/fr\/wp-content\/uploads\/2023\/12\/USATSI_21169029.jpg","width":1920,"height":1280,"caption":"Aug 8, 2023; Chicago, Illinois, USA; New York Yankees center fielder Isiah Kiner-Falefa (12) runs to second base after hitting a two-run double against the Chicago White Sox during the fourth inning at Guaranteed Rate Field. Mandatory Credit: Kamil Krzaczynski-USA TODAY Sports"},{"@type":"BreadcrumbList","@id":"https:\/\/theplayoffs.news\/fr\/actualite-mlb\/isiah-kiner-falefa-signe-2-ans-chez-les-blue-jays\/#breadcrumb","itemListElement":[{"@type":"ListItem","position":1,"name":"Accueil","item":"https:\/\/theplayoffs.news\/fr\/"},{"@type":"ListItem","position":2,"name":"Isiah Kiner-Falefa signe 2 ans chez les Blue Jays"}]},{"@type":"WebSite","@id":"https:\/\/theplayoffs.news\/fr\/#website","url":"https:\/\/theplayoffs.news\/fr\/","name":"The Playoffs FR","description":"NBA-NFL-NHL-MLB","potentialAction":[{"@type":"SearchAction","target":{"@type":"EntryPoint","urlTemplate":"https:\/\/theplayoffs.news\/fr\/?s={search_term_string}"},"query-input":{"@type":"PropertyValueSpecification","valueRequired":true,"valueName":"search_term_string"}}],"inLanguage":"fr-FR"},{"@type":"Person","@id":"https:\/\/theplayoffs.news\/fr\/#\/schema\/person\/eee5b69ad5d3c51cabe881c839dbe133","name":"Charles Taudin","image":{"@type":"ImageObject","inLanguage":"fr-FR","@id":"https:\/\/theplayoffs.news\/fr\/#\/schema\/person\/image\/","url":"https:\/\/secure.gravatar.com\/avatar\/59a1e772205ce9fd255edfcafc93013736822e20261f294c5753b20c41ede9f2?s=96&d=mm&r=g","contentUrl":"https:\/\/secure.gravatar.com\/avatar\/59a1e772205ce9fd255edfcafc93013736822e20261f294c5753b20c41ede9f2?s=96&d=mm&r=g","caption":"Charles Taudin"},"description":"R\u00e9dacteur en chef global de The Playoffs, j\u2019ai cr\u00e9\u00e9 The Free Agent, devenu The Playoffs FR, en 2020 durant la pand\u00e9mie. Amoureux depuis des ann\u00e9es des 4 sports majeurs am\u00e9ricains, j\u2019organise maintenant la strat\u00e9gie \u00e9ditoriale et les r\u00e9seaux sociaux de l\u2019ensemble des versions de The Playoffs. Il m\u2019arrive encore d\u2019\u00e9crire sur certains sports que j\u2019affectionne particuli\u00e8rement comme la NFL ou la MLB. Si vous devez retenir qu\u2019une chose : Eli Manning est le vrai GOAT pour avoir battu deux fois Tom Brady.","sameAs":["https:\/\/www.instagram.com\/ctaudin_\/"],"url":"https:\/\/theplayoffs.news\/fr\/author\/charles-taudin\/"}]}},"_links":{"self":[{"href":"https:\/\/theplayoffs.news\/fr\/wp-json\/wp\/v2\/posts\/1203482","targetHints":{"allow":["GET"]}}],"collection":[{"href":"https:\/\/theplayoffs.news\/fr\/wp-json\/wp\/v2\/posts"}],"about":[{"href":"https:\/\/theplayoffs.news\/fr\/wp-json\/wp\/v2\/types\/post"}],"author":[{"embeddable":true,"href":"https:\/\/theplayoffs.news\/fr\/wp-json\/wp\/v2\/users\/13"}],"replies":[{"embeddable":true,"href":"https:\/\/theplayoffs.news\/fr\/wp-json\/wp\/v2\/comments?post=1203482"}],"version-history":[{"count":2,"href":"https:\/\/theplayoffs.news\/fr\/wp-json\/wp\/v2\/posts\/1203482\/revisions"}],"predecessor-version":[{"id":1203490,"href":"https:\/\/theplayoffs.news\/fr\/wp-json\/wp\/v2\/posts\/1203482\/revisions\/1203490"}],"wp:featuredmedia":[{"embeddable":true,"href":"https:\/\/theplayoffs.news\/fr\/wp-json\/wp\/v2\/media\/1203484"}],"wp:attachment":[{"href":"https:\/\/theplayoffs.news\/fr\/wp-json\/wp\/v2\/media?parent=1203482"}],"wp:term":[{"taxonomy":"category","embeddable":true,"href":"https:\/\/theplayoffs.news\/fr\/wp-json\/wp\/v2\/categories?post=1203482"},{"taxonomy":"post_tag","embeddable":true,"href":"https:\/\/theplayoffs.news\/fr\/wp-json\/wp\/v2\/tags?post=1203482"},{"taxonomy":"sport","embeddable":true,"href":"https:\/\/theplayoffs.news\/fr\/wp-json\/wp\/v2\/sport?post=1203482"},{"taxonomy":"saison","embeddable":true,"href":"https:\/\/theplayoffs.news\/fr\/wp-json\/wp\/v2\/saison?post=1203482"}],"curies":[{"name":"wp","href":"https:\/\/api.w.org\/{rel}","templated":true}]}}