{"id":1203099,"date":"2023-12-27T16:24:08","date_gmt":"2023-12-27T15:24:08","guid":{"rendered":"https:\/\/theplayoffs.news\/fr\/?p=1203099"},"modified":"2023-12-27T16:28:04","modified_gmt":"2023-12-27T15:28:04","slug":"aaron-rodgers-ce-netait-pas-son-idee-detre-dans-les-53","status":"publish","type":"post","link":"https:\/\/theplayoffs.news\/fr\/actualite-nfl\/aaron-rodgers-ce-netait-pas-son-idee-detre-dans-les-53\/","title":{"rendered":"Aaron Rodgers : Ce n&rsquo;\u00e9tait pas son id\u00e9e d&rsquo;\u00eatre dans les 53"},"content":{"rendered":"<h2>NFL &ndash; Aaron Rodgers a &eacute;t&eacute; ajout&eacute; au roster de 53 joueurs, une d&eacute;cision qui a suscit&eacute; un certain &eacute;tonnement.<\/h2><p>Contrairement aux croyances initiales, cette d&eacute;marche n&rsquo;a pas &eacute;t&eacute; initi&eacute;e par Rodgers lui-m&ecirc;me, mais par la direction de l&rsquo;&eacute;quipe.<\/p><p>Aaron Rodgers, connu pour sa franchise, a r&eacute;cemment clarifi&eacute; la situation lors de son apparition r&eacute;guli&egrave;re sur le show de Pat McAfee. Il a r&eacute;v&eacute;l&eacute; que sa pr&eacute;f&eacute;rence &eacute;tait de rester sur la liste des bless&eacute;s (IR). Rodgers, conscient des implications de son activation, avait sp&eacute;cifiquement demand&eacute; &agrave; ne pas &ecirc;tre activ&eacute; si cela signifiait d&eacute;placer un autre joueur. Son souci principal &eacute;tait de continuer sa r&eacute;habilitation sans impacter la dynamique de l&rsquo;&eacute;quipe ou la carri&egrave;re d&rsquo;un autre joueur.<\/p><blockquote><p>&laquo;&nbsp;J&rsquo;ai suppos&eacute; que j&rsquo;allais &ecirc;tre mis sur la liste des bless&eacute;s&nbsp;&raquo;, a d&eacute;clar&eacute; Rodgers. &laquo;&nbsp;J&rsquo;ai demand&eacute; &agrave; &ecirc;tre mis sur la liste des bless&eacute;s, mais on m&rsquo;a demand&eacute; si je voulais m&rsquo;entra&icirc;ner. J&rsquo;ai r&eacute;pondu que ce n&rsquo;&eacute;tait pas au d&eacute;triment de quelqu&rsquo;un qui serait coup&eacute;. Je sais comment cela fonctionne.&nbsp;&raquo;<\/p><\/blockquote><p>L&rsquo;activation de Rodgers a conduit &agrave; la lib&eacute;ration du fullback Nick Bawden, qui a par la suite rejoint l&rsquo;&eacute;quipe d&rsquo;entra&icirc;nement des Jets. Ce mouvement, &agrave; son tour, a d&eacute;plac&eacute; le defensive back Kalon Barnes. L&rsquo;entra&icirc;neur Robert Saleh a plus tard confirm&eacute; que c&rsquo;&eacute;tait la d&eacute;cision de l&rsquo;&eacute;quipe de ramener Rodgers dans le roster, citant la flexibilit&eacute; du roster et la capacit&eacute; de l&rsquo;&eacute;quipe &agrave; accommoder ce changement.<\/p><p>La d&eacute;cision, selon Saleh, a &eacute;t&eacute; prise en comprenant les pr&eacute;occupations de Rodgers concernant l&rsquo;occupation d&rsquo;une place dans le roster.<\/p><p>&nbsp;<\/p><p>Credit Photo : Vincent Carchietta-USA TODAY Sports<\/p>\n","protected":false},"excerpt":{"rendered":"","protected":false},"author":13,"featured_media":1203123,"comment_status":"open","ping_status":"closed","sticky":false,"template":"","format":"standard","meta":{"inline_featured_image":false,"kia_subtitle":"","_mux_skip_reasons":[],"proofreadBy":0,"footnotes":""},"categories":[118,40],"tags":[268,732],"sport":[],"saison":[],"class_list":["post-1203099","post","type-post","status-publish","format-standard","has-post-thumbnail","hentry","category-actualite-nfl","category-nfl","tag-aaron-rodgers","tag-new-york-jets"],"acf":[],"yoast_head":"<!-- This site is optimized with the Yoast SEO plugin v24.2 - https:\/\/yoast.com\/wordpress\/plugins\/seo\/ -->\n<title>Aaron Rodgers : Ce n&#039;&eacute;tait pas son id&eacute;e d&#039;&ecirc;tre dans les 53 - The Playoffs FR<\/title>\n<meta name=\"robots\" content=\"index, follow, max-snippet:-1, max-image-preview:large, max-video-preview:-1\" \/>\n<link rel=\"canonical\" href=\"https:\/\/theplayoffs.news\/fr\/actualite-nfl\/aaron-rodgers-ce-netait-pas-son-idee-detre-dans-les-53\/\" \/>\n<meta property=\"og:locale\" content=\"fr_FR\" \/>\n<meta property=\"og:type\" content=\"article\" \/>\n<meta property=\"og:title\" content=\"Aaron Rodgers : Ce n&#039;&eacute;tait pas son id&eacute;e d&#039;&ecirc;tre dans les 53 - The Playoffs FR\" \/>\n<meta property=\"og:url\" content=\"https:\/\/theplayoffs.news\/fr\/actualite-nfl\/aaron-rodgers-ce-netait-pas-son-idee-detre-dans-les-53\/\" \/>\n<meta property=\"og:site_name\" content=\"The Playoffs FR\" \/>\n<meta property=\"article:publisher\" content=\"https:\/\/www.facebook.com\/TheFreeAgentFR\/\" \/>\n<meta property=\"article:modified_time\" content=\"2023-12-27T16:28:04+01:00\" \/>\n<meta property=\"og:image\" content=\"https:\/\/theplayoffs.news\/fr\/wp-content\/uploads\/2023\/12\/USATSI_22171786.jpg\" \/>\n\t<meta property=\"og:image:width\" content=\"1920\" \/>\n\t<meta property=\"og:image:height\" content=\"1372\" \/>\n\t<meta property=\"og:image:type\" content=\"image\/jpeg\" \/>\n<meta name=\"author\" content=\"Charles Taudin\" \/>\n<meta name=\"twitter:card\" content=\"summary_large_image\" \/>\n<meta name=\"twitter:creator\" content=\"@TheFreeAgentFR\" \/>\n<meta name=\"twitter:site\" content=\"@TheFreeAgentFR\" \/>\n<meta name=\"twitter:label1\" content=\"\u00c9crit par\" \/>\n\t<meta name=\"twitter:data1\" content=\"Charles Taudin\" \/>\n\t<meta name=\"twitter:label2\" content=\"Dur\u00e9e de lecture estim\u00e9e\" \/>\n\t<meta name=\"twitter:data2\" content=\"1 minute\" \/>\n<script type=\"application\/ld+json\" class=\"yoast-schema-graph\">{\"@context\":\"https:\/\/schema.org\",\"@graph\":[{\"@type\":\"WebPage\",\"@id\":\"https:\/\/theplayoffs.news\/fr\/actualite-nfl\/aaron-rodgers-ce-netait-pas-son-idee-detre-dans-les-53\/\",\"url\":\"https:\/\/theplayoffs.news\/fr\/actualite-nfl\/aaron-rodgers-ce-netait-pas-son-idee-detre-dans-les-53\/\",\"name\":\"Aaron Rodgers : Ce n\\\\'\u00e9tait pas son id\u00e9e d\\\\'\u00eatre dans les 53 - The Playoffs FR\",\"isPartOf\":{\"@id\":\"https:\/\/theplayoffs.news\/fr\/#website\"},\"primaryImageOfPage\":{\"@id\":\"https:\/\/theplayoffs.news\/fr\/actualite-nfl\/aaron-rodgers-ce-netait-pas-son-idee-detre-dans-les-53\/#primaryimage\"},\"image\":{\"@id\":\"https:\/\/theplayoffs.news\/fr\/actualite-nfl\/aaron-rodgers-ce-netait-pas-son-idee-detre-dans-les-53\/#primaryimage\"},\"thumbnailUrl\":\"https:\/\/theplayoffs.news\/fr\/wp-content\/uploads\/2023\/12\/USATSI_22171786.jpg\",\"datePublished\":\"2023-12-27T15:24:08+00:00\",\"dateModified\":\"2023-12-27T15:28:04+00:00\",\"author\":{\"@id\":\"https:\/\/theplayoffs.news\/fr\/#\/schema\/person\/eee5b69ad5d3c51cabe881c839dbe133\"},\"breadcrumb\":{\"@id\":\"https:\/\/theplayoffs.news\/fr\/actualite-nfl\/aaron-rodgers-ce-netait-pas-son-idee-detre-dans-les-53\/#breadcrumb\"},\"inLanguage\":\"fr-FR\",\"potentialAction\":[{\"@type\":\"ReadAction\",\"target\":[\"https:\/\/theplayoffs.news\/fr\/actualite-nfl\/aaron-rodgers-ce-netait-pas-son-idee-detre-dans-les-53\/\"]}]},{\"@type\":\"ImageObject\",\"inLanguage\":\"fr-FR\",\"@id\":\"https:\/\/theplayoffs.news\/fr\/actualite-nfl\/aaron-rodgers-ce-netait-pas-son-idee-detre-dans-les-53\/#primaryimage\",\"url\":\"https:\/\/theplayoffs.news\/fr\/wp-content\/uploads\/2023\/12\/USATSI_22171786.jpg\",\"contentUrl\":\"https:\/\/theplayoffs.news\/fr\/wp-content\/uploads\/2023\/12\/USATSI_22171786.jpg\",\"width\":1920,\"height\":1372,\"caption\":\"Dec 24, 2023; East Rutherford, New Jersey, USA; New York Jets quarterback Aaron Rodgers (8) on the field after the game against the Washington Commanders at MetLife Stadium. Mandatory Credit: Vincent Carchietta-USA TODAY Sports\"},{\"@type\":\"BreadcrumbList\",\"@id\":\"https:\/\/theplayoffs.news\/fr\/actualite-nfl\/aaron-rodgers-ce-netait-pas-son-idee-detre-dans-les-53\/#breadcrumb\",\"itemListElement\":[{\"@type\":\"ListItem\",\"position\":1,\"name\":\"Accueil\",\"item\":\"https:\/\/theplayoffs.news\/fr\/\"},{\"@type\":\"ListItem\",\"position\":2,\"name\":\"Aaron Rodgers : Ce n&rsquo;\u00e9tait pas son id\u00e9e d&rsquo;\u00eatre dans les 53\"}]},{\"@type\":\"WebSite\",\"@id\":\"https:\/\/theplayoffs.news\/fr\/#website\",\"url\":\"https:\/\/theplayoffs.news\/fr\/\",\"name\":\"The Playoffs FR\",\"description\":\"NBA-NFL-NHL-MLB\",\"potentialAction\":[{\"@type\":\"SearchAction\",\"target\":{\"@type\":\"EntryPoint\",\"urlTemplate\":\"https:\/\/theplayoffs.news\/fr\/?s={search_term_string}\"},\"query-input\":{\"@type\":\"PropertyValueSpecification\",\"valueRequired\":true,\"valueName\":\"search_term_string\"}}],\"inLanguage\":\"fr-FR\"},{\"@type\":\"Person\",\"@id\":\"https:\/\/theplayoffs.news\/fr\/#\/schema\/person\/eee5b69ad5d3c51cabe881c839dbe133\",\"name\":\"Charles Taudin\",\"image\":{\"@type\":\"ImageObject\",\"inLanguage\":\"fr-FR\",\"@id\":\"https:\/\/theplayoffs.news\/fr\/#\/schema\/person\/image\/\",\"url\":\"https:\/\/secure.gravatar.com\/avatar\/59a1e772205ce9fd255edfcafc93013736822e20261f294c5753b20c41ede9f2?s=96&d=mm&r=g\",\"contentUrl\":\"https:\/\/secure.gravatar.com\/avatar\/59a1e772205ce9fd255edfcafc93013736822e20261f294c5753b20c41ede9f2?s=96&d=mm&r=g\",\"caption\":\"Charles Taudin\"},\"description\":\"R\u00e9dacteur en chef global de The Playoffs, j\u2019ai cr\u00e9\u00e9 The Free Agent, devenu The Playoffs FR, en 2020 durant la pand\u00e9mie. Amoureux depuis des ann\u00e9es des 4 sports majeurs am\u00e9ricains, j\u2019organise maintenant la strat\u00e9gie \u00e9ditoriale et les r\u00e9seaux sociaux de l\u2019ensemble des versions de The Playoffs. Il m\u2019arrive encore d\u2019\u00e9crire sur certains sports que j\u2019affectionne particuli\u00e8rement comme la NFL ou la MLB. Si vous devez retenir qu\u2019une chose : Eli Manning est le vrai GOAT pour avoir battu deux fois Tom Brady.\",\"sameAs\":[\"https:\/\/www.instagram.com\/ctaudin_\/\"],\"url\":\"https:\/\/theplayoffs.news\/fr\/author\/charles-taudin\/\"}]}<\/script>\n<!-- \/ Yoast SEO plugin. -->","yoast_head_json":{"title":"Aaron Rodgers : Ce n&#039;&eacute;tait pas son id&eacute;e d&#039;&ecirc;tre dans les 53 - The Playoffs FR","robots":{"index":"index","follow":"follow","max-snippet":"max-snippet:-1","max-image-preview":"max-image-preview:large","max-video-preview":"max-video-preview:-1"},"canonical":"https:\/\/theplayoffs.news\/fr\/actualite-nfl\/aaron-rodgers-ce-netait-pas-son-idee-detre-dans-les-53\/","og_locale":"fr_FR","og_type":"article","og_title":"Aaron Rodgers : Ce n&#039;&eacute;tait pas son id&eacute;e d&#039;&ecirc;tre dans les 53 - The Playoffs FR","og_url":"https:\/\/theplayoffs.news\/fr\/actualite-nfl\/aaron-rodgers-ce-netait-pas-son-idee-detre-dans-les-53\/","og_site_name":"The Playoffs FR","article_publisher":"https:\/\/www.facebook.com\/TheFreeAgentFR\/","article_modified_time":"2023-12-27T15:28:04+00:00","og_image":[{"width":1920,"height":1372,"url":"https:\/\/theplayoffs.news\/fr\/wp-content\/uploads\/2023\/12\/USATSI_22171786.jpg","type":"image\/jpeg"}],"author":"Charles Taudin","twitter_card":"summary_large_image","twitter_creator":"@TheFreeAgentFR","twitter_site":"@TheFreeAgentFR","twitter_misc":{"\u00c9crit par":"Charles Taudin","Dur\u00e9e de lecture estim\u00e9e":"1 minute"},"schema":{"@context":"https:\/\/schema.org","@graph":[{"@type":"WebPage","@id":"https:\/\/theplayoffs.news\/fr\/actualite-nfl\/aaron-rodgers-ce-netait-pas-son-idee-detre-dans-les-53\/","url":"https:\/\/theplayoffs.news\/fr\/actualite-nfl\/aaron-rodgers-ce-netait-pas-son-idee-detre-dans-les-53\/","name":"Aaron Rodgers : Ce n\\'\u00e9tait pas son id\u00e9e d\\'\u00eatre dans les 53 - The Playoffs FR","isPartOf":{"@id":"https:\/\/theplayoffs.news\/fr\/#website"},"primaryImageOfPage":{"@id":"https:\/\/theplayoffs.news\/fr\/actualite-nfl\/aaron-rodgers-ce-netait-pas-son-idee-detre-dans-les-53\/#primaryimage"},"image":{"@id":"https:\/\/theplayoffs.news\/fr\/actualite-nfl\/aaron-rodgers-ce-netait-pas-son-idee-detre-dans-les-53\/#primaryimage"},"thumbnailUrl":"https:\/\/theplayoffs.news\/fr\/wp-content\/uploads\/2023\/12\/USATSI_22171786.jpg","datePublished":"2023-12-27T15:24:08+00:00","dateModified":"2023-12-27T15:28:04+00:00","author":{"@id":"https:\/\/theplayoffs.news\/fr\/#\/schema\/person\/eee5b69ad5d3c51cabe881c839dbe133"},"breadcrumb":{"@id":"https:\/\/theplayoffs.news\/fr\/actualite-nfl\/aaron-rodgers-ce-netait-pas-son-idee-detre-dans-les-53\/#breadcrumb"},"inLanguage":"fr-FR","potentialAction":[{"@type":"ReadAction","target":["https:\/\/theplayoffs.news\/fr\/actualite-nfl\/aaron-rodgers-ce-netait-pas-son-idee-detre-dans-les-53\/"]}]},{"@type":"ImageObject","inLanguage":"fr-FR","@id":"https:\/\/theplayoffs.news\/fr\/actualite-nfl\/aaron-rodgers-ce-netait-pas-son-idee-detre-dans-les-53\/#primaryimage","url":"https:\/\/theplayoffs.news\/fr\/wp-content\/uploads\/2023\/12\/USATSI_22171786.jpg","contentUrl":"https:\/\/theplayoffs.news\/fr\/wp-content\/uploads\/2023\/12\/USATSI_22171786.jpg","width":1920,"height":1372,"caption":"Dec 24, 2023; East Rutherford, New Jersey, USA; New York Jets quarterback Aaron Rodgers (8) on the field after the game against the Washington Commanders at MetLife Stadium. Mandatory Credit: Vincent Carchietta-USA TODAY Sports"},{"@type":"BreadcrumbList","@id":"https:\/\/theplayoffs.news\/fr\/actualite-nfl\/aaron-rodgers-ce-netait-pas-son-idee-detre-dans-les-53\/#breadcrumb","itemListElement":[{"@type":"ListItem","position":1,"name":"Accueil","item":"https:\/\/theplayoffs.news\/fr\/"},{"@type":"ListItem","position":2,"name":"Aaron Rodgers : Ce n&rsquo;\u00e9tait pas son id\u00e9e d&rsquo;\u00eatre dans les 53"}]},{"@type":"WebSite","@id":"https:\/\/theplayoffs.news\/fr\/#website","url":"https:\/\/theplayoffs.news\/fr\/","name":"The Playoffs FR","description":"NBA-NFL-NHL-MLB","potentialAction":[{"@type":"SearchAction","target":{"@type":"EntryPoint","urlTemplate":"https:\/\/theplayoffs.news\/fr\/?s={search_term_string}"},"query-input":{"@type":"PropertyValueSpecification","valueRequired":true,"valueName":"search_term_string"}}],"inLanguage":"fr-FR"},{"@type":"Person","@id":"https:\/\/theplayoffs.news\/fr\/#\/schema\/person\/eee5b69ad5d3c51cabe881c839dbe133","name":"Charles Taudin","image":{"@type":"ImageObject","inLanguage":"fr-FR","@id":"https:\/\/theplayoffs.news\/fr\/#\/schema\/person\/image\/","url":"https:\/\/secure.gravatar.com\/avatar\/59a1e772205ce9fd255edfcafc93013736822e20261f294c5753b20c41ede9f2?s=96&d=mm&r=g","contentUrl":"https:\/\/secure.gravatar.com\/avatar\/59a1e772205ce9fd255edfcafc93013736822e20261f294c5753b20c41ede9f2?s=96&d=mm&r=g","caption":"Charles Taudin"},"description":"R\u00e9dacteur en chef global de The Playoffs, j\u2019ai cr\u00e9\u00e9 The Free Agent, devenu The Playoffs FR, en 2020 durant la pand\u00e9mie. Amoureux depuis des ann\u00e9es des 4 sports majeurs am\u00e9ricains, j\u2019organise maintenant la strat\u00e9gie \u00e9ditoriale et les r\u00e9seaux sociaux de l\u2019ensemble des versions de The Playoffs. Il m\u2019arrive encore d\u2019\u00e9crire sur certains sports que j\u2019affectionne particuli\u00e8rement comme la NFL ou la MLB. Si vous devez retenir qu\u2019une chose : Eli Manning est le vrai GOAT pour avoir battu deux fois Tom Brady.","sameAs":["https:\/\/www.instagram.com\/ctaudin_\/"],"url":"https:\/\/theplayoffs.news\/fr\/author\/charles-taudin\/"}]}},"_links":{"self":[{"href":"https:\/\/theplayoffs.news\/fr\/wp-json\/wp\/v2\/posts\/1203099","targetHints":{"allow":["GET"]}}],"collection":[{"href":"https:\/\/theplayoffs.news\/fr\/wp-json\/wp\/v2\/posts"}],"about":[{"href":"https:\/\/theplayoffs.news\/fr\/wp-json\/wp\/v2\/types\/post"}],"author":[{"embeddable":true,"href":"https:\/\/theplayoffs.news\/fr\/wp-json\/wp\/v2\/users\/13"}],"replies":[{"embeddable":true,"href":"https:\/\/theplayoffs.news\/fr\/wp-json\/wp\/v2\/comments?post=1203099"}],"version-history":[{"count":2,"href":"https:\/\/theplayoffs.news\/fr\/wp-json\/wp\/v2\/posts\/1203099\/revisions"}],"predecessor-version":[{"id":1203156,"href":"https:\/\/theplayoffs.news\/fr\/wp-json\/wp\/v2\/posts\/1203099\/revisions\/1203156"}],"wp:featuredmedia":[{"embeddable":true,"href":"https:\/\/theplayoffs.news\/fr\/wp-json\/wp\/v2\/media\/1203123"}],"wp:attachment":[{"href":"https:\/\/theplayoffs.news\/fr\/wp-json\/wp\/v2\/media?parent=1203099"}],"wp:term":[{"taxonomy":"category","embeddable":true,"href":"https:\/\/theplayoffs.news\/fr\/wp-json\/wp\/v2\/categories?post=1203099"},{"taxonomy":"post_tag","embeddable":true,"href":"https:\/\/theplayoffs.news\/fr\/wp-json\/wp\/v2\/tags?post=1203099"},{"taxonomy":"sport","embeddable":true,"href":"https:\/\/theplayoffs.news\/fr\/wp-json\/wp\/v2\/sport?post=1203099"},{"taxonomy":"saison","embeddable":true,"href":"https:\/\/theplayoffs.news\/fr\/wp-json\/wp\/v2\/saison?post=1203099"}],"curies":[{"name":"wp","href":"https:\/\/api.w.org\/{rel}","templated":true}]}}