{"id":1169065,"date":"2023-12-16T07:00:59","date_gmt":"2023-12-16T06:00:59","guid":{"rendered":"https:\/\/theplayoffs.news\/fr\/?p=1169065"},"modified":"2023-12-16T07:04:05","modified_gmt":"2023-12-16T06:04:05","slug":"victor-wembanyama-fin-de-serie","status":"publish","type":"post","link":"https:\/\/theplayoffs.news\/fr\/actualite-nba\/victor-wembanyama-fin-de-serie\/","title":{"rendered":"Victor Wembanyama et les San Antonio Spurs, fin de s\u00e9rie de 18 d\u00e9faites"},"content":{"rendered":"<h2><span id=\"p521\">Dans le remake du match de mercredi, les&nbsp;<span id=\"542\">San Antonio<\/span>&nbsp;Spurs de Victor Wembanyama s&rsquo;imposent 129 &agrave; 115&nbsp;faces&nbsp;au Los Angeles Lakers<\/span><\/h2><p><span id=\"p522\">Victor&nbsp;<span id=\"544\" class=\"s-rg-t\">Wembanyama<\/span>&nbsp;est plus discret qu&rsquo;&agrave; l&rsquo;accoutum&eacute;.<\/span><span id=\"p523\">&nbsp;Il est en&nbsp;<span id=\"545\">double double<\/span>&nbsp;avec 13 points, 15 rebonds, 5 passes et 2 contres, son&nbsp;<span id=\"546\">12&eacute;me<\/span>&nbsp;en 22 matchs disput&eacute;s.<\/span><\/p><p><span id=\"p524\">Le h&eacute;ros du match est<a href=\"https:\/\/www.statmuse.com\/nba\/player\/devin-vassell-10184\" class=\"trk-cta-link\" data-cta-trk='{\"ctaType\":\"Link\",\"ctaSubType\":\"main\"}'> Devin&nbsp;<span id=\"547\" class=\"s-rg-t\">Vassell<\/span>&nbsp;<\/a>qui r&eacute;alise son record en carri&egrave;re avec 36 points &agrave; 12 sur 19&nbsp;tirs, dont&nbsp;un 5 sur 10 &agrave; trois points.<\/span><span id=\"p525\">&nbsp;Il faut ajouter 6 rebonds et 3 passes.<\/span><\/p><p>&nbsp;<\/p><blockquote class=\"twitter-tweet\" data-width=\"500\" data-dnt=\"true\">\n<p lang=\"en\" dir=\"ltr\">Devin Vassell drops a career-high 36 points as the Spurs get the win over the Lakers! <\/p>\n<p>36 PTS \/ 12-19 FGM \/ 5-10 3PM <a href=\"https:\/\/t.co\/2ecx7m6arE\" class=\"trk-cta-link\" data-cta-trk='{\"ctaType\":\"Link\",\"ctaSubType\":\"main\"}'>pic.twitter.com\/2ecx7m6arE<\/a><\/p>\n<p>&mdash; NBA (@NBA) <a href=\"https:\/\/twitter.com\/NBA\/status\/1735862988282765601?ref_src=twsrc%5Etfw\" class=\"trk-cta-link\" data-cta-trk='{\"ctaType\":\"Link\",\"ctaSubType\":\"main\"}'>December 16, 2023<\/a><\/p><\/blockquote><p><script async src=\"https:\/\/platform.twitter.com\/widgets.js\" charset=\"utf-8\"><\/script><\/p><p><span id=\"p527\">Le joueur a sign&eacute; cet &eacute;t&eacute; un contrat de cinq ans pour 135 millions de dollars.<\/span><span id=\"p528\">&nbsp;Les&nbsp;<span id=\"549\" class=\"s-rg-t\">San Antonio<\/span>&nbsp;Spurs d&eacute;cident, avec l&rsquo;arriv&eacute;e de Victor&nbsp;<span id=\"550\" class=\"s-rg-t\">Wembanyama<\/span>&nbsp;de faire de ce duo, l&rsquo;avenir de la franchise.<\/span><span id=\"p529\">&nbsp;Avec&nbsp;<span id=\"551\">Keldon<\/span>&nbsp;Johnson les&nbsp;<span id=\"552\">San Antonio<\/span>&nbsp;Spurs, &eacute;quipe avec la moyenne d&rsquo;&acirc;ge la plus jeune de la ligue, souffrent depuis le d&eacute;but de la&nbsp;saison, mais ils&nbsp;pr&eacute;parent l&rsquo;avenir.<\/span><\/p><p><span id=\"p530\">La victoire de ce soir est seulement la quatri&egrave;me de la saison.<\/span><span id=\"p531\">&nbsp;La s&eacute;rie de 18 d&eacute;faites est la plus longue de l&rsquo;histoire de la franchise.<\/span><span id=\"p532\">&nbsp;La victoire vient r&eacute;compenser l&rsquo;am&eacute;lioration du jeu entrevue depuis quelques matchs sans que les r&eacute;sultats ne soient &agrave; la clef.<\/span><span id=\"p574\">&nbsp;En effet, l&rsquo;&eacute;quipe r&eacute;alise ce soir son premier match complet.<\/span><\/p><blockquote class=\"twitter-tweet\" data-width=\"500\" data-dnt=\"true\">\n<p lang=\"en\" dir=\"ltr\">Wemby and the Spurs hyped to get the W &#128588; <a href=\"https:\/\/t.co\/IwU5JXnMIx\" class=\"trk-cta-link\" data-cta-trk='{\"ctaType\":\"Link\",\"ctaSubType\":\"main\"}'>pic.twitter.com\/IwU5JXnMIx<\/a><\/p>\n<p>&mdash; NBA (@NBA) <a href=\"https:\/\/twitter.com\/NBA\/status\/1735860115746570431?ref_src=twsrc%5Etfw\" class=\"trk-cta-link\" data-cta-trk='{\"ctaType\":\"Link\",\"ctaSubType\":\"main\"}'>December 16, 2023<\/a><\/p><\/blockquote><p><script async src=\"https:\/\/platform.twitter.com\/widgets.js\" charset=\"utf-8\"><\/script><\/p><p><span id=\"p534\">Apr&egrave;s un d&eacute;but en fanfare, 42 points inscrits dans le premier quart-temps contre 22 pour les&nbsp;<span id=\"555\" class=\"s-rg-t\">Lakers<\/span>, les hommes de&nbsp;<span id=\"556\" class=\"s-rg-t\">Gregg<\/span>&nbsp;<span id=\"557\" class=\"s-rg-t\">Popovich<\/span>&nbsp;sont plus solides mentalement.<\/span><span id=\"p535\">&nbsp;Ils ne s&rsquo;effondrent pas face&nbsp;au retour&nbsp;des&nbsp;<span id=\"559\" class=\"s-rg-t\">Lakers<\/span>&nbsp;de&nbsp;<span id=\"560\" class=\"s-rg-t\">LeBron<\/span>&nbsp;James avec l&rsquo;absence cette fois d&rsquo;Anthony Davis.<\/span><span id=\"p536\"><\/span><\/p><p><span id=\"p537\">Les&nbsp;<span id=\"561\" class=\"s-rg-t\">Lakers<\/span>&nbsp;enregistrent leur&nbsp;<span id=\"562\" class=\"s-rg-t\">11&eacute;me<\/span>&nbsp;d&eacute;faite de la saison, la&nbsp;<span id=\"563\" class=\"s-rg-t\">9&eacute;me<\/span>&nbsp;&agrave; l&rsquo;ext&eacute;rieur.<\/span><\/p><p><span id=\"p538\"><span id=\"564\" class=\"s-rg-t\">Seul<\/span>&nbsp;les Detroit Pistons, logiquement battus ce soir par les Philadelphia&nbsp;<span id=\"565\" class=\"s-rg-t\">76ers<\/span>, restent sur une s&eacute;rie de d&eacute;faites plus importante avec une&nbsp;<span id=\"566\" class=\"s-rg-t\">22&eacute;me<\/span>&nbsp;de suite.<\/span><\/p><p><span id=\"p539\">Les co&eacute;quipiers de<a href=\"https:\/\/theplayoffs.news\/fr\/joueur\/victor-wembanyama-nba-10208314\/\" class=\"trk-cta-link\" data-cta-trk='{\"ctaType\":\"Link\",\"ctaSubType\":\"main\"}'> Victor&nbsp;<span id=\"567\" class=\"s-rg-t\">Wembanyama<\/span>&nbsp;<\/a>affrontent les&nbsp;<span id=\"568\" class=\"s-rg-t\">New<\/span>&nbsp;<span id=\"569\" class=\"s-rg-t\">Orleans<\/span>&nbsp;<span id=\"570\" class=\"s-rg-t\">Pelicans<\/span>&nbsp;avec une s&eacute;rie en cours de trois victoires puis les&nbsp;<span id=\"571\" class=\"s-rg-t\">Milwaukee<\/span>&nbsp;<span id=\"572\" class=\"s-rg-t\">Bucks<\/span>.<\/span><span id=\"p540\">&nbsp;Le calendrier est de toute fa&ccedil;on compliqu&eacute; pour les&nbsp;<span id=\"573\" class=\"s-rg-t\">Spurs<\/span>&nbsp;au vu de leur d&eacute;but de saison.<\/span><\/p>\n","protected":false},"excerpt":{"rendered":"","protected":false},"author":180309821,"featured_media":1169070,"comment_status":"open","ping_status":"closed","sticky":false,"template":"","format":"standard","meta":{"inline_featured_image":false,"kia_subtitle":"","_mux_skip_reasons":[],"proofreadBy":0,"footnotes":""},"categories":[110,10],"tags":[131,1194],"sport":[2783],"saison":[6111],"class_list":["post-1169065","post","type-post","status-publish","format-standard","has-post-thumbnail","hentry","category-actualite-nba","category-nba","tag-san-antonio-spurs","tag-victor-wembanyama","sport-nba","saison-6111"],"acf":[],"yoast_head":"<!-- This site is optimized with the Yoast SEO plugin v24.2 - https:\/\/yoast.com\/wordpress\/plugins\/seo\/ -->\n<title>Victor Wembanyama et les San Antonio Spurs, fin de s&eacute;rie de 18 d&eacute;faites - The Playoffs FR<\/title>\n<meta name=\"robots\" content=\"index, follow, max-snippet:-1, max-image-preview:large, max-video-preview:-1\" \/>\n<link rel=\"canonical\" href=\"https:\/\/theplayoffs.news\/fr\/actualite-nba\/victor-wembanyama-fin-de-serie\/\" \/>\n<meta property=\"og:locale\" content=\"fr_FR\" \/>\n<meta property=\"og:type\" content=\"article\" \/>\n<meta property=\"og:title\" content=\"Victor Wembanyama et les San Antonio Spurs, fin de s&eacute;rie de 18 d&eacute;faites - The Playoffs FR\" \/>\n<meta property=\"og:url\" content=\"https:\/\/theplayoffs.news\/fr\/actualite-nba\/victor-wembanyama-fin-de-serie\/\" \/>\n<meta property=\"og:site_name\" content=\"The Playoffs FR\" \/>\n<meta property=\"article:publisher\" content=\"https:\/\/www.facebook.com\/TheFreeAgentFR\/\" \/>\n<meta property=\"article:modified_time\" content=\"2023-12-16T07:04:05+01:00\" \/>\n<meta property=\"og:image\" content=\"https:\/\/theplayoffs.news\/fr\/wp-content\/uploads\/2023\/12\/USATSI_22114476_168402440_lowres.jpg\" \/>\n\t<meta property=\"og:image:width\" content=\"1813\" \/>\n\t<meta property=\"og:image:height\" content=\"1208\" \/>\n\t<meta property=\"og:image:type\" content=\"image\/jpeg\" \/>\n<meta name=\"author\" content=\"Maxime Le Gorjus\" \/>\n<meta name=\"twitter:card\" content=\"summary_large_image\" \/>\n<meta name=\"twitter:creator\" content=\"@TheFreeAgentFR\" \/>\n<meta name=\"twitter:site\" content=\"@TheFreeAgentFR\" \/>\n<meta name=\"twitter:label1\" content=\"\u00c9crit par\" \/>\n\t<meta name=\"twitter:data1\" content=\"Maxime Le Gorjus\" \/>\n\t<meta name=\"twitter:label2\" content=\"Dur\u00e9e de lecture estim\u00e9e\" \/>\n\t<meta name=\"twitter:data2\" content=\"2 minutes\" \/>\n<script type=\"application\/ld+json\" class=\"yoast-schema-graph\">{\"@context\":\"https:\/\/schema.org\",\"@graph\":[{\"@type\":\"WebPage\",\"@id\":\"https:\/\/theplayoffs.news\/fr\/actualite-nba\/victor-wembanyama-fin-de-serie\/\",\"url\":\"https:\/\/theplayoffs.news\/fr\/actualite-nba\/victor-wembanyama-fin-de-serie\/\",\"name\":\"Victor Wembanyama et les San Antonio Spurs, fin de s\u00e9rie de 18 d\u00e9faites - The Playoffs FR\",\"isPartOf\":{\"@id\":\"https:\/\/theplayoffs.news\/fr\/#website\"},\"primaryImageOfPage\":{\"@id\":\"https:\/\/theplayoffs.news\/fr\/actualite-nba\/victor-wembanyama-fin-de-serie\/#primaryimage\"},\"image\":{\"@id\":\"https:\/\/theplayoffs.news\/fr\/actualite-nba\/victor-wembanyama-fin-de-serie\/#primaryimage\"},\"thumbnailUrl\":\"https:\/\/theplayoffs.news\/fr\/wp-content\/uploads\/2023\/12\/USATSI_22114476_168402440_lowres.jpg\",\"datePublished\":\"2023-12-16T06:00:59+00:00\",\"dateModified\":\"2023-12-16T06:04:05+00:00\",\"author\":{\"@id\":\"https:\/\/theplayoffs.news\/fr\/#\/schema\/person\/e71dc12410195fc77183dda929d3a10c\"},\"breadcrumb\":{\"@id\":\"https:\/\/theplayoffs.news\/fr\/actualite-nba\/victor-wembanyama-fin-de-serie\/#breadcrumb\"},\"inLanguage\":\"fr-FR\",\"potentialAction\":[{\"@type\":\"ReadAction\",\"target\":[\"https:\/\/theplayoffs.news\/fr\/actualite-nba\/victor-wembanyama-fin-de-serie\/\"]}]},{\"@type\":\"ImageObject\",\"inLanguage\":\"fr-FR\",\"@id\":\"https:\/\/theplayoffs.news\/fr\/actualite-nba\/victor-wembanyama-fin-de-serie\/#primaryimage\",\"url\":\"https:\/\/theplayoffs.news\/fr\/wp-content\/uploads\/2023\/12\/USATSI_22114476_168402440_lowres.jpg\",\"contentUrl\":\"https:\/\/theplayoffs.news\/fr\/wp-content\/uploads\/2023\/12\/USATSI_22114476_168402440_lowres.jpg\",\"width\":1813,\"height\":1208,\"caption\":\"Mandatory Credit: Scott Wachter-USA TODAY Sports\"},{\"@type\":\"BreadcrumbList\",\"@id\":\"https:\/\/theplayoffs.news\/fr\/actualite-nba\/victor-wembanyama-fin-de-serie\/#breadcrumb\",\"itemListElement\":[{\"@type\":\"ListItem\",\"position\":1,\"name\":\"Accueil\",\"item\":\"https:\/\/theplayoffs.news\/fr\/\"},{\"@type\":\"ListItem\",\"position\":2,\"name\":\"Victor Wembanyama et les San Antonio Spurs, fin de s\u00e9rie de 18 d\u00e9faites\"}]},{\"@type\":\"WebSite\",\"@id\":\"https:\/\/theplayoffs.news\/fr\/#website\",\"url\":\"https:\/\/theplayoffs.news\/fr\/\",\"name\":\"The Playoffs FR\",\"description\":\"NBA-NFL-NHL-MLB\",\"potentialAction\":[{\"@type\":\"SearchAction\",\"target\":{\"@type\":\"EntryPoint\",\"urlTemplate\":\"https:\/\/theplayoffs.news\/fr\/?s={search_term_string}\"},\"query-input\":{\"@type\":\"PropertyValueSpecification\",\"valueRequired\":true,\"valueName\":\"search_term_string\"}}],\"inLanguage\":\"fr-FR\"},{\"@type\":\"Person\",\"@id\":\"https:\/\/theplayoffs.news\/fr\/#\/schema\/person\/e71dc12410195fc77183dda929d3a10c\",\"name\":\"Maxime Le Gorjus\",\"image\":{\"@type\":\"ImageObject\",\"inLanguage\":\"fr-FR\",\"@id\":\"https:\/\/theplayoffs.news\/fr\/#\/schema\/person\/image\/\",\"url\":\"https:\/\/secure.gravatar.com\/avatar\/e9d907366de9735d771ce06fa32e62740f99d507b84a46e08ed7e5e05c120b42?s=96&d=mm&r=g\",\"contentUrl\":\"https:\/\/secure.gravatar.com\/avatar\/e9d907366de9735d771ce06fa32e62740f99d507b84a46e08ed7e5e05c120b42?s=96&d=mm&r=g\",\"caption\":\"Maxime Le Gorjus\"},\"url\":\"https:\/\/theplayoffs.news\/fr\/author\/maximelegorjus\/\"}]}<\/script>\n<!-- \/ Yoast SEO plugin. -->","yoast_head_json":{"title":"Victor Wembanyama et les San Antonio Spurs, fin de s&eacute;rie de 18 d&eacute;faites - The Playoffs FR","robots":{"index":"index","follow":"follow","max-snippet":"max-snippet:-1","max-image-preview":"max-image-preview:large","max-video-preview":"max-video-preview:-1"},"canonical":"https:\/\/theplayoffs.news\/fr\/actualite-nba\/victor-wembanyama-fin-de-serie\/","og_locale":"fr_FR","og_type":"article","og_title":"Victor Wembanyama et les San Antonio Spurs, fin de s&eacute;rie de 18 d&eacute;faites - The Playoffs FR","og_url":"https:\/\/theplayoffs.news\/fr\/actualite-nba\/victor-wembanyama-fin-de-serie\/","og_site_name":"The Playoffs FR","article_publisher":"https:\/\/www.facebook.com\/TheFreeAgentFR\/","article_modified_time":"2023-12-16T06:04:05+00:00","og_image":[{"width":1813,"height":1208,"url":"https:\/\/theplayoffs.news\/fr\/wp-content\/uploads\/2023\/12\/USATSI_22114476_168402440_lowres.jpg","type":"image\/jpeg"}],"author":"Maxime Le Gorjus","twitter_card":"summary_large_image","twitter_creator":"@TheFreeAgentFR","twitter_site":"@TheFreeAgentFR","twitter_misc":{"\u00c9crit par":"Maxime Le Gorjus","Dur\u00e9e de lecture estim\u00e9e":"2 minutes"},"schema":{"@context":"https:\/\/schema.org","@graph":[{"@type":"WebPage","@id":"https:\/\/theplayoffs.news\/fr\/actualite-nba\/victor-wembanyama-fin-de-serie\/","url":"https:\/\/theplayoffs.news\/fr\/actualite-nba\/victor-wembanyama-fin-de-serie\/","name":"Victor Wembanyama et les San Antonio Spurs, fin de s\u00e9rie de 18 d\u00e9faites - The Playoffs FR","isPartOf":{"@id":"https:\/\/theplayoffs.news\/fr\/#website"},"primaryImageOfPage":{"@id":"https:\/\/theplayoffs.news\/fr\/actualite-nba\/victor-wembanyama-fin-de-serie\/#primaryimage"},"image":{"@id":"https:\/\/theplayoffs.news\/fr\/actualite-nba\/victor-wembanyama-fin-de-serie\/#primaryimage"},"thumbnailUrl":"https:\/\/theplayoffs.news\/fr\/wp-content\/uploads\/2023\/12\/USATSI_22114476_168402440_lowres.jpg","datePublished":"2023-12-16T06:00:59+00:00","dateModified":"2023-12-16T06:04:05+00:00","author":{"@id":"https:\/\/theplayoffs.news\/fr\/#\/schema\/person\/e71dc12410195fc77183dda929d3a10c"},"breadcrumb":{"@id":"https:\/\/theplayoffs.news\/fr\/actualite-nba\/victor-wembanyama-fin-de-serie\/#breadcrumb"},"inLanguage":"fr-FR","potentialAction":[{"@type":"ReadAction","target":["https:\/\/theplayoffs.news\/fr\/actualite-nba\/victor-wembanyama-fin-de-serie\/"]}]},{"@type":"ImageObject","inLanguage":"fr-FR","@id":"https:\/\/theplayoffs.news\/fr\/actualite-nba\/victor-wembanyama-fin-de-serie\/#primaryimage","url":"https:\/\/theplayoffs.news\/fr\/wp-content\/uploads\/2023\/12\/USATSI_22114476_168402440_lowres.jpg","contentUrl":"https:\/\/theplayoffs.news\/fr\/wp-content\/uploads\/2023\/12\/USATSI_22114476_168402440_lowres.jpg","width":1813,"height":1208,"caption":"Mandatory Credit: Scott Wachter-USA TODAY Sports"},{"@type":"BreadcrumbList","@id":"https:\/\/theplayoffs.news\/fr\/actualite-nba\/victor-wembanyama-fin-de-serie\/#breadcrumb","itemListElement":[{"@type":"ListItem","position":1,"name":"Accueil","item":"https:\/\/theplayoffs.news\/fr\/"},{"@type":"ListItem","position":2,"name":"Victor Wembanyama et les San Antonio Spurs, fin de s\u00e9rie de 18 d\u00e9faites"}]},{"@type":"WebSite","@id":"https:\/\/theplayoffs.news\/fr\/#website","url":"https:\/\/theplayoffs.news\/fr\/","name":"The Playoffs FR","description":"NBA-NFL-NHL-MLB","potentialAction":[{"@type":"SearchAction","target":{"@type":"EntryPoint","urlTemplate":"https:\/\/theplayoffs.news\/fr\/?s={search_term_string}"},"query-input":{"@type":"PropertyValueSpecification","valueRequired":true,"valueName":"search_term_string"}}],"inLanguage":"fr-FR"},{"@type":"Person","@id":"https:\/\/theplayoffs.news\/fr\/#\/schema\/person\/e71dc12410195fc77183dda929d3a10c","name":"Maxime Le Gorjus","image":{"@type":"ImageObject","inLanguage":"fr-FR","@id":"https:\/\/theplayoffs.news\/fr\/#\/schema\/person\/image\/","url":"https:\/\/secure.gravatar.com\/avatar\/e9d907366de9735d771ce06fa32e62740f99d507b84a46e08ed7e5e05c120b42?s=96&d=mm&r=g","contentUrl":"https:\/\/secure.gravatar.com\/avatar\/e9d907366de9735d771ce06fa32e62740f99d507b84a46e08ed7e5e05c120b42?s=96&d=mm&r=g","caption":"Maxime Le Gorjus"},"url":"https:\/\/theplayoffs.news\/fr\/author\/maximelegorjus\/"}]}},"_links":{"self":[{"href":"https:\/\/theplayoffs.news\/fr\/wp-json\/wp\/v2\/posts\/1169065","targetHints":{"allow":["GET"]}}],"collection":[{"href":"https:\/\/theplayoffs.news\/fr\/wp-json\/wp\/v2\/posts"}],"about":[{"href":"https:\/\/theplayoffs.news\/fr\/wp-json\/wp\/v2\/types\/post"}],"author":[{"embeddable":true,"href":"https:\/\/theplayoffs.news\/fr\/wp-json\/wp\/v2\/users\/180309821"}],"replies":[{"embeddable":true,"href":"https:\/\/theplayoffs.news\/fr\/wp-json\/wp\/v2\/comments?post=1169065"}],"version-history":[{"count":3,"href":"https:\/\/theplayoffs.news\/fr\/wp-json\/wp\/v2\/posts\/1169065\/revisions"}],"predecessor-version":[{"id":1169071,"href":"https:\/\/theplayoffs.news\/fr\/wp-json\/wp\/v2\/posts\/1169065\/revisions\/1169071"}],"wp:featuredmedia":[{"embeddable":true,"href":"https:\/\/theplayoffs.news\/fr\/wp-json\/wp\/v2\/media\/1169070"}],"wp:attachment":[{"href":"https:\/\/theplayoffs.news\/fr\/wp-json\/wp\/v2\/media?parent=1169065"}],"wp:term":[{"taxonomy":"category","embeddable":true,"href":"https:\/\/theplayoffs.news\/fr\/wp-json\/wp\/v2\/categories?post=1169065"},{"taxonomy":"post_tag","embeddable":true,"href":"https:\/\/theplayoffs.news\/fr\/wp-json\/wp\/v2\/tags?post=1169065"},{"taxonomy":"sport","embeddable":true,"href":"https:\/\/theplayoffs.news\/fr\/wp-json\/wp\/v2\/sport?post=1169065"},{"taxonomy":"saison","embeddable":true,"href":"https:\/\/theplayoffs.news\/fr\/wp-json\/wp\/v2\/saison?post=1169065"}],"curies":[{"name":"wp","href":"https:\/\/api.w.org\/{rel}","templated":true}]}}