{"id":1169040,"date":"2023-12-15T21:27:07","date_gmt":"2023-12-15T20:27:07","guid":{"rendered":"https:\/\/theplayoffs.news\/fr\/?p=1169040"},"modified":"2023-12-15T21:27:08","modified_gmt":"2023-12-15T20:27:08","slug":"max-scherzer-absent","status":"publish","type":"post","link":"https:\/\/theplayoffs.news\/fr\/actualite-mlb\/max-scherzer-absent\/","title":{"rendered":"Max Scherzer absent jusqu&rsquo;\u00e0 la mi saison 2024 avec les Rangers"},"content":{"rendered":"<p>Le droitier des Texas Rangers <a href=\"https:\/\/theplayoffs.news\/fr\/mlb\/max-scherzer-souleve-des-inquietudes-sur-limpact-du-chronometre-de-lancer-sur-la-sante-des-lanceurs\/\" class=\"trk-cta-link\" data-cta-trk='{\"ctaType\":\"Link\",\"ctaSubType\":\"main\"}'>Max Scherzer<\/a> est sorti d&rsquo;une op&eacute;ration d&rsquo;une hernie jeudi et il devrait manquer au minimum les quatre premiers mois de la saison.<\/p><p>&nbsp;<\/p><p>Pour rappel sur la saison derni&egrave;re lors de <a href=\"https:\/\/theplayoffs.news\/fr\/mlb\/adolis-garcia-et-max-scherzer-forfait-pour-le-reste-des-world-series\/\" class=\"trk-cta-link\" data-cta-trk='{\"ctaType\":\"Link\",\"ctaSubType\":\"main\"}'>la post season<\/a>, il avait &eacute;t&eacute; retir&eacute; de l&rsquo;effectif en raison de maux de dos, avait subi une intervention chirurgicale apr&egrave;s que des injections et d&rsquo;autres traitements n&rsquo;aient pas soulag&eacute; la douleur. Chris Young a d&eacute;clar&eacute; que l&rsquo;&eacute;quipe esp&egrave;re que le triple laur&eacute;at du prix Cy Young sera compl&egrave;tement gu&eacute;ri et r&eacute;cup&eacute;r&eacute; d&rsquo;ici juin ou juillet.<\/p><p>&nbsp;<\/p><blockquote class=\"twitter-tweet\" data-width=\"500\" data-dnt=\"true\">\n<p lang=\"en\" dir=\"ltr\">Max Scherzer is expected to be out until at least midseason. <a href=\"https:\/\/t.co\/1AJWxll9sD\" class=\"trk-cta-link\" data-cta-trk='{\"ctaType\":\"Link\",\"ctaSubType\":\"main\"}'>pic.twitter.com\/1AJWxll9sD<\/a><\/p>\n<p>&mdash; MLB (@MLB) <a href=\"https:\/\/twitter.com\/MLB\/status\/1735712645666255169?ref_src=twsrc%5Etfw\" class=\"trk-cta-link\" data-cta-trk='{\"ctaType\":\"Link\",\"ctaSubType\":\"main\"}'>December 15, 2023<\/a><\/p><\/blockquote><p><script async src=\"https:\/\/platform.twitter.com\/widgets.js\" charset=\"utf-8\"><\/script><\/p><p>&nbsp;<\/p><p>&nbsp;<\/p><p><span class=\"\">Le lanceur partant de 39 ans a rat&eacute; le temps fin 2023 en raison d&rsquo;un probl&egrave;me de triceps, faisant trois apparitions en s&eacute;ries &eacute;liminatoires pour les champions des World Series apr&egrave;s avoir rat&eacute; les deux derni&egrave;res semaines de la saison r&eacute;guli&egrave;re. Il doit 43 millions de dollars en 2024 au cours de la derni&egrave;re ann&eacute;e d&rsquo;un contrat de 130 millions de dollars sur trois ans qu&rsquo;il a sign&eacute; avec les <\/span><span class=\"\">Mets de New York<\/span><span class=\"\">&nbsp;avant la saison 2022<\/span><\/p><p>&nbsp;<\/p><p>Scherzer a d&eacute;clar&eacute; dans un communiqu&eacute; publi&eacute; vendredi que les maux de dos se sont aggrav&eacute;s apr&egrave;s son retour &agrave; son domicile hors saison en Floride et qu&rsquo;il a re&ccedil;u un diagnostic de hernie discale.<\/p><blockquote><p>&laquo;&nbsp;Apr&egrave;s plusieurs traitements conservateurs et apr&egrave;s avoir consult&eacute; plusieurs sp&eacute;cialistes, j&rsquo;ai pris la d&eacute;cision de subir l&rsquo;intervention chirurgicale recommand&eacute;e&nbsp;&raquo;, a-t-il d&eacute;clar&eacute;. &raquo; dit Scherzer. &laquo;&nbsp;Faire cette proc&eacute;dure maintenant me donnera la meilleure chance de lancer autant que possible pour les Rangers en 2024. J&rsquo;ai h&acirc;te de faire les travaux de r&eacute;&eacute;ducation et de retourner sur le monticule l&rsquo;&eacute;t&eacute; prochain.&nbsp;&raquo;<\/p><\/blockquote><p>&nbsp;<\/p><p><strong>Quid de la future rotation des Rangers ?<\/strong><\/p><p>Nous pouvons pr&eacute;voir cette rotation de d&eacute;part, qui est discutable :<\/p><ol>\n<li>Nathan Eovaldi<\/li>\n<li>Jon Gray<\/li>\n<li>Andrew Heaney<\/li>\n<li>Dane Dunning<\/li>\n<li>\n<\/ol><p>La liste des bless&eacute;s :&nbsp; future HOFer <a href=\"https:\/\/theplayoffs.news\/fr\/mlb\/deuxieme-tommy-john-jacob-degrom\/\" class=\"trk-cta-link\" data-cta-trk='{\"ctaType\":\"Link\",\"ctaSubType\":\"main\"}'>Jacob deGrom<\/a>, future HOFer Max Scherzer, <a href=\"https:\/\/theplayoffs.news\/fr\/joueur\/tyler-mahle-mlb-69946\/\" class=\"trk-cta-link\" data-cta-trk='{\"ctaType\":\"Link\",\"ctaSubType\":\"main\"}'>Tyler Mahle<\/a> r&eacute;cemment acquis par l&rsquo;&eacute;quipe mais sort d&rsquo;une op&eacute;ration Tommy John avec De Grom, ils reviendront en milieu de saison &eacute;galement avec Scherzer. La question se pose : Est ce que les Rangers seront capables de tenir la cadence jusqu&rsquo;au All Star Game synonyme de mi-saison ?<\/p><p>&nbsp;<\/p><p>&nbsp;<\/p><p>&nbsp;<\/p>\n","protected":false},"excerpt":{"rendered":"","protected":false},"author":180310059,"featured_media":1169044,"comment_status":"open","ping_status":"closed","sticky":false,"template":"","format":"standard","meta":{"inline_featured_image":false,"kia_subtitle":"","_mux_skip_reasons":[],"proofreadBy":0,"footnotes":""},"categories":[188,9],"tags":[2856,461],"sport":[2786],"saison":[3453],"class_list":["post-1169040","post","type-post","status-publish","format-standard","has-post-thumbnail","hentry","category-actualite-mlb","category-mlb","tag-max-scherzer","tag-texas-rangers","sport-mlb","saison-3453"],"acf":[],"yoast_head":"<!-- This site is optimized with the Yoast SEO plugin v24.2 - https:\/\/yoast.com\/wordpress\/plugins\/seo\/ -->\n<title>Max Scherzer absent jusqu&#039;&agrave; la mi saison 2024 avec les Rangers - The Playoffs FR<\/title>\n<meta name=\"robots\" content=\"index, follow, max-snippet:-1, max-image-preview:large, max-video-preview:-1\" \/>\n<link rel=\"canonical\" href=\"https:\/\/theplayoffs.news\/fr\/actualite-mlb\/max-scherzer-absent\/\" \/>\n<meta property=\"og:locale\" content=\"fr_FR\" \/>\n<meta property=\"og:type\" content=\"article\" \/>\n<meta property=\"og:title\" content=\"Max Scherzer absent jusqu&#039;&agrave; la mi saison 2024 avec les Rangers - The Playoffs FR\" \/>\n<meta property=\"og:url\" content=\"https:\/\/theplayoffs.news\/fr\/actualite-mlb\/max-scherzer-absent\/\" \/>\n<meta property=\"og:site_name\" content=\"The Playoffs FR\" \/>\n<meta property=\"article:publisher\" content=\"https:\/\/www.facebook.com\/TheFreeAgentFR\/\" \/>\n<meta property=\"article:modified_time\" content=\"2023-12-15T21:27:08+01:00\" \/>\n<meta property=\"og:image\" content=\"https:\/\/theplayoffs.news\/fr\/wp-content\/uploads\/2023\/12\/USATSI_21777456_168402440_lowres.jpg\" \/>\n\t<meta property=\"og:image:width\" content=\"1920\" \/>\n\t<meta property=\"og:image:height\" content=\"1280\" \/>\n\t<meta property=\"og:image:type\" content=\"image\/jpeg\" \/>\n<meta name=\"author\" content=\"J\u00e9r\u00e9my Richaud\" \/>\n<meta name=\"twitter:card\" content=\"summary_large_image\" \/>\n<meta name=\"twitter:creator\" content=\"@x.com\/jeremy_redsox\" \/>\n<meta name=\"twitter:site\" content=\"@TheFreeAgentFR\" \/>\n<meta name=\"twitter:label1\" content=\"\u00c9crit par\" \/>\n\t<meta name=\"twitter:data1\" content=\"J\u00e9r\u00e9my Richaud\" \/>\n\t<meta name=\"twitter:label2\" content=\"Dur\u00e9e de lecture estim\u00e9e\" \/>\n\t<meta name=\"twitter:data2\" content=\"2 minutes\" \/>\n<script type=\"application\/ld+json\" class=\"yoast-schema-graph\">{\"@context\":\"https:\/\/schema.org\",\"@graph\":[{\"@type\":\"WebPage\",\"@id\":\"https:\/\/theplayoffs.news\/fr\/actualite-mlb\/max-scherzer-absent\/\",\"url\":\"https:\/\/theplayoffs.news\/fr\/actualite-mlb\/max-scherzer-absent\/\",\"name\":\"Max Scherzer absent jusqu\\\\'\u00e0 la mi saison 2024 avec les Rangers - The Playoffs FR\",\"isPartOf\":{\"@id\":\"https:\/\/theplayoffs.news\/fr\/#website\"},\"primaryImageOfPage\":{\"@id\":\"https:\/\/theplayoffs.news\/fr\/actualite-mlb\/max-scherzer-absent\/#primaryimage\"},\"image\":{\"@id\":\"https:\/\/theplayoffs.news\/fr\/actualite-mlb\/max-scherzer-absent\/#primaryimage\"},\"thumbnailUrl\":\"https:\/\/theplayoffs.news\/fr\/wp-content\/uploads\/2023\/12\/USATSI_21777456_168402440_lowres.jpg\",\"datePublished\":\"2023-12-15T20:27:07+00:00\",\"dateModified\":\"2023-12-15T20:27:08+00:00\",\"author\":{\"@id\":\"https:\/\/theplayoffs.news\/fr\/#\/schema\/person\/a6d214b885a76103078818ccc94124c9\"},\"breadcrumb\":{\"@id\":\"https:\/\/theplayoffs.news\/fr\/actualite-mlb\/max-scherzer-absent\/#breadcrumb\"},\"inLanguage\":\"fr-FR\",\"potentialAction\":[{\"@type\":\"ReadAction\",\"target\":[\"https:\/\/theplayoffs.news\/fr\/actualite-mlb\/max-scherzer-absent\/\"]}]},{\"@type\":\"ImageObject\",\"inLanguage\":\"fr-FR\",\"@id\":\"https:\/\/theplayoffs.news\/fr\/actualite-mlb\/max-scherzer-absent\/#primaryimage\",\"url\":\"https:\/\/theplayoffs.news\/fr\/wp-content\/uploads\/2023\/12\/USATSI_21777456_168402440_lowres.jpg\",\"contentUrl\":\"https:\/\/theplayoffs.news\/fr\/wp-content\/uploads\/2023\/12\/USATSI_21777456_168402440_lowres.jpg\",\"width\":1920,\"height\":1280,\"caption\":\"Texas Rangers starting pitcher Max Scherzer (31) throws a pitch against the Arizona Diamondbacks during the third inning in game three of the 2023 World Series at Chase Field on Oct. 30, 2023, in Phoenix, Arizona.\"},{\"@type\":\"BreadcrumbList\",\"@id\":\"https:\/\/theplayoffs.news\/fr\/actualite-mlb\/max-scherzer-absent\/#breadcrumb\",\"itemListElement\":[{\"@type\":\"ListItem\",\"position\":1,\"name\":\"Accueil\",\"item\":\"https:\/\/theplayoffs.news\/fr\/\"},{\"@type\":\"ListItem\",\"position\":2,\"name\":\"Max Scherzer absent jusqu&rsquo;\u00e0 la mi saison 2024 avec les Rangers\"}]},{\"@type\":\"WebSite\",\"@id\":\"https:\/\/theplayoffs.news\/fr\/#website\",\"url\":\"https:\/\/theplayoffs.news\/fr\/\",\"name\":\"The Playoffs FR\",\"description\":\"NBA-NFL-NHL-MLB\",\"potentialAction\":[{\"@type\":\"SearchAction\",\"target\":{\"@type\":\"EntryPoint\",\"urlTemplate\":\"https:\/\/theplayoffs.news\/fr\/?s={search_term_string}\"},\"query-input\":{\"@type\":\"PropertyValueSpecification\",\"valueRequired\":true,\"valueName\":\"search_term_string\"}}],\"inLanguage\":\"fr-FR\"},{\"@type\":\"Person\",\"@id\":\"https:\/\/theplayoffs.news\/fr\/#\/schema\/person\/a6d214b885a76103078818ccc94124c9\",\"name\":\"J\u00e9r\u00e9my Richaud\",\"image\":{\"@type\":\"ImageObject\",\"inLanguage\":\"fr-FR\",\"@id\":\"https:\/\/theplayoffs.news\/fr\/#\/schema\/person\/image\/\",\"url\":\"https:\/\/secure.gravatar.com\/avatar\/80bc8135baf3a71cdd975994ee4fb05ca7e1fcf9591469241804457e0cd105a9?s=96&d=mm&r=g\",\"contentUrl\":\"https:\/\/secure.gravatar.com\/avatar\/80bc8135baf3a71cdd975994ee4fb05ca7e1fcf9591469241804457e0cd105a9?s=96&d=mm&r=g\",\"caption\":\"J\u00e9r\u00e9my Richaud\"},\"description\":\"Je suis dans la fonction publique territoriale. Pour TPO je traite uniquement la MLB (bien que secr\u00e8tement je r\u00eave d\u2019une section NASCAR). Une passion inexpliqu\u00e9e pour le baseball, j\u2019\u00e9tais surement am\u00e9ricain dans une autre vie ! Convaincu aussi que Boston est la ville o\u00f9 tout a commenc\u00e9, oui j\u2019adore les C\u2019s et les Bruins mais pas les Patriots et alors ? XD C\u2019est avec plaisir de vous faire partager, articles, podcast sur le plus beau des quatre sports US !\",\"sameAs\":[\"https:\/\/x.com\/x.com\/jeremy_redsox\"],\"url\":\"https:\/\/theplayoffs.news\/fr\/author\/jeremy83440yahoo-fr\/\"}]}<\/script>\n<!-- \/ Yoast SEO plugin. -->","yoast_head_json":{"title":"Max Scherzer absent jusqu&#039;&agrave; la mi saison 2024 avec les Rangers - The Playoffs FR","robots":{"index":"index","follow":"follow","max-snippet":"max-snippet:-1","max-image-preview":"max-image-preview:large","max-video-preview":"max-video-preview:-1"},"canonical":"https:\/\/theplayoffs.news\/fr\/actualite-mlb\/max-scherzer-absent\/","og_locale":"fr_FR","og_type":"article","og_title":"Max Scherzer absent jusqu&#039;&agrave; la mi saison 2024 avec les Rangers - The Playoffs FR","og_url":"https:\/\/theplayoffs.news\/fr\/actualite-mlb\/max-scherzer-absent\/","og_site_name":"The Playoffs FR","article_publisher":"https:\/\/www.facebook.com\/TheFreeAgentFR\/","article_modified_time":"2023-12-15T20:27:08+00:00","og_image":[{"width":1920,"height":1280,"url":"https:\/\/theplayoffs.news\/fr\/wp-content\/uploads\/2023\/12\/USATSI_21777456_168402440_lowres.jpg","type":"image\/jpeg"}],"author":"J\u00e9r\u00e9my Richaud","twitter_card":"summary_large_image","twitter_creator":"@x.com\/jeremy_redsox","twitter_site":"@TheFreeAgentFR","twitter_misc":{"\u00c9crit par":"J\u00e9r\u00e9my Richaud","Dur\u00e9e de lecture estim\u00e9e":"2 minutes"},"schema":{"@context":"https:\/\/schema.org","@graph":[{"@type":"WebPage","@id":"https:\/\/theplayoffs.news\/fr\/actualite-mlb\/max-scherzer-absent\/","url":"https:\/\/theplayoffs.news\/fr\/actualite-mlb\/max-scherzer-absent\/","name":"Max Scherzer absent jusqu\\'\u00e0 la mi saison 2024 avec les Rangers - The Playoffs FR","isPartOf":{"@id":"https:\/\/theplayoffs.news\/fr\/#website"},"primaryImageOfPage":{"@id":"https:\/\/theplayoffs.news\/fr\/actualite-mlb\/max-scherzer-absent\/#primaryimage"},"image":{"@id":"https:\/\/theplayoffs.news\/fr\/actualite-mlb\/max-scherzer-absent\/#primaryimage"},"thumbnailUrl":"https:\/\/theplayoffs.news\/fr\/wp-content\/uploads\/2023\/12\/USATSI_21777456_168402440_lowres.jpg","datePublished":"2023-12-15T20:27:07+00:00","dateModified":"2023-12-15T20:27:08+00:00","author":{"@id":"https:\/\/theplayoffs.news\/fr\/#\/schema\/person\/a6d214b885a76103078818ccc94124c9"},"breadcrumb":{"@id":"https:\/\/theplayoffs.news\/fr\/actualite-mlb\/max-scherzer-absent\/#breadcrumb"},"inLanguage":"fr-FR","potentialAction":[{"@type":"ReadAction","target":["https:\/\/theplayoffs.news\/fr\/actualite-mlb\/max-scherzer-absent\/"]}]},{"@type":"ImageObject","inLanguage":"fr-FR","@id":"https:\/\/theplayoffs.news\/fr\/actualite-mlb\/max-scherzer-absent\/#primaryimage","url":"https:\/\/theplayoffs.news\/fr\/wp-content\/uploads\/2023\/12\/USATSI_21777456_168402440_lowres.jpg","contentUrl":"https:\/\/theplayoffs.news\/fr\/wp-content\/uploads\/2023\/12\/USATSI_21777456_168402440_lowres.jpg","width":1920,"height":1280,"caption":"Texas Rangers starting pitcher Max Scherzer (31) throws a pitch against the Arizona Diamondbacks during the third inning in game three of the 2023 World Series at Chase Field on Oct. 30, 2023, in Phoenix, Arizona."},{"@type":"BreadcrumbList","@id":"https:\/\/theplayoffs.news\/fr\/actualite-mlb\/max-scherzer-absent\/#breadcrumb","itemListElement":[{"@type":"ListItem","position":1,"name":"Accueil","item":"https:\/\/theplayoffs.news\/fr\/"},{"@type":"ListItem","position":2,"name":"Max Scherzer absent jusqu&rsquo;\u00e0 la mi saison 2024 avec les Rangers"}]},{"@type":"WebSite","@id":"https:\/\/theplayoffs.news\/fr\/#website","url":"https:\/\/theplayoffs.news\/fr\/","name":"The Playoffs FR","description":"NBA-NFL-NHL-MLB","potentialAction":[{"@type":"SearchAction","target":{"@type":"EntryPoint","urlTemplate":"https:\/\/theplayoffs.news\/fr\/?s={search_term_string}"},"query-input":{"@type":"PropertyValueSpecification","valueRequired":true,"valueName":"search_term_string"}}],"inLanguage":"fr-FR"},{"@type":"Person","@id":"https:\/\/theplayoffs.news\/fr\/#\/schema\/person\/a6d214b885a76103078818ccc94124c9","name":"J\u00e9r\u00e9my Richaud","image":{"@type":"ImageObject","inLanguage":"fr-FR","@id":"https:\/\/theplayoffs.news\/fr\/#\/schema\/person\/image\/","url":"https:\/\/secure.gravatar.com\/avatar\/80bc8135baf3a71cdd975994ee4fb05ca7e1fcf9591469241804457e0cd105a9?s=96&d=mm&r=g","contentUrl":"https:\/\/secure.gravatar.com\/avatar\/80bc8135baf3a71cdd975994ee4fb05ca7e1fcf9591469241804457e0cd105a9?s=96&d=mm&r=g","caption":"J\u00e9r\u00e9my Richaud"},"description":"Je suis dans la fonction publique territoriale. Pour TPO je traite uniquement la MLB (bien que secr\u00e8tement je r\u00eave d\u2019une section NASCAR). Une passion inexpliqu\u00e9e pour le baseball, j\u2019\u00e9tais surement am\u00e9ricain dans une autre vie ! Convaincu aussi que Boston est la ville o\u00f9 tout a commenc\u00e9, oui j\u2019adore les C\u2019s et les Bruins mais pas les Patriots et alors ? XD C\u2019est avec plaisir de vous faire partager, articles, podcast sur le plus beau des quatre sports US !","sameAs":["https:\/\/x.com\/x.com\/jeremy_redsox"],"url":"https:\/\/theplayoffs.news\/fr\/author\/jeremy83440yahoo-fr\/"}]}},"_links":{"self":[{"href":"https:\/\/theplayoffs.news\/fr\/wp-json\/wp\/v2\/posts\/1169040","targetHints":{"allow":["GET"]}}],"collection":[{"href":"https:\/\/theplayoffs.news\/fr\/wp-json\/wp\/v2\/posts"}],"about":[{"href":"https:\/\/theplayoffs.news\/fr\/wp-json\/wp\/v2\/types\/post"}],"author":[{"embeddable":true,"href":"https:\/\/theplayoffs.news\/fr\/wp-json\/wp\/v2\/users\/180310059"}],"replies":[{"embeddable":true,"href":"https:\/\/theplayoffs.news\/fr\/wp-json\/wp\/v2\/comments?post=1169040"}],"version-history":[{"count":6,"href":"https:\/\/theplayoffs.news\/fr\/wp-json\/wp\/v2\/posts\/1169040\/revisions"}],"predecessor-version":[{"id":1169049,"href":"https:\/\/theplayoffs.news\/fr\/wp-json\/wp\/v2\/posts\/1169040\/revisions\/1169049"}],"wp:featuredmedia":[{"embeddable":true,"href":"https:\/\/theplayoffs.news\/fr\/wp-json\/wp\/v2\/media\/1169044"}],"wp:attachment":[{"href":"https:\/\/theplayoffs.news\/fr\/wp-json\/wp\/v2\/media?parent=1169040"}],"wp:term":[{"taxonomy":"category","embeddable":true,"href":"https:\/\/theplayoffs.news\/fr\/wp-json\/wp\/v2\/categories?post=1169040"},{"taxonomy":"post_tag","embeddable":true,"href":"https:\/\/theplayoffs.news\/fr\/wp-json\/wp\/v2\/tags?post=1169040"},{"taxonomy":"sport","embeddable":true,"href":"https:\/\/theplayoffs.news\/fr\/wp-json\/wp\/v2\/sport?post=1169040"},{"taxonomy":"saison","embeddable":true,"href":"https:\/\/theplayoffs.news\/fr\/wp-json\/wp\/v2\/saison?post=1169040"}],"curies":[{"name":"wp","href":"https:\/\/api.w.org\/{rel}","templated":true}]}}