{"id":1166009,"date":"2023-12-14T17:15:14","date_gmt":"2023-12-14T16:15:14","guid":{"rendered":"https:\/\/theplayoffs.news\/fr\/?p=1166009"},"modified":"2023-12-14T17:15:15","modified_gmt":"2023-12-14T16:15:15","slug":"george-mcginnis-figure-des-pacers-decede-a-lage-de-73-ans","status":"publish","type":"post","link":"https:\/\/theplayoffs.news\/fr\/actualite-nba\/george-mcginnis-figure-des-pacers-decede-a-lage-de-73-ans\/","title":{"rendered":"George McGinnis, figure des Pacers, d\u00e9c\u00e8de \u00e0 l&rsquo;\u00e2ge de 73 ans"},"content":{"rendered":"<h2>NBA &ndash; George McGinnis est d&eacute;c&eacute;d&eacute; &agrave; l&rsquo;&acirc;ge de 73 ans des suites de complications cardiaques.<\/h2><p>N&eacute; et &eacute;lev&eacute; dans l&rsquo;Indiana, le parcours de George McGinnis a &eacute;t&eacute; remarquable: de champion de lyc&eacute;e local au Hall of Fame du basketball.<\/p><blockquote class=\"twitter-tweet\" data-width=\"500\" data-dnt=\"true\">\n<p lang=\"en\" dir=\"ltr\">We are deeply saddened to announce the passing of Hall of Famer George McGinnis.<\/p>\n<p>\"[George] was the very definition of an Indiana basketball legend, a champion, and Hall of Fame athlete. But he was more than that. George was family.\"<a href=\"https:\/\/t.co\/EKs4rs4Ljb\" class=\"trk-cta-link\" data-cta-trk='{\"ctaType\":\"Link\",\"ctaSubType\":\"main\"}'>https:\/\/t.co\/EKs4rs4Ljb<\/a> <a href=\"https:\/\/t.co\/UDPSl1fgm9\" class=\"trk-cta-link\" data-cta-trk='{\"ctaType\":\"Link\",\"ctaSubType\":\"main\"}'>pic.twitter.com\/UDPSl1fgm9<\/a><\/p>\n<p>&mdash; Indiana Pacers (@Pacers) <a href=\"https:\/\/twitter.com\/Pacers\/status\/1735291092126277734?ref_src=twsrc%5Etfw\" class=\"trk-cta-link\" data-cta-trk='{\"ctaType\":\"Link\",\"ctaSubType\":\"main\"}'>December 14, 2023<\/a><\/p><\/blockquote><p><script async src=\"https:\/\/platform.twitter.com\/widgets.js\" charset=\"utf-8\"><\/script><\/p><p>La carri&egrave;re de McGinnis a &eacute;t&eacute; marqu&eacute;e par une s&eacute;rie de r&eacute;alisations r&eacute;volutionnaires. De la victoire du prestigieux prix Mr. Basketball et de Mr. Basketball USA en 1969 &agrave; la conduite de l&rsquo;Indianapolis Washington High School vers un championnat d&rsquo;&Eacute;tat invaincu, ses premi&egrave;res ann&eacute;es pr&eacute;sageaient le succ&egrave;s qui allait suivre.<\/p><p>&Agrave; l&rsquo;Universit&eacute; de l&rsquo;Indiana, il a continu&eacute; &agrave; battre des records, devenant le premier sophomore &agrave; mener la Big Ten en points marqu&eacute;s et en rebonds.<\/p><h3><strong>Un h&eacute;ritage dans l&rsquo;ABA et la NBA<\/strong><\/h3><p>La carri&egrave;re professionnelle de McGinnis, partag&eacute;e entre l&rsquo;American Basketball Association (ABA) et la National Basketball Association (NBA), a &eacute;t&eacute; exceptionnelle.<\/p><p>Saisissant l&rsquo;opportunit&eacute; pr&eacute;sent&eacute;e par la victoire de Spencer Haywood &agrave; la Cour supr&ecirc;me, il est devenu professionnel et a sign&eacute; avec son &eacute;quipe locale, les Indiana Pacers. Son impact a &eacute;t&eacute; imm&eacute;diat et profond, menant les Pacers &agrave; deux titres de l&rsquo;ABA et remportant de nombreuses distinctions, dont le MVP des playoffs de l&rsquo;ABA.<\/p><blockquote><p>&laquo;&nbsp;De ses ann&eacute;es de lyc&eacute;e au sein de l&rsquo;&Eacute;tat &agrave; sa p&eacute;riode de joueur am&eacute;ricain de l&rsquo;Universit&eacute; de l&rsquo;Indiana et, bien s&ucirc;r, &agrave; ses l&eacute;gendaires championnats de l&rsquo;ABA avec les Pacers, George McGinnis a fa&ccedil;onn&eacute; de nombreux souvenirs de basket-ball pour des g&eacute;n&eacute;rations d&rsquo;habitants de l&rsquo;Indiana. Il &eacute;tait la d&eacute;finition m&ecirc;me d&rsquo;une l&eacute;gende du basket-ball de l&rsquo;Indiana, d&rsquo;un champion et d&rsquo;un athl&egrave;te inscrit au Panth&eacute;on. Mais il &eacute;tait bien plus que cela. George &eacute;tait une famille. D&eacute;fenseur passionn&eacute; de ses coll&egrave;gues joueurs de l&rsquo;ABA et visage pr&eacute;sent et souriant de la franchise, George &eacute;tait synonyme de la franchise des Pacers comme personne d&rsquo;autre. Il nous manquera &eacute;norm&eacute;ment et nous tous, &agrave; Pacers Sports &amp; Entertainment, garderons George et sa famille dans nos pri&egrave;res&nbsp;&raquo; peut-on lire dans <a href=\"https:\/\/www.nba.com\/pacers\/news\/pacers-legend-george-mcginnis-has-passed-away\" class=\"trk-cta-link\" data-cta-trk='{\"ctaType\":\"Link\",\"ctaSubType\":\"main\"}'>le communiqu&eacute;<\/a> de la famille Simon, propri&eacute;taire des Pacers.<\/p><\/blockquote><p>Sa transition vers la NBA au milieu des ann&eacute;es 1970 a marqu&eacute; un autre chapitre de succ&egrave;s. Rejoignant les Philadelphia 76ers, McGinnis a jou&eacute; un r&ocirc;le crucial dans la revitalisation de l&rsquo;&eacute;quipe, les menant aux finales NBA aux c&ocirc;t&eacute;s de Julius Erving.<\/p><p>Ses statistiques t&eacute;moignent de sa polyvalence et de sa domination : 17 009 points, 9 233 rebonds et 3 089 passes d&eacute;cisives au cours de sa carri&egrave;re.<\/p><p>Le retrait de son maillot par les Pacers et son intronisation au Hall of Fame en 2017 sont des reconnaissances de son impact ind&eacute;l&eacute;bile sur le sport.<\/p><p>Les Pacers ont annonc&eacute; un enterrement priv&eacute; pour George McGinnis, avec une c&eacute;l&eacute;bration de sa vie pr&eacute;vue pour l&rsquo;ann&eacute;e suivante.<\/p>\n","protected":false},"excerpt":{"rendered":"","protected":false},"author":13,"featured_media":1166013,"comment_status":"open","ping_status":"closed","sticky":false,"template":"","format":"standard","meta":{"inline_featured_image":false,"kia_subtitle":"","_mux_skip_reasons":[],"proofreadBy":0,"footnotes":""},"categories":[110,10],"tags":[6749,617],"sport":[],"saison":[],"class_list":["post-1166009","post","type-post","status-publish","format-standard","has-post-thumbnail","hentry","category-actualite-nba","category-nba","tag-george-mcginnis","tag-indiana-pacers"],"acf":[],"yoast_head":"<!-- This site is optimized with the Yoast SEO plugin v24.2 - https:\/\/yoast.com\/wordpress\/plugins\/seo\/ -->\n<title>George McGinnis, figure des Pacers, d&eacute;c&egrave;de &agrave; l&#039;&acirc;ge de 73 ans - The Playoffs FR<\/title>\n<meta name=\"robots\" content=\"index, follow, max-snippet:-1, max-image-preview:large, max-video-preview:-1\" \/>\n<link rel=\"canonical\" href=\"https:\/\/theplayoffs.news\/fr\/actualite-nba\/george-mcginnis-figure-des-pacers-decede-a-lage-de-73-ans\/\" \/>\n<meta property=\"og:locale\" content=\"fr_FR\" \/>\n<meta property=\"og:type\" content=\"article\" \/>\n<meta property=\"og:title\" content=\"George McGinnis, figure des Pacers, d&eacute;c&egrave;de &agrave; l&#039;&acirc;ge de 73 ans - The Playoffs FR\" \/>\n<meta property=\"og:url\" content=\"https:\/\/theplayoffs.news\/fr\/actualite-nba\/george-mcginnis-figure-des-pacers-decede-a-lage-de-73-ans\/\" \/>\n<meta property=\"og:site_name\" content=\"The Playoffs FR\" \/>\n<meta property=\"article:publisher\" content=\"https:\/\/www.facebook.com\/TheFreeAgentFR\/\" \/>\n<meta property=\"article:modified_time\" content=\"2023-12-14T17:15:15+01:00\" \/>\n<meta property=\"og:image\" content=\"https:\/\/theplayoffs.news\/fr\/wp-content\/uploads\/2023\/12\/USATSI_14410900.jpg\" \/>\n\t<meta property=\"og:image:width\" content=\"1760\" \/>\n\t<meta property=\"og:image:height\" content=\"1493\" \/>\n\t<meta property=\"og:image:type\" content=\"image\/jpeg\" \/>\n<meta name=\"author\" content=\"Charles Taudin\" \/>\n<meta name=\"twitter:card\" content=\"summary_large_image\" \/>\n<meta name=\"twitter:creator\" content=\"@TheFreeAgentFR\" \/>\n<meta name=\"twitter:site\" content=\"@TheFreeAgentFR\" \/>\n<meta name=\"twitter:label1\" content=\"\u00c9crit par\" \/>\n\t<meta name=\"twitter:data1\" content=\"Charles Taudin\" \/>\n\t<meta name=\"twitter:label2\" content=\"Dur\u00e9e de lecture estim\u00e9e\" \/>\n\t<meta name=\"twitter:data2\" content=\"2 minutes\" \/>\n<script type=\"application\/ld+json\" class=\"yoast-schema-graph\">{\"@context\":\"https:\/\/schema.org\",\"@graph\":[{\"@type\":\"WebPage\",\"@id\":\"https:\/\/theplayoffs.news\/fr\/actualite-nba\/george-mcginnis-figure-des-pacers-decede-a-lage-de-73-ans\/\",\"url\":\"https:\/\/theplayoffs.news\/fr\/actualite-nba\/george-mcginnis-figure-des-pacers-decede-a-lage-de-73-ans\/\",\"name\":\"George McGinnis, figure des Pacers, d\u00e9c\u00e8de \u00e0 l\\\\'\u00e2ge de 73 ans - The Playoffs FR\",\"isPartOf\":{\"@id\":\"https:\/\/theplayoffs.news\/fr\/#website\"},\"primaryImageOfPage\":{\"@id\":\"https:\/\/theplayoffs.news\/fr\/actualite-nba\/george-mcginnis-figure-des-pacers-decede-a-lage-de-73-ans\/#primaryimage\"},\"image\":{\"@id\":\"https:\/\/theplayoffs.news\/fr\/actualite-nba\/george-mcginnis-figure-des-pacers-decede-a-lage-de-73-ans\/#primaryimage\"},\"thumbnailUrl\":\"https:\/\/theplayoffs.news\/fr\/wp-content\/uploads\/2023\/12\/USATSI_14410900.jpg\",\"datePublished\":\"2023-12-14T16:15:14+00:00\",\"dateModified\":\"2023-12-14T16:15:15+00:00\",\"author\":{\"@id\":\"https:\/\/theplayoffs.news\/fr\/#\/schema\/person\/eee5b69ad5d3c51cabe881c839dbe133\"},\"breadcrumb\":{\"@id\":\"https:\/\/theplayoffs.news\/fr\/actualite-nba\/george-mcginnis-figure-des-pacers-decede-a-lage-de-73-ans\/#breadcrumb\"},\"inLanguage\":\"fr-FR\",\"potentialAction\":[{\"@type\":\"ReadAction\",\"target\":[\"https:\/\/theplayoffs.news\/fr\/actualite-nba\/george-mcginnis-figure-des-pacers-decede-a-lage-de-73-ans\/\"]}]},{\"@type\":\"ImageObject\",\"inLanguage\":\"fr-FR\",\"@id\":\"https:\/\/theplayoffs.news\/fr\/actualite-nba\/george-mcginnis-figure-des-pacers-decede-a-lage-de-73-ans\/#primaryimage\",\"url\":\"https:\/\/theplayoffs.news\/fr\/wp-content\/uploads\/2023\/12\/USATSI_14410900.jpg\",\"contentUrl\":\"https:\/\/theplayoffs.news\/fr\/wp-content\/uploads\/2023\/12\/USATSI_14410900.jpg\",\"width\":1760,\"height\":1493,\"caption\":\"Washington\\\\'s George McGinnis (45) finds himself surrounded by a trio of Silver Creek players during their game on March 15, 1969 at Hinkle Fieldhouse. Around McGinnis are Steve Green (34), Larry Stricker (22) and R.T. Green (right).\"},{\"@type\":\"BreadcrumbList\",\"@id\":\"https:\/\/theplayoffs.news\/fr\/actualite-nba\/george-mcginnis-figure-des-pacers-decede-a-lage-de-73-ans\/#breadcrumb\",\"itemListElement\":[{\"@type\":\"ListItem\",\"position\":1,\"name\":\"Accueil\",\"item\":\"https:\/\/theplayoffs.news\/fr\/\"},{\"@type\":\"ListItem\",\"position\":2,\"name\":\"George McGinnis, figure des Pacers, d\u00e9c\u00e8de \u00e0 l&rsquo;\u00e2ge de 73 ans\"}]},{\"@type\":\"WebSite\",\"@id\":\"https:\/\/theplayoffs.news\/fr\/#website\",\"url\":\"https:\/\/theplayoffs.news\/fr\/\",\"name\":\"The Playoffs FR\",\"description\":\"NBA-NFL-NHL-MLB\",\"potentialAction\":[{\"@type\":\"SearchAction\",\"target\":{\"@type\":\"EntryPoint\",\"urlTemplate\":\"https:\/\/theplayoffs.news\/fr\/?s={search_term_string}\"},\"query-input\":{\"@type\":\"PropertyValueSpecification\",\"valueRequired\":true,\"valueName\":\"search_term_string\"}}],\"inLanguage\":\"fr-FR\"},{\"@type\":\"Person\",\"@id\":\"https:\/\/theplayoffs.news\/fr\/#\/schema\/person\/eee5b69ad5d3c51cabe881c839dbe133\",\"name\":\"Charles Taudin\",\"image\":{\"@type\":\"ImageObject\",\"inLanguage\":\"fr-FR\",\"@id\":\"https:\/\/theplayoffs.news\/fr\/#\/schema\/person\/image\/\",\"url\":\"https:\/\/secure.gravatar.com\/avatar\/59a1e772205ce9fd255edfcafc93013736822e20261f294c5753b20c41ede9f2?s=96&d=mm&r=g\",\"contentUrl\":\"https:\/\/secure.gravatar.com\/avatar\/59a1e772205ce9fd255edfcafc93013736822e20261f294c5753b20c41ede9f2?s=96&d=mm&r=g\",\"caption\":\"Charles Taudin\"},\"description\":\"R\u00e9dacteur en chef global de The Playoffs, j\u2019ai cr\u00e9\u00e9 The Free Agent, devenu The Playoffs FR, en 2020 durant la pand\u00e9mie. Amoureux depuis des ann\u00e9es des 4 sports majeurs am\u00e9ricains, j\u2019organise maintenant la strat\u00e9gie \u00e9ditoriale et les r\u00e9seaux sociaux de l\u2019ensemble des versions de The Playoffs. Il m\u2019arrive encore d\u2019\u00e9crire sur certains sports que j\u2019affectionne particuli\u00e8rement comme la NFL ou la MLB. Si vous devez retenir qu\u2019une chose : Eli Manning est le vrai GOAT pour avoir battu deux fois Tom Brady.\",\"sameAs\":[\"https:\/\/www.instagram.com\/ctaudin_\/\"],\"url\":\"https:\/\/theplayoffs.news\/fr\/author\/charles-taudin\/\"}]}<\/script>\n<!-- \/ Yoast SEO plugin. -->","yoast_head_json":{"title":"George McGinnis, figure des Pacers, d&eacute;c&egrave;de &agrave; l&#039;&acirc;ge de 73 ans - The Playoffs FR","robots":{"index":"index","follow":"follow","max-snippet":"max-snippet:-1","max-image-preview":"max-image-preview:large","max-video-preview":"max-video-preview:-1"},"canonical":"https:\/\/theplayoffs.news\/fr\/actualite-nba\/george-mcginnis-figure-des-pacers-decede-a-lage-de-73-ans\/","og_locale":"fr_FR","og_type":"article","og_title":"George McGinnis, figure des Pacers, d&eacute;c&egrave;de &agrave; l&#039;&acirc;ge de 73 ans - The Playoffs FR","og_url":"https:\/\/theplayoffs.news\/fr\/actualite-nba\/george-mcginnis-figure-des-pacers-decede-a-lage-de-73-ans\/","og_site_name":"The Playoffs FR","article_publisher":"https:\/\/www.facebook.com\/TheFreeAgentFR\/","article_modified_time":"2023-12-14T16:15:15+00:00","og_image":[{"width":1760,"height":1493,"url":"https:\/\/theplayoffs.news\/fr\/wp-content\/uploads\/2023\/12\/USATSI_14410900.jpg","type":"image\/jpeg"}],"author":"Charles Taudin","twitter_card":"summary_large_image","twitter_creator":"@TheFreeAgentFR","twitter_site":"@TheFreeAgentFR","twitter_misc":{"\u00c9crit par":"Charles Taudin","Dur\u00e9e de lecture estim\u00e9e":"2 minutes"},"schema":{"@context":"https:\/\/schema.org","@graph":[{"@type":"WebPage","@id":"https:\/\/theplayoffs.news\/fr\/actualite-nba\/george-mcginnis-figure-des-pacers-decede-a-lage-de-73-ans\/","url":"https:\/\/theplayoffs.news\/fr\/actualite-nba\/george-mcginnis-figure-des-pacers-decede-a-lage-de-73-ans\/","name":"George McGinnis, figure des Pacers, d\u00e9c\u00e8de \u00e0 l\\'\u00e2ge de 73 ans - The Playoffs FR","isPartOf":{"@id":"https:\/\/theplayoffs.news\/fr\/#website"},"primaryImageOfPage":{"@id":"https:\/\/theplayoffs.news\/fr\/actualite-nba\/george-mcginnis-figure-des-pacers-decede-a-lage-de-73-ans\/#primaryimage"},"image":{"@id":"https:\/\/theplayoffs.news\/fr\/actualite-nba\/george-mcginnis-figure-des-pacers-decede-a-lage-de-73-ans\/#primaryimage"},"thumbnailUrl":"https:\/\/theplayoffs.news\/fr\/wp-content\/uploads\/2023\/12\/USATSI_14410900.jpg","datePublished":"2023-12-14T16:15:14+00:00","dateModified":"2023-12-14T16:15:15+00:00","author":{"@id":"https:\/\/theplayoffs.news\/fr\/#\/schema\/person\/eee5b69ad5d3c51cabe881c839dbe133"},"breadcrumb":{"@id":"https:\/\/theplayoffs.news\/fr\/actualite-nba\/george-mcginnis-figure-des-pacers-decede-a-lage-de-73-ans\/#breadcrumb"},"inLanguage":"fr-FR","potentialAction":[{"@type":"ReadAction","target":["https:\/\/theplayoffs.news\/fr\/actualite-nba\/george-mcginnis-figure-des-pacers-decede-a-lage-de-73-ans\/"]}]},{"@type":"ImageObject","inLanguage":"fr-FR","@id":"https:\/\/theplayoffs.news\/fr\/actualite-nba\/george-mcginnis-figure-des-pacers-decede-a-lage-de-73-ans\/#primaryimage","url":"https:\/\/theplayoffs.news\/fr\/wp-content\/uploads\/2023\/12\/USATSI_14410900.jpg","contentUrl":"https:\/\/theplayoffs.news\/fr\/wp-content\/uploads\/2023\/12\/USATSI_14410900.jpg","width":1760,"height":1493,"caption":"Washington\\'s George McGinnis (45) finds himself surrounded by a trio of Silver Creek players during their game on March 15, 1969 at Hinkle Fieldhouse. Around McGinnis are Steve Green (34), Larry Stricker (22) and R.T. Green (right)."},{"@type":"BreadcrumbList","@id":"https:\/\/theplayoffs.news\/fr\/actualite-nba\/george-mcginnis-figure-des-pacers-decede-a-lage-de-73-ans\/#breadcrumb","itemListElement":[{"@type":"ListItem","position":1,"name":"Accueil","item":"https:\/\/theplayoffs.news\/fr\/"},{"@type":"ListItem","position":2,"name":"George McGinnis, figure des Pacers, d\u00e9c\u00e8de \u00e0 l&rsquo;\u00e2ge de 73 ans"}]},{"@type":"WebSite","@id":"https:\/\/theplayoffs.news\/fr\/#website","url":"https:\/\/theplayoffs.news\/fr\/","name":"The Playoffs FR","description":"NBA-NFL-NHL-MLB","potentialAction":[{"@type":"SearchAction","target":{"@type":"EntryPoint","urlTemplate":"https:\/\/theplayoffs.news\/fr\/?s={search_term_string}"},"query-input":{"@type":"PropertyValueSpecification","valueRequired":true,"valueName":"search_term_string"}}],"inLanguage":"fr-FR"},{"@type":"Person","@id":"https:\/\/theplayoffs.news\/fr\/#\/schema\/person\/eee5b69ad5d3c51cabe881c839dbe133","name":"Charles Taudin","image":{"@type":"ImageObject","inLanguage":"fr-FR","@id":"https:\/\/theplayoffs.news\/fr\/#\/schema\/person\/image\/","url":"https:\/\/secure.gravatar.com\/avatar\/59a1e772205ce9fd255edfcafc93013736822e20261f294c5753b20c41ede9f2?s=96&d=mm&r=g","contentUrl":"https:\/\/secure.gravatar.com\/avatar\/59a1e772205ce9fd255edfcafc93013736822e20261f294c5753b20c41ede9f2?s=96&d=mm&r=g","caption":"Charles Taudin"},"description":"R\u00e9dacteur en chef global de The Playoffs, j\u2019ai cr\u00e9\u00e9 The Free Agent, devenu The Playoffs FR, en 2020 durant la pand\u00e9mie. Amoureux depuis des ann\u00e9es des 4 sports majeurs am\u00e9ricains, j\u2019organise maintenant la strat\u00e9gie \u00e9ditoriale et les r\u00e9seaux sociaux de l\u2019ensemble des versions de The Playoffs. Il m\u2019arrive encore d\u2019\u00e9crire sur certains sports que j\u2019affectionne particuli\u00e8rement comme la NFL ou la MLB. Si vous devez retenir qu\u2019une chose : Eli Manning est le vrai GOAT pour avoir battu deux fois Tom Brady.","sameAs":["https:\/\/www.instagram.com\/ctaudin_\/"],"url":"https:\/\/theplayoffs.news\/fr\/author\/charles-taudin\/"}]}},"_links":{"self":[{"href":"https:\/\/theplayoffs.news\/fr\/wp-json\/wp\/v2\/posts\/1166009","targetHints":{"allow":["GET"]}}],"collection":[{"href":"https:\/\/theplayoffs.news\/fr\/wp-json\/wp\/v2\/posts"}],"about":[{"href":"https:\/\/theplayoffs.news\/fr\/wp-json\/wp\/v2\/types\/post"}],"author":[{"embeddable":true,"href":"https:\/\/theplayoffs.news\/fr\/wp-json\/wp\/v2\/users\/13"}],"replies":[{"embeddable":true,"href":"https:\/\/theplayoffs.news\/fr\/wp-json\/wp\/v2\/comments?post=1166009"}],"version-history":[{"count":3,"href":"https:\/\/theplayoffs.news\/fr\/wp-json\/wp\/v2\/posts\/1166009\/revisions"}],"predecessor-version":[{"id":1166036,"href":"https:\/\/theplayoffs.news\/fr\/wp-json\/wp\/v2\/posts\/1166009\/revisions\/1166036"}],"wp:featuredmedia":[{"embeddable":true,"href":"https:\/\/theplayoffs.news\/fr\/wp-json\/wp\/v2\/media\/1166013"}],"wp:attachment":[{"href":"https:\/\/theplayoffs.news\/fr\/wp-json\/wp\/v2\/media?parent=1166009"}],"wp:term":[{"taxonomy":"category","embeddable":true,"href":"https:\/\/theplayoffs.news\/fr\/wp-json\/wp\/v2\/categories?post=1166009"},{"taxonomy":"post_tag","embeddable":true,"href":"https:\/\/theplayoffs.news\/fr\/wp-json\/wp\/v2\/tags?post=1166009"},{"taxonomy":"sport","embeddable":true,"href":"https:\/\/theplayoffs.news\/fr\/wp-json\/wp\/v2\/sport?post=1166009"},{"taxonomy":"saison","embeddable":true,"href":"https:\/\/theplayoffs.news\/fr\/wp-json\/wp\/v2\/saison?post=1166009"}],"curies":[{"name":"wp","href":"https:\/\/api.w.org\/{rel}","templated":true}]}}