{"id":1163952,"date":"2023-12-14T08:31:32","date_gmt":"2023-12-14T07:31:32","guid":{"rendered":"https:\/\/theplayoffs.news\/fr\/?p=1163952"},"modified":"2023-12-14T08:31:33","modified_gmt":"2023-12-14T07:31:33","slug":"la-controverse-du-ballon-a-milwaukee","status":"publish","type":"post","link":"https:\/\/theplayoffs.news\/fr\/actualite-nba\/la-controverse-du-ballon-a-milwaukee\/","title":{"rendered":"La controverse du ballon \u00e0 Milwaukee"},"content":{"rendered":"<h2>NBA &ndash; Le centre de la controverse du match entre les Pacers et les Bucks &eacute;tait le ballon du match , recherch&eacute; par la star des Bucks, Giannis Antetokounmpo, pour son extraordinaire performance de 64 points &ndash; un nouveau record de franchise.<\/h2><p>La situation a escalad&eacute; lorsque <a href=\"https:\/\/theplayoffs.news\/fr\/joueur\/giannis-antetokounmpo-nba-6065954\/\" class=\"trk-cta-link\" data-cta-trk='{\"ctaType\":\"Link\",\"ctaSubType\":\"main\"}'><strong>Giannis Antetokounmpo<\/strong><\/a>, avec son fr&egrave;re Thanasis et ses co&eacute;quipiers Jae Crowder et Cameron Payne, se sont dirig&eacute;s vers le vestiaire des Pacers au Fiserv Forum. Leur mission &eacute;tait claire : r&eacute;cup&eacute;rer le ballon de match qui &eacute;tait devenu, sans le vouloir, un symbole de l&rsquo;exploit historique de Giannis.<\/p><blockquote class=\"twitter-tweet\" data-width=\"500\" data-dnt=\"true\">\n<p lang=\"en\" dir=\"ltr\">Giannis and Haliburton had heated exchange following Bucks-Pacers &#128563;<\/p>\n<p>It involved Pacers taking game ball away after Giannis' 64-point game <a href=\"https:\/\/t.co\/zsSGraLQVi\" class=\"trk-cta-link\" data-cta-trk='{\"ctaType\":\"Link\",\"ctaSubType\":\"main\"}'>https:\/\/t.co\/zsSGraLQVi<\/a><\/p>\n<p>&mdash; Bleacher Report (@BleacherReport) <a href=\"https:\/\/twitter.com\/BleacherReport\/status\/1735150431607619889?ref_src=twsrc%5Etfw\" class=\"trk-cta-link\" data-cta-trk='{\"ctaType\":\"Link\",\"ctaSubType\":\"main\"}'>December 14, 2023<\/a><\/p><\/blockquote><p><script async src=\"https:\/\/platform.twitter.com\/widgets.js\" charset=\"utf-8\"><\/script><\/p><p>Cependant, cette qu&ecirc;te apparemment simple &eacute;tait encombr&eacute;e de complexit&eacute; alors que les Pacers avaient pris possession de l&rsquo;un des ballons de jeu pour leur rookie <a href=\"https:\/\/theplayoffs.news\/fr\/joueur\/oscar-tshiebwe-nba-8865654\/\" class=\"trk-cta-link\" data-cta-trk='{\"ctaType\":\"Link\",\"ctaSubType\":\"main\"}'><strong>Oscar Tshiebwe<\/strong><\/a>, qui avait marqu&eacute; son premier point en NBA lors du match.<\/p><p>La confusion qui en a r&eacute;sult&eacute; et les &eacute;motions exacerb&eacute;es ont conduit &agrave; un &eacute;change houleux, particuli&egrave;rement remarquable lorsque Giannis a confront&eacute; la star des Pacers, Tyrese Haliburton, laissant ce dernier visiblement perplexe face aux &eacute;v&eacute;nements qui se d&eacute;roulaient.<\/p><p>Alors que le calme &eacute;tait revenu, diverses perspectives &eacute;mergeaient. L&rsquo;entra&icirc;neur des Bucks, Adrian Griffin, a exprim&eacute; son ignorance de la situation au moment des faits, notant la n&eacute;cessit&eacute; d&rsquo;une discussion avec le directeur g&eacute;n&eacute;ral Jon Horst. Giannis lui-m&ecirc;me, malgr&eacute; avoir s&eacute;curis&eacute; un ballon, restait incertain s<a href=\"https:\/\/eu.jsonline.com\/story\/sports\/nba\/bucks\/2023\/12\/13\/giannis-antetokounmpo-confronts-pacers-after-setting-milwaukee-bucks-single-game-scoring-record\/71915127007\/\" class=\"trk-cta-link\" data-cta-trk='{\"ctaType\":\"Link\",\"ctaSubType\":\"main\"}'>&lsquo;il s&rsquo;agissait du ballon du match officiel<\/a> :<\/p><blockquote><p>&laquo;&nbsp;Le ballon que j&rsquo;ai, que je prendrai et que je donnerai &agrave; ma m&egrave;re, je ne sais pas si c&rsquo;est le ballon du match. Ce n&rsquo;est pas grave. La vie continue. Je n&rsquo;ai m&ecirc;me pas la balle de match &ndash; ce qui me fait mal &ndash; je n&rsquo;ai pas la balle de match du sixi&egrave;me match des finales de la NBA. Je n&rsquo;ai pas non plus le ballon de ce match. C&rsquo;est vraiment dommage. Je n&rsquo;ai jamais vu &ccedil;a auparavant&nbsp;&raquo;.<\/p><\/blockquote><p>Du c&ocirc;t&eacute; oppos&eacute;, l&rsquo;entra&icirc;neur des Pacers, Rick Carlisle, a d&eacute;crit les &eacute;v&eacute;nements d&rsquo;apr&egrave;s-match comme un regrettable malentendu, soulignant la nature non intentionnelle des actions des Pacers concernant le ballon de jeu.<\/p><p>&nbsp;<\/p><p>Credit photo : Benny Sieu-USA TODAY Sports<\/p>\n","protected":false},"excerpt":{"rendered":"","protected":false},"author":13,"featured_media":1163973,"comment_status":"open","ping_status":"closed","sticky":false,"template":"","format":"standard","meta":{"inline_featured_image":false,"kia_subtitle":"","_mux_skip_reasons":[],"proofreadBy":0,"footnotes":""},"categories":[110,10],"tags":[2109,617,489],"sport":[],"saison":[],"class_list":["post-1163952","post","type-post","status-publish","format-standard","has-post-thumbnail","hentry","category-actualite-nba","category-nba","tag-giannis-antetokounmpo","tag-indiana-pacers","tag-milwaukee-bucks"],"acf":[],"yoast_head":"<!-- This site is optimized with the Yoast SEO plugin v24.2 - https:\/\/yoast.com\/wordpress\/plugins\/seo\/ -->\n<title>La controverse du ballon &agrave; Milwaukee - The Playoffs FR<\/title>\n<meta name=\"robots\" content=\"index, follow, max-snippet:-1, max-image-preview:large, max-video-preview:-1\" \/>\n<link rel=\"canonical\" href=\"https:\/\/theplayoffs.news\/fr\/actualite-nba\/la-controverse-du-ballon-a-milwaukee\/\" \/>\n<meta property=\"og:locale\" content=\"fr_FR\" \/>\n<meta property=\"og:type\" content=\"article\" \/>\n<meta property=\"og:title\" content=\"La controverse du ballon &agrave; Milwaukee - The Playoffs FR\" \/>\n<meta property=\"og:url\" content=\"https:\/\/theplayoffs.news\/fr\/actualite-nba\/la-controverse-du-ballon-a-milwaukee\/\" \/>\n<meta property=\"og:site_name\" content=\"The Playoffs FR\" \/>\n<meta property=\"article:publisher\" content=\"https:\/\/www.facebook.com\/TheFreeAgentFR\/\" \/>\n<meta property=\"article:modified_time\" content=\"2023-12-14T08:31:33+01:00\" \/>\n<meta property=\"og:image\" content=\"https:\/\/theplayoffs.news\/fr\/wp-content\/uploads\/2023\/12\/USATSI_22101446.jpg\" \/>\n\t<meta property=\"og:image:width\" content=\"1920\" \/>\n\t<meta property=\"og:image:height\" content=\"1280\" \/>\n\t<meta property=\"og:image:type\" content=\"image\/jpeg\" \/>\n<meta name=\"author\" content=\"Charles Taudin\" \/>\n<meta name=\"twitter:card\" content=\"summary_large_image\" \/>\n<meta name=\"twitter:creator\" content=\"@TheFreeAgentFR\" \/>\n<meta name=\"twitter:site\" content=\"@TheFreeAgentFR\" \/>\n<meta name=\"twitter:label1\" content=\"\u00c9crit par\" \/>\n\t<meta name=\"twitter:data1\" content=\"Charles Taudin\" \/>\n\t<meta name=\"twitter:label2\" content=\"Dur\u00e9e de lecture estim\u00e9e\" \/>\n\t<meta name=\"twitter:data2\" content=\"2 minutes\" \/>\n<script type=\"application\/ld+json\" class=\"yoast-schema-graph\">{\"@context\":\"https:\/\/schema.org\",\"@graph\":[{\"@type\":\"WebPage\",\"@id\":\"https:\/\/theplayoffs.news\/fr\/actualite-nba\/la-controverse-du-ballon-a-milwaukee\/\",\"url\":\"https:\/\/theplayoffs.news\/fr\/actualite-nba\/la-controverse-du-ballon-a-milwaukee\/\",\"name\":\"La controverse du ballon \u00e0 Milwaukee - The Playoffs FR\",\"isPartOf\":{\"@id\":\"https:\/\/theplayoffs.news\/fr\/#website\"},\"primaryImageOfPage\":{\"@id\":\"https:\/\/theplayoffs.news\/fr\/actualite-nba\/la-controverse-du-ballon-a-milwaukee\/#primaryimage\"},\"image\":{\"@id\":\"https:\/\/theplayoffs.news\/fr\/actualite-nba\/la-controverse-du-ballon-a-milwaukee\/#primaryimage\"},\"thumbnailUrl\":\"https:\/\/theplayoffs.news\/fr\/wp-content\/uploads\/2023\/12\/USATSI_22101446.jpg\",\"datePublished\":\"2023-12-14T07:31:32+00:00\",\"dateModified\":\"2023-12-14T07:31:33+00:00\",\"author\":{\"@id\":\"https:\/\/theplayoffs.news\/fr\/#\/schema\/person\/eee5b69ad5d3c51cabe881c839dbe133\"},\"breadcrumb\":{\"@id\":\"https:\/\/theplayoffs.news\/fr\/actualite-nba\/la-controverse-du-ballon-a-milwaukee\/#breadcrumb\"},\"inLanguage\":\"fr-FR\",\"potentialAction\":[{\"@type\":\"ReadAction\",\"target\":[\"https:\/\/theplayoffs.news\/fr\/actualite-nba\/la-controverse-du-ballon-a-milwaukee\/\"]}]},{\"@type\":\"ImageObject\",\"inLanguage\":\"fr-FR\",\"@id\":\"https:\/\/theplayoffs.news\/fr\/actualite-nba\/la-controverse-du-ballon-a-milwaukee\/#primaryimage\",\"url\":\"https:\/\/theplayoffs.news\/fr\/wp-content\/uploads\/2023\/12\/USATSI_22101446.jpg\",\"contentUrl\":\"https:\/\/theplayoffs.news\/fr\/wp-content\/uploads\/2023\/12\/USATSI_22101446.jpg\",\"width\":1920,\"height\":1280,\"caption\":\"Mandatory Credit: Benny Sieu-USA TODAY Sports\"},{\"@type\":\"BreadcrumbList\",\"@id\":\"https:\/\/theplayoffs.news\/fr\/actualite-nba\/la-controverse-du-ballon-a-milwaukee\/#breadcrumb\",\"itemListElement\":[{\"@type\":\"ListItem\",\"position\":1,\"name\":\"Accueil\",\"item\":\"https:\/\/theplayoffs.news\/fr\/\"},{\"@type\":\"ListItem\",\"position\":2,\"name\":\"La controverse du ballon \u00e0 Milwaukee\"}]},{\"@type\":\"WebSite\",\"@id\":\"https:\/\/theplayoffs.news\/fr\/#website\",\"url\":\"https:\/\/theplayoffs.news\/fr\/\",\"name\":\"The Playoffs FR\",\"description\":\"NBA-NFL-NHL-MLB\",\"potentialAction\":[{\"@type\":\"SearchAction\",\"target\":{\"@type\":\"EntryPoint\",\"urlTemplate\":\"https:\/\/theplayoffs.news\/fr\/?s={search_term_string}\"},\"query-input\":{\"@type\":\"PropertyValueSpecification\",\"valueRequired\":true,\"valueName\":\"search_term_string\"}}],\"inLanguage\":\"fr-FR\"},{\"@type\":\"Person\",\"@id\":\"https:\/\/theplayoffs.news\/fr\/#\/schema\/person\/eee5b69ad5d3c51cabe881c839dbe133\",\"name\":\"Charles Taudin\",\"image\":{\"@type\":\"ImageObject\",\"inLanguage\":\"fr-FR\",\"@id\":\"https:\/\/theplayoffs.news\/fr\/#\/schema\/person\/image\/\",\"url\":\"https:\/\/secure.gravatar.com\/avatar\/59a1e772205ce9fd255edfcafc93013736822e20261f294c5753b20c41ede9f2?s=96&d=mm&r=g\",\"contentUrl\":\"https:\/\/secure.gravatar.com\/avatar\/59a1e772205ce9fd255edfcafc93013736822e20261f294c5753b20c41ede9f2?s=96&d=mm&r=g\",\"caption\":\"Charles Taudin\"},\"description\":\"R\u00e9dacteur en chef global de The Playoffs, j\u2019ai cr\u00e9\u00e9 The Free Agent, devenu The Playoffs FR, en 2020 durant la pand\u00e9mie. Amoureux depuis des ann\u00e9es des 4 sports majeurs am\u00e9ricains, j\u2019organise maintenant la strat\u00e9gie \u00e9ditoriale et les r\u00e9seaux sociaux de l\u2019ensemble des versions de The Playoffs. Il m\u2019arrive encore d\u2019\u00e9crire sur certains sports que j\u2019affectionne particuli\u00e8rement comme la NFL ou la MLB. Si vous devez retenir qu\u2019une chose : Eli Manning est le vrai GOAT pour avoir battu deux fois Tom Brady.\",\"sameAs\":[\"https:\/\/www.instagram.com\/ctaudin_\/\"],\"url\":\"https:\/\/theplayoffs.news\/fr\/author\/charles-taudin\/\"}]}<\/script>\n<!-- \/ Yoast SEO plugin. -->","yoast_head_json":{"title":"La controverse du ballon &agrave; Milwaukee - The Playoffs FR","robots":{"index":"index","follow":"follow","max-snippet":"max-snippet:-1","max-image-preview":"max-image-preview:large","max-video-preview":"max-video-preview:-1"},"canonical":"https:\/\/theplayoffs.news\/fr\/actualite-nba\/la-controverse-du-ballon-a-milwaukee\/","og_locale":"fr_FR","og_type":"article","og_title":"La controverse du ballon &agrave; Milwaukee - The Playoffs FR","og_url":"https:\/\/theplayoffs.news\/fr\/actualite-nba\/la-controverse-du-ballon-a-milwaukee\/","og_site_name":"The Playoffs FR","article_publisher":"https:\/\/www.facebook.com\/TheFreeAgentFR\/","article_modified_time":"2023-12-14T07:31:33+00:00","og_image":[{"width":1920,"height":1280,"url":"https:\/\/theplayoffs.news\/fr\/wp-content\/uploads\/2023\/12\/USATSI_22101446.jpg","type":"image\/jpeg"}],"author":"Charles Taudin","twitter_card":"summary_large_image","twitter_creator":"@TheFreeAgentFR","twitter_site":"@TheFreeAgentFR","twitter_misc":{"\u00c9crit par":"Charles Taudin","Dur\u00e9e de lecture estim\u00e9e":"2 minutes"},"schema":{"@context":"https:\/\/schema.org","@graph":[{"@type":"WebPage","@id":"https:\/\/theplayoffs.news\/fr\/actualite-nba\/la-controverse-du-ballon-a-milwaukee\/","url":"https:\/\/theplayoffs.news\/fr\/actualite-nba\/la-controverse-du-ballon-a-milwaukee\/","name":"La controverse du ballon \u00e0 Milwaukee - The Playoffs FR","isPartOf":{"@id":"https:\/\/theplayoffs.news\/fr\/#website"},"primaryImageOfPage":{"@id":"https:\/\/theplayoffs.news\/fr\/actualite-nba\/la-controverse-du-ballon-a-milwaukee\/#primaryimage"},"image":{"@id":"https:\/\/theplayoffs.news\/fr\/actualite-nba\/la-controverse-du-ballon-a-milwaukee\/#primaryimage"},"thumbnailUrl":"https:\/\/theplayoffs.news\/fr\/wp-content\/uploads\/2023\/12\/USATSI_22101446.jpg","datePublished":"2023-12-14T07:31:32+00:00","dateModified":"2023-12-14T07:31:33+00:00","author":{"@id":"https:\/\/theplayoffs.news\/fr\/#\/schema\/person\/eee5b69ad5d3c51cabe881c839dbe133"},"breadcrumb":{"@id":"https:\/\/theplayoffs.news\/fr\/actualite-nba\/la-controverse-du-ballon-a-milwaukee\/#breadcrumb"},"inLanguage":"fr-FR","potentialAction":[{"@type":"ReadAction","target":["https:\/\/theplayoffs.news\/fr\/actualite-nba\/la-controverse-du-ballon-a-milwaukee\/"]}]},{"@type":"ImageObject","inLanguage":"fr-FR","@id":"https:\/\/theplayoffs.news\/fr\/actualite-nba\/la-controverse-du-ballon-a-milwaukee\/#primaryimage","url":"https:\/\/theplayoffs.news\/fr\/wp-content\/uploads\/2023\/12\/USATSI_22101446.jpg","contentUrl":"https:\/\/theplayoffs.news\/fr\/wp-content\/uploads\/2023\/12\/USATSI_22101446.jpg","width":1920,"height":1280,"caption":"Mandatory Credit: Benny Sieu-USA TODAY Sports"},{"@type":"BreadcrumbList","@id":"https:\/\/theplayoffs.news\/fr\/actualite-nba\/la-controverse-du-ballon-a-milwaukee\/#breadcrumb","itemListElement":[{"@type":"ListItem","position":1,"name":"Accueil","item":"https:\/\/theplayoffs.news\/fr\/"},{"@type":"ListItem","position":2,"name":"La controverse du ballon \u00e0 Milwaukee"}]},{"@type":"WebSite","@id":"https:\/\/theplayoffs.news\/fr\/#website","url":"https:\/\/theplayoffs.news\/fr\/","name":"The Playoffs FR","description":"NBA-NFL-NHL-MLB","potentialAction":[{"@type":"SearchAction","target":{"@type":"EntryPoint","urlTemplate":"https:\/\/theplayoffs.news\/fr\/?s={search_term_string}"},"query-input":{"@type":"PropertyValueSpecification","valueRequired":true,"valueName":"search_term_string"}}],"inLanguage":"fr-FR"},{"@type":"Person","@id":"https:\/\/theplayoffs.news\/fr\/#\/schema\/person\/eee5b69ad5d3c51cabe881c839dbe133","name":"Charles Taudin","image":{"@type":"ImageObject","inLanguage":"fr-FR","@id":"https:\/\/theplayoffs.news\/fr\/#\/schema\/person\/image\/","url":"https:\/\/secure.gravatar.com\/avatar\/59a1e772205ce9fd255edfcafc93013736822e20261f294c5753b20c41ede9f2?s=96&d=mm&r=g","contentUrl":"https:\/\/secure.gravatar.com\/avatar\/59a1e772205ce9fd255edfcafc93013736822e20261f294c5753b20c41ede9f2?s=96&d=mm&r=g","caption":"Charles Taudin"},"description":"R\u00e9dacteur en chef global de The Playoffs, j\u2019ai cr\u00e9\u00e9 The Free Agent, devenu The Playoffs FR, en 2020 durant la pand\u00e9mie. Amoureux depuis des ann\u00e9es des 4 sports majeurs am\u00e9ricains, j\u2019organise maintenant la strat\u00e9gie \u00e9ditoriale et les r\u00e9seaux sociaux de l\u2019ensemble des versions de The Playoffs. Il m\u2019arrive encore d\u2019\u00e9crire sur certains sports que j\u2019affectionne particuli\u00e8rement comme la NFL ou la MLB. Si vous devez retenir qu\u2019une chose : Eli Manning est le vrai GOAT pour avoir battu deux fois Tom Brady.","sameAs":["https:\/\/www.instagram.com\/ctaudin_\/"],"url":"https:\/\/theplayoffs.news\/fr\/author\/charles-taudin\/"}]}},"_links":{"self":[{"href":"https:\/\/theplayoffs.news\/fr\/wp-json\/wp\/v2\/posts\/1163952","targetHints":{"allow":["GET"]}}],"collection":[{"href":"https:\/\/theplayoffs.news\/fr\/wp-json\/wp\/v2\/posts"}],"about":[{"href":"https:\/\/theplayoffs.news\/fr\/wp-json\/wp\/v2\/types\/post"}],"author":[{"embeddable":true,"href":"https:\/\/theplayoffs.news\/fr\/wp-json\/wp\/v2\/users\/13"}],"replies":[{"embeddable":true,"href":"https:\/\/theplayoffs.news\/fr\/wp-json\/wp\/v2\/comments?post=1163952"}],"version-history":[{"count":3,"href":"https:\/\/theplayoffs.news\/fr\/wp-json\/wp\/v2\/posts\/1163952\/revisions"}],"predecessor-version":[{"id":1163986,"href":"https:\/\/theplayoffs.news\/fr\/wp-json\/wp\/v2\/posts\/1163952\/revisions\/1163986"}],"wp:featuredmedia":[{"embeddable":true,"href":"https:\/\/theplayoffs.news\/fr\/wp-json\/wp\/v2\/media\/1163973"}],"wp:attachment":[{"href":"https:\/\/theplayoffs.news\/fr\/wp-json\/wp\/v2\/media?parent=1163952"}],"wp:term":[{"taxonomy":"category","embeddable":true,"href":"https:\/\/theplayoffs.news\/fr\/wp-json\/wp\/v2\/categories?post=1163952"},{"taxonomy":"post_tag","embeddable":true,"href":"https:\/\/theplayoffs.news\/fr\/wp-json\/wp\/v2\/tags?post=1163952"},{"taxonomy":"sport","embeddable":true,"href":"https:\/\/theplayoffs.news\/fr\/wp-json\/wp\/v2\/sport?post=1163952"},{"taxonomy":"saison","embeddable":true,"href":"https:\/\/theplayoffs.news\/fr\/wp-json\/wp\/v2\/saison?post=1163952"}],"curies":[{"name":"wp","href":"https:\/\/api.w.org\/{rel}","templated":true}]}}