{"id":1163731,"date":"2023-12-14T07:35:58","date_gmt":"2023-12-14T06:35:58","guid":{"rendered":"https:\/\/theplayoffs.news\/fr\/?p=1163731"},"modified":"2023-12-14T07:35:59","modified_gmt":"2023-12-14T06:35:59","slug":"draymond-green-suspendu-duree-indeterminee","status":"publish","type":"post","link":"https:\/\/theplayoffs.news\/fr\/actualite-nba\/draymond-green-suspendu-duree-indeterminee\/","title":{"rendered":"Draymond green suspendu pour une dur\u00e9e ind\u00e9termin\u00e9e"},"content":{"rendered":"<h2>NBA &ndash; Draymond Green, fait face &agrave; une suspension ind&eacute;finie apr&egrave;s un incident contentieux lors du match de mardi contre les Phoenix Suns.<\/h2><p>La d&eacute;cision de la ligue est intervenue rapidement apr&egrave;s que Green ait frapp&eacute; le pivot des Suns, Jusuf Nurki&#263;, au visage, entra&icirc;nant son expulsion imm&eacute;diate du match. Cela marque la troisi&egrave;me expulsion de Green cette saison, une tendance pr&eacute;occupante pour les Warriors.<\/p><blockquote class=\"twitter-tweet\" data-width=\"500\" data-dnt=\"true\">\n<p lang=\"fr\" dir=\"ltr\">Et &ccedil;a recommence <a href=\"https:\/\/t.co\/PEPo00lBYn\" class=\"trk-cta-link\" data-cta-trk='{\"ctaType\":\"Link\",\"ctaSubType\":\"main\"}'>pic.twitter.com\/PEPo00lBYn<\/a><\/p>\n<p>&mdash; The Playoffs FR (@ThePlayoffsFR) <a href=\"https:\/\/twitter.com\/ThePlayoffsFR\/status\/1734818892885692814?ref_src=twsrc%5Etfw\" class=\"trk-cta-link\" data-cta-trk='{\"ctaType\":\"Link\",\"ctaSubType\":\"main\"}'>December 13, 2023<\/a><\/p><\/blockquote><p><script async src=\"https:\/\/platform.twitter.com\/widgets.js\" charset=\"utf-8\"><\/script><\/p><p>La <a href=\"https:\/\/twitter.com\/wojespn\/status\/1735102051372151194\" class=\"trk-cta-link\" data-cta-trk='{\"ctaType\":\"Link\",\"ctaSubType\":\"main\"}'>r&eacute;ponse ferme de la NBA<\/a>, annonc&eacute;e par le chef des op&eacute;rations Joe Dumars, refl&egrave;te non seulement la gravit&eacute; de l&rsquo;incident, mais aussi l&rsquo;historique de comportements similaires de Green. Sa suspension ind&eacute;finie est un message clair de la ligue : les comportements antisportifs r&eacute;p&eacute;t&eacute;s ne seront pas tol&eacute;r&eacute;s.<\/p><p>Les implications financi&egrave;res sont &eacute;galement significatives, Draymond Green faisant face &agrave; des amendes consid&eacute;rables par match, selon la dur&eacute;e de sa suspension.<\/p><p>Cette suspension soul&egrave;ve des questions s&eacute;rieuses sur l&rsquo;avenir de Draymond Green avec les Warriors et son r&ocirc;le dans la NBA. En tant que joueur v&eacute;t&eacute;ran avec un historique de probl&egrave;mes disciplinaires, les actions de Green ne sont pas seulement des erreurs personnelles, mais affectent &eacute;galement la dynamique et la performance de l&rsquo;&eacute;quipe.<\/p><p>Les Warriors, actuellement en difficult&eacute; avec un bilan de 10-13, ont exprim&eacute; leur besoin de la pr&eacute;sence de <a href=\"https:\/\/theplayoffs.news\/fr\/joueur\/draymond-green-nba-13178\/\" class=\"trk-cta-link\" data-cta-trk='{\"ctaType\":\"Link\",\"ctaSubType\":\"main\"}'><strong>Draymond Green<\/strong><\/a> sur le terrain, surtout avec des joueurs cl&eacute;s comme Klay Thompson et Andrew Wiggins en sous-performance.<\/p><p>La direction de l&rsquo;&eacute;quipe, y compris le directeur g&eacute;n&eacute;ral des Warriors, Mike Dunleavy Jr., et l&rsquo;agent de Green, Rich Paul, sont sur le point de discuter d&rsquo;un chemin de r&eacute;habilitation pour Green. Cela comprend des programmes de conseil et d&rsquo;assistance, indiquant l&rsquo;engagement des Warriors &agrave; soutenir leur joueur tout en respectant les normes disciplinaires.<\/p><p>Cependant, l&rsquo;incident jette &eacute;galement une ombre sur la discipline interne de l&rsquo;&eacute;quipe, suite au manque d&rsquo;action rigoureuse contre Green pour des altercations pr&eacute;c&eacute;dentes.<\/p><p>&nbsp;<\/p><p>Credit Photo : Mark J. Rebilas-USA TODAY Sports<\/p>\n","protected":false},"excerpt":{"rendered":"","protected":false},"author":13,"featured_media":1163740,"comment_status":"open","ping_status":"closed","sticky":false,"template":"","format":"standard","meta":{"inline_featured_image":false,"kia_subtitle":"","_mux_skip_reasons":[],"proofreadBy":0,"footnotes":""},"categories":[110,10],"tags":[311,1097],"sport":[],"saison":[],"class_list":["post-1163731","post","type-post","status-publish","format-standard","has-post-thumbnail","hentry","category-actualite-nba","category-nba","tag-draymond-green","tag-golden-state-warriors"],"acf":[],"yoast_head":"<!-- This site is optimized with the Yoast SEO plugin v24.2 - https:\/\/yoast.com\/wordpress\/plugins\/seo\/ -->\n<title>Draymond green suspendu pour une dur&eacute;e ind&eacute;termin&eacute;e - The Playoffs FR<\/title>\n<meta name=\"robots\" content=\"index, follow, max-snippet:-1, max-image-preview:large, max-video-preview:-1\" \/>\n<link rel=\"canonical\" href=\"https:\/\/theplayoffs.news\/fr\/actualite-nba\/draymond-green-suspendu-duree-indeterminee\/\" \/>\n<meta property=\"og:locale\" content=\"fr_FR\" \/>\n<meta property=\"og:type\" content=\"article\" \/>\n<meta property=\"og:title\" content=\"Draymond green suspendu pour une dur&eacute;e ind&eacute;termin&eacute;e - The Playoffs FR\" \/>\n<meta property=\"og:url\" content=\"https:\/\/theplayoffs.news\/fr\/actualite-nba\/draymond-green-suspendu-duree-indeterminee\/\" \/>\n<meta property=\"og:site_name\" content=\"The Playoffs FR\" \/>\n<meta property=\"article:publisher\" content=\"https:\/\/www.facebook.com\/TheFreeAgentFR\/\" \/>\n<meta property=\"article:modified_time\" content=\"2023-12-14T07:35:59+01:00\" \/>\n<meta property=\"og:image\" content=\"https:\/\/theplayoffs.news\/fr\/wp-content\/uploads\/2023\/12\/USATSI_22094612-1.jpg\" \/>\n\t<meta property=\"og:image:width\" content=\"1920\" \/>\n\t<meta property=\"og:image:height\" content=\"1350\" \/>\n\t<meta property=\"og:image:type\" content=\"image\/jpeg\" \/>\n<meta name=\"author\" content=\"Charles Taudin\" \/>\n<meta name=\"twitter:card\" content=\"summary_large_image\" \/>\n<meta name=\"twitter:creator\" content=\"@TheFreeAgentFR\" \/>\n<meta name=\"twitter:site\" content=\"@TheFreeAgentFR\" \/>\n<meta name=\"twitter:label1\" content=\"\u00c9crit par\" \/>\n\t<meta name=\"twitter:data1\" content=\"Charles Taudin\" \/>\n\t<meta name=\"twitter:label2\" content=\"Dur\u00e9e de lecture estim\u00e9e\" \/>\n\t<meta name=\"twitter:data2\" content=\"2 minutes\" \/>\n<script type=\"application\/ld+json\" class=\"yoast-schema-graph\">{\"@context\":\"https:\/\/schema.org\",\"@graph\":[{\"@type\":\"WebPage\",\"@id\":\"https:\/\/theplayoffs.news\/fr\/actualite-nba\/draymond-green-suspendu-duree-indeterminee\/\",\"url\":\"https:\/\/theplayoffs.news\/fr\/actualite-nba\/draymond-green-suspendu-duree-indeterminee\/\",\"name\":\"Draymond green suspendu pour une dur\u00e9e ind\u00e9termin\u00e9e - The Playoffs FR\",\"isPartOf\":{\"@id\":\"https:\/\/theplayoffs.news\/fr\/#website\"},\"primaryImageOfPage\":{\"@id\":\"https:\/\/theplayoffs.news\/fr\/actualite-nba\/draymond-green-suspendu-duree-indeterminee\/#primaryimage\"},\"image\":{\"@id\":\"https:\/\/theplayoffs.news\/fr\/actualite-nba\/draymond-green-suspendu-duree-indeterminee\/#primaryimage\"},\"thumbnailUrl\":\"https:\/\/theplayoffs.news\/fr\/wp-content\/uploads\/2023\/12\/USATSI_22094612-1.jpg\",\"datePublished\":\"2023-12-14T06:35:58+00:00\",\"dateModified\":\"2023-12-14T06:35:59+00:00\",\"author\":{\"@id\":\"https:\/\/theplayoffs.news\/fr\/#\/schema\/person\/eee5b69ad5d3c51cabe881c839dbe133\"},\"breadcrumb\":{\"@id\":\"https:\/\/theplayoffs.news\/fr\/actualite-nba\/draymond-green-suspendu-duree-indeterminee\/#breadcrumb\"},\"inLanguage\":\"fr-FR\",\"potentialAction\":[{\"@type\":\"ReadAction\",\"target\":[\"https:\/\/theplayoffs.news\/fr\/actualite-nba\/draymond-green-suspendu-duree-indeterminee\/\"]}]},{\"@type\":\"ImageObject\",\"inLanguage\":\"fr-FR\",\"@id\":\"https:\/\/theplayoffs.news\/fr\/actualite-nba\/draymond-green-suspendu-duree-indeterminee\/#primaryimage\",\"url\":\"https:\/\/theplayoffs.news\/fr\/wp-content\/uploads\/2023\/12\/USATSI_22094612-1.jpg\",\"contentUrl\":\"https:\/\/theplayoffs.news\/fr\/wp-content\/uploads\/2023\/12\/USATSI_22094612-1.jpg\",\"width\":1920,\"height\":1350,\"caption\":\"Dec 12, 2023; Phoenix, Arizona, USA; Golden State Warriors forward Draymond Green (23) reacts against the Phoenix Suns at Footprint Center. Mandatory Credit: Mark J. Rebilas-USA TODAY Sports\"},{\"@type\":\"BreadcrumbList\",\"@id\":\"https:\/\/theplayoffs.news\/fr\/actualite-nba\/draymond-green-suspendu-duree-indeterminee\/#breadcrumb\",\"itemListElement\":[{\"@type\":\"ListItem\",\"position\":1,\"name\":\"Accueil\",\"item\":\"https:\/\/theplayoffs.news\/fr\/\"},{\"@type\":\"ListItem\",\"position\":2,\"name\":\"Draymond green suspendu pour une dur\u00e9e ind\u00e9termin\u00e9e\"}]},{\"@type\":\"WebSite\",\"@id\":\"https:\/\/theplayoffs.news\/fr\/#website\",\"url\":\"https:\/\/theplayoffs.news\/fr\/\",\"name\":\"The Playoffs FR\",\"description\":\"NBA-NFL-NHL-MLB\",\"potentialAction\":[{\"@type\":\"SearchAction\",\"target\":{\"@type\":\"EntryPoint\",\"urlTemplate\":\"https:\/\/theplayoffs.news\/fr\/?s={search_term_string}\"},\"query-input\":{\"@type\":\"PropertyValueSpecification\",\"valueRequired\":true,\"valueName\":\"search_term_string\"}}],\"inLanguage\":\"fr-FR\"},{\"@type\":\"Person\",\"@id\":\"https:\/\/theplayoffs.news\/fr\/#\/schema\/person\/eee5b69ad5d3c51cabe881c839dbe133\",\"name\":\"Charles Taudin\",\"image\":{\"@type\":\"ImageObject\",\"inLanguage\":\"fr-FR\",\"@id\":\"https:\/\/theplayoffs.news\/fr\/#\/schema\/person\/image\/\",\"url\":\"https:\/\/secure.gravatar.com\/avatar\/59a1e772205ce9fd255edfcafc93013736822e20261f294c5753b20c41ede9f2?s=96&d=mm&r=g\",\"contentUrl\":\"https:\/\/secure.gravatar.com\/avatar\/59a1e772205ce9fd255edfcafc93013736822e20261f294c5753b20c41ede9f2?s=96&d=mm&r=g\",\"caption\":\"Charles Taudin\"},\"description\":\"R\u00e9dacteur en chef global de The Playoffs, j\u2019ai cr\u00e9\u00e9 The Free Agent, devenu The Playoffs FR, en 2020 durant la pand\u00e9mie. Amoureux depuis des ann\u00e9es des 4 sports majeurs am\u00e9ricains, j\u2019organise maintenant la strat\u00e9gie \u00e9ditoriale et les r\u00e9seaux sociaux de l\u2019ensemble des versions de The Playoffs. Il m\u2019arrive encore d\u2019\u00e9crire sur certains sports que j\u2019affectionne particuli\u00e8rement comme la NFL ou la MLB. Si vous devez retenir qu\u2019une chose : Eli Manning est le vrai GOAT pour avoir battu deux fois Tom Brady.\",\"sameAs\":[\"https:\/\/www.instagram.com\/ctaudin_\/\"],\"url\":\"https:\/\/theplayoffs.news\/fr\/author\/charles-taudin\/\"}]}<\/script>\n<!-- \/ Yoast SEO plugin. -->","yoast_head_json":{"title":"Draymond green suspendu pour une dur&eacute;e ind&eacute;termin&eacute;e - The Playoffs FR","robots":{"index":"index","follow":"follow","max-snippet":"max-snippet:-1","max-image-preview":"max-image-preview:large","max-video-preview":"max-video-preview:-1"},"canonical":"https:\/\/theplayoffs.news\/fr\/actualite-nba\/draymond-green-suspendu-duree-indeterminee\/","og_locale":"fr_FR","og_type":"article","og_title":"Draymond green suspendu pour une dur&eacute;e ind&eacute;termin&eacute;e - The Playoffs FR","og_url":"https:\/\/theplayoffs.news\/fr\/actualite-nba\/draymond-green-suspendu-duree-indeterminee\/","og_site_name":"The Playoffs FR","article_publisher":"https:\/\/www.facebook.com\/TheFreeAgentFR\/","article_modified_time":"2023-12-14T06:35:59+00:00","og_image":[{"width":1920,"height":1350,"url":"https:\/\/theplayoffs.news\/fr\/wp-content\/uploads\/2023\/12\/USATSI_22094612-1.jpg","type":"image\/jpeg"}],"author":"Charles Taudin","twitter_card":"summary_large_image","twitter_creator":"@TheFreeAgentFR","twitter_site":"@TheFreeAgentFR","twitter_misc":{"\u00c9crit par":"Charles Taudin","Dur\u00e9e de lecture estim\u00e9e":"2 minutes"},"schema":{"@context":"https:\/\/schema.org","@graph":[{"@type":"WebPage","@id":"https:\/\/theplayoffs.news\/fr\/actualite-nba\/draymond-green-suspendu-duree-indeterminee\/","url":"https:\/\/theplayoffs.news\/fr\/actualite-nba\/draymond-green-suspendu-duree-indeterminee\/","name":"Draymond green suspendu pour une dur\u00e9e ind\u00e9termin\u00e9e - The Playoffs FR","isPartOf":{"@id":"https:\/\/theplayoffs.news\/fr\/#website"},"primaryImageOfPage":{"@id":"https:\/\/theplayoffs.news\/fr\/actualite-nba\/draymond-green-suspendu-duree-indeterminee\/#primaryimage"},"image":{"@id":"https:\/\/theplayoffs.news\/fr\/actualite-nba\/draymond-green-suspendu-duree-indeterminee\/#primaryimage"},"thumbnailUrl":"https:\/\/theplayoffs.news\/fr\/wp-content\/uploads\/2023\/12\/USATSI_22094612-1.jpg","datePublished":"2023-12-14T06:35:58+00:00","dateModified":"2023-12-14T06:35:59+00:00","author":{"@id":"https:\/\/theplayoffs.news\/fr\/#\/schema\/person\/eee5b69ad5d3c51cabe881c839dbe133"},"breadcrumb":{"@id":"https:\/\/theplayoffs.news\/fr\/actualite-nba\/draymond-green-suspendu-duree-indeterminee\/#breadcrumb"},"inLanguage":"fr-FR","potentialAction":[{"@type":"ReadAction","target":["https:\/\/theplayoffs.news\/fr\/actualite-nba\/draymond-green-suspendu-duree-indeterminee\/"]}]},{"@type":"ImageObject","inLanguage":"fr-FR","@id":"https:\/\/theplayoffs.news\/fr\/actualite-nba\/draymond-green-suspendu-duree-indeterminee\/#primaryimage","url":"https:\/\/theplayoffs.news\/fr\/wp-content\/uploads\/2023\/12\/USATSI_22094612-1.jpg","contentUrl":"https:\/\/theplayoffs.news\/fr\/wp-content\/uploads\/2023\/12\/USATSI_22094612-1.jpg","width":1920,"height":1350,"caption":"Dec 12, 2023; Phoenix, Arizona, USA; Golden State Warriors forward Draymond Green (23) reacts against the Phoenix Suns at Footprint Center. Mandatory Credit: Mark J. Rebilas-USA TODAY Sports"},{"@type":"BreadcrumbList","@id":"https:\/\/theplayoffs.news\/fr\/actualite-nba\/draymond-green-suspendu-duree-indeterminee\/#breadcrumb","itemListElement":[{"@type":"ListItem","position":1,"name":"Accueil","item":"https:\/\/theplayoffs.news\/fr\/"},{"@type":"ListItem","position":2,"name":"Draymond green suspendu pour une dur\u00e9e ind\u00e9termin\u00e9e"}]},{"@type":"WebSite","@id":"https:\/\/theplayoffs.news\/fr\/#website","url":"https:\/\/theplayoffs.news\/fr\/","name":"The Playoffs FR","description":"NBA-NFL-NHL-MLB","potentialAction":[{"@type":"SearchAction","target":{"@type":"EntryPoint","urlTemplate":"https:\/\/theplayoffs.news\/fr\/?s={search_term_string}"},"query-input":{"@type":"PropertyValueSpecification","valueRequired":true,"valueName":"search_term_string"}}],"inLanguage":"fr-FR"},{"@type":"Person","@id":"https:\/\/theplayoffs.news\/fr\/#\/schema\/person\/eee5b69ad5d3c51cabe881c839dbe133","name":"Charles Taudin","image":{"@type":"ImageObject","inLanguage":"fr-FR","@id":"https:\/\/theplayoffs.news\/fr\/#\/schema\/person\/image\/","url":"https:\/\/secure.gravatar.com\/avatar\/59a1e772205ce9fd255edfcafc93013736822e20261f294c5753b20c41ede9f2?s=96&d=mm&r=g","contentUrl":"https:\/\/secure.gravatar.com\/avatar\/59a1e772205ce9fd255edfcafc93013736822e20261f294c5753b20c41ede9f2?s=96&d=mm&r=g","caption":"Charles Taudin"},"description":"R\u00e9dacteur en chef global de The Playoffs, j\u2019ai cr\u00e9\u00e9 The Free Agent, devenu The Playoffs FR, en 2020 durant la pand\u00e9mie. Amoureux depuis des ann\u00e9es des 4 sports majeurs am\u00e9ricains, j\u2019organise maintenant la strat\u00e9gie \u00e9ditoriale et les r\u00e9seaux sociaux de l\u2019ensemble des versions de The Playoffs. Il m\u2019arrive encore d\u2019\u00e9crire sur certains sports que j\u2019affectionne particuli\u00e8rement comme la NFL ou la MLB. Si vous devez retenir qu\u2019une chose : Eli Manning est le vrai GOAT pour avoir battu deux fois Tom Brady.","sameAs":["https:\/\/www.instagram.com\/ctaudin_\/"],"url":"https:\/\/theplayoffs.news\/fr\/author\/charles-taudin\/"}]}},"_links":{"self":[{"href":"https:\/\/theplayoffs.news\/fr\/wp-json\/wp\/v2\/posts\/1163731","targetHints":{"allow":["GET"]}}],"collection":[{"href":"https:\/\/theplayoffs.news\/fr\/wp-json\/wp\/v2\/posts"}],"about":[{"href":"https:\/\/theplayoffs.news\/fr\/wp-json\/wp\/v2\/types\/post"}],"author":[{"embeddable":true,"href":"https:\/\/theplayoffs.news\/fr\/wp-json\/wp\/v2\/users\/13"}],"replies":[{"embeddable":true,"href":"https:\/\/theplayoffs.news\/fr\/wp-json\/wp\/v2\/comments?post=1163731"}],"version-history":[{"count":3,"href":"https:\/\/theplayoffs.news\/fr\/wp-json\/wp\/v2\/posts\/1163731\/revisions"}],"predecessor-version":[{"id":1163754,"href":"https:\/\/theplayoffs.news\/fr\/wp-json\/wp\/v2\/posts\/1163731\/revisions\/1163754"}],"wp:featuredmedia":[{"embeddable":true,"href":"https:\/\/theplayoffs.news\/fr\/wp-json\/wp\/v2\/media\/1163740"}],"wp:attachment":[{"href":"https:\/\/theplayoffs.news\/fr\/wp-json\/wp\/v2\/media?parent=1163731"}],"wp:term":[{"taxonomy":"category","embeddable":true,"href":"https:\/\/theplayoffs.news\/fr\/wp-json\/wp\/v2\/categories?post=1163731"},{"taxonomy":"post_tag","embeddable":true,"href":"https:\/\/theplayoffs.news\/fr\/wp-json\/wp\/v2\/tags?post=1163731"},{"taxonomy":"sport","embeddable":true,"href":"https:\/\/theplayoffs.news\/fr\/wp-json\/wp\/v2\/sport?post=1163731"},{"taxonomy":"saison","embeddable":true,"href":"https:\/\/theplayoffs.news\/fr\/wp-json\/wp\/v2\/saison?post=1163731"}],"curies":[{"name":"wp","href":"https:\/\/api.w.org\/{rel}","templated":true}]}}