{"id":1150652,"date":"2023-12-09T15:46:11","date_gmt":"2023-12-09T14:46:11","guid":{"rendered":"https:\/\/theplayoffs.news\/fr\/?p=1150652"},"modified":"2023-12-09T15:46:12","modified_gmt":"2023-12-09T14:46:12","slug":"tj-watt-entre-en-protocole-commotion","status":"publish","type":"post","link":"https:\/\/theplayoffs.news\/fr\/actualite-nfl\/tj-watt-entre-en-protocole-commotion\/","title":{"rendered":"TJ Watt entre en protocole commotion"},"content":{"rendered":"<h2>NFL &ndash; Les Pittsburgh Steelers ont plac&eacute; TJ Watt en protocole commotion apr&egrave;s un choc re&ccedil;u ce jeudi soir lors de Thursday Night Football face aux Patriots<\/h2><p><a href=\"https:\/\/theplayoffs.news\/fr\/joueur\/t-j-watt-nfl-6090564\/\" class=\"trk-cta-link\" data-cta-trk='{\"ctaType\":\"Link\",\"ctaSubType\":\"main\"}'>TJ Watt<\/a> a-t-il jou&eacute; avec une commotion c&eacute;r&eacute;brale ce jeudi lors de la d&eacute;faite des Steelers de Pittsburgh face aux Patriots de la Nouvelle-Angleterre comptant pour le Thursday Night Football de la week 14? C&rsquo;est une question qui se pose en raison des derni&egrave;res r&eacute;v&eacute;lations de l&rsquo;&eacute;tat de sant&eacute; du joueur d&eacute;fensif de 29 ans re&ccedil;u ces derni&egrave;res heures. Un &eacute;tat de sant&eacute; qui a contraint &agrave; placer le joueur vedette de la franchise en protocole commotion ce samedi d&rsquo;apr&egrave;s de <a href=\"https:\/\/twitter.com\/bepryor\/status\/1733485988817572099\" class=\"trk-cta-link\" data-cta-trk='{\"ctaType\":\"Link\",\"ctaSubType\":\"main\"}'>multiples sources<\/a>.<\/p><blockquote class=\"twitter-tweet\" data-width=\"500\" data-dnt=\"true\">\n<p lang=\"en\" dir=\"ltr\">TJ Watt is in concussion protocol, per Steelers spokesman Burt Lauten. He came in yesterday morning experiencing symptoms. <\/p>\n<p>Watt must be cleared by the independent neurologist before he can return to play. Steelers play next at Colts a week from today.<\/p>\n<p>&mdash; Brooke Pryor (@bepryor) <a href=\"https:\/\/twitter.com\/bepryor\/status\/1733485988817572099?ref_src=twsrc%5Etfw\" class=\"trk-cta-link\" data-cta-trk='{\"ctaType\":\"Link\",\"ctaSubType\":\"main\"}'>December 9, 2023<\/a><\/p><\/blockquote><p><script async src=\"https:\/\/platform.twitter.com\/widgets.js\" charset=\"utf-8\"><\/script><\/p><p>Retour sur les faits: TJ Watt a re&ccedil;u un choc &agrave; la t&ecirc;te au d&eacute;but du match contre les Patriots suite au genou d&rsquo;Ezekiel Elliott qui est venu frapper le d&eacute;fenseur des Steelers. Apr&egrave;s avoir &eacute;t&eacute; observ&eacute; par les m&eacute;decins, Watt a &eacute;t&eacute; autoris&eacute; &agrave; prendre part &agrave; la suite de la rencontre. Mais quelques heures plus tard, l&rsquo;&eacute;tat de sant&eacute; du joueur ne s&rsquo;am&eacute;liorant pas, TJ Watt a de nouveau &eacute;t&eacute; examin&eacute; par les m&eacute;decins dans les installations du club. Des m&eacute;decins qui ont donc d&eacute;cid&eacute; de son placement en protocole commotion.<\/p><p>\n<div id=\"attachment_1150747\" style=\"width: 310px\" class=\"wp-caption aligncenter\"><img loading=\"lazy\" decoding=\"async\" aria-describedby=\"caption-attachment-1150747\" class=\"size-medium wp-image-1150747\" src=\"https:\/\/theplayoffs.news\/fr\/wp-content\/uploads\/2023\/12\/USATSI_22068595-300x219.jpg\" alt=\"\" width=\"300\" height=\"219\" srcset=\"https:\/\/theplayoffs.news\/fr\/wp-content\/uploads\/2023\/12\/USATSI_22068595-300x219.jpg 300w, https:\/\/theplayoffs.news\/fr\/wp-content\/uploads\/2023\/12\/USATSI_22068595-1030x752.jpg 1030w, https:\/\/theplayoffs.news\/fr\/wp-content\/uploads\/2023\/12\/USATSI_22068595-768x561.jpg 768w, https:\/\/theplayoffs.news\/fr\/wp-content\/uploads\/2023\/12\/USATSI_22068595-1536x1122.jpg 1536w, https:\/\/theplayoffs.news\/fr\/wp-content\/uploads\/2023\/12\/USATSI_22068595-1500x1095.jpg 1500w, https:\/\/theplayoffs.news\/fr\/wp-content\/uploads\/2023\/12\/USATSI_22068595-705x515.jpg 705w, https:\/\/theplayoffs.news\/fr\/wp-content\/uploads\/2023\/12\/USATSI_22068595-1320x964.jpg 1320w, https:\/\/theplayoffs.news\/fr\/wp-content\/uploads\/2023\/12\/USATSI_22068595.jpg 1920w\" sizes=\"auto, (max-width: 300px) 100vw, 300px\" \/><p id=\"caption-attachment-1150747\" class=\"wp-caption-text\">Mandatory Credit: Philip G. Pavely-USA TODAY Sports<\/p><\/div>\n<\/p><h3>TJ Watt a t il jou&eacute; avec une commotion c&eacute;r&eacute;brale jeudi?<\/h3><p>La question qui demeure est donc aujourd&rsquo;hui de savoir si les m&eacute;decins ont fait preuve de n&eacute;gligence ce jeudi soir en laissant revenir Watt sur le terrain ce qui aurait pu avoir des cons&eacute;quences d&eacute;sastreuses. Le joueur des Steelers est revenu au jeu avec une visi&egrave;re teint&eacute;e sur son casque preuve que la lumi&egrave;re semblait le g&ecirc;ner. Or la sensibilit&eacute; &agrave; la lumi&egrave;re est un des sympt&ocirc;mes de la commotion c&eacute;r&eacute;brale! Pourquoi alors avoir laiss&eacute; le joueur revenir sur la pelouse si les m&eacute;decins avaient connaissance de ces sympt&ocirc;mes?<\/p><p>De m&ecirc;me, TJ Watt s&rsquo;est plaint de migraines &agrave; la fin de la rencontre ce qui a conduit le joueur &agrave; ne pas honorer un rendez-vous avec la presse apr&egrave;s le match. Il est l&agrave; aussi peu probable que la migraine se soit d&eacute;clar&eacute;e juste &agrave; la fin du match ce qui indiquerait que Watt a jou&eacute; avec tous ces sympt&ocirc;mes. Il ne s&rsquo;agit pas ici d&rsquo;accuser des m&eacute;decins mais simplement de comprendre ce qui a pu se passer ce jeudi dans la rencontre entre les Steelers et les Patriots. La question de savoir si Watt a jou&eacute; avec les sympt&ocirc;mes d&rsquo;une commotion reste donc enti&egrave;re.<\/p><p>En tout &eacute;tat de cause, TJ Watt ne pourra &agrave; pr&eacute;sent retrouver l&rsquo;entra&icirc;nement et les terrains NFL qu&rsquo;apr&egrave;s avoir &eacute;t&eacute; examin&eacute; par des m&eacute;decins ind&eacute;pendants du club qui pourront alors lever le protocole commotion. Rien n&rsquo;indique donc &agrave; cette heure si le joueur phare des Steelers sera pr&eacute;sent la semaine prochaine face aux Colts d&rsquo;Indianapolis. Une perte qui pourrait &ecirc;tre d&rsquo;autant plus importante que les Steelers comptent d&eacute;j&agrave; Minkah Fitzpatrick en protocole commotion actuellement.<\/p><p><em>Cr&eacute;dit photo: Charles LeClaire-USA TODAY Sports<\/em><\/p>\n","protected":false},"excerpt":{"rendered":"","protected":false},"author":180309964,"featured_media":1150741,"comment_status":"open","ping_status":"closed","sticky":false,"template":"","format":"standard","meta":{"inline_featured_image":false,"kia_subtitle":"","_mux_skip_reasons":[],"proofreadBy":0,"footnotes":""},"categories":[118,40],"tags":[129,4303],"sport":[2785],"saison":[3453],"class_list":["post-1150652","post","type-post","status-publish","format-standard","has-post-thumbnail","hentry","category-actualite-nfl","category-nfl","tag-pittsburgh-steelers","tag-tj-watt","sport-nfl","saison-3453"],"acf":[],"yoast_head":"<!-- This site is optimized with the Yoast SEO plugin v24.2 - https:\/\/yoast.com\/wordpress\/plugins\/seo\/ -->\n<title>TJ Watt entre en protocole commotion - The Playoffs FR<\/title>\n<meta name=\"robots\" content=\"index, follow, max-snippet:-1, max-image-preview:large, max-video-preview:-1\" \/>\n<link rel=\"canonical\" href=\"https:\/\/theplayoffs.news\/fr\/actualite-nfl\/tj-watt-entre-en-protocole-commotion\/\" \/>\n<meta property=\"og:locale\" content=\"fr_FR\" \/>\n<meta property=\"og:type\" content=\"article\" \/>\n<meta property=\"og:title\" content=\"TJ Watt entre en protocole commotion - The Playoffs FR\" \/>\n<meta property=\"og:url\" content=\"https:\/\/theplayoffs.news\/fr\/actualite-nfl\/tj-watt-entre-en-protocole-commotion\/\" \/>\n<meta property=\"og:site_name\" content=\"The Playoffs FR\" \/>\n<meta property=\"article:publisher\" content=\"https:\/\/www.facebook.com\/TheFreeAgentFR\/\" \/>\n<meta property=\"article:modified_time\" content=\"2023-12-09T15:46:12+01:00\" \/>\n<meta property=\"og:image\" content=\"https:\/\/theplayoffs.news\/fr\/wp-content\/uploads\/2023\/12\/USATSI_22057858.jpg\" \/>\n\t<meta property=\"og:image:width\" content=\"1920\" \/>\n\t<meta property=\"og:image:height\" content=\"1363\" \/>\n\t<meta property=\"og:image:type\" content=\"image\/jpeg\" \/>\n<meta name=\"author\" content=\"Flavien Jumeau\" \/>\n<meta name=\"twitter:card\" content=\"summary_large_image\" \/>\n<meta name=\"twitter:creator\" content=\"@TheFreeAgentFR\" \/>\n<meta name=\"twitter:site\" content=\"@TheFreeAgentFR\" \/>\n<meta name=\"twitter:label1\" content=\"\u00c9crit par\" \/>\n\t<meta name=\"twitter:data1\" content=\"Flavien Jumeau\" \/>\n\t<meta name=\"twitter:label2\" content=\"Dur\u00e9e de lecture estim\u00e9e\" \/>\n\t<meta name=\"twitter:data2\" content=\"3 minutes\" \/>\n<script type=\"application\/ld+json\" class=\"yoast-schema-graph\">{\"@context\":\"https:\/\/schema.org\",\"@graph\":[{\"@type\":\"WebPage\",\"@id\":\"https:\/\/theplayoffs.news\/fr\/actualite-nfl\/tj-watt-entre-en-protocole-commotion\/\",\"url\":\"https:\/\/theplayoffs.news\/fr\/actualite-nfl\/tj-watt-entre-en-protocole-commotion\/\",\"name\":\"TJ Watt entre en protocole commotion - The Playoffs FR\",\"isPartOf\":{\"@id\":\"https:\/\/theplayoffs.news\/fr\/#website\"},\"primaryImageOfPage\":{\"@id\":\"https:\/\/theplayoffs.news\/fr\/actualite-nfl\/tj-watt-entre-en-protocole-commotion\/#primaryimage\"},\"image\":{\"@id\":\"https:\/\/theplayoffs.news\/fr\/actualite-nfl\/tj-watt-entre-en-protocole-commotion\/#primaryimage\"},\"thumbnailUrl\":\"https:\/\/theplayoffs.news\/fr\/wp-content\/uploads\/2023\/12\/USATSI_22057858.jpg\",\"datePublished\":\"2023-12-09T14:46:11+00:00\",\"dateModified\":\"2023-12-09T14:46:12+00:00\",\"author\":{\"@id\":\"https:\/\/theplayoffs.news\/fr\/#\/schema\/person\/def63bc6746dc5957469b75feb99e66d\"},\"breadcrumb\":{\"@id\":\"https:\/\/theplayoffs.news\/fr\/actualite-nfl\/tj-watt-entre-en-protocole-commotion\/#breadcrumb\"},\"inLanguage\":\"fr-FR\",\"potentialAction\":[{\"@type\":\"ReadAction\",\"target\":[\"https:\/\/theplayoffs.news\/fr\/actualite-nfl\/tj-watt-entre-en-protocole-commotion\/\"]}]},{\"@type\":\"ImageObject\",\"inLanguage\":\"fr-FR\",\"@id\":\"https:\/\/theplayoffs.news\/fr\/actualite-nfl\/tj-watt-entre-en-protocole-commotion\/#primaryimage\",\"url\":\"https:\/\/theplayoffs.news\/fr\/wp-content\/uploads\/2023\/12\/USATSI_22057858.jpg\",\"contentUrl\":\"https:\/\/theplayoffs.news\/fr\/wp-content\/uploads\/2023\/12\/USATSI_22057858.jpg\",\"width\":1920,\"height\":1363,\"caption\":\"Dec 7, 2023; Pittsburgh, Pennsylvania, USA; Pittsburgh Steelers linebacker T.J. Watt (90) takes the field against the New England Patriots at Acrisure Stadium. Mandatory Credit: Charles LeClaire-USA TODAY Sports\"},{\"@type\":\"BreadcrumbList\",\"@id\":\"https:\/\/theplayoffs.news\/fr\/actualite-nfl\/tj-watt-entre-en-protocole-commotion\/#breadcrumb\",\"itemListElement\":[{\"@type\":\"ListItem\",\"position\":1,\"name\":\"Accueil\",\"item\":\"https:\/\/theplayoffs.news\/fr\/\"},{\"@type\":\"ListItem\",\"position\":2,\"name\":\"TJ Watt entre en protocole commotion\"}]},{\"@type\":\"WebSite\",\"@id\":\"https:\/\/theplayoffs.news\/fr\/#website\",\"url\":\"https:\/\/theplayoffs.news\/fr\/\",\"name\":\"The Playoffs FR\",\"description\":\"NBA-NFL-NHL-MLB\",\"potentialAction\":[{\"@type\":\"SearchAction\",\"target\":{\"@type\":\"EntryPoint\",\"urlTemplate\":\"https:\/\/theplayoffs.news\/fr\/?s={search_term_string}\"},\"query-input\":{\"@type\":\"PropertyValueSpecification\",\"valueRequired\":true,\"valueName\":\"search_term_string\"}}],\"inLanguage\":\"fr-FR\"},{\"@type\":\"Person\",\"@id\":\"https:\/\/theplayoffs.news\/fr\/#\/schema\/person\/def63bc6746dc5957469b75feb99e66d\",\"name\":\"Flavien Jumeau\",\"image\":{\"@type\":\"ImageObject\",\"inLanguage\":\"fr-FR\",\"@id\":\"https:\/\/theplayoffs.news\/fr\/#\/schema\/person\/image\/\",\"url\":\"https:\/\/secure.gravatar.com\/avatar\/e7fa8ba5a4b7e4ce35fe152f083f352db28ad0acce692004ed88a7a7d78893f7?s=96&d=mm&r=g\",\"contentUrl\":\"https:\/\/secure.gravatar.com\/avatar\/e7fa8ba5a4b7e4ce35fe152f083f352db28ad0acce692004ed88a7a7d78893f7?s=96&d=mm&r=g\",\"caption\":\"Flavien Jumeau\"},\"description\":\"Amoureux du sport (et de vraiment tous les sports) depuis mon plus jeune \u00e2ge, j\u2019ai longtemps h\u00e9site entre le snooker et le curling. Finalement c\u2019est le foot US que j\u2019ai d\u00e9cid\u00e9 de choisir! Responsable foot US sur TPO et animateur du podcast Tailgate j\u2019ai pour mission de vous faire d\u00e9couvrir ce sport passionnant si ce n\u2019est pas encore fait et de vous donner les derni\u00e8res actus. Le tout dans la bonne humeur et avec toujours un jeu de mots ou deux savamment distill\u00e9s! Fan des Saints, pour moi Drew Brees est le vrai GOAT!\",\"url\":\"https:\/\/theplayoffs.news\/fr\/author\/flavien-jumeaugmail-com\/\"}]}<\/script>\n<!-- \/ Yoast SEO plugin. -->","yoast_head_json":{"title":"TJ Watt entre en protocole commotion - The Playoffs FR","robots":{"index":"index","follow":"follow","max-snippet":"max-snippet:-1","max-image-preview":"max-image-preview:large","max-video-preview":"max-video-preview:-1"},"canonical":"https:\/\/theplayoffs.news\/fr\/actualite-nfl\/tj-watt-entre-en-protocole-commotion\/","og_locale":"fr_FR","og_type":"article","og_title":"TJ Watt entre en protocole commotion - The Playoffs FR","og_url":"https:\/\/theplayoffs.news\/fr\/actualite-nfl\/tj-watt-entre-en-protocole-commotion\/","og_site_name":"The Playoffs FR","article_publisher":"https:\/\/www.facebook.com\/TheFreeAgentFR\/","article_modified_time":"2023-12-09T14:46:12+00:00","og_image":[{"width":1920,"height":1363,"url":"https:\/\/theplayoffs.news\/fr\/wp-content\/uploads\/2023\/12\/USATSI_22057858.jpg","type":"image\/jpeg"}],"author":"Flavien Jumeau","twitter_card":"summary_large_image","twitter_creator":"@TheFreeAgentFR","twitter_site":"@TheFreeAgentFR","twitter_misc":{"\u00c9crit par":"Flavien Jumeau","Dur\u00e9e de lecture estim\u00e9e":"3 minutes"},"schema":{"@context":"https:\/\/schema.org","@graph":[{"@type":"WebPage","@id":"https:\/\/theplayoffs.news\/fr\/actualite-nfl\/tj-watt-entre-en-protocole-commotion\/","url":"https:\/\/theplayoffs.news\/fr\/actualite-nfl\/tj-watt-entre-en-protocole-commotion\/","name":"TJ Watt entre en protocole commotion - The Playoffs FR","isPartOf":{"@id":"https:\/\/theplayoffs.news\/fr\/#website"},"primaryImageOfPage":{"@id":"https:\/\/theplayoffs.news\/fr\/actualite-nfl\/tj-watt-entre-en-protocole-commotion\/#primaryimage"},"image":{"@id":"https:\/\/theplayoffs.news\/fr\/actualite-nfl\/tj-watt-entre-en-protocole-commotion\/#primaryimage"},"thumbnailUrl":"https:\/\/theplayoffs.news\/fr\/wp-content\/uploads\/2023\/12\/USATSI_22057858.jpg","datePublished":"2023-12-09T14:46:11+00:00","dateModified":"2023-12-09T14:46:12+00:00","author":{"@id":"https:\/\/theplayoffs.news\/fr\/#\/schema\/person\/def63bc6746dc5957469b75feb99e66d"},"breadcrumb":{"@id":"https:\/\/theplayoffs.news\/fr\/actualite-nfl\/tj-watt-entre-en-protocole-commotion\/#breadcrumb"},"inLanguage":"fr-FR","potentialAction":[{"@type":"ReadAction","target":["https:\/\/theplayoffs.news\/fr\/actualite-nfl\/tj-watt-entre-en-protocole-commotion\/"]}]},{"@type":"ImageObject","inLanguage":"fr-FR","@id":"https:\/\/theplayoffs.news\/fr\/actualite-nfl\/tj-watt-entre-en-protocole-commotion\/#primaryimage","url":"https:\/\/theplayoffs.news\/fr\/wp-content\/uploads\/2023\/12\/USATSI_22057858.jpg","contentUrl":"https:\/\/theplayoffs.news\/fr\/wp-content\/uploads\/2023\/12\/USATSI_22057858.jpg","width":1920,"height":1363,"caption":"Dec 7, 2023; Pittsburgh, Pennsylvania, USA; Pittsburgh Steelers linebacker T.J. Watt (90) takes the field against the New England Patriots at Acrisure Stadium. Mandatory Credit: Charles LeClaire-USA TODAY Sports"},{"@type":"BreadcrumbList","@id":"https:\/\/theplayoffs.news\/fr\/actualite-nfl\/tj-watt-entre-en-protocole-commotion\/#breadcrumb","itemListElement":[{"@type":"ListItem","position":1,"name":"Accueil","item":"https:\/\/theplayoffs.news\/fr\/"},{"@type":"ListItem","position":2,"name":"TJ Watt entre en protocole commotion"}]},{"@type":"WebSite","@id":"https:\/\/theplayoffs.news\/fr\/#website","url":"https:\/\/theplayoffs.news\/fr\/","name":"The Playoffs FR","description":"NBA-NFL-NHL-MLB","potentialAction":[{"@type":"SearchAction","target":{"@type":"EntryPoint","urlTemplate":"https:\/\/theplayoffs.news\/fr\/?s={search_term_string}"},"query-input":{"@type":"PropertyValueSpecification","valueRequired":true,"valueName":"search_term_string"}}],"inLanguage":"fr-FR"},{"@type":"Person","@id":"https:\/\/theplayoffs.news\/fr\/#\/schema\/person\/def63bc6746dc5957469b75feb99e66d","name":"Flavien Jumeau","image":{"@type":"ImageObject","inLanguage":"fr-FR","@id":"https:\/\/theplayoffs.news\/fr\/#\/schema\/person\/image\/","url":"https:\/\/secure.gravatar.com\/avatar\/e7fa8ba5a4b7e4ce35fe152f083f352db28ad0acce692004ed88a7a7d78893f7?s=96&d=mm&r=g","contentUrl":"https:\/\/secure.gravatar.com\/avatar\/e7fa8ba5a4b7e4ce35fe152f083f352db28ad0acce692004ed88a7a7d78893f7?s=96&d=mm&r=g","caption":"Flavien Jumeau"},"description":"Amoureux du sport (et de vraiment tous les sports) depuis mon plus jeune \u00e2ge, j\u2019ai longtemps h\u00e9site entre le snooker et le curling. Finalement c\u2019est le foot US que j\u2019ai d\u00e9cid\u00e9 de choisir! Responsable foot US sur TPO et animateur du podcast Tailgate j\u2019ai pour mission de vous faire d\u00e9couvrir ce sport passionnant si ce n\u2019est pas encore fait et de vous donner les derni\u00e8res actus. Le tout dans la bonne humeur et avec toujours un jeu de mots ou deux savamment distill\u00e9s! Fan des Saints, pour moi Drew Brees est le vrai GOAT!","url":"https:\/\/theplayoffs.news\/fr\/author\/flavien-jumeaugmail-com\/"}]}},"_links":{"self":[{"href":"https:\/\/theplayoffs.news\/fr\/wp-json\/wp\/v2\/posts\/1150652","targetHints":{"allow":["GET"]}}],"collection":[{"href":"https:\/\/theplayoffs.news\/fr\/wp-json\/wp\/v2\/posts"}],"about":[{"href":"https:\/\/theplayoffs.news\/fr\/wp-json\/wp\/v2\/types\/post"}],"author":[{"embeddable":true,"href":"https:\/\/theplayoffs.news\/fr\/wp-json\/wp\/v2\/users\/180309964"}],"replies":[{"embeddable":true,"href":"https:\/\/theplayoffs.news\/fr\/wp-json\/wp\/v2\/comments?post=1150652"}],"version-history":[{"count":2,"href":"https:\/\/theplayoffs.news\/fr\/wp-json\/wp\/v2\/posts\/1150652\/revisions"}],"predecessor-version":[{"id":1150753,"href":"https:\/\/theplayoffs.news\/fr\/wp-json\/wp\/v2\/posts\/1150652\/revisions\/1150753"}],"wp:featuredmedia":[{"embeddable":true,"href":"https:\/\/theplayoffs.news\/fr\/wp-json\/wp\/v2\/media\/1150741"}],"wp:attachment":[{"href":"https:\/\/theplayoffs.news\/fr\/wp-json\/wp\/v2\/media?parent=1150652"}],"wp:term":[{"taxonomy":"category","embeddable":true,"href":"https:\/\/theplayoffs.news\/fr\/wp-json\/wp\/v2\/categories?post=1150652"},{"taxonomy":"post_tag","embeddable":true,"href":"https:\/\/theplayoffs.news\/fr\/wp-json\/wp\/v2\/tags?post=1150652"},{"taxonomy":"sport","embeddable":true,"href":"https:\/\/theplayoffs.news\/fr\/wp-json\/wp\/v2\/sport?post=1150652"},{"taxonomy":"saison","embeddable":true,"href":"https:\/\/theplayoffs.news\/fr\/wp-json\/wp\/v2\/saison?post=1150652"}],"curies":[{"name":"wp","href":"https:\/\/api.w.org\/{rel}","templated":true}]}}