{"id":1144205,"date":"2023-12-07T13:22:10","date_gmt":"2023-12-07T12:22:10","guid":{"rendered":"https:\/\/theplayoffs.news\/fr\/?p=1144205"},"modified":"2023-12-07T13:22:11","modified_gmt":"2023-12-07T12:22:11","slug":"terry-mclaurin-a-parle-de-ses-frustration-avec-la-franchise","status":"publish","type":"post","link":"https:\/\/theplayoffs.news\/fr\/actualite-nfl\/terry-mclaurin-a-parle-de-ses-frustration-avec-la-franchise\/","title":{"rendered":"Terry McLaurin a parl\u00e9 de ses frustration avec la franchise"},"content":{"rendered":"<h2>NFL &ndash; Le r&eacute;cent rendement du receveur Terry McLaurin avec les Washington Commanders a mis en lumi&egrave;re sa frustration croissante.<\/h2><p><a href=\"https:\/\/theplayoffs.news\/fr\/joueur\/terry-mclaurin-nfl-6242844\/\" class=\"trk-cta-link\" data-cta-trk='{\"ctaType\":\"Link\",\"ctaSubType\":\"main\"}'><strong>Terry McLaurin<\/strong><\/a> a fait face &agrave; une s&eacute;cheresse notable dans le match de dimanche contre les Dolphins de Miami, o&ugrave; il n&rsquo;a pas enregistr&eacute; une seule r&eacute;ception. Cette ligne de stats souligne non seulement les d&eacute;fis personnels de Terry McLaurin, mais pose &eacute;galement des questions sur l&rsquo;efficacit&eacute; de la strat&eacute;gie offensive des Commanders.<\/p><p>La d&eacute;claration de McLaurin apr&egrave;s le match, &ldquo;<em>J&rsquo;ai fait beaucoup de cardio,<\/em>&rdquo; &eacute;tait une expression subtile mais remplie de frustration.<\/p><p>Sa participation &agrave; 45 actions sans qu&rsquo;une seule passe ne lui soit adress&eacute;e indique un probl&egrave;me plus vaste dans les d&eacute;cisions de jeu de l&rsquo;&eacute;quipe. Le talent et le potentiel de McLaurin, apparemment sous-utilis&eacute;s, pointent vers un d&eacute;calage entre ses capacit&eacute;s et la planification offensive de l&rsquo;&eacute;quipe. Pourtant, Sam Howell pointe &agrave; la deuxi&egrave;me place en nombre de yards &agrave; la passe cette saison juste derri&egrave;re CJ Stroud.<\/p><h4>La R&eacute;ponse des Commanders<\/h4><p>En r&eacute;ponse &agrave; la situation, l&rsquo;entra&icirc;neur en chef Ron Rivera et le coordinateur offensif Eric Bieniemy ont apparemment engag&eacute; des discussions avec Terry McLaurin. Cependant, reste &agrave; voir si ces discussions se traduiront par des changements efficaces sur le terrain.<\/p><blockquote><p>&laquo;&nbsp;Je sais qu&rsquo;il a parl&eacute; &agrave; Eric, qu&rsquo;il est all&eacute; le voir et qu&rsquo;il a eu de bonnes conversations avec EB, d&rsquo;apr&egrave;s ce que j&rsquo;ai compris&nbsp;&raquo;, <a href=\"https:\/\/commanderswire.usatoday.com\/2023\/12\/05\/washington-commanders-ron-rivera-acknowledges-terry-mclaurins-frustration-with-the-offense-eric-bieniemy\/\" class=\"trk-cta-link\" data-cta-trk='{\"ctaType\":\"Link\",\"ctaSubType\":\"main\"}'>a d&eacute;clar&eacute; Rivera, via USA Today.<\/a> &laquo;&nbsp;C&rsquo;est donc pour moi la fa&ccedil;on de g&eacute;rer les choses, c&rsquo;est d&rsquo;y aller et d&rsquo;en parler directement. Je pense que c&rsquo;est ce qu&rsquo;il a fait. C&rsquo;est important pour lui de venir, de combattre la frustration et d&rsquo;en parler si c&rsquo;est ce qu&rsquo;il faut faire&nbsp;&raquo;.<\/p><\/blockquote><p>L&rsquo;analyse de la performance de McLaurin cette saison r&eacute;v&egrave;le un contraste frappant avec ses ann&eacute;es pr&eacute;c&eacute;dentes.<\/p><p>Affichant des moyennes les plus basses de sa carri&egrave;re en yards par r&eacute;ception, en yards par cible et en taux de r&eacute;ussite global, les statistiques de McLaurin refl&egrave;tent un joueur luttant pour trouver sa place dans le sch&eacute;ma offensif actuel.<\/p><p>Credit Photo : Jerome Miron-USA TODAY Sports<\/p>\n","protected":false},"excerpt":{"rendered":"","protected":false},"author":13,"featured_media":1144258,"comment_status":"open","ping_status":"closed","sticky":false,"template":"","format":"standard","meta":{"inline_featured_image":false,"kia_subtitle":"","_mux_skip_reasons":[],"proofreadBy":0,"footnotes":""},"categories":[118,40],"tags":[1129,3285],"sport":[],"saison":[],"class_list":["post-1144205","post","type-post","status-publish","format-standard","has-post-thumbnail","hentry","category-actualite-nfl","category-nfl","tag-terry-mclaurin","tag-washington-commanders"],"acf":[],"yoast_head":"<!-- This site is optimized with the Yoast SEO plugin v24.2 - https:\/\/yoast.com\/wordpress\/plugins\/seo\/ -->\n<title>Terry McLaurin a parl&eacute; de ses frustration avec la franchise - The Playoffs FR<\/title>\n<meta name=\"robots\" content=\"index, follow, max-snippet:-1, max-image-preview:large, max-video-preview:-1\" \/>\n<link rel=\"canonical\" href=\"https:\/\/theplayoffs.news\/fr\/actualite-nfl\/terry-mclaurin-a-parle-de-ses-frustration-avec-la-franchise\/\" \/>\n<meta property=\"og:locale\" content=\"fr_FR\" \/>\n<meta property=\"og:type\" content=\"article\" \/>\n<meta property=\"og:title\" content=\"Terry McLaurin a parl&eacute; de ses frustration avec la franchise - The Playoffs FR\" \/>\n<meta property=\"og:url\" content=\"https:\/\/theplayoffs.news\/fr\/actualite-nfl\/terry-mclaurin-a-parle-de-ses-frustration-avec-la-franchise\/\" \/>\n<meta property=\"og:site_name\" content=\"The Playoffs FR\" \/>\n<meta property=\"article:publisher\" content=\"https:\/\/www.facebook.com\/TheFreeAgentFR\/\" \/>\n<meta property=\"article:modified_time\" content=\"2023-12-07T13:22:11+01:00\" \/>\n<meta property=\"og:image\" content=\"https:\/\/theplayoffs.news\/fr\/wp-content\/uploads\/2023\/12\/USATSI_21959703.jpg\" \/>\n\t<meta property=\"og:image:width\" content=\"1920\" \/>\n\t<meta property=\"og:image:height\" content=\"1279\" \/>\n\t<meta property=\"og:image:type\" content=\"image\/jpeg\" \/>\n<meta name=\"author\" content=\"Charles Taudin\" \/>\n<meta name=\"twitter:card\" content=\"summary_large_image\" \/>\n<meta name=\"twitter:creator\" content=\"@TheFreeAgentFR\" \/>\n<meta name=\"twitter:site\" content=\"@TheFreeAgentFR\" \/>\n<meta name=\"twitter:label1\" content=\"\u00c9crit par\" \/>\n\t<meta name=\"twitter:data1\" content=\"Charles Taudin\" \/>\n\t<meta name=\"twitter:label2\" content=\"Dur\u00e9e de lecture estim\u00e9e\" \/>\n\t<meta name=\"twitter:data2\" content=\"2 minutes\" \/>\n<script type=\"application\/ld+json\" class=\"yoast-schema-graph\">{\"@context\":\"https:\/\/schema.org\",\"@graph\":[{\"@type\":\"WebPage\",\"@id\":\"https:\/\/theplayoffs.news\/fr\/actualite-nfl\/terry-mclaurin-a-parle-de-ses-frustration-avec-la-franchise\/\",\"url\":\"https:\/\/theplayoffs.news\/fr\/actualite-nfl\/terry-mclaurin-a-parle-de-ses-frustration-avec-la-franchise\/\",\"name\":\"Terry McLaurin a parl\u00e9 de ses frustration avec la franchise - The Playoffs FR\",\"isPartOf\":{\"@id\":\"https:\/\/theplayoffs.news\/fr\/#website\"},\"primaryImageOfPage\":{\"@id\":\"https:\/\/theplayoffs.news\/fr\/actualite-nfl\/terry-mclaurin-a-parle-de-ses-frustration-avec-la-franchise\/#primaryimage\"},\"image\":{\"@id\":\"https:\/\/theplayoffs.news\/fr\/actualite-nfl\/terry-mclaurin-a-parle-de-ses-frustration-avec-la-franchise\/#primaryimage\"},\"thumbnailUrl\":\"https:\/\/theplayoffs.news\/fr\/wp-content\/uploads\/2023\/12\/USATSI_21959703.jpg\",\"datePublished\":\"2023-12-07T12:22:10+00:00\",\"dateModified\":\"2023-12-07T12:22:11+00:00\",\"author\":{\"@id\":\"https:\/\/theplayoffs.news\/fr\/#\/schema\/person\/eee5b69ad5d3c51cabe881c839dbe133\"},\"breadcrumb\":{\"@id\":\"https:\/\/theplayoffs.news\/fr\/actualite-nfl\/terry-mclaurin-a-parle-de-ses-frustration-avec-la-franchise\/#breadcrumb\"},\"inLanguage\":\"fr-FR\",\"potentialAction\":[{\"@type\":\"ReadAction\",\"target\":[\"https:\/\/theplayoffs.news\/fr\/actualite-nfl\/terry-mclaurin-a-parle-de-ses-frustration-avec-la-franchise\/\"]}]},{\"@type\":\"ImageObject\",\"inLanguage\":\"fr-FR\",\"@id\":\"https:\/\/theplayoffs.news\/fr\/actualite-nfl\/terry-mclaurin-a-parle-de-ses-frustration-avec-la-franchise\/#primaryimage\",\"url\":\"https:\/\/theplayoffs.news\/fr\/wp-content\/uploads\/2023\/12\/USATSI_21959703.jpg\",\"contentUrl\":\"https:\/\/theplayoffs.news\/fr\/wp-content\/uploads\/2023\/12\/USATSI_21959703.jpg\",\"width\":1920,\"height\":1279,\"caption\":\"Nov 23, 2023; Arlington, Texas, USA; Washington Commanders wide receiver Terry McLaurin (17) warms up before the game between the Dallas Cowboys and the Washington Commanders at AT&amp;T Stadium. Mandatory Credit: Jerome Miron-USA TODAY Sports\"},{\"@type\":\"BreadcrumbList\",\"@id\":\"https:\/\/theplayoffs.news\/fr\/actualite-nfl\/terry-mclaurin-a-parle-de-ses-frustration-avec-la-franchise\/#breadcrumb\",\"itemListElement\":[{\"@type\":\"ListItem\",\"position\":1,\"name\":\"Accueil\",\"item\":\"https:\/\/theplayoffs.news\/fr\/\"},{\"@type\":\"ListItem\",\"position\":2,\"name\":\"Terry McLaurin a parl\u00e9 de ses frustration avec la franchise\"}]},{\"@type\":\"WebSite\",\"@id\":\"https:\/\/theplayoffs.news\/fr\/#website\",\"url\":\"https:\/\/theplayoffs.news\/fr\/\",\"name\":\"The Playoffs FR\",\"description\":\"NBA-NFL-NHL-MLB\",\"potentialAction\":[{\"@type\":\"SearchAction\",\"target\":{\"@type\":\"EntryPoint\",\"urlTemplate\":\"https:\/\/theplayoffs.news\/fr\/?s={search_term_string}\"},\"query-input\":{\"@type\":\"PropertyValueSpecification\",\"valueRequired\":true,\"valueName\":\"search_term_string\"}}],\"inLanguage\":\"fr-FR\"},{\"@type\":\"Person\",\"@id\":\"https:\/\/theplayoffs.news\/fr\/#\/schema\/person\/eee5b69ad5d3c51cabe881c839dbe133\",\"name\":\"Charles Taudin\",\"image\":{\"@type\":\"ImageObject\",\"inLanguage\":\"fr-FR\",\"@id\":\"https:\/\/theplayoffs.news\/fr\/#\/schema\/person\/image\/\",\"url\":\"https:\/\/secure.gravatar.com\/avatar\/59a1e772205ce9fd255edfcafc93013736822e20261f294c5753b20c41ede9f2?s=96&d=mm&r=g\",\"contentUrl\":\"https:\/\/secure.gravatar.com\/avatar\/59a1e772205ce9fd255edfcafc93013736822e20261f294c5753b20c41ede9f2?s=96&d=mm&r=g\",\"caption\":\"Charles Taudin\"},\"description\":\"R\u00e9dacteur en chef global de The Playoffs, j\u2019ai cr\u00e9\u00e9 The Free Agent, devenu The Playoffs FR, en 2020 durant la pand\u00e9mie. Amoureux depuis des ann\u00e9es des 4 sports majeurs am\u00e9ricains, j\u2019organise maintenant la strat\u00e9gie \u00e9ditoriale et les r\u00e9seaux sociaux de l\u2019ensemble des versions de The Playoffs. Il m\u2019arrive encore d\u2019\u00e9crire sur certains sports que j\u2019affectionne particuli\u00e8rement comme la NFL ou la MLB. Si vous devez retenir qu\u2019une chose : Eli Manning est le vrai GOAT pour avoir battu deux fois Tom Brady.\",\"sameAs\":[\"https:\/\/www.instagram.com\/ctaudin_\/\"],\"url\":\"https:\/\/theplayoffs.news\/fr\/author\/charles-taudin\/\"}]}<\/script>\n<!-- \/ Yoast SEO plugin. -->","yoast_head_json":{"title":"Terry McLaurin a parl&eacute; de ses frustration avec la franchise - The Playoffs FR","robots":{"index":"index","follow":"follow","max-snippet":"max-snippet:-1","max-image-preview":"max-image-preview:large","max-video-preview":"max-video-preview:-1"},"canonical":"https:\/\/theplayoffs.news\/fr\/actualite-nfl\/terry-mclaurin-a-parle-de-ses-frustration-avec-la-franchise\/","og_locale":"fr_FR","og_type":"article","og_title":"Terry McLaurin a parl&eacute; de ses frustration avec la franchise - The Playoffs FR","og_url":"https:\/\/theplayoffs.news\/fr\/actualite-nfl\/terry-mclaurin-a-parle-de-ses-frustration-avec-la-franchise\/","og_site_name":"The Playoffs FR","article_publisher":"https:\/\/www.facebook.com\/TheFreeAgentFR\/","article_modified_time":"2023-12-07T12:22:11+00:00","og_image":[{"width":1920,"height":1279,"url":"https:\/\/theplayoffs.news\/fr\/wp-content\/uploads\/2023\/12\/USATSI_21959703.jpg","type":"image\/jpeg"}],"author":"Charles Taudin","twitter_card":"summary_large_image","twitter_creator":"@TheFreeAgentFR","twitter_site":"@TheFreeAgentFR","twitter_misc":{"\u00c9crit par":"Charles Taudin","Dur\u00e9e de lecture estim\u00e9e":"2 minutes"},"schema":{"@context":"https:\/\/schema.org","@graph":[{"@type":"WebPage","@id":"https:\/\/theplayoffs.news\/fr\/actualite-nfl\/terry-mclaurin-a-parle-de-ses-frustration-avec-la-franchise\/","url":"https:\/\/theplayoffs.news\/fr\/actualite-nfl\/terry-mclaurin-a-parle-de-ses-frustration-avec-la-franchise\/","name":"Terry McLaurin a parl\u00e9 de ses frustration avec la franchise - The Playoffs FR","isPartOf":{"@id":"https:\/\/theplayoffs.news\/fr\/#website"},"primaryImageOfPage":{"@id":"https:\/\/theplayoffs.news\/fr\/actualite-nfl\/terry-mclaurin-a-parle-de-ses-frustration-avec-la-franchise\/#primaryimage"},"image":{"@id":"https:\/\/theplayoffs.news\/fr\/actualite-nfl\/terry-mclaurin-a-parle-de-ses-frustration-avec-la-franchise\/#primaryimage"},"thumbnailUrl":"https:\/\/theplayoffs.news\/fr\/wp-content\/uploads\/2023\/12\/USATSI_21959703.jpg","datePublished":"2023-12-07T12:22:10+00:00","dateModified":"2023-12-07T12:22:11+00:00","author":{"@id":"https:\/\/theplayoffs.news\/fr\/#\/schema\/person\/eee5b69ad5d3c51cabe881c839dbe133"},"breadcrumb":{"@id":"https:\/\/theplayoffs.news\/fr\/actualite-nfl\/terry-mclaurin-a-parle-de-ses-frustration-avec-la-franchise\/#breadcrumb"},"inLanguage":"fr-FR","potentialAction":[{"@type":"ReadAction","target":["https:\/\/theplayoffs.news\/fr\/actualite-nfl\/terry-mclaurin-a-parle-de-ses-frustration-avec-la-franchise\/"]}]},{"@type":"ImageObject","inLanguage":"fr-FR","@id":"https:\/\/theplayoffs.news\/fr\/actualite-nfl\/terry-mclaurin-a-parle-de-ses-frustration-avec-la-franchise\/#primaryimage","url":"https:\/\/theplayoffs.news\/fr\/wp-content\/uploads\/2023\/12\/USATSI_21959703.jpg","contentUrl":"https:\/\/theplayoffs.news\/fr\/wp-content\/uploads\/2023\/12\/USATSI_21959703.jpg","width":1920,"height":1279,"caption":"Nov 23, 2023; Arlington, Texas, USA; Washington Commanders wide receiver Terry McLaurin (17) warms up before the game between the Dallas Cowboys and the Washington Commanders at AT&amp;T Stadium. Mandatory Credit: Jerome Miron-USA TODAY Sports"},{"@type":"BreadcrumbList","@id":"https:\/\/theplayoffs.news\/fr\/actualite-nfl\/terry-mclaurin-a-parle-de-ses-frustration-avec-la-franchise\/#breadcrumb","itemListElement":[{"@type":"ListItem","position":1,"name":"Accueil","item":"https:\/\/theplayoffs.news\/fr\/"},{"@type":"ListItem","position":2,"name":"Terry McLaurin a parl\u00e9 de ses frustration avec la franchise"}]},{"@type":"WebSite","@id":"https:\/\/theplayoffs.news\/fr\/#website","url":"https:\/\/theplayoffs.news\/fr\/","name":"The Playoffs FR","description":"NBA-NFL-NHL-MLB","potentialAction":[{"@type":"SearchAction","target":{"@type":"EntryPoint","urlTemplate":"https:\/\/theplayoffs.news\/fr\/?s={search_term_string}"},"query-input":{"@type":"PropertyValueSpecification","valueRequired":true,"valueName":"search_term_string"}}],"inLanguage":"fr-FR"},{"@type":"Person","@id":"https:\/\/theplayoffs.news\/fr\/#\/schema\/person\/eee5b69ad5d3c51cabe881c839dbe133","name":"Charles Taudin","image":{"@type":"ImageObject","inLanguage":"fr-FR","@id":"https:\/\/theplayoffs.news\/fr\/#\/schema\/person\/image\/","url":"https:\/\/secure.gravatar.com\/avatar\/59a1e772205ce9fd255edfcafc93013736822e20261f294c5753b20c41ede9f2?s=96&d=mm&r=g","contentUrl":"https:\/\/secure.gravatar.com\/avatar\/59a1e772205ce9fd255edfcafc93013736822e20261f294c5753b20c41ede9f2?s=96&d=mm&r=g","caption":"Charles Taudin"},"description":"R\u00e9dacteur en chef global de The Playoffs, j\u2019ai cr\u00e9\u00e9 The Free Agent, devenu The Playoffs FR, en 2020 durant la pand\u00e9mie. Amoureux depuis des ann\u00e9es des 4 sports majeurs am\u00e9ricains, j\u2019organise maintenant la strat\u00e9gie \u00e9ditoriale et les r\u00e9seaux sociaux de l\u2019ensemble des versions de The Playoffs. Il m\u2019arrive encore d\u2019\u00e9crire sur certains sports que j\u2019affectionne particuli\u00e8rement comme la NFL ou la MLB. Si vous devez retenir qu\u2019une chose : Eli Manning est le vrai GOAT pour avoir battu deux fois Tom Brady.","sameAs":["https:\/\/www.instagram.com\/ctaudin_\/"],"url":"https:\/\/theplayoffs.news\/fr\/author\/charles-taudin\/"}]}},"_links":{"self":[{"href":"https:\/\/theplayoffs.news\/fr\/wp-json\/wp\/v2\/posts\/1144205","targetHints":{"allow":["GET"]}}],"collection":[{"href":"https:\/\/theplayoffs.news\/fr\/wp-json\/wp\/v2\/posts"}],"about":[{"href":"https:\/\/theplayoffs.news\/fr\/wp-json\/wp\/v2\/types\/post"}],"author":[{"embeddable":true,"href":"https:\/\/theplayoffs.news\/fr\/wp-json\/wp\/v2\/users\/13"}],"replies":[{"embeddable":true,"href":"https:\/\/theplayoffs.news\/fr\/wp-json\/wp\/v2\/comments?post=1144205"}],"version-history":[{"count":3,"href":"https:\/\/theplayoffs.news\/fr\/wp-json\/wp\/v2\/posts\/1144205\/revisions"}],"predecessor-version":[{"id":1144286,"href":"https:\/\/theplayoffs.news\/fr\/wp-json\/wp\/v2\/posts\/1144205\/revisions\/1144286"}],"wp:featuredmedia":[{"embeddable":true,"href":"https:\/\/theplayoffs.news\/fr\/wp-json\/wp\/v2\/media\/1144258"}],"wp:attachment":[{"href":"https:\/\/theplayoffs.news\/fr\/wp-json\/wp\/v2\/media?parent=1144205"}],"wp:term":[{"taxonomy":"category","embeddable":true,"href":"https:\/\/theplayoffs.news\/fr\/wp-json\/wp\/v2\/categories?post=1144205"},{"taxonomy":"post_tag","embeddable":true,"href":"https:\/\/theplayoffs.news\/fr\/wp-json\/wp\/v2\/tags?post=1144205"},{"taxonomy":"sport","embeddable":true,"href":"https:\/\/theplayoffs.news\/fr\/wp-json\/wp\/v2\/sport?post=1144205"},{"taxonomy":"saison","embeddable":true,"href":"https:\/\/theplayoffs.news\/fr\/wp-json\/wp\/v2\/saison?post=1144205"}],"curies":[{"name":"wp","href":"https:\/\/api.w.org\/{rel}","templated":true}]}}