{"id":1131944,"date":"2023-12-03T10:43:26","date_gmt":"2023-12-03T09:43:26","guid":{"rendered":"https:\/\/theplayoffs.news\/fr\/?p=1131944"},"modified":"2023-12-03T10:43:28","modified_gmt":"2023-12-03T09:43:28","slug":"tyronn-lue-reconnait-lintegration-de-harden-leonard-george-et-westbrook-delicate","status":"publish","type":"post","link":"https:\/\/theplayoffs.news\/fr\/actualite-nba\/tyronn-lue-reconnait-lintegration-de-harden-leonard-george-et-westbrook-delicate\/","title":{"rendered":"Tyronn Lue reconnait l&rsquo;int\u00e9gration de Harden, Leonard, George et Westbrook d\u00e9licate"},"content":{"rendered":"<h2>NBA &ndash; Les Los Angeles Clippers, dirig&eacute;s par l&rsquo;entra&icirc;neur en chef Tyronn Lue, font face &agrave; un d&eacute;fi redoutable cette saison : int&eacute;grer un quatuor de poids lourds du basketball.<\/h2><p>L&rsquo;&eacute;quipe, qui compte dans ses rangs des joueurs comme <a href=\"https:\/\/theplayoffs.news\/fr\/joueur\/kawhi-leonard-nba-12900\/\" class=\"trk-cta-link\" data-cta-trk='{\"ctaType\":\"Link\",\"ctaSubType\":\"main\"}'><strong>Kawhi Leonard<\/strong><\/a>, Paul George, Russell Westbrook et le nouvellement acquis James Harden, est sur le papier une &eacute;quipe redoutable. Cependant, l&rsquo;entreprise s&rsquo;est av&eacute;r&eacute;e plus complexe que pr&eacute;vu.<\/p><p>Les commentaires r&eacute;cents de Lue apr&egrave;s une victoire &eacute;triqu&eacute;e contre les Golden State Warriors r&eacute;sument bien l&rsquo;essence de ce d&eacute;fi.<\/p><blockquote><p>&laquo; Cela a &eacute;t&eacute; assez difficile, &raquo; <a href=\"https:\/\/www.espn.com\/nba\/story\/_\/id\/39029986\/clippers-rally-22-beat-warriors\" class=\"trk-cta-link\" data-cta-trk='{\"ctaType\":\"Link\",\"ctaSubType\":\"main\"}'>a-t-il admis,<\/a> soulignant la t&acirc;che d&eacute;licate d&rsquo;&eacute;quilibrer les minutes et les r&ocirc;les entre ces joueurs vedettes. &laquo;&nbsp;Mais je suis fait pour &ccedil;a. J&rsquo;aime cette &eacute;quipe. J&rsquo;aime notre &eacute;quipe&hellip; C&rsquo;est &agrave; moi de trouver la solution, tout comme les quatre autres joueurs&nbsp;&raquo;.<\/p><\/blockquote><p>Depuis l&rsquo;inclusion de Harden dans l&rsquo;&eacute;quipe suite &agrave; un &eacute;change majeur le 30 octobre, les Clippers ont montr&eacute; des &eacute;clats de brillance mais manquent de victoires constantes. Cette incoh&eacute;rence se refl&egrave;te dans leur bilan de 6-8 depuis les d&eacute;buts de Harden et leur position actuelle &agrave; la 10&egrave;me place de la Conf&eacute;rence Ouest.<\/p><p>Harden lui-m&ecirc;me conna&icirc;t une baisse de performance, avec une moyenne de points la plus basse depuis la saison 2010-11. N&eacute;anmoins, son optimisme reste intact, comme en t&eacute;moignent ses remarques d&rsquo;apr&egrave;s-match et l&rsquo;impressionnante remont&eacute;e de l&rsquo;&eacute;quipe depuis un d&eacute;ficit de 22 points contre les Warriors.<\/p><blockquote class=\"twitter-tweet\" data-width=\"500\" data-dnt=\"true\">\n<p lang=\"en\" dir=\"ltr\">PAUL GEORGE FOR THE WIN &#128165; <a href=\"https:\/\/t.co\/Szvi9nnPgd\" class=\"trk-cta-link\" data-cta-trk='{\"ctaType\":\"Link\",\"ctaSubType\":\"main\"}'>pic.twitter.com\/Szvi9nnPgd<\/a><\/p>\n<p>&mdash; Bleacher Report (@BleacherReport) <a href=\"https:\/\/twitter.com\/BleacherReport\/status\/1731094108641349926?ref_src=twsrc%5Etfw\" class=\"trk-cta-link\" data-cta-trk='{\"ctaType\":\"Link\",\"ctaSubType\":\"main\"}'>December 2, 2023<\/a><\/p><\/blockquote><p><script async src=\"https:\/\/platform.twitter.com\/widgets.js\" charset=\"utf-8\"><\/script><\/p><h4>La route est encore longue<\/h4><p>Le parcours des Clippers est embl&eacute;matique d&rsquo;une tendance plus large dans la NBA, o&ugrave; l&rsquo;empilement de stars ne se traduit pas automatiquement par un succ&egrave;s imm&eacute;diat.<\/p><blockquote><p>&laquo;&nbsp;Les joueurs jouent diff&eacute;remment de ce qu&rsquo;ils ont l&rsquo;habitude de faire. &laquo;&nbsp;Les gars jouent diff&eacute;remment de ce qu&rsquo;ils ont l&rsquo;habitude de faire. Et il est difficile de dire &agrave; quatre All-Stars et &agrave; quatre futurs Hall of Famers de jouer diff&eacute;remment alors qu&rsquo;ils le font depuis si longtemps. Ce sera le d&eacute;fi des entra&icirc;neurs tout au long de l&rsquo;ann&eacute;e&nbsp;&raquo;.<\/p><\/blockquote><p>C&rsquo;est cette n&eacute;cessit&eacute; de s&rsquo;entendre et de d&eacute;finir des r&ocirc;les pr&eacute;cis pour chacune de ces stars qui sera d&eacute;terminante pour le succ&egrave;s des Clippers cette saison. La demande de Russell Westbrook de changer de r&ocirc;le et de srotir du banc plut&ocirc;t que d&rsquo;&ecirc;tre titularis&eacute; d&rsquo;entr&eacute;e de match est un premier pas dans ce sens malgr&eacute; une baisse de performance de ce dernier depuis quelques matchs.<\/p><p>&nbsp;<\/p><p>Credit: Gary A. Vasquez-USA TODAY Sports<\/p>\n","protected":false},"excerpt":{"rendered":"","protected":false},"author":13,"featured_media":1131976,"comment_status":"open","ping_status":"closed","sticky":false,"template":"","format":"standard","meta":{"inline_featured_image":false,"kia_subtitle":"","_mux_skip_reasons":[],"proofreadBy":0,"footnotes":""},"categories":[110,10],"tags":[610,872],"sport":[],"saison":[],"class_list":["post-1131944","post","type-post","status-publish","format-standard","has-post-thumbnail","hentry","category-actualite-nba","category-nba","tag-los-angeles-clippers","tag-tyronn-lue"],"acf":[],"yoast_head":"<!-- This site is optimized with the Yoast SEO plugin v24.2 - https:\/\/yoast.com\/wordpress\/plugins\/seo\/ -->\n<title>Tyronn Lue reconnait l&#039;int&eacute;gration de Harden, Leonard, George et Westbrook d&eacute;licate - The Playoffs FR<\/title>\n<meta name=\"robots\" content=\"index, follow, max-snippet:-1, max-image-preview:large, max-video-preview:-1\" \/>\n<link rel=\"canonical\" href=\"https:\/\/theplayoffs.news\/fr\/actualite-nba\/tyronn-lue-reconnait-lintegration-de-harden-leonard-george-et-westbrook-delicate\/\" \/>\n<meta property=\"og:locale\" content=\"fr_FR\" \/>\n<meta property=\"og:type\" content=\"article\" \/>\n<meta property=\"og:title\" content=\"Tyronn Lue reconnait l&#039;int&eacute;gration de Harden, Leonard, George et Westbrook d&eacute;licate - The Playoffs FR\" \/>\n<meta property=\"og:url\" content=\"https:\/\/theplayoffs.news\/fr\/actualite-nba\/tyronn-lue-reconnait-lintegration-de-harden-leonard-george-et-westbrook-delicate\/\" \/>\n<meta property=\"og:site_name\" content=\"The Playoffs FR\" \/>\n<meta property=\"article:publisher\" content=\"https:\/\/www.facebook.com\/TheFreeAgentFR\/\" \/>\n<meta property=\"article:modified_time\" content=\"2023-12-03T10:43:28+01:00\" \/>\n<meta property=\"og:image\" content=\"https:\/\/theplayoffs.news\/fr\/wp-content\/uploads\/2023\/12\/USATSI_22018338.jpg\" \/>\n\t<meta property=\"og:image:width\" content=\"1920\" \/>\n\t<meta property=\"og:image:height\" content=\"1280\" \/>\n\t<meta property=\"og:image:type\" content=\"image\/jpeg\" \/>\n<meta name=\"author\" content=\"Charles Taudin\" \/>\n<meta name=\"twitter:card\" content=\"summary_large_image\" \/>\n<meta name=\"twitter:creator\" content=\"@TheFreeAgentFR\" \/>\n<meta name=\"twitter:site\" content=\"@TheFreeAgentFR\" \/>\n<meta name=\"twitter:label1\" content=\"\u00c9crit par\" \/>\n\t<meta name=\"twitter:data1\" content=\"Charles Taudin\" \/>\n\t<meta name=\"twitter:label2\" content=\"Dur\u00e9e de lecture estim\u00e9e\" \/>\n\t<meta name=\"twitter:data2\" content=\"2 minutes\" \/>\n<script type=\"application\/ld+json\" class=\"yoast-schema-graph\">{\"@context\":\"https:\/\/schema.org\",\"@graph\":[{\"@type\":\"WebPage\",\"@id\":\"https:\/\/theplayoffs.news\/fr\/actualite-nba\/tyronn-lue-reconnait-lintegration-de-harden-leonard-george-et-westbrook-delicate\/\",\"url\":\"https:\/\/theplayoffs.news\/fr\/actualite-nba\/tyronn-lue-reconnait-lintegration-de-harden-leonard-george-et-westbrook-delicate\/\",\"name\":\"Tyronn Lue reconnait l\\\\'int\u00e9gration de Harden, Leonard, George et Westbrook d\u00e9licate - The Playoffs FR\",\"isPartOf\":{\"@id\":\"https:\/\/theplayoffs.news\/fr\/#website\"},\"primaryImageOfPage\":{\"@id\":\"https:\/\/theplayoffs.news\/fr\/actualite-nba\/tyronn-lue-reconnait-lintegration-de-harden-leonard-george-et-westbrook-delicate\/#primaryimage\"},\"image\":{\"@id\":\"https:\/\/theplayoffs.news\/fr\/actualite-nba\/tyronn-lue-reconnait-lintegration-de-harden-leonard-george-et-westbrook-delicate\/#primaryimage\"},\"thumbnailUrl\":\"https:\/\/theplayoffs.news\/fr\/wp-content\/uploads\/2023\/12\/USATSI_22018338.jpg\",\"datePublished\":\"2023-12-03T09:43:26+00:00\",\"dateModified\":\"2023-12-03T09:43:28+00:00\",\"author\":{\"@id\":\"https:\/\/theplayoffs.news\/fr\/#\/schema\/person\/eee5b69ad5d3c51cabe881c839dbe133\"},\"breadcrumb\":{\"@id\":\"https:\/\/theplayoffs.news\/fr\/actualite-nba\/tyronn-lue-reconnait-lintegration-de-harden-leonard-george-et-westbrook-delicate\/#breadcrumb\"},\"inLanguage\":\"fr-FR\",\"potentialAction\":[{\"@type\":\"ReadAction\",\"target\":[\"https:\/\/theplayoffs.news\/fr\/actualite-nba\/tyronn-lue-reconnait-lintegration-de-harden-leonard-george-et-westbrook-delicate\/\"]}]},{\"@type\":\"ImageObject\",\"inLanguage\":\"fr-FR\",\"@id\":\"https:\/\/theplayoffs.news\/fr\/actualite-nba\/tyronn-lue-reconnait-lintegration-de-harden-leonard-george-et-westbrook-delicate\/#primaryimage\",\"url\":\"https:\/\/theplayoffs.news\/fr\/wp-content\/uploads\/2023\/12\/USATSI_22018338.jpg\",\"contentUrl\":\"https:\/\/theplayoffs.news\/fr\/wp-content\/uploads\/2023\/12\/USATSI_22018338.jpg\",\"width\":1920,\"height\":1280,\"caption\":\"Dec 2, 2023; Los Angeles, California, USA; Los Angeles Clippers head coach Tyronn Lue watches game action against the Golden State Warriors during the first half at Crypto.com Arena. Mandatory Credit: Gary A. Vasquez-USA TODAY Sports\"},{\"@type\":\"BreadcrumbList\",\"@id\":\"https:\/\/theplayoffs.news\/fr\/actualite-nba\/tyronn-lue-reconnait-lintegration-de-harden-leonard-george-et-westbrook-delicate\/#breadcrumb\",\"itemListElement\":[{\"@type\":\"ListItem\",\"position\":1,\"name\":\"Accueil\",\"item\":\"https:\/\/theplayoffs.news\/fr\/\"},{\"@type\":\"ListItem\",\"position\":2,\"name\":\"Tyronn Lue reconnait l&rsquo;int\u00e9gration de Harden, Leonard, George et Westbrook d\u00e9licate\"}]},{\"@type\":\"WebSite\",\"@id\":\"https:\/\/theplayoffs.news\/fr\/#website\",\"url\":\"https:\/\/theplayoffs.news\/fr\/\",\"name\":\"The Playoffs FR\",\"description\":\"NBA-NFL-NHL-MLB\",\"potentialAction\":[{\"@type\":\"SearchAction\",\"target\":{\"@type\":\"EntryPoint\",\"urlTemplate\":\"https:\/\/theplayoffs.news\/fr\/?s={search_term_string}\"},\"query-input\":{\"@type\":\"PropertyValueSpecification\",\"valueRequired\":true,\"valueName\":\"search_term_string\"}}],\"inLanguage\":\"fr-FR\"},{\"@type\":\"Person\",\"@id\":\"https:\/\/theplayoffs.news\/fr\/#\/schema\/person\/eee5b69ad5d3c51cabe881c839dbe133\",\"name\":\"Charles Taudin\",\"image\":{\"@type\":\"ImageObject\",\"inLanguage\":\"fr-FR\",\"@id\":\"https:\/\/theplayoffs.news\/fr\/#\/schema\/person\/image\/\",\"url\":\"https:\/\/secure.gravatar.com\/avatar\/59a1e772205ce9fd255edfcafc93013736822e20261f294c5753b20c41ede9f2?s=96&d=mm&r=g\",\"contentUrl\":\"https:\/\/secure.gravatar.com\/avatar\/59a1e772205ce9fd255edfcafc93013736822e20261f294c5753b20c41ede9f2?s=96&d=mm&r=g\",\"caption\":\"Charles Taudin\"},\"description\":\"R\u00e9dacteur en chef global de The Playoffs, j\u2019ai cr\u00e9\u00e9 The Free Agent, devenu The Playoffs FR, en 2020 durant la pand\u00e9mie. Amoureux depuis des ann\u00e9es des 4 sports majeurs am\u00e9ricains, j\u2019organise maintenant la strat\u00e9gie \u00e9ditoriale et les r\u00e9seaux sociaux de l\u2019ensemble des versions de The Playoffs. Il m\u2019arrive encore d\u2019\u00e9crire sur certains sports que j\u2019affectionne particuli\u00e8rement comme la NFL ou la MLB. Si vous devez retenir qu\u2019une chose : Eli Manning est le vrai GOAT pour avoir battu deux fois Tom Brady.\",\"sameAs\":[\"https:\/\/www.instagram.com\/ctaudin_\/\"],\"url\":\"https:\/\/theplayoffs.news\/fr\/author\/charles-taudin\/\"}]}<\/script>\n<!-- \/ Yoast SEO plugin. -->","yoast_head_json":{"title":"Tyronn Lue reconnait l&#039;int&eacute;gration de Harden, Leonard, George et Westbrook d&eacute;licate - The Playoffs FR","robots":{"index":"index","follow":"follow","max-snippet":"max-snippet:-1","max-image-preview":"max-image-preview:large","max-video-preview":"max-video-preview:-1"},"canonical":"https:\/\/theplayoffs.news\/fr\/actualite-nba\/tyronn-lue-reconnait-lintegration-de-harden-leonard-george-et-westbrook-delicate\/","og_locale":"fr_FR","og_type":"article","og_title":"Tyronn Lue reconnait l&#039;int&eacute;gration de Harden, Leonard, George et Westbrook d&eacute;licate - The Playoffs FR","og_url":"https:\/\/theplayoffs.news\/fr\/actualite-nba\/tyronn-lue-reconnait-lintegration-de-harden-leonard-george-et-westbrook-delicate\/","og_site_name":"The Playoffs FR","article_publisher":"https:\/\/www.facebook.com\/TheFreeAgentFR\/","article_modified_time":"2023-12-03T09:43:28+00:00","og_image":[{"width":1920,"height":1280,"url":"https:\/\/theplayoffs.news\/fr\/wp-content\/uploads\/2023\/12\/USATSI_22018338.jpg","type":"image\/jpeg"}],"author":"Charles Taudin","twitter_card":"summary_large_image","twitter_creator":"@TheFreeAgentFR","twitter_site":"@TheFreeAgentFR","twitter_misc":{"\u00c9crit par":"Charles Taudin","Dur\u00e9e de lecture estim\u00e9e":"2 minutes"},"schema":{"@context":"https:\/\/schema.org","@graph":[{"@type":"WebPage","@id":"https:\/\/theplayoffs.news\/fr\/actualite-nba\/tyronn-lue-reconnait-lintegration-de-harden-leonard-george-et-westbrook-delicate\/","url":"https:\/\/theplayoffs.news\/fr\/actualite-nba\/tyronn-lue-reconnait-lintegration-de-harden-leonard-george-et-westbrook-delicate\/","name":"Tyronn Lue reconnait l\\'int\u00e9gration de Harden, Leonard, George et Westbrook d\u00e9licate - The Playoffs FR","isPartOf":{"@id":"https:\/\/theplayoffs.news\/fr\/#website"},"primaryImageOfPage":{"@id":"https:\/\/theplayoffs.news\/fr\/actualite-nba\/tyronn-lue-reconnait-lintegration-de-harden-leonard-george-et-westbrook-delicate\/#primaryimage"},"image":{"@id":"https:\/\/theplayoffs.news\/fr\/actualite-nba\/tyronn-lue-reconnait-lintegration-de-harden-leonard-george-et-westbrook-delicate\/#primaryimage"},"thumbnailUrl":"https:\/\/theplayoffs.news\/fr\/wp-content\/uploads\/2023\/12\/USATSI_22018338.jpg","datePublished":"2023-12-03T09:43:26+00:00","dateModified":"2023-12-03T09:43:28+00:00","author":{"@id":"https:\/\/theplayoffs.news\/fr\/#\/schema\/person\/eee5b69ad5d3c51cabe881c839dbe133"},"breadcrumb":{"@id":"https:\/\/theplayoffs.news\/fr\/actualite-nba\/tyronn-lue-reconnait-lintegration-de-harden-leonard-george-et-westbrook-delicate\/#breadcrumb"},"inLanguage":"fr-FR","potentialAction":[{"@type":"ReadAction","target":["https:\/\/theplayoffs.news\/fr\/actualite-nba\/tyronn-lue-reconnait-lintegration-de-harden-leonard-george-et-westbrook-delicate\/"]}]},{"@type":"ImageObject","inLanguage":"fr-FR","@id":"https:\/\/theplayoffs.news\/fr\/actualite-nba\/tyronn-lue-reconnait-lintegration-de-harden-leonard-george-et-westbrook-delicate\/#primaryimage","url":"https:\/\/theplayoffs.news\/fr\/wp-content\/uploads\/2023\/12\/USATSI_22018338.jpg","contentUrl":"https:\/\/theplayoffs.news\/fr\/wp-content\/uploads\/2023\/12\/USATSI_22018338.jpg","width":1920,"height":1280,"caption":"Dec 2, 2023; Los Angeles, California, USA; Los Angeles Clippers head coach Tyronn Lue watches game action against the Golden State Warriors during the first half at Crypto.com Arena. Mandatory Credit: Gary A. Vasquez-USA TODAY Sports"},{"@type":"BreadcrumbList","@id":"https:\/\/theplayoffs.news\/fr\/actualite-nba\/tyronn-lue-reconnait-lintegration-de-harden-leonard-george-et-westbrook-delicate\/#breadcrumb","itemListElement":[{"@type":"ListItem","position":1,"name":"Accueil","item":"https:\/\/theplayoffs.news\/fr\/"},{"@type":"ListItem","position":2,"name":"Tyronn Lue reconnait l&rsquo;int\u00e9gration de Harden, Leonard, George et Westbrook d\u00e9licate"}]},{"@type":"WebSite","@id":"https:\/\/theplayoffs.news\/fr\/#website","url":"https:\/\/theplayoffs.news\/fr\/","name":"The Playoffs FR","description":"NBA-NFL-NHL-MLB","potentialAction":[{"@type":"SearchAction","target":{"@type":"EntryPoint","urlTemplate":"https:\/\/theplayoffs.news\/fr\/?s={search_term_string}"},"query-input":{"@type":"PropertyValueSpecification","valueRequired":true,"valueName":"search_term_string"}}],"inLanguage":"fr-FR"},{"@type":"Person","@id":"https:\/\/theplayoffs.news\/fr\/#\/schema\/person\/eee5b69ad5d3c51cabe881c839dbe133","name":"Charles Taudin","image":{"@type":"ImageObject","inLanguage":"fr-FR","@id":"https:\/\/theplayoffs.news\/fr\/#\/schema\/person\/image\/","url":"https:\/\/secure.gravatar.com\/avatar\/59a1e772205ce9fd255edfcafc93013736822e20261f294c5753b20c41ede9f2?s=96&d=mm&r=g","contentUrl":"https:\/\/secure.gravatar.com\/avatar\/59a1e772205ce9fd255edfcafc93013736822e20261f294c5753b20c41ede9f2?s=96&d=mm&r=g","caption":"Charles Taudin"},"description":"R\u00e9dacteur en chef global de The Playoffs, j\u2019ai cr\u00e9\u00e9 The Free Agent, devenu The Playoffs FR, en 2020 durant la pand\u00e9mie. Amoureux depuis des ann\u00e9es des 4 sports majeurs am\u00e9ricains, j\u2019organise maintenant la strat\u00e9gie \u00e9ditoriale et les r\u00e9seaux sociaux de l\u2019ensemble des versions de The Playoffs. Il m\u2019arrive encore d\u2019\u00e9crire sur certains sports que j\u2019affectionne particuli\u00e8rement comme la NFL ou la MLB. Si vous devez retenir qu\u2019une chose : Eli Manning est le vrai GOAT pour avoir battu deux fois Tom Brady.","sameAs":["https:\/\/www.instagram.com\/ctaudin_\/"],"url":"https:\/\/theplayoffs.news\/fr\/author\/charles-taudin\/"}]}},"_links":{"self":[{"href":"https:\/\/theplayoffs.news\/fr\/wp-json\/wp\/v2\/posts\/1131944","targetHints":{"allow":["GET"]}}],"collection":[{"href":"https:\/\/theplayoffs.news\/fr\/wp-json\/wp\/v2\/posts"}],"about":[{"href":"https:\/\/theplayoffs.news\/fr\/wp-json\/wp\/v2\/types\/post"}],"author":[{"embeddable":true,"href":"https:\/\/theplayoffs.news\/fr\/wp-json\/wp\/v2\/users\/13"}],"replies":[{"embeddable":true,"href":"https:\/\/theplayoffs.news\/fr\/wp-json\/wp\/v2\/comments?post=1131944"}],"version-history":[{"count":3,"href":"https:\/\/theplayoffs.news\/fr\/wp-json\/wp\/v2\/posts\/1131944\/revisions"}],"predecessor-version":[{"id":1132002,"href":"https:\/\/theplayoffs.news\/fr\/wp-json\/wp\/v2\/posts\/1131944\/revisions\/1132002"}],"wp:featuredmedia":[{"embeddable":true,"href":"https:\/\/theplayoffs.news\/fr\/wp-json\/wp\/v2\/media\/1131976"}],"wp:attachment":[{"href":"https:\/\/theplayoffs.news\/fr\/wp-json\/wp\/v2\/media?parent=1131944"}],"wp:term":[{"taxonomy":"category","embeddable":true,"href":"https:\/\/theplayoffs.news\/fr\/wp-json\/wp\/v2\/categories?post=1131944"},{"taxonomy":"post_tag","embeddable":true,"href":"https:\/\/theplayoffs.news\/fr\/wp-json\/wp\/v2\/tags?post=1131944"},{"taxonomy":"sport","embeddable":true,"href":"https:\/\/theplayoffs.news\/fr\/wp-json\/wp\/v2\/sport?post=1131944"},{"taxonomy":"saison","embeddable":true,"href":"https:\/\/theplayoffs.news\/fr\/wp-json\/wp\/v2\/saison?post=1131944"}],"curies":[{"name":"wp","href":"https:\/\/api.w.org\/{rel}","templated":true}]}}