{"id":1131795,"date":"2023-12-03T10:12:57","date_gmt":"2023-12-03T09:12:57","guid":{"rendered":"https:\/\/theplayoffs.news\/fr\/?p=1131795"},"modified":"2023-12-03T10:16:06","modified_gmt":"2023-12-03T09:16:06","slug":"ben-simmons-absent-encore-2-semaines","status":"publish","type":"post","link":"https:\/\/theplayoffs.news\/fr\/actualite-nba\/ben-simmons-absent-encore-2-semaines\/","title":{"rendered":"Ben Simmons absent encore 2 semaines"},"content":{"rendered":"<h2>NBA &ndash; Ben Simmons lutte de nouveau contre des probl&egrave;mes de dos persistants.<\/h2><p>Ben Simmons sera absent pendant au moins deux semaines suppl&eacute;mentaires suite &agrave; une injection &eacute;pidurale pour un probl&egrave;me de dos, qui l&rsquo;a &eacute;loign&eacute; du terrain depuis le 6 novembre.<\/p><p>Cette absence prolong&eacute;e marque un autre chapitre dans la carri&egrave;re du joueur de 27 ans, qui a &eacute;t&eacute; marqu&eacute;e par des blessures r&eacute;p&eacute;t&eacute;es, affectant notamment son dos et son genou. Malgr&eacute; son potentiel, d&eacute;montr&eacute; en tant que premier choix du draft de la NBA en 2016, la carri&egrave;re de Simmons a &eacute;t&eacute; &eacute;maill&eacute;e de revers physiques.<\/p><blockquote class=\"twitter-tweet\" data-width=\"500\" data-dnt=\"true\">\n<p lang=\"en\" dir=\"ltr\">Nets say Ben Simmons received an epidural injection to aid in recovery from lower back and will be re-evaluated in two weeks. Simmons has been out since Nov. 6.<\/p>\n<p>&mdash; Shams Charania (@ShamsCharania) <a href=\"https:\/\/twitter.com\/ShamsCharania\/status\/1731069528124146006?ref_src=twsrc%5Etfw\" class=\"trk-cta-link\" data-cta-trk='{\"ctaType\":\"Link\",\"ctaSubType\":\"main\"}'>December 2, 2023<\/a><\/p><\/blockquote><p><script async src=\"https:\/\/platform.twitter.com\/widgets.js\" charset=\"utf-8\"><\/script><\/p><p>Il a manqu&eacute; un temps de jeu significatif apr&egrave;s la pause du All-Star la saison derni&egrave;re en raison d&rsquo;un probl&egrave;me de genou et d&rsquo;une compression nerveuse dans le dos. De plus, sa saison 2021-22 a &eacute;t&eacute; enti&egrave;rement compromise par une blessure au dos et une retenue pendant son mandat chez les Philadelphia 76ers.<\/p><h4>Les Nets doivent s&rsquo;adapter<\/h4><p>Les Brooklyn Nets, actuellement avec un bilan de 9-9 et class&eacute;s 10e dans la Conf&eacute;rence Est, se trouvent dans une situation d&eacute;licate.<\/p><p>Alors que <a href=\"https:\/\/theplayoffs.news\/fr\/joueur\/ben-simmons-nba-7814774\/\" class=\"trk-cta-link\" data-cta-trk='{\"ctaType\":\"Link\",\"ctaSubType\":\"main\"}'><strong>Ben Simmons<\/strong><\/a>, avec une moyenne de 6,5 points, 10,8 rebonds et 6,7 passes d&eacute;cisives sur six matchs, est un &eacute;l&eacute;ment cl&eacute; de la rotation, l&rsquo;&eacute;quipe doit &eacute;laborer des strat&eacute;gies autour de son absence. Les Nets ont r&eacute;ussi &agrave; rester &agrave; l&rsquo;&eacute;quilibre sans lui, indiquant une r&eacute;silience au sein de l&rsquo;&eacute;quipe.<\/p><p>L&rsquo;accent pour Simmons dans un avenir imm&eacute;diat est mis sur la r&eacute;habilitation et la r&eacute;int&eacute;gration progressive dans les activit&eacute;s de basketball. Le bilan des Nets indique clairement que la pr&eacute;cipitation n&rsquo;est pas &agrave; l&rsquo;ordre du jour pour la franchise.<\/p><p>&nbsp;<\/p><p>Credit photo : Brad Penner-USA TODAY Sports<\/p>\n","protected":false},"excerpt":{"rendered":"","protected":false},"author":13,"featured_media":1131829,"comment_status":"open","ping_status":"closed","sticky":false,"template":"","format":"standard","meta":{"inline_featured_image":false,"kia_subtitle":"","_mux_skip_reasons":[],"proofreadBy":0,"footnotes":""},"categories":[110,10],"tags":[518,499],"sport":[],"saison":[],"class_list":["post-1131795","post","type-post","status-publish","format-standard","has-post-thumbnail","hentry","category-actualite-nba","category-nba","tag-ben-simmons","tag-brooklyn-nets"],"acf":[],"yoast_head":"<!-- This site is optimized with the Yoast SEO plugin v24.2 - https:\/\/yoast.com\/wordpress\/plugins\/seo\/ -->\n<title>Ben Simmons absent encore 2 semaines - The Playoffs FR<\/title>\n<meta name=\"robots\" content=\"index, follow, max-snippet:-1, max-image-preview:large, max-video-preview:-1\" \/>\n<link rel=\"canonical\" href=\"https:\/\/theplayoffs.news\/fr\/actualite-nba\/ben-simmons-absent-encore-2-semaines\/\" \/>\n<meta property=\"og:locale\" content=\"fr_FR\" \/>\n<meta property=\"og:type\" content=\"article\" \/>\n<meta property=\"og:title\" content=\"Ben Simmons absent encore 2 semaines - The Playoffs FR\" \/>\n<meta property=\"og:url\" content=\"https:\/\/theplayoffs.news\/fr\/actualite-nba\/ben-simmons-absent-encore-2-semaines\/\" \/>\n<meta property=\"og:site_name\" content=\"The Playoffs FR\" \/>\n<meta property=\"article:publisher\" content=\"https:\/\/www.facebook.com\/TheFreeAgentFR\/\" \/>\n<meta property=\"article:modified_time\" content=\"2023-12-03T10:16:06+01:00\" \/>\n<meta property=\"og:image\" content=\"https:\/\/theplayoffs.news\/fr\/wp-content\/uploads\/2023\/12\/USATSI_22004290.jpg\" \/>\n\t<meta property=\"og:image:width\" content=\"1920\" \/>\n\t<meta property=\"og:image:height\" content=\"1280\" \/>\n\t<meta property=\"og:image:type\" content=\"image\/jpeg\" \/>\n<meta name=\"author\" content=\"Charles Taudin\" \/>\n<meta name=\"twitter:card\" content=\"summary_large_image\" \/>\n<meta name=\"twitter:creator\" content=\"@TheFreeAgentFR\" \/>\n<meta name=\"twitter:site\" content=\"@TheFreeAgentFR\" \/>\n<meta name=\"twitter:label1\" content=\"\u00c9crit par\" \/>\n\t<meta name=\"twitter:data1\" content=\"Charles Taudin\" \/>\n\t<meta name=\"twitter:label2\" content=\"Dur\u00e9e de lecture estim\u00e9e\" \/>\n\t<meta name=\"twitter:data2\" content=\"2 minutes\" \/>\n<script type=\"application\/ld+json\" class=\"yoast-schema-graph\">{\"@context\":\"https:\/\/schema.org\",\"@graph\":[{\"@type\":\"WebPage\",\"@id\":\"https:\/\/theplayoffs.news\/fr\/actualite-nba\/ben-simmons-absent-encore-2-semaines\/\",\"url\":\"https:\/\/theplayoffs.news\/fr\/actualite-nba\/ben-simmons-absent-encore-2-semaines\/\",\"name\":\"Ben Simmons absent encore 2 semaines - The Playoffs FR\",\"isPartOf\":{\"@id\":\"https:\/\/theplayoffs.news\/fr\/#website\"},\"primaryImageOfPage\":{\"@id\":\"https:\/\/theplayoffs.news\/fr\/actualite-nba\/ben-simmons-absent-encore-2-semaines\/#primaryimage\"},\"image\":{\"@id\":\"https:\/\/theplayoffs.news\/fr\/actualite-nba\/ben-simmons-absent-encore-2-semaines\/#primaryimage\"},\"thumbnailUrl\":\"https:\/\/theplayoffs.news\/fr\/wp-content\/uploads\/2023\/12\/USATSI_22004290.jpg\",\"datePublished\":\"2023-12-03T09:12:57+00:00\",\"dateModified\":\"2023-12-03T09:16:06+00:00\",\"author\":{\"@id\":\"https:\/\/theplayoffs.news\/fr\/#\/schema\/person\/eee5b69ad5d3c51cabe881c839dbe133\"},\"breadcrumb\":{\"@id\":\"https:\/\/theplayoffs.news\/fr\/actualite-nba\/ben-simmons-absent-encore-2-semaines\/#breadcrumb\"},\"inLanguage\":\"fr-FR\",\"potentialAction\":[{\"@type\":\"ReadAction\",\"target\":[\"https:\/\/theplayoffs.news\/fr\/actualite-nba\/ben-simmons-absent-encore-2-semaines\/\"]}]},{\"@type\":\"ImageObject\",\"inLanguage\":\"fr-FR\",\"@id\":\"https:\/\/theplayoffs.news\/fr\/actualite-nba\/ben-simmons-absent-encore-2-semaines\/#primaryimage\",\"url\":\"https:\/\/theplayoffs.news\/fr\/wp-content\/uploads\/2023\/12\/USATSI_22004290.jpg\",\"contentUrl\":\"https:\/\/theplayoffs.news\/fr\/wp-content\/uploads\/2023\/12\/USATSI_22004290.jpg\",\"width\":1920,\"height\":1280,\"caption\":\"Nov 30, 2023; Brooklyn, New York, USA; Brooklyn Nets injured guard Ben Simmons (10) holds a basketball on the court during a time out during the third quarter against the Charlotte Hornets at Barclays Center. Mandatory Credit: Brad Penner-USA TODAY Sports\"},{\"@type\":\"BreadcrumbList\",\"@id\":\"https:\/\/theplayoffs.news\/fr\/actualite-nba\/ben-simmons-absent-encore-2-semaines\/#breadcrumb\",\"itemListElement\":[{\"@type\":\"ListItem\",\"position\":1,\"name\":\"Accueil\",\"item\":\"https:\/\/theplayoffs.news\/fr\/\"},{\"@type\":\"ListItem\",\"position\":2,\"name\":\"Ben Simmons absent encore 2 semaines\"}]},{\"@type\":\"WebSite\",\"@id\":\"https:\/\/theplayoffs.news\/fr\/#website\",\"url\":\"https:\/\/theplayoffs.news\/fr\/\",\"name\":\"The Playoffs FR\",\"description\":\"NBA-NFL-NHL-MLB\",\"potentialAction\":[{\"@type\":\"SearchAction\",\"target\":{\"@type\":\"EntryPoint\",\"urlTemplate\":\"https:\/\/theplayoffs.news\/fr\/?s={search_term_string}\"},\"query-input\":{\"@type\":\"PropertyValueSpecification\",\"valueRequired\":true,\"valueName\":\"search_term_string\"}}],\"inLanguage\":\"fr-FR\"},{\"@type\":\"Person\",\"@id\":\"https:\/\/theplayoffs.news\/fr\/#\/schema\/person\/eee5b69ad5d3c51cabe881c839dbe133\",\"name\":\"Charles Taudin\",\"image\":{\"@type\":\"ImageObject\",\"inLanguage\":\"fr-FR\",\"@id\":\"https:\/\/theplayoffs.news\/fr\/#\/schema\/person\/image\/\",\"url\":\"https:\/\/secure.gravatar.com\/avatar\/59a1e772205ce9fd255edfcafc93013736822e20261f294c5753b20c41ede9f2?s=96&d=mm&r=g\",\"contentUrl\":\"https:\/\/secure.gravatar.com\/avatar\/59a1e772205ce9fd255edfcafc93013736822e20261f294c5753b20c41ede9f2?s=96&d=mm&r=g\",\"caption\":\"Charles Taudin\"},\"description\":\"R\u00e9dacteur en chef global de The Playoffs, j\u2019ai cr\u00e9\u00e9 The Free Agent, devenu The Playoffs FR, en 2020 durant la pand\u00e9mie. Amoureux depuis des ann\u00e9es des 4 sports majeurs am\u00e9ricains, j\u2019organise maintenant la strat\u00e9gie \u00e9ditoriale et les r\u00e9seaux sociaux de l\u2019ensemble des versions de The Playoffs. Il m\u2019arrive encore d\u2019\u00e9crire sur certains sports que j\u2019affectionne particuli\u00e8rement comme la NFL ou la MLB. Si vous devez retenir qu\u2019une chose : Eli Manning est le vrai GOAT pour avoir battu deux fois Tom Brady.\",\"sameAs\":[\"https:\/\/www.instagram.com\/ctaudin_\/\"],\"url\":\"https:\/\/theplayoffs.news\/fr\/author\/charles-taudin\/\"}]}<\/script>\n<!-- \/ Yoast SEO plugin. -->","yoast_head_json":{"title":"Ben Simmons absent encore 2 semaines - The Playoffs FR","robots":{"index":"index","follow":"follow","max-snippet":"max-snippet:-1","max-image-preview":"max-image-preview:large","max-video-preview":"max-video-preview:-1"},"canonical":"https:\/\/theplayoffs.news\/fr\/actualite-nba\/ben-simmons-absent-encore-2-semaines\/","og_locale":"fr_FR","og_type":"article","og_title":"Ben Simmons absent encore 2 semaines - The Playoffs FR","og_url":"https:\/\/theplayoffs.news\/fr\/actualite-nba\/ben-simmons-absent-encore-2-semaines\/","og_site_name":"The Playoffs FR","article_publisher":"https:\/\/www.facebook.com\/TheFreeAgentFR\/","article_modified_time":"2023-12-03T09:16:06+00:00","og_image":[{"width":1920,"height":1280,"url":"https:\/\/theplayoffs.news\/fr\/wp-content\/uploads\/2023\/12\/USATSI_22004290.jpg","type":"image\/jpeg"}],"author":"Charles Taudin","twitter_card":"summary_large_image","twitter_creator":"@TheFreeAgentFR","twitter_site":"@TheFreeAgentFR","twitter_misc":{"\u00c9crit par":"Charles Taudin","Dur\u00e9e de lecture estim\u00e9e":"2 minutes"},"schema":{"@context":"https:\/\/schema.org","@graph":[{"@type":"WebPage","@id":"https:\/\/theplayoffs.news\/fr\/actualite-nba\/ben-simmons-absent-encore-2-semaines\/","url":"https:\/\/theplayoffs.news\/fr\/actualite-nba\/ben-simmons-absent-encore-2-semaines\/","name":"Ben Simmons absent encore 2 semaines - The Playoffs FR","isPartOf":{"@id":"https:\/\/theplayoffs.news\/fr\/#website"},"primaryImageOfPage":{"@id":"https:\/\/theplayoffs.news\/fr\/actualite-nba\/ben-simmons-absent-encore-2-semaines\/#primaryimage"},"image":{"@id":"https:\/\/theplayoffs.news\/fr\/actualite-nba\/ben-simmons-absent-encore-2-semaines\/#primaryimage"},"thumbnailUrl":"https:\/\/theplayoffs.news\/fr\/wp-content\/uploads\/2023\/12\/USATSI_22004290.jpg","datePublished":"2023-12-03T09:12:57+00:00","dateModified":"2023-12-03T09:16:06+00:00","author":{"@id":"https:\/\/theplayoffs.news\/fr\/#\/schema\/person\/eee5b69ad5d3c51cabe881c839dbe133"},"breadcrumb":{"@id":"https:\/\/theplayoffs.news\/fr\/actualite-nba\/ben-simmons-absent-encore-2-semaines\/#breadcrumb"},"inLanguage":"fr-FR","potentialAction":[{"@type":"ReadAction","target":["https:\/\/theplayoffs.news\/fr\/actualite-nba\/ben-simmons-absent-encore-2-semaines\/"]}]},{"@type":"ImageObject","inLanguage":"fr-FR","@id":"https:\/\/theplayoffs.news\/fr\/actualite-nba\/ben-simmons-absent-encore-2-semaines\/#primaryimage","url":"https:\/\/theplayoffs.news\/fr\/wp-content\/uploads\/2023\/12\/USATSI_22004290.jpg","contentUrl":"https:\/\/theplayoffs.news\/fr\/wp-content\/uploads\/2023\/12\/USATSI_22004290.jpg","width":1920,"height":1280,"caption":"Nov 30, 2023; Brooklyn, New York, USA; Brooklyn Nets injured guard Ben Simmons (10) holds a basketball on the court during a time out during the third quarter against the Charlotte Hornets at Barclays Center. Mandatory Credit: Brad Penner-USA TODAY Sports"},{"@type":"BreadcrumbList","@id":"https:\/\/theplayoffs.news\/fr\/actualite-nba\/ben-simmons-absent-encore-2-semaines\/#breadcrumb","itemListElement":[{"@type":"ListItem","position":1,"name":"Accueil","item":"https:\/\/theplayoffs.news\/fr\/"},{"@type":"ListItem","position":2,"name":"Ben Simmons absent encore 2 semaines"}]},{"@type":"WebSite","@id":"https:\/\/theplayoffs.news\/fr\/#website","url":"https:\/\/theplayoffs.news\/fr\/","name":"The Playoffs FR","description":"NBA-NFL-NHL-MLB","potentialAction":[{"@type":"SearchAction","target":{"@type":"EntryPoint","urlTemplate":"https:\/\/theplayoffs.news\/fr\/?s={search_term_string}"},"query-input":{"@type":"PropertyValueSpecification","valueRequired":true,"valueName":"search_term_string"}}],"inLanguage":"fr-FR"},{"@type":"Person","@id":"https:\/\/theplayoffs.news\/fr\/#\/schema\/person\/eee5b69ad5d3c51cabe881c839dbe133","name":"Charles Taudin","image":{"@type":"ImageObject","inLanguage":"fr-FR","@id":"https:\/\/theplayoffs.news\/fr\/#\/schema\/person\/image\/","url":"https:\/\/secure.gravatar.com\/avatar\/59a1e772205ce9fd255edfcafc93013736822e20261f294c5753b20c41ede9f2?s=96&d=mm&r=g","contentUrl":"https:\/\/secure.gravatar.com\/avatar\/59a1e772205ce9fd255edfcafc93013736822e20261f294c5753b20c41ede9f2?s=96&d=mm&r=g","caption":"Charles Taudin"},"description":"R\u00e9dacteur en chef global de The Playoffs, j\u2019ai cr\u00e9\u00e9 The Free Agent, devenu The Playoffs FR, en 2020 durant la pand\u00e9mie. Amoureux depuis des ann\u00e9es des 4 sports majeurs am\u00e9ricains, j\u2019organise maintenant la strat\u00e9gie \u00e9ditoriale et les r\u00e9seaux sociaux de l\u2019ensemble des versions de The Playoffs. Il m\u2019arrive encore d\u2019\u00e9crire sur certains sports que j\u2019affectionne particuli\u00e8rement comme la NFL ou la MLB. Si vous devez retenir qu\u2019une chose : Eli Manning est le vrai GOAT pour avoir battu deux fois Tom Brady.","sameAs":["https:\/\/www.instagram.com\/ctaudin_\/"],"url":"https:\/\/theplayoffs.news\/fr\/author\/charles-taudin\/"}]}},"_links":{"self":[{"href":"https:\/\/theplayoffs.news\/fr\/wp-json\/wp\/v2\/posts\/1131795","targetHints":{"allow":["GET"]}}],"collection":[{"href":"https:\/\/theplayoffs.news\/fr\/wp-json\/wp\/v2\/posts"}],"about":[{"href":"https:\/\/theplayoffs.news\/fr\/wp-json\/wp\/v2\/types\/post"}],"author":[{"embeddable":true,"href":"https:\/\/theplayoffs.news\/fr\/wp-json\/wp\/v2\/users\/13"}],"replies":[{"embeddable":true,"href":"https:\/\/theplayoffs.news\/fr\/wp-json\/wp\/v2\/comments?post=1131795"}],"version-history":[{"count":3,"href":"https:\/\/theplayoffs.news\/fr\/wp-json\/wp\/v2\/posts\/1131795\/revisions"}],"predecessor-version":[{"id":1131839,"href":"https:\/\/theplayoffs.news\/fr\/wp-json\/wp\/v2\/posts\/1131795\/revisions\/1131839"}],"wp:featuredmedia":[{"embeddable":true,"href":"https:\/\/theplayoffs.news\/fr\/wp-json\/wp\/v2\/media\/1131829"}],"wp:attachment":[{"href":"https:\/\/theplayoffs.news\/fr\/wp-json\/wp\/v2\/media?parent=1131795"}],"wp:term":[{"taxonomy":"category","embeddable":true,"href":"https:\/\/theplayoffs.news\/fr\/wp-json\/wp\/v2\/categories?post=1131795"},{"taxonomy":"post_tag","embeddable":true,"href":"https:\/\/theplayoffs.news\/fr\/wp-json\/wp\/v2\/tags?post=1131795"},{"taxonomy":"sport","embeddable":true,"href":"https:\/\/theplayoffs.news\/fr\/wp-json\/wp\/v2\/sport?post=1131795"},{"taxonomy":"saison","embeddable":true,"href":"https:\/\/theplayoffs.news\/fr\/wp-json\/wp\/v2\/saison?post=1131795"}],"curies":[{"name":"wp","href":"https:\/\/api.w.org\/{rel}","templated":true}]}}