{"id":1126893,"date":"2023-12-01T14:02:06","date_gmt":"2023-12-01T13:02:06","guid":{"rendered":"https:\/\/theplayoffs.news\/fr\/?p=1126893"},"modified":"2023-12-01T14:07:59","modified_gmt":"2023-12-01T13:07:59","slug":"changement-de-programme-la-diffusion-de-la-mls-en-danger","status":"publish","type":"post","link":"https:\/\/theplayoffs.news\/fr\/actualites-mls\/changement-de-programme-la-diffusion-de-la-mls-en-danger\/","title":{"rendered":"Changement de programme, la diffusion de la MLS en danger."},"content":{"rendered":"<h2><strong>MLS &ndash; La MLS peine d&eacute;j&agrave; &agrave; attirer de nouveaux spectateurs. Son diffuseur Apple TV+ discute avec Formula 1 management en vue de remplacer le football de leur plateforme. <\/strong><\/h2><p>L&rsquo;augmentation des abonnements, un r&eacute;el frein au d&eacute;veloppement de la ligue.<\/p><p>L&rsquo;entr&eacute;e fracassante de l&rsquo;octuple ballon d&rsquo;or argentin Lionel Messi aura fait grimper l&rsquo;audimat. Le rachat r&eacute;cent des droits de diffusion de la MLS par Apple a permis aux Europ&eacute;ens de regarder la comp&eacute;tition plus facilement. C&rsquo;&eacute;tait pourtant l&rsquo;objectif affich&eacute;.<\/p><p>Proche de la finale de conf&eacute;rence, le bilan mitig&eacute; !<\/p><p>En cause, la hausse des prix des abonnements &agrave; la plateforme Apple TV+, en France cette augmentation s&rsquo;&eacute;l&egrave;ve &agrave; 3&euro; suppl&eacute;mentaires par mois, pour autant les abonn&eacute;s au forfait MLS season pas ne faiblissent pas. <a href=\"https:\/\/consomac.fr\/news-17030-mls-le-soccer-americain-sur-apple-tv-coutera-14.49-dollars-par-mois.html\" class=\"trk-cta-link\" data-cta-trk='{\"ctaType\":\"Link\",\"ctaSubType\":\"main\"}'>La hausse des prix entra&icirc;ne<\/a> cependant un cruel manque de nouveaux abonn&eacute;s.<\/p><p>Ce manque &agrave; d&eacute;clencher du c&ocirc;t&eacute; de Cupertino des discussions entre la FOM (Formula One Management) et Tim Cook le CEO d&rsquo;Apple. Les deux entit&eacute;s montrent un int&eacute;r&ecirc;t pour le championnat de monoplace le plus suivi au monde d&rsquo;apr&egrave;s l&rsquo;analyste Ming Chi-Kuo, expert en produits et services d&rsquo;Apple. D&rsquo;apr&egrave;s lui, la question de remplacer le football par la formule 1 est une option envisag&eacute;e.<\/p><p>Alors que 2,5 milliards de dollars c&rsquo;est le montant investi par Apple dans le projet de la MLS, une telle somme laisse peu de place &agrave; un abandon du programme. Seul un changement de strat&eacute;gie autour de la diffusion est envisageable pour maintenir l&rsquo;int&eacute;r&ecirc;t du championnat.<\/p><p>De son c&ocirc;t&eacute;, la ligue de football am&eacute;ricaine continue sa strat&eacute;gie, &agrave; la mani&egrave;re de l&rsquo;Arabie saoudite, elle cible des joueurs europ&eacute;ens. La ferveur des spectateurs du vieux continent est convoit&eacute;e par la ligue am&eacute;ricaine. Les yeux des organisateurs sont d&rsquo;ores et d&eacute;j&agrave; riv&eacute;s vers 2025, l&rsquo;entr&eacute;e de l&rsquo;&eacute;quipe du San Diego FC.<\/p><p>&nbsp;<\/p><p>Credit Photo : Nathan Ray Seebeck-USA TODAY Sports<\/p>\n","protected":false},"excerpt":{"rendered":"","protected":false},"author":180310226,"featured_media":1126925,"comment_status":"open","ping_status":"closed","sticky":false,"template":"","format":"standard","meta":{"inline_featured_image":false,"kia_subtitle":"","_mux_skip_reasons":[],"proofreadBy":0,"footnotes":""},"categories":[672,658],"tags":[3208,664],"sport":[],"saison":[],"class_list":["post-1126893","post","type-post","status-publish","format-standard","has-post-thumbnail","hentry","category-actualites-mls","category-mls","tag-apple","tag-mls"],"acf":[],"yoast_head":"<!-- This site is optimized with the Yoast SEO plugin v24.2 - https:\/\/yoast.com\/wordpress\/plugins\/seo\/ -->\n<title>Changement de programme, la diffusion de la MLS en danger. - The Playoffs FR<\/title>\n<meta name=\"robots\" content=\"index, follow, max-snippet:-1, max-image-preview:large, max-video-preview:-1\" \/>\n<link rel=\"canonical\" href=\"https:\/\/theplayoffs.news\/fr\/actualites-mls\/changement-de-programme-la-diffusion-de-la-mls-en-danger\/\" \/>\n<meta property=\"og:locale\" content=\"fr_FR\" \/>\n<meta property=\"og:type\" content=\"article\" \/>\n<meta property=\"og:title\" content=\"Changement de programme, la diffusion de la MLS en danger. - The Playoffs FR\" \/>\n<meta property=\"og:url\" content=\"https:\/\/theplayoffs.news\/fr\/actualites-mls\/changement-de-programme-la-diffusion-de-la-mls-en-danger\/\" \/>\n<meta property=\"og:site_name\" content=\"The Playoffs FR\" \/>\n<meta property=\"article:publisher\" content=\"https:\/\/www.facebook.com\/TheFreeAgentFR\/\" \/>\n<meta property=\"article:modified_time\" content=\"2023-12-01T14:07:59+01:00\" \/>\n<meta property=\"og:image\" content=\"https:\/\/theplayoffs.news\/fr\/wp-content\/uploads\/2023\/12\/USATSI_21778083.jpg\" \/>\n\t<meta property=\"og:image:width\" content=\"1920\" \/>\n\t<meta property=\"og:image:height\" content=\"1280\" \/>\n\t<meta property=\"og:image:type\" content=\"image\/jpeg\" \/>\n<meta name=\"author\" content=\"Rayan Dewalque\" \/>\n<meta name=\"twitter:card\" content=\"summary_large_image\" \/>\n<meta name=\"twitter:creator\" content=\"@TheFreeAgentFR\" \/>\n<meta name=\"twitter:site\" content=\"@TheFreeAgentFR\" \/>\n<meta name=\"twitter:label1\" content=\"\u00c9crit par\" \/>\n\t<meta name=\"twitter:data1\" content=\"Rayan Dewalque\" \/>\n\t<meta name=\"twitter:label2\" content=\"Dur\u00e9e de lecture estim\u00e9e\" \/>\n\t<meta name=\"twitter:data2\" content=\"2 minutes\" \/>\n<script type=\"application\/ld+json\" class=\"yoast-schema-graph\">{\"@context\":\"https:\/\/schema.org\",\"@graph\":[{\"@type\":\"WebPage\",\"@id\":\"https:\/\/theplayoffs.news\/fr\/actualites-mls\/changement-de-programme-la-diffusion-de-la-mls-en-danger\/\",\"url\":\"https:\/\/theplayoffs.news\/fr\/actualites-mls\/changement-de-programme-la-diffusion-de-la-mls-en-danger\/\",\"name\":\"Changement de programme, la diffusion de la MLS en danger. - The Playoffs FR\",\"isPartOf\":{\"@id\":\"https:\/\/theplayoffs.news\/fr\/#website\"},\"primaryImageOfPage\":{\"@id\":\"https:\/\/theplayoffs.news\/fr\/actualites-mls\/changement-de-programme-la-diffusion-de-la-mls-en-danger\/#primaryimage\"},\"image\":{\"@id\":\"https:\/\/theplayoffs.news\/fr\/actualites-mls\/changement-de-programme-la-diffusion-de-la-mls-en-danger\/#primaryimage\"},\"thumbnailUrl\":\"https:\/\/theplayoffs.news\/fr\/wp-content\/uploads\/2023\/12\/USATSI_21778083.jpg\",\"datePublished\":\"2023-12-01T13:02:06+00:00\",\"dateModified\":\"2023-12-01T13:07:59+00:00\",\"author\":{\"@id\":\"https:\/\/theplayoffs.news\/fr\/#\/schema\/person\/a0a42f6846b9600069d30b3ea7a20e69\"},\"breadcrumb\":{\"@id\":\"https:\/\/theplayoffs.news\/fr\/actualites-mls\/changement-de-programme-la-diffusion-de-la-mls-en-danger\/#breadcrumb\"},\"inLanguage\":\"fr-FR\",\"potentialAction\":[{\"@type\":\"ReadAction\",\"target\":[\"https:\/\/theplayoffs.news\/fr\/actualites-mls\/changement-de-programme-la-diffusion-de-la-mls-en-danger\/\"]}]},{\"@type\":\"ImageObject\",\"inLanguage\":\"fr-FR\",\"@id\":\"https:\/\/theplayoffs.news\/fr\/actualites-mls\/changement-de-programme-la-diffusion-de-la-mls-en-danger\/#primaryimage\",\"url\":\"https:\/\/theplayoffs.news\/fr\/wp-content\/uploads\/2023\/12\/USATSI_21778083.jpg\",\"contentUrl\":\"https:\/\/theplayoffs.news\/fr\/wp-content\/uploads\/2023\/12\/USATSI_21778083.jpg\",\"width\":1920,\"height\":1280,\"caption\":\"Oct 30, 2023; Orlando, Florida, USA; Close up of the Apple TV logo and the MLS logo before the match between the Orlando City and the Nashville SC of game one in a round one match of the 2023 MLS Cup Playoffs at Exploria Stadium. Mandatory Credit: Nathan Ray Seebeck-USA TODAY Sports\"},{\"@type\":\"BreadcrumbList\",\"@id\":\"https:\/\/theplayoffs.news\/fr\/actualites-mls\/changement-de-programme-la-diffusion-de-la-mls-en-danger\/#breadcrumb\",\"itemListElement\":[{\"@type\":\"ListItem\",\"position\":1,\"name\":\"Accueil\",\"item\":\"https:\/\/theplayoffs.news\/fr\/\"},{\"@type\":\"ListItem\",\"position\":2,\"name\":\"Changement de programme, la diffusion de la MLS en danger.\"}]},{\"@type\":\"WebSite\",\"@id\":\"https:\/\/theplayoffs.news\/fr\/#website\",\"url\":\"https:\/\/theplayoffs.news\/fr\/\",\"name\":\"The Playoffs FR\",\"description\":\"NBA-NFL-NHL-MLB\",\"potentialAction\":[{\"@type\":\"SearchAction\",\"target\":{\"@type\":\"EntryPoint\",\"urlTemplate\":\"https:\/\/theplayoffs.news\/fr\/?s={search_term_string}\"},\"query-input\":{\"@type\":\"PropertyValueSpecification\",\"valueRequired\":true,\"valueName\":\"search_term_string\"}}],\"inLanguage\":\"fr-FR\"},{\"@type\":\"Person\",\"@id\":\"https:\/\/theplayoffs.news\/fr\/#\/schema\/person\/a0a42f6846b9600069d30b3ea7a20e69\",\"name\":\"Rayan Dewalque\",\"image\":{\"@type\":\"ImageObject\",\"inLanguage\":\"fr-FR\",\"@id\":\"https:\/\/theplayoffs.news\/fr\/#\/schema\/person\/image\/\",\"url\":\"https:\/\/secure.gravatar.com\/avatar\/4341803eb4ae062fc78342254375673a7ae86a376c41e86e29fa3dfbc19dd8ca?s=96&d=mm&r=g\",\"contentUrl\":\"https:\/\/secure.gravatar.com\/avatar\/4341803eb4ae062fc78342254375673a7ae86a376c41e86e29fa3dfbc19dd8ca?s=96&d=mm&r=g\",\"caption\":\"Rayan Dewalque\"},\"url\":\"https:\/\/theplayoffs.news\/fr\/author\/rayandewalqueicloud-com\/\"}]}<\/script>\n<!-- \/ Yoast SEO plugin. -->","yoast_head_json":{"title":"Changement de programme, la diffusion de la MLS en danger. - The Playoffs FR","robots":{"index":"index","follow":"follow","max-snippet":"max-snippet:-1","max-image-preview":"max-image-preview:large","max-video-preview":"max-video-preview:-1"},"canonical":"https:\/\/theplayoffs.news\/fr\/actualites-mls\/changement-de-programme-la-diffusion-de-la-mls-en-danger\/","og_locale":"fr_FR","og_type":"article","og_title":"Changement de programme, la diffusion de la MLS en danger. - The Playoffs FR","og_url":"https:\/\/theplayoffs.news\/fr\/actualites-mls\/changement-de-programme-la-diffusion-de-la-mls-en-danger\/","og_site_name":"The Playoffs FR","article_publisher":"https:\/\/www.facebook.com\/TheFreeAgentFR\/","article_modified_time":"2023-12-01T13:07:59+00:00","og_image":[{"width":1920,"height":1280,"url":"https:\/\/theplayoffs.news\/fr\/wp-content\/uploads\/2023\/12\/USATSI_21778083.jpg","type":"image\/jpeg"}],"author":"Rayan Dewalque","twitter_card":"summary_large_image","twitter_creator":"@TheFreeAgentFR","twitter_site":"@TheFreeAgentFR","twitter_misc":{"\u00c9crit par":"Rayan Dewalque","Dur\u00e9e de lecture estim\u00e9e":"2 minutes"},"schema":{"@context":"https:\/\/schema.org","@graph":[{"@type":"WebPage","@id":"https:\/\/theplayoffs.news\/fr\/actualites-mls\/changement-de-programme-la-diffusion-de-la-mls-en-danger\/","url":"https:\/\/theplayoffs.news\/fr\/actualites-mls\/changement-de-programme-la-diffusion-de-la-mls-en-danger\/","name":"Changement de programme, la diffusion de la MLS en danger. - The Playoffs FR","isPartOf":{"@id":"https:\/\/theplayoffs.news\/fr\/#website"},"primaryImageOfPage":{"@id":"https:\/\/theplayoffs.news\/fr\/actualites-mls\/changement-de-programme-la-diffusion-de-la-mls-en-danger\/#primaryimage"},"image":{"@id":"https:\/\/theplayoffs.news\/fr\/actualites-mls\/changement-de-programme-la-diffusion-de-la-mls-en-danger\/#primaryimage"},"thumbnailUrl":"https:\/\/theplayoffs.news\/fr\/wp-content\/uploads\/2023\/12\/USATSI_21778083.jpg","datePublished":"2023-12-01T13:02:06+00:00","dateModified":"2023-12-01T13:07:59+00:00","author":{"@id":"https:\/\/theplayoffs.news\/fr\/#\/schema\/person\/a0a42f6846b9600069d30b3ea7a20e69"},"breadcrumb":{"@id":"https:\/\/theplayoffs.news\/fr\/actualites-mls\/changement-de-programme-la-diffusion-de-la-mls-en-danger\/#breadcrumb"},"inLanguage":"fr-FR","potentialAction":[{"@type":"ReadAction","target":["https:\/\/theplayoffs.news\/fr\/actualites-mls\/changement-de-programme-la-diffusion-de-la-mls-en-danger\/"]}]},{"@type":"ImageObject","inLanguage":"fr-FR","@id":"https:\/\/theplayoffs.news\/fr\/actualites-mls\/changement-de-programme-la-diffusion-de-la-mls-en-danger\/#primaryimage","url":"https:\/\/theplayoffs.news\/fr\/wp-content\/uploads\/2023\/12\/USATSI_21778083.jpg","contentUrl":"https:\/\/theplayoffs.news\/fr\/wp-content\/uploads\/2023\/12\/USATSI_21778083.jpg","width":1920,"height":1280,"caption":"Oct 30, 2023; Orlando, Florida, USA; Close up of the Apple TV logo and the MLS logo before the match between the Orlando City and the Nashville SC of game one in a round one match of the 2023 MLS Cup Playoffs at Exploria Stadium. Mandatory Credit: Nathan Ray Seebeck-USA TODAY Sports"},{"@type":"BreadcrumbList","@id":"https:\/\/theplayoffs.news\/fr\/actualites-mls\/changement-de-programme-la-diffusion-de-la-mls-en-danger\/#breadcrumb","itemListElement":[{"@type":"ListItem","position":1,"name":"Accueil","item":"https:\/\/theplayoffs.news\/fr\/"},{"@type":"ListItem","position":2,"name":"Changement de programme, la diffusion de la MLS en danger."}]},{"@type":"WebSite","@id":"https:\/\/theplayoffs.news\/fr\/#website","url":"https:\/\/theplayoffs.news\/fr\/","name":"The Playoffs FR","description":"NBA-NFL-NHL-MLB","potentialAction":[{"@type":"SearchAction","target":{"@type":"EntryPoint","urlTemplate":"https:\/\/theplayoffs.news\/fr\/?s={search_term_string}"},"query-input":{"@type":"PropertyValueSpecification","valueRequired":true,"valueName":"search_term_string"}}],"inLanguage":"fr-FR"},{"@type":"Person","@id":"https:\/\/theplayoffs.news\/fr\/#\/schema\/person\/a0a42f6846b9600069d30b3ea7a20e69","name":"Rayan Dewalque","image":{"@type":"ImageObject","inLanguage":"fr-FR","@id":"https:\/\/theplayoffs.news\/fr\/#\/schema\/person\/image\/","url":"https:\/\/secure.gravatar.com\/avatar\/4341803eb4ae062fc78342254375673a7ae86a376c41e86e29fa3dfbc19dd8ca?s=96&d=mm&r=g","contentUrl":"https:\/\/secure.gravatar.com\/avatar\/4341803eb4ae062fc78342254375673a7ae86a376c41e86e29fa3dfbc19dd8ca?s=96&d=mm&r=g","caption":"Rayan Dewalque"},"url":"https:\/\/theplayoffs.news\/fr\/author\/rayandewalqueicloud-com\/"}]}},"_links":{"self":[{"href":"https:\/\/theplayoffs.news\/fr\/wp-json\/wp\/v2\/posts\/1126893","targetHints":{"allow":["GET"]}}],"collection":[{"href":"https:\/\/theplayoffs.news\/fr\/wp-json\/wp\/v2\/posts"}],"about":[{"href":"https:\/\/theplayoffs.news\/fr\/wp-json\/wp\/v2\/types\/post"}],"author":[{"embeddable":true,"href":"https:\/\/theplayoffs.news\/fr\/wp-json\/wp\/v2\/users\/180310226"}],"replies":[{"embeddable":true,"href":"https:\/\/theplayoffs.news\/fr\/wp-json\/wp\/v2\/comments?post=1126893"}],"version-history":[{"count":3,"href":"https:\/\/theplayoffs.news\/fr\/wp-json\/wp\/v2\/posts\/1126893\/revisions"}],"predecessor-version":[{"id":1126932,"href":"https:\/\/theplayoffs.news\/fr\/wp-json\/wp\/v2\/posts\/1126893\/revisions\/1126932"}],"wp:featuredmedia":[{"embeddable":true,"href":"https:\/\/theplayoffs.news\/fr\/wp-json\/wp\/v2\/media\/1126925"}],"wp:attachment":[{"href":"https:\/\/theplayoffs.news\/fr\/wp-json\/wp\/v2\/media?parent=1126893"}],"wp:term":[{"taxonomy":"category","embeddable":true,"href":"https:\/\/theplayoffs.news\/fr\/wp-json\/wp\/v2\/categories?post=1126893"},{"taxonomy":"post_tag","embeddable":true,"href":"https:\/\/theplayoffs.news\/fr\/wp-json\/wp\/v2\/tags?post=1126893"},{"taxonomy":"sport","embeddable":true,"href":"https:\/\/theplayoffs.news\/fr\/wp-json\/wp\/v2\/sport?post=1126893"},{"taxonomy":"saison","embeddable":true,"href":"https:\/\/theplayoffs.news\/fr\/wp-json\/wp\/v2\/saison?post=1126893"}],"curies":[{"name":"wp","href":"https:\/\/api.w.org\/{rel}","templated":true}]}}