{"id":1118812,"date":"2023-11-28T22:02:41","date_gmt":"2023-11-28T21:02:41","guid":{"rendered":"https:\/\/theplayoffs.news\/fr\/?p=1118812"},"modified":"2023-11-28T22:02:43","modified_gmt":"2023-11-28T21:02:43","slug":"fin-de-contrat-pour-corey-perry-avec-les-blackhawks","status":"publish","type":"post","link":"https:\/\/theplayoffs.news\/fr\/actualite-nhl\/fin-de-contrat-pour-corey-perry-avec-les-blackhawks\/","title":{"rendered":"Fin de contrat pour Corey Perry avec les Blackhawks"},"content":{"rendered":"<h2>NHL &ndash; Corey Perry a &eacute;t&eacute; plac&eacute; en ballotage par les Blackhawks de Chicago sans que davantage de d&eacute;tails ne soient donn&eacute;s.<\/h2><p>Samedi, l&rsquo;organisation avait annonc&eacute; que <a href=\"https:\/\/theplayoffs.news\/fr\/joueur\/corey-perry-nhl-4546\/\" class=\"trk-cta-link\" data-cta-trk='{\"ctaType\":\"Link\",\"ctaSubType\":\"main\"}'><strong>Corey Perry<\/strong><\/a> serait &agrave; l&rsquo;&eacute;cart du groupe pendant une p&eacute;riode ind&eacute;termin&eacute;e. Aujourd&rsquo;hui la franchise a publi&eacute; ce communiqu&eacute; annon&ccedil;ant, la rupture totale du contrat :<\/p><blockquote><p>&laquo;&nbsp;Apr&egrave;s une enqu&ecirc;te interne, les Blackhawks de Chicago ont d&eacute;termin&eacute; que Corey Perry a eu un comportement inacceptable, en violation des termes de son contrat de joueur standard et des politiques internes des Blackhawks visant &agrave; promouvoir des environnements de travail professionnels et s&ucirc;rs. &Agrave; ce titre, Corey Perry a &eacute;t&eacute; plac&eacute; en renonciation inconditionnelle. Si M. Perry est lib&eacute;r&eacute;, nous avons l&rsquo;intention de mettre fin &agrave; son contrat avec effet imm&eacute;diat.&nbsp;&raquo; peut-on lire sur <a href=\"https:\/\/www.nhl.com\/blackhawks\/news\/news-statement-from-the-chicago-blackhawks-on-corey-perry\" class=\"trk-cta-link\" data-cta-trk='{\"ctaType\":\"Link\",\"ctaSubType\":\"main\"}'>le communiqu&eacute; de Chicago<\/a><\/p><\/blockquote><p>Corey Perry a marqu&eacute; neuf points (quatre buts et cinq passes) en 16 matchs avec Chicago cette saison, sa premi&egrave;re avec l&rsquo;&eacute;quipe. En effet, les Blackhawks l&rsquo;ont acquis lors d&rsquo;un &eacute;change avec le Lightning de Tampa Bay en juin dernier, et il a sign&eacute; un contrat d&rsquo;un an et de 4 millions de dollars avec Chicago.<\/p><p>&nbsp;<\/p><p>Credit photo : Eric Bolte-USA TODAY Sports<\/p>\n","protected":false},"excerpt":{"rendered":"","protected":false},"author":13,"featured_media":1118813,"comment_status":"open","ping_status":"closed","sticky":false,"template":"","format":"standard","meta":{"inline_featured_image":false,"kia_subtitle":"","_mux_skip_reasons":[],"proofreadBy":0,"footnotes":""},"categories":[187,26],"tags":[360,6698],"sport":[],"saison":[],"class_list":["post-1118812","post","type-post","status-publish","format-standard","has-post-thumbnail","hentry","category-actualite-nhl","category-nhl","tag-chicago-blackhawks","tag-corey-perry"],"acf":[],"yoast_head":"<!-- This site is optimized with the Yoast SEO plugin v24.2 - https:\/\/yoast.com\/wordpress\/plugins\/seo\/ -->\n<title>Fin de contrat pour Corey Perry avec les Blackhawks - The Playoffs FR<\/title>\n<meta name=\"robots\" content=\"index, follow, max-snippet:-1, max-image-preview:large, max-video-preview:-1\" \/>\n<link rel=\"canonical\" href=\"https:\/\/theplayoffs.news\/fr\/actualite-nhl\/fin-de-contrat-pour-corey-perry-avec-les-blackhawks\/\" \/>\n<meta property=\"og:locale\" content=\"fr_FR\" \/>\n<meta property=\"og:type\" content=\"article\" \/>\n<meta property=\"og:title\" content=\"Fin de contrat pour Corey Perry avec les Blackhawks - The Playoffs FR\" \/>\n<meta property=\"og:url\" content=\"https:\/\/theplayoffs.news\/fr\/actualite-nhl\/fin-de-contrat-pour-corey-perry-avec-les-blackhawks\/\" \/>\n<meta property=\"og:site_name\" content=\"The Playoffs FR\" \/>\n<meta property=\"article:publisher\" content=\"https:\/\/www.facebook.com\/TheFreeAgentFR\/\" \/>\n<meta property=\"article:modified_time\" content=\"2023-11-28T22:02:43+01:00\" \/>\n<meta property=\"og:image\" content=\"https:\/\/theplayoffs.news\/fr\/wp-content\/uploads\/2023\/11\/USATSI_21650842.jpg\" \/>\n\t<meta property=\"og:image:width\" content=\"1920\" \/>\n\t<meta property=\"og:image:height\" content=\"1444\" \/>\n\t<meta property=\"og:image:type\" content=\"image\/jpeg\" \/>\n<meta name=\"author\" content=\"Charles Taudin\" \/>\n<meta name=\"twitter:card\" content=\"summary_large_image\" \/>\n<meta name=\"twitter:creator\" content=\"@TheFreeAgentFR\" \/>\n<meta name=\"twitter:site\" content=\"@TheFreeAgentFR\" \/>\n<meta name=\"twitter:label1\" content=\"\u00c9crit par\" \/>\n\t<meta name=\"twitter:data1\" content=\"Charles Taudin\" \/>\n\t<meta name=\"twitter:label2\" content=\"Dur\u00e9e de lecture estim\u00e9e\" \/>\n\t<meta name=\"twitter:data2\" content=\"1 minute\" \/>\n<script type=\"application\/ld+json\" class=\"yoast-schema-graph\">{\"@context\":\"https:\/\/schema.org\",\"@graph\":[{\"@type\":\"WebPage\",\"@id\":\"https:\/\/theplayoffs.news\/fr\/actualite-nhl\/fin-de-contrat-pour-corey-perry-avec-les-blackhawks\/\",\"url\":\"https:\/\/theplayoffs.news\/fr\/actualite-nhl\/fin-de-contrat-pour-corey-perry-avec-les-blackhawks\/\",\"name\":\"Fin de contrat pour Corey Perry avec les Blackhawks - The Playoffs FR\",\"isPartOf\":{\"@id\":\"https:\/\/theplayoffs.news\/fr\/#website\"},\"primaryImageOfPage\":{\"@id\":\"https:\/\/theplayoffs.news\/fr\/actualite-nhl\/fin-de-contrat-pour-corey-perry-avec-les-blackhawks\/#primaryimage\"},\"image\":{\"@id\":\"https:\/\/theplayoffs.news\/fr\/actualite-nhl\/fin-de-contrat-pour-corey-perry-avec-les-blackhawks\/#primaryimage\"},\"thumbnailUrl\":\"https:\/\/theplayoffs.news\/fr\/wp-content\/uploads\/2023\/11\/USATSI_21650842.jpg\",\"datePublished\":\"2023-11-28T21:02:41+00:00\",\"dateModified\":\"2023-11-28T21:02:43+00:00\",\"author\":{\"@id\":\"https:\/\/theplayoffs.news\/fr\/#\/schema\/person\/eee5b69ad5d3c51cabe881c839dbe133\"},\"breadcrumb\":{\"@id\":\"https:\/\/theplayoffs.news\/fr\/actualite-nhl\/fin-de-contrat-pour-corey-perry-avec-les-blackhawks\/#breadcrumb\"},\"inLanguage\":\"fr-FR\",\"potentialAction\":[{\"@type\":\"ReadAction\",\"target\":[\"https:\/\/theplayoffs.news\/fr\/actualite-nhl\/fin-de-contrat-pour-corey-perry-avec-les-blackhawks\/\"]}]},{\"@type\":\"ImageObject\",\"inLanguage\":\"fr-FR\",\"@id\":\"https:\/\/theplayoffs.news\/fr\/actualite-nhl\/fin-de-contrat-pour-corey-perry-avec-les-blackhawks\/#primaryimage\",\"url\":\"https:\/\/theplayoffs.news\/fr\/wp-content\/uploads\/2023\/11\/USATSI_21650842.jpg\",\"contentUrl\":\"https:\/\/theplayoffs.news\/fr\/wp-content\/uploads\/2023\/11\/USATSI_21650842.jpg\",\"width\":1920,\"height\":1444,\"caption\":\"Oct 14, 2023; Montreal, Quebec, CAN; Chicago Blackhawks forward Corey Perry (94) skates during the warmup period before the game against the Montreal Canadiens at the Bell Centre. Mandatory Credit: Eric Bolte-USA TODAY Sports\"},{\"@type\":\"BreadcrumbList\",\"@id\":\"https:\/\/theplayoffs.news\/fr\/actualite-nhl\/fin-de-contrat-pour-corey-perry-avec-les-blackhawks\/#breadcrumb\",\"itemListElement\":[{\"@type\":\"ListItem\",\"position\":1,\"name\":\"Accueil\",\"item\":\"https:\/\/theplayoffs.news\/fr\/\"},{\"@type\":\"ListItem\",\"position\":2,\"name\":\"Fin de contrat pour Corey Perry avec les Blackhawks\"}]},{\"@type\":\"WebSite\",\"@id\":\"https:\/\/theplayoffs.news\/fr\/#website\",\"url\":\"https:\/\/theplayoffs.news\/fr\/\",\"name\":\"The Playoffs FR\",\"description\":\"NBA-NFL-NHL-MLB\",\"potentialAction\":[{\"@type\":\"SearchAction\",\"target\":{\"@type\":\"EntryPoint\",\"urlTemplate\":\"https:\/\/theplayoffs.news\/fr\/?s={search_term_string}\"},\"query-input\":{\"@type\":\"PropertyValueSpecification\",\"valueRequired\":true,\"valueName\":\"search_term_string\"}}],\"inLanguage\":\"fr-FR\"},{\"@type\":\"Person\",\"@id\":\"https:\/\/theplayoffs.news\/fr\/#\/schema\/person\/eee5b69ad5d3c51cabe881c839dbe133\",\"name\":\"Charles Taudin\",\"image\":{\"@type\":\"ImageObject\",\"inLanguage\":\"fr-FR\",\"@id\":\"https:\/\/theplayoffs.news\/fr\/#\/schema\/person\/image\/\",\"url\":\"https:\/\/secure.gravatar.com\/avatar\/59a1e772205ce9fd255edfcafc93013736822e20261f294c5753b20c41ede9f2?s=96&d=mm&r=g\",\"contentUrl\":\"https:\/\/secure.gravatar.com\/avatar\/59a1e772205ce9fd255edfcafc93013736822e20261f294c5753b20c41ede9f2?s=96&d=mm&r=g\",\"caption\":\"Charles Taudin\"},\"description\":\"R\u00e9dacteur en chef global de The Playoffs, j\u2019ai cr\u00e9\u00e9 The Free Agent, devenu The Playoffs FR, en 2020 durant la pand\u00e9mie. Amoureux depuis des ann\u00e9es des 4 sports majeurs am\u00e9ricains, j\u2019organise maintenant la strat\u00e9gie \u00e9ditoriale et les r\u00e9seaux sociaux de l\u2019ensemble des versions de The Playoffs. Il m\u2019arrive encore d\u2019\u00e9crire sur certains sports que j\u2019affectionne particuli\u00e8rement comme la NFL ou la MLB. Si vous devez retenir qu\u2019une chose : Eli Manning est le vrai GOAT pour avoir battu deux fois Tom Brady.\",\"sameAs\":[\"https:\/\/www.instagram.com\/ctaudin_\/\"],\"url\":\"https:\/\/theplayoffs.news\/fr\/author\/charles-taudin\/\"}]}<\/script>\n<!-- \/ Yoast SEO plugin. -->","yoast_head_json":{"title":"Fin de contrat pour Corey Perry avec les Blackhawks - The Playoffs FR","robots":{"index":"index","follow":"follow","max-snippet":"max-snippet:-1","max-image-preview":"max-image-preview:large","max-video-preview":"max-video-preview:-1"},"canonical":"https:\/\/theplayoffs.news\/fr\/actualite-nhl\/fin-de-contrat-pour-corey-perry-avec-les-blackhawks\/","og_locale":"fr_FR","og_type":"article","og_title":"Fin de contrat pour Corey Perry avec les Blackhawks - The Playoffs FR","og_url":"https:\/\/theplayoffs.news\/fr\/actualite-nhl\/fin-de-contrat-pour-corey-perry-avec-les-blackhawks\/","og_site_name":"The Playoffs FR","article_publisher":"https:\/\/www.facebook.com\/TheFreeAgentFR\/","article_modified_time":"2023-11-28T21:02:43+00:00","og_image":[{"width":1920,"height":1444,"url":"https:\/\/theplayoffs.news\/fr\/wp-content\/uploads\/2023\/11\/USATSI_21650842.jpg","type":"image\/jpeg"}],"author":"Charles Taudin","twitter_card":"summary_large_image","twitter_creator":"@TheFreeAgentFR","twitter_site":"@TheFreeAgentFR","twitter_misc":{"\u00c9crit par":"Charles Taudin","Dur\u00e9e de lecture estim\u00e9e":"1 minute"},"schema":{"@context":"https:\/\/schema.org","@graph":[{"@type":"WebPage","@id":"https:\/\/theplayoffs.news\/fr\/actualite-nhl\/fin-de-contrat-pour-corey-perry-avec-les-blackhawks\/","url":"https:\/\/theplayoffs.news\/fr\/actualite-nhl\/fin-de-contrat-pour-corey-perry-avec-les-blackhawks\/","name":"Fin de contrat pour Corey Perry avec les Blackhawks - The Playoffs FR","isPartOf":{"@id":"https:\/\/theplayoffs.news\/fr\/#website"},"primaryImageOfPage":{"@id":"https:\/\/theplayoffs.news\/fr\/actualite-nhl\/fin-de-contrat-pour-corey-perry-avec-les-blackhawks\/#primaryimage"},"image":{"@id":"https:\/\/theplayoffs.news\/fr\/actualite-nhl\/fin-de-contrat-pour-corey-perry-avec-les-blackhawks\/#primaryimage"},"thumbnailUrl":"https:\/\/theplayoffs.news\/fr\/wp-content\/uploads\/2023\/11\/USATSI_21650842.jpg","datePublished":"2023-11-28T21:02:41+00:00","dateModified":"2023-11-28T21:02:43+00:00","author":{"@id":"https:\/\/theplayoffs.news\/fr\/#\/schema\/person\/eee5b69ad5d3c51cabe881c839dbe133"},"breadcrumb":{"@id":"https:\/\/theplayoffs.news\/fr\/actualite-nhl\/fin-de-contrat-pour-corey-perry-avec-les-blackhawks\/#breadcrumb"},"inLanguage":"fr-FR","potentialAction":[{"@type":"ReadAction","target":["https:\/\/theplayoffs.news\/fr\/actualite-nhl\/fin-de-contrat-pour-corey-perry-avec-les-blackhawks\/"]}]},{"@type":"ImageObject","inLanguage":"fr-FR","@id":"https:\/\/theplayoffs.news\/fr\/actualite-nhl\/fin-de-contrat-pour-corey-perry-avec-les-blackhawks\/#primaryimage","url":"https:\/\/theplayoffs.news\/fr\/wp-content\/uploads\/2023\/11\/USATSI_21650842.jpg","contentUrl":"https:\/\/theplayoffs.news\/fr\/wp-content\/uploads\/2023\/11\/USATSI_21650842.jpg","width":1920,"height":1444,"caption":"Oct 14, 2023; Montreal, Quebec, CAN; Chicago Blackhawks forward Corey Perry (94) skates during the warmup period before the game against the Montreal Canadiens at the Bell Centre. Mandatory Credit: Eric Bolte-USA TODAY Sports"},{"@type":"BreadcrumbList","@id":"https:\/\/theplayoffs.news\/fr\/actualite-nhl\/fin-de-contrat-pour-corey-perry-avec-les-blackhawks\/#breadcrumb","itemListElement":[{"@type":"ListItem","position":1,"name":"Accueil","item":"https:\/\/theplayoffs.news\/fr\/"},{"@type":"ListItem","position":2,"name":"Fin de contrat pour Corey Perry avec les Blackhawks"}]},{"@type":"WebSite","@id":"https:\/\/theplayoffs.news\/fr\/#website","url":"https:\/\/theplayoffs.news\/fr\/","name":"The Playoffs FR","description":"NBA-NFL-NHL-MLB","potentialAction":[{"@type":"SearchAction","target":{"@type":"EntryPoint","urlTemplate":"https:\/\/theplayoffs.news\/fr\/?s={search_term_string}"},"query-input":{"@type":"PropertyValueSpecification","valueRequired":true,"valueName":"search_term_string"}}],"inLanguage":"fr-FR"},{"@type":"Person","@id":"https:\/\/theplayoffs.news\/fr\/#\/schema\/person\/eee5b69ad5d3c51cabe881c839dbe133","name":"Charles Taudin","image":{"@type":"ImageObject","inLanguage":"fr-FR","@id":"https:\/\/theplayoffs.news\/fr\/#\/schema\/person\/image\/","url":"https:\/\/secure.gravatar.com\/avatar\/59a1e772205ce9fd255edfcafc93013736822e20261f294c5753b20c41ede9f2?s=96&d=mm&r=g","contentUrl":"https:\/\/secure.gravatar.com\/avatar\/59a1e772205ce9fd255edfcafc93013736822e20261f294c5753b20c41ede9f2?s=96&d=mm&r=g","caption":"Charles Taudin"},"description":"R\u00e9dacteur en chef global de The Playoffs, j\u2019ai cr\u00e9\u00e9 The Free Agent, devenu The Playoffs FR, en 2020 durant la pand\u00e9mie. Amoureux depuis des ann\u00e9es des 4 sports majeurs am\u00e9ricains, j\u2019organise maintenant la strat\u00e9gie \u00e9ditoriale et les r\u00e9seaux sociaux de l\u2019ensemble des versions de The Playoffs. Il m\u2019arrive encore d\u2019\u00e9crire sur certains sports que j\u2019affectionne particuli\u00e8rement comme la NFL ou la MLB. Si vous devez retenir qu\u2019une chose : Eli Manning est le vrai GOAT pour avoir battu deux fois Tom Brady.","sameAs":["https:\/\/www.instagram.com\/ctaudin_\/"],"url":"https:\/\/theplayoffs.news\/fr\/author\/charles-taudin\/"}]}},"_links":{"self":[{"href":"https:\/\/theplayoffs.news\/fr\/wp-json\/wp\/v2\/posts\/1118812","targetHints":{"allow":["GET"]}}],"collection":[{"href":"https:\/\/theplayoffs.news\/fr\/wp-json\/wp\/v2\/posts"}],"about":[{"href":"https:\/\/theplayoffs.news\/fr\/wp-json\/wp\/v2\/types\/post"}],"author":[{"embeddable":true,"href":"https:\/\/theplayoffs.news\/fr\/wp-json\/wp\/v2\/users\/13"}],"replies":[{"embeddable":true,"href":"https:\/\/theplayoffs.news\/fr\/wp-json\/wp\/v2\/comments?post=1118812"}],"version-history":[{"count":2,"href":"https:\/\/theplayoffs.news\/fr\/wp-json\/wp\/v2\/posts\/1118812\/revisions"}],"predecessor-version":[{"id":1118816,"href":"https:\/\/theplayoffs.news\/fr\/wp-json\/wp\/v2\/posts\/1118812\/revisions\/1118816"}],"wp:featuredmedia":[{"embeddable":true,"href":"https:\/\/theplayoffs.news\/fr\/wp-json\/wp\/v2\/media\/1118813"}],"wp:attachment":[{"href":"https:\/\/theplayoffs.news\/fr\/wp-json\/wp\/v2\/media?parent=1118812"}],"wp:term":[{"taxonomy":"category","embeddable":true,"href":"https:\/\/theplayoffs.news\/fr\/wp-json\/wp\/v2\/categories?post=1118812"},{"taxonomy":"post_tag","embeddable":true,"href":"https:\/\/theplayoffs.news\/fr\/wp-json\/wp\/v2\/tags?post=1118812"},{"taxonomy":"sport","embeddable":true,"href":"https:\/\/theplayoffs.news\/fr\/wp-json\/wp\/v2\/sport?post=1118812"},{"taxonomy":"saison","embeddable":true,"href":"https:\/\/theplayoffs.news\/fr\/wp-json\/wp\/v2\/saison?post=1118812"}],"curies":[{"name":"wp","href":"https:\/\/api.w.org\/{rel}","templated":true}]}}