{"id":1118793,"date":"2023-11-29T10:00:55","date_gmt":"2023-11-29T09:00:55","guid":{"rendered":"https:\/\/theplayoffs.news\/fr\/?p=1118793"},"modified":"2023-11-29T10:04:04","modified_gmt":"2023-11-29T09:04:04","slug":"grizzlys-catalans-deux-renforts-americains","status":"publish","type":"post","link":"https:\/\/theplayoffs.news\/fr\/d1\/grizzlys-catalans-deux-renforts-americains\/","title":{"rendered":"Grizzlys Catalans: deux renforts am\u00e9ricains d\u00e9barquent \u00e0 Perpignan pour la saison 2024"},"content":{"rendered":"<h2>D1 Elite &ndash; Les Grizzlys Catalans ont annonc&eacute; la signature de deux nouveaux joueurs venus des Etats-Unis avant le d&eacute;but de la saison 2024 qui commencera le premier week-end de f&eacute;vrier.<\/h2><p>La saison n&rsquo;a pas encore d&eacute;marr&eacute;e mais les Grizzlys Catalans s&rsquo;affairent d&eacute;j&agrave; en coulisses pour tenter de renforcer leur effectif avant cette nouvelle saison. Troisi&egrave;me de leur conf&eacute;rence B lors de la saison 2023 avec un bilan de 6 victoires, 1 nul et 3 d&eacute;faites, les joueurs de Perpignan avait d&ucirc; rendre les armes malgr&eacute; une performance int&eacute;ressante lors du <a href=\"https:\/\/theplayoffs.news\/fr\/nfl\/football-americain-france\/wildcard-d1-elite-2023-tours-en-demi-finale\/\" class=\"trk-cta-link\" data-cta-trk='{\"ctaType\":\"Link\",\"ctaSubType\":\"main\"}'>tour de wildcard face au Flash de la Courneuve<\/a> (41-31). C&rsquo;est donc tout naturellement que les catalans tenteront de faire aussi bien voir m&ecirc;me mieux lors de cette saison 2024 de D1 Elite.<\/p><p>Pour atteindre ce but, les Grizzlys Catalans ont donc annoncer la signature de deux nouveaux joueurs am&eacute;ricains avant cette nouvelle saison. Offensivement, les sudistes accueillent le quarterback Jaylen Tregle qui a r&eacute;alis&eacute; son cursus universitaire du c&ocirc;t&eacute; de la fac de Southern Oregon. Ag&eacute; de 24 ans, et n&eacute; un 24 d&eacute;cembre, Tregle devrait &ecirc;tre le nouveau fer de lance de l&rsquo;attaque catalane pour cette nouvelle saison de D1 Elite.<\/p><p>Mais c&rsquo;est surtout dans le domaine d&eacute;fensif qu&rsquo;une recrue de poids &eacute;tait attendue du c&ocirc;t&eacute; des Grizzlys Catalans! En effet, lors de la saison 2023, les Catalans avait encaiss&eacute; pas moins de 224 points lors des 10 matchs de saison r&eacute;guli&egrave;re ce qui en faisait la deuxi&egrave;me pire d&eacute;fense de leur conf&eacute;rence. Pour renforcer ce backfield d&eacute;fensif, les Grizzlys ont annonc&eacute; la signature de <a href=\"https:\/\/www.sports-reference.com\/cfb\/players\/jason-diaz-jr-1.html\" class=\"trk-cta-link\" data-cta-trk='{\"ctaType\":\"Link\",\"ctaSubType\":\"main\"}'>Jason Diaz<\/a> qui a jou&eacute; pour l&rsquo;universit&eacute; de Fresno State qui &eacute;volue en division I de la c&eacute;l&egrave;bre NCAA!<\/p><p>Les deux recrues pourraient fouler pour la premi&egrave;re fois les terrains de la D1 Elite lorsque les Grizzlys Catalans entameront leur saison dans un d&eacute;placement qui s&rsquo;annonce des plus p&eacute;rilleux face aux Blue Stars de Marseille.<\/p><p><em>Cr&eacute;dit photo: Cary Edmondson-USA TODAY Sports<\/em><\/p>\n","protected":false},"excerpt":{"rendered":"","protected":false},"author":180309964,"featured_media":1118794,"comment_status":"open","ping_status":"closed","sticky":false,"template":"","format":"standard","meta":{"inline_featured_image":false,"kia_subtitle":"","_mux_skip_reasons":[],"proofreadBy":0,"footnotes":""},"categories":[3324,40],"tags":[5342,4131],"sport":[2785],"saison":[6111],"class_list":["post-1118793","post","type-post","status-publish","format-standard","has-post-thumbnail","hentry","category-d1","category-nfl","tag-d1-elite","tag-grizzlys-catalans","sport-nfl","saison-6111"],"acf":[],"yoast_head":"<!-- This site is optimized with the Yoast SEO plugin v24.2 - https:\/\/yoast.com\/wordpress\/plugins\/seo\/ -->\n<title>Grizzlys Catalans: deux renforts am&eacute;ricains d&eacute;barquent &agrave; Perpignan pour la saison 2024 - The Playoffs FR<\/title>\n<meta name=\"robots\" content=\"index, follow, max-snippet:-1, max-image-preview:large, max-video-preview:-1\" \/>\n<link rel=\"canonical\" href=\"https:\/\/theplayoffs.news\/fr\/d1\/grizzlys-catalans-deux-renforts-americains\/\" \/>\n<meta property=\"og:locale\" content=\"fr_FR\" \/>\n<meta property=\"og:type\" content=\"article\" \/>\n<meta property=\"og:title\" content=\"Grizzlys Catalans: deux renforts am&eacute;ricains d&eacute;barquent &agrave; Perpignan pour la saison 2024 - The Playoffs FR\" \/>\n<meta property=\"og:url\" content=\"https:\/\/theplayoffs.news\/fr\/d1\/grizzlys-catalans-deux-renforts-americains\/\" \/>\n<meta property=\"og:site_name\" content=\"The Playoffs FR\" \/>\n<meta property=\"article:publisher\" content=\"https:\/\/www.facebook.com\/TheFreeAgentFR\/\" \/>\n<meta property=\"article:modified_time\" content=\"2023-11-29T10:04:04+01:00\" \/>\n<meta property=\"og:image\" content=\"https:\/\/theplayoffs.news\/fr\/wp-content\/uploads\/2023\/11\/USATSI_16737986.jpg\" \/>\n\t<meta property=\"og:image:width\" content=\"1920\" \/>\n\t<meta property=\"og:image:height\" content=\"1280\" \/>\n\t<meta property=\"og:image:type\" content=\"image\/jpeg\" \/>\n<meta name=\"author\" content=\"Flavien Jumeau\" \/>\n<meta name=\"twitter:card\" content=\"summary_large_image\" \/>\n<meta name=\"twitter:creator\" content=\"@TheFreeAgentFR\" \/>\n<meta name=\"twitter:site\" content=\"@TheFreeAgentFR\" \/>\n<meta name=\"twitter:label1\" content=\"\u00c9crit par\" \/>\n\t<meta name=\"twitter:data1\" content=\"Flavien Jumeau\" \/>\n\t<meta name=\"twitter:label2\" content=\"Dur\u00e9e de lecture estim\u00e9e\" \/>\n\t<meta name=\"twitter:data2\" content=\"2 minutes\" \/>\n<script type=\"application\/ld+json\" class=\"yoast-schema-graph\">{\"@context\":\"https:\/\/schema.org\",\"@graph\":[{\"@type\":\"WebPage\",\"@id\":\"https:\/\/theplayoffs.news\/fr\/d1\/grizzlys-catalans-deux-renforts-americains\/\",\"url\":\"https:\/\/theplayoffs.news\/fr\/d1\/grizzlys-catalans-deux-renforts-americains\/\",\"name\":\"Grizzlys Catalans: deux renforts am\u00e9ricains d\u00e9barquent \u00e0 Perpignan pour la saison 2024 - The Playoffs FR\",\"isPartOf\":{\"@id\":\"https:\/\/theplayoffs.news\/fr\/#website\"},\"primaryImageOfPage\":{\"@id\":\"https:\/\/theplayoffs.news\/fr\/d1\/grizzlys-catalans-deux-renforts-americains\/#primaryimage\"},\"image\":{\"@id\":\"https:\/\/theplayoffs.news\/fr\/d1\/grizzlys-catalans-deux-renforts-americains\/#primaryimage\"},\"thumbnailUrl\":\"https:\/\/theplayoffs.news\/fr\/wp-content\/uploads\/2023\/11\/USATSI_16737986.jpg\",\"datePublished\":\"2023-11-29T09:00:55+00:00\",\"dateModified\":\"2023-11-29T09:04:04+00:00\",\"author\":{\"@id\":\"https:\/\/theplayoffs.news\/fr\/#\/schema\/person\/def63bc6746dc5957469b75feb99e66d\"},\"breadcrumb\":{\"@id\":\"https:\/\/theplayoffs.news\/fr\/d1\/grizzlys-catalans-deux-renforts-americains\/#breadcrumb\"},\"inLanguage\":\"fr-FR\",\"potentialAction\":[{\"@type\":\"ReadAction\",\"target\":[\"https:\/\/theplayoffs.news\/fr\/d1\/grizzlys-catalans-deux-renforts-americains\/\"]}]},{\"@type\":\"ImageObject\",\"inLanguage\":\"fr-FR\",\"@id\":\"https:\/\/theplayoffs.news\/fr\/d1\/grizzlys-catalans-deux-renforts-americains\/#primaryimage\",\"url\":\"https:\/\/theplayoffs.news\/fr\/wp-content\/uploads\/2023\/11\/USATSI_16737986.jpg\",\"contentUrl\":\"https:\/\/theplayoffs.news\/fr\/wp-content\/uploads\/2023\/11\/USATSI_16737986.jpg\",\"width\":1920,\"height\":1280,\"caption\":\"Sep 11, 2021; Fresno, California, USA; Fresno State Bulldogs defensive baack Jason Diaz Jr. (39) celebrates after the Bulldogs defeated the Cal Poly Mustangs 63-10 at Bulldog Stadium. Mandatory Credit: Cary Edmondson-USA TODAY Sports\"},{\"@type\":\"BreadcrumbList\",\"@id\":\"https:\/\/theplayoffs.news\/fr\/d1\/grizzlys-catalans-deux-renforts-americains\/#breadcrumb\",\"itemListElement\":[{\"@type\":\"ListItem\",\"position\":1,\"name\":\"Accueil\",\"item\":\"https:\/\/theplayoffs.news\/fr\/\"},{\"@type\":\"ListItem\",\"position\":2,\"name\":\"Grizzlys Catalans: deux renforts am\u00e9ricains d\u00e9barquent \u00e0 Perpignan pour la saison 2024\"}]},{\"@type\":\"WebSite\",\"@id\":\"https:\/\/theplayoffs.news\/fr\/#website\",\"url\":\"https:\/\/theplayoffs.news\/fr\/\",\"name\":\"The Playoffs FR\",\"description\":\"NBA-NFL-NHL-MLB\",\"potentialAction\":[{\"@type\":\"SearchAction\",\"target\":{\"@type\":\"EntryPoint\",\"urlTemplate\":\"https:\/\/theplayoffs.news\/fr\/?s={search_term_string}\"},\"query-input\":{\"@type\":\"PropertyValueSpecification\",\"valueRequired\":true,\"valueName\":\"search_term_string\"}}],\"inLanguage\":\"fr-FR\"},{\"@type\":\"Person\",\"@id\":\"https:\/\/theplayoffs.news\/fr\/#\/schema\/person\/def63bc6746dc5957469b75feb99e66d\",\"name\":\"Flavien Jumeau\",\"image\":{\"@type\":\"ImageObject\",\"inLanguage\":\"fr-FR\",\"@id\":\"https:\/\/theplayoffs.news\/fr\/#\/schema\/person\/image\/\",\"url\":\"https:\/\/secure.gravatar.com\/avatar\/e7fa8ba5a4b7e4ce35fe152f083f352db28ad0acce692004ed88a7a7d78893f7?s=96&d=mm&r=g\",\"contentUrl\":\"https:\/\/secure.gravatar.com\/avatar\/e7fa8ba5a4b7e4ce35fe152f083f352db28ad0acce692004ed88a7a7d78893f7?s=96&d=mm&r=g\",\"caption\":\"Flavien Jumeau\"},\"description\":\"Amoureux du sport (et de vraiment tous les sports) depuis mon plus jeune \u00e2ge, j\u2019ai longtemps h\u00e9site entre le snooker et le curling. Finalement c\u2019est le foot US que j\u2019ai d\u00e9cid\u00e9 de choisir! Responsable foot US sur TPO et animateur du podcast Tailgate j\u2019ai pour mission de vous faire d\u00e9couvrir ce sport passionnant si ce n\u2019est pas encore fait et de vous donner les derni\u00e8res actus. Le tout dans la bonne humeur et avec toujours un jeu de mots ou deux savamment distill\u00e9s! Fan des Saints, pour moi Drew Brees est le vrai GOAT!\",\"url\":\"https:\/\/theplayoffs.news\/fr\/author\/flavien-jumeaugmail-com\/\"}]}<\/script>\n<!-- \/ Yoast SEO plugin. -->","yoast_head_json":{"title":"Grizzlys Catalans: deux renforts am&eacute;ricains d&eacute;barquent &agrave; Perpignan pour la saison 2024 - The Playoffs FR","robots":{"index":"index","follow":"follow","max-snippet":"max-snippet:-1","max-image-preview":"max-image-preview:large","max-video-preview":"max-video-preview:-1"},"canonical":"https:\/\/theplayoffs.news\/fr\/d1\/grizzlys-catalans-deux-renforts-americains\/","og_locale":"fr_FR","og_type":"article","og_title":"Grizzlys Catalans: deux renforts am&eacute;ricains d&eacute;barquent &agrave; Perpignan pour la saison 2024 - The Playoffs FR","og_url":"https:\/\/theplayoffs.news\/fr\/d1\/grizzlys-catalans-deux-renforts-americains\/","og_site_name":"The Playoffs FR","article_publisher":"https:\/\/www.facebook.com\/TheFreeAgentFR\/","article_modified_time":"2023-11-29T09:04:04+00:00","og_image":[{"width":1920,"height":1280,"url":"https:\/\/theplayoffs.news\/fr\/wp-content\/uploads\/2023\/11\/USATSI_16737986.jpg","type":"image\/jpeg"}],"author":"Flavien Jumeau","twitter_card":"summary_large_image","twitter_creator":"@TheFreeAgentFR","twitter_site":"@TheFreeAgentFR","twitter_misc":{"\u00c9crit par":"Flavien Jumeau","Dur\u00e9e de lecture estim\u00e9e":"2 minutes"},"schema":{"@context":"https:\/\/schema.org","@graph":[{"@type":"WebPage","@id":"https:\/\/theplayoffs.news\/fr\/d1\/grizzlys-catalans-deux-renforts-americains\/","url":"https:\/\/theplayoffs.news\/fr\/d1\/grizzlys-catalans-deux-renforts-americains\/","name":"Grizzlys Catalans: deux renforts am\u00e9ricains d\u00e9barquent \u00e0 Perpignan pour la saison 2024 - The Playoffs FR","isPartOf":{"@id":"https:\/\/theplayoffs.news\/fr\/#website"},"primaryImageOfPage":{"@id":"https:\/\/theplayoffs.news\/fr\/d1\/grizzlys-catalans-deux-renforts-americains\/#primaryimage"},"image":{"@id":"https:\/\/theplayoffs.news\/fr\/d1\/grizzlys-catalans-deux-renforts-americains\/#primaryimage"},"thumbnailUrl":"https:\/\/theplayoffs.news\/fr\/wp-content\/uploads\/2023\/11\/USATSI_16737986.jpg","datePublished":"2023-11-29T09:00:55+00:00","dateModified":"2023-11-29T09:04:04+00:00","author":{"@id":"https:\/\/theplayoffs.news\/fr\/#\/schema\/person\/def63bc6746dc5957469b75feb99e66d"},"breadcrumb":{"@id":"https:\/\/theplayoffs.news\/fr\/d1\/grizzlys-catalans-deux-renforts-americains\/#breadcrumb"},"inLanguage":"fr-FR","potentialAction":[{"@type":"ReadAction","target":["https:\/\/theplayoffs.news\/fr\/d1\/grizzlys-catalans-deux-renforts-americains\/"]}]},{"@type":"ImageObject","inLanguage":"fr-FR","@id":"https:\/\/theplayoffs.news\/fr\/d1\/grizzlys-catalans-deux-renforts-americains\/#primaryimage","url":"https:\/\/theplayoffs.news\/fr\/wp-content\/uploads\/2023\/11\/USATSI_16737986.jpg","contentUrl":"https:\/\/theplayoffs.news\/fr\/wp-content\/uploads\/2023\/11\/USATSI_16737986.jpg","width":1920,"height":1280,"caption":"Sep 11, 2021; Fresno, California, USA; Fresno State Bulldogs defensive baack Jason Diaz Jr. (39) celebrates after the Bulldogs defeated the Cal Poly Mustangs 63-10 at Bulldog Stadium. Mandatory Credit: Cary Edmondson-USA TODAY Sports"},{"@type":"BreadcrumbList","@id":"https:\/\/theplayoffs.news\/fr\/d1\/grizzlys-catalans-deux-renforts-americains\/#breadcrumb","itemListElement":[{"@type":"ListItem","position":1,"name":"Accueil","item":"https:\/\/theplayoffs.news\/fr\/"},{"@type":"ListItem","position":2,"name":"Grizzlys Catalans: deux renforts am\u00e9ricains d\u00e9barquent \u00e0 Perpignan pour la saison 2024"}]},{"@type":"WebSite","@id":"https:\/\/theplayoffs.news\/fr\/#website","url":"https:\/\/theplayoffs.news\/fr\/","name":"The Playoffs FR","description":"NBA-NFL-NHL-MLB","potentialAction":[{"@type":"SearchAction","target":{"@type":"EntryPoint","urlTemplate":"https:\/\/theplayoffs.news\/fr\/?s={search_term_string}"},"query-input":{"@type":"PropertyValueSpecification","valueRequired":true,"valueName":"search_term_string"}}],"inLanguage":"fr-FR"},{"@type":"Person","@id":"https:\/\/theplayoffs.news\/fr\/#\/schema\/person\/def63bc6746dc5957469b75feb99e66d","name":"Flavien Jumeau","image":{"@type":"ImageObject","inLanguage":"fr-FR","@id":"https:\/\/theplayoffs.news\/fr\/#\/schema\/person\/image\/","url":"https:\/\/secure.gravatar.com\/avatar\/e7fa8ba5a4b7e4ce35fe152f083f352db28ad0acce692004ed88a7a7d78893f7?s=96&d=mm&r=g","contentUrl":"https:\/\/secure.gravatar.com\/avatar\/e7fa8ba5a4b7e4ce35fe152f083f352db28ad0acce692004ed88a7a7d78893f7?s=96&d=mm&r=g","caption":"Flavien Jumeau"},"description":"Amoureux du sport (et de vraiment tous les sports) depuis mon plus jeune \u00e2ge, j\u2019ai longtemps h\u00e9site entre le snooker et le curling. Finalement c\u2019est le foot US que j\u2019ai d\u00e9cid\u00e9 de choisir! Responsable foot US sur TPO et animateur du podcast Tailgate j\u2019ai pour mission de vous faire d\u00e9couvrir ce sport passionnant si ce n\u2019est pas encore fait et de vous donner les derni\u00e8res actus. Le tout dans la bonne humeur et avec toujours un jeu de mots ou deux savamment distill\u00e9s! Fan des Saints, pour moi Drew Brees est le vrai GOAT!","url":"https:\/\/theplayoffs.news\/fr\/author\/flavien-jumeaugmail-com\/"}]}},"_links":{"self":[{"href":"https:\/\/theplayoffs.news\/fr\/wp-json\/wp\/v2\/posts\/1118793","targetHints":{"allow":["GET"]}}],"collection":[{"href":"https:\/\/theplayoffs.news\/fr\/wp-json\/wp\/v2\/posts"}],"about":[{"href":"https:\/\/theplayoffs.news\/fr\/wp-json\/wp\/v2\/types\/post"}],"author":[{"embeddable":true,"href":"https:\/\/theplayoffs.news\/fr\/wp-json\/wp\/v2\/users\/180309964"}],"replies":[{"embeddable":true,"href":"https:\/\/theplayoffs.news\/fr\/wp-json\/wp\/v2\/comments?post=1118793"}],"version-history":[{"count":2,"href":"https:\/\/theplayoffs.news\/fr\/wp-json\/wp\/v2\/posts\/1118793\/revisions"}],"predecessor-version":[{"id":1118796,"href":"https:\/\/theplayoffs.news\/fr\/wp-json\/wp\/v2\/posts\/1118793\/revisions\/1118796"}],"wp:featuredmedia":[{"embeddable":true,"href":"https:\/\/theplayoffs.news\/fr\/wp-json\/wp\/v2\/media\/1118794"}],"wp:attachment":[{"href":"https:\/\/theplayoffs.news\/fr\/wp-json\/wp\/v2\/media?parent=1118793"}],"wp:term":[{"taxonomy":"category","embeddable":true,"href":"https:\/\/theplayoffs.news\/fr\/wp-json\/wp\/v2\/categories?post=1118793"},{"taxonomy":"post_tag","embeddable":true,"href":"https:\/\/theplayoffs.news\/fr\/wp-json\/wp\/v2\/tags?post=1118793"},{"taxonomy":"sport","embeddable":true,"href":"https:\/\/theplayoffs.news\/fr\/wp-json\/wp\/v2\/sport?post=1118793"},{"taxonomy":"saison","embeddable":true,"href":"https:\/\/theplayoffs.news\/fr\/wp-json\/wp\/v2\/saison?post=1118793"}],"curies":[{"name":"wp","href":"https:\/\/api.w.org\/{rel}","templated":true}]}}