{"id":1118263,"date":"2023-11-28T14:39:18","date_gmt":"2023-11-28T13:39:18","guid":{"rendered":"https:\/\/theplayoffs.news\/fr\/?p=1118263"},"modified":"2023-11-28T14:39:19","modified_gmt":"2023-11-28T13:39:19","slug":"patrick-kane-rejoint-red-wings-detroit","status":"publish","type":"post","link":"https:\/\/theplayoffs.news\/fr\/actualite-nhl\/patrick-kane-rejoint-red-wings-detroit\/","title":{"rendered":"Patrick Kane rejoint les Red Wings de D\u00e9troit"},"content":{"rendered":"<h2>NHL &ndash; Patrick Kane est pr&ecirc;t &agrave; enfiler le maillot des Red Wings de D&eacute;troit, marquant un nouveau chapitre dans sa carri&egrave;re illustre.<\/h2><p>Kane, connu pour son incroyable talent sur la glace et ses qualit&eacute;s de leader, a accept&eacute; un contrat d&rsquo;un an avec les Red Wings, confirm&eacute; par des sources de la ligue de <a href=\"https:\/\/theathletic.com\/5095789\/2023\/11\/28\/patrick-kane-red-wings-contract\/\" class=\"trk-cta-link\" data-cta-trk='{\"ctaType\":\"Link\",\"ctaSubType\":\"main\"}'>The Athletic.<\/a><\/p><h3>Le Retour de Kane<\/h3><p>La d&eacute;cision de Patrick Kane intervient apr&egrave;s sa convalescence r&eacute;ussie d&rsquo;une op&eacute;ration de resurfa&ccedil;age de la hanche r&eacute;alis&eacute;e le 1er juin. L&rsquo;op&eacute;ration, qui avait un d&eacute;lai de r&eacute;cup&eacute;ration de six mois, n&rsquo;a pas dissuad&eacute; Kane de faire un retour en temps opportun. Son d&eacute;vouement &eacute;tait &eacute;vident alors qu&rsquo;il passait une partie importante des derniers mois dans la r&eacute;gion du Grand Toronto, s&rsquo;engageant dans une r&eacute;-&eacute;ducation rigoureuse et des entra&icirc;nements sur glace.<\/p><p>Malgr&eacute; les d&eacute;fis de la saison pr&eacute;c&eacute;dente, o&ugrave; il a marqu&eacute; 57 points en 73 matchs avec les Rangers et les Blackhawks malgr&eacute; une blessure persistante &agrave; la hanche et une phase difficile avec les Blackhawks de Chicago, l&rsquo;engagement de Kane envers le jeu reste in&eacute;branlable.<\/p><h3>Une acquisition strat&eacute;gique pour les Red Wings<\/h3><p>L&rsquo;acquisition de Patrick Kane par les Red Wings de D&eacute;troit est vue comme un mouvement strat&eacute;gique pour une organisation qui &eacute;merge d&rsquo;une phase de reconstruction prolong&eacute;e. L&rsquo;exp&eacute;rience et l&rsquo;ensemble des comp&eacute;tences de Kane devraient apporter un nouveau dynamisme &agrave; l&rsquo;&eacute;quipe, qui d&eacute;tient actuellement une place en s&eacute;ries &eacute;liminatoires dans la comp&eacute;titive division Atlantique avec un bilan de 11-6-3.<\/p><p>La r&eacute;union de Patrick Kane avec <a href=\"https:\/\/theplayoffs.news\/fr\/joueur\/alex-debrincat-nhl-8126866\/\" class=\"trk-cta-link\" data-cta-trk='{\"ctaType\":\"Link\",\"ctaSubType\":\"main\"}'><strong>Alex DeBrincat<\/strong><\/a>, son ancien co&eacute;quipier des Blackhawks de Chicago, est particuli&egrave;rement remarquable. DeBrincat, qui m&egrave;ne les Red Wings avec 12 buts en 20 matchs cette saison, avait pr&eacute;c&eacute;demment montr&eacute; une excellente alchimie sur la glace avec Kane. Cette r&eacute;union pourrait potentiellement raviver un partenariat redoutable qui pourrait propulser les Red Wings plus loin dans leur qu&ecirc;te de titre.<\/p><p>La carri&egrave;re de Patrick Kane, qui s&rsquo;&eacute;tend sur plus d&rsquo;une d&eacute;cennie, a &eacute;t&eacute; rien de moins que remarquable. Figure centrale dans trois victoires de la Coupe Stanley avec les Blackhawks et r&eacute;cipiendaire de multiples prix prestigieux, dont le Troph&eacute;e Conn Smythe, l&rsquo;h&eacute;ritage de Kane en tant que l&rsquo;un des grands de la LNH est d&eacute;j&agrave; grav&eacute; dans la pierre.<\/p><p>&nbsp;<\/p><p>&nbsp;<\/p><p>Credit Photo : Danny Wild-USA TODAY Sports<\/p>\n","protected":false},"excerpt":{"rendered":"","protected":false},"author":13,"featured_media":1118287,"comment_status":"open","ping_status":"closed","sticky":false,"template":"","format":"standard","meta":{"inline_featured_image":false,"kia_subtitle":"","_mux_skip_reasons":[],"proofreadBy":0,"footnotes":""},"categories":[187,26],"tags":[367,1802],"sport":[],"saison":[],"class_list":["post-1118263","post","type-post","status-publish","format-standard","has-post-thumbnail","hentry","category-actualite-nhl","category-nhl","tag-detroit-red-wings","tag-patrick-kane"],"acf":[],"yoast_head":"<!-- This site is optimized with the Yoast SEO plugin v24.2 - https:\/\/yoast.com\/wordpress\/plugins\/seo\/ -->\n<title>Patrick Kane rejoint les Red Wings de D&eacute;troit - The Playoffs FR<\/title>\n<meta name=\"robots\" content=\"index, follow, max-snippet:-1, max-image-preview:large, max-video-preview:-1\" \/>\n<link rel=\"canonical\" href=\"https:\/\/theplayoffs.news\/fr\/actualite-nhl\/patrick-kane-rejoint-red-wings-detroit\/\" \/>\n<meta property=\"og:locale\" content=\"fr_FR\" \/>\n<meta property=\"og:type\" content=\"article\" \/>\n<meta property=\"og:title\" content=\"Patrick Kane rejoint les Red Wings de D&eacute;troit - The Playoffs FR\" \/>\n<meta property=\"og:url\" content=\"https:\/\/theplayoffs.news\/fr\/actualite-nhl\/patrick-kane-rejoint-red-wings-detroit\/\" \/>\n<meta property=\"og:site_name\" content=\"The Playoffs FR\" \/>\n<meta property=\"article:publisher\" content=\"https:\/\/www.facebook.com\/TheFreeAgentFR\/\" \/>\n<meta property=\"article:modified_time\" content=\"2023-11-28T14:39:19+01:00\" \/>\n<meta property=\"og:image\" content=\"https:\/\/theplayoffs.news\/fr\/wp-content\/uploads\/2023\/11\/USATSI_20575721.jpg\" \/>\n\t<meta property=\"og:image:width\" content=\"1920\" \/>\n\t<meta property=\"og:image:height\" content=\"1189\" \/>\n\t<meta property=\"og:image:type\" content=\"image\/jpeg\" \/>\n<meta name=\"author\" content=\"Charles Taudin\" \/>\n<meta name=\"twitter:card\" content=\"summary_large_image\" \/>\n<meta name=\"twitter:creator\" content=\"@TheFreeAgentFR\" \/>\n<meta name=\"twitter:site\" content=\"@TheFreeAgentFR\" \/>\n<meta name=\"twitter:label1\" content=\"\u00c9crit par\" \/>\n\t<meta name=\"twitter:data1\" content=\"Charles Taudin\" \/>\n\t<meta name=\"twitter:label2\" content=\"Dur\u00e9e de lecture estim\u00e9e\" \/>\n\t<meta name=\"twitter:data2\" content=\"2 minutes\" \/>\n<script type=\"application\/ld+json\" class=\"yoast-schema-graph\">{\"@context\":\"https:\/\/schema.org\",\"@graph\":[{\"@type\":\"WebPage\",\"@id\":\"https:\/\/theplayoffs.news\/fr\/actualite-nhl\/patrick-kane-rejoint-red-wings-detroit\/\",\"url\":\"https:\/\/theplayoffs.news\/fr\/actualite-nhl\/patrick-kane-rejoint-red-wings-detroit\/\",\"name\":\"Patrick Kane rejoint les Red Wings de D\u00e9troit - The Playoffs FR\",\"isPartOf\":{\"@id\":\"https:\/\/theplayoffs.news\/fr\/#website\"},\"primaryImageOfPage\":{\"@id\":\"https:\/\/theplayoffs.news\/fr\/actualite-nhl\/patrick-kane-rejoint-red-wings-detroit\/#primaryimage\"},\"image\":{\"@id\":\"https:\/\/theplayoffs.news\/fr\/actualite-nhl\/patrick-kane-rejoint-red-wings-detroit\/#primaryimage\"},\"thumbnailUrl\":\"https:\/\/theplayoffs.news\/fr\/wp-content\/uploads\/2023\/11\/USATSI_20575721.jpg\",\"datePublished\":\"2023-11-28T13:39:18+00:00\",\"dateModified\":\"2023-11-28T13:39:19+00:00\",\"author\":{\"@id\":\"https:\/\/theplayoffs.news\/fr\/#\/schema\/person\/eee5b69ad5d3c51cabe881c839dbe133\"},\"breadcrumb\":{\"@id\":\"https:\/\/theplayoffs.news\/fr\/actualite-nhl\/patrick-kane-rejoint-red-wings-detroit\/#breadcrumb\"},\"inLanguage\":\"fr-FR\",\"potentialAction\":[{\"@type\":\"ReadAction\",\"target\":[\"https:\/\/theplayoffs.news\/fr\/actualite-nhl\/patrick-kane-rejoint-red-wings-detroit\/\"]}]},{\"@type\":\"ImageObject\",\"inLanguage\":\"fr-FR\",\"@id\":\"https:\/\/theplayoffs.news\/fr\/actualite-nhl\/patrick-kane-rejoint-red-wings-detroit\/#primaryimage\",\"url\":\"https:\/\/theplayoffs.news\/fr\/wp-content\/uploads\/2023\/11\/USATSI_20575721.jpg\",\"contentUrl\":\"https:\/\/theplayoffs.news\/fr\/wp-content\/uploads\/2023\/11\/USATSI_20575721.jpg\",\"width\":1920,\"height\":1189,\"caption\":\"Apr 29, 2023; New York, New York, USA; New York Rangers right wing Patrick Kane (88) warms up before the first period against the New Jersey Devils in game six of the first round of the 2023 Stanley Cup Playoffs at Madison Square Garden. Mandatory Credit: Danny Wild-USA TODAY Sports\"},{\"@type\":\"BreadcrumbList\",\"@id\":\"https:\/\/theplayoffs.news\/fr\/actualite-nhl\/patrick-kane-rejoint-red-wings-detroit\/#breadcrumb\",\"itemListElement\":[{\"@type\":\"ListItem\",\"position\":1,\"name\":\"Accueil\",\"item\":\"https:\/\/theplayoffs.news\/fr\/\"},{\"@type\":\"ListItem\",\"position\":2,\"name\":\"Patrick Kane rejoint les Red Wings de D\u00e9troit\"}]},{\"@type\":\"WebSite\",\"@id\":\"https:\/\/theplayoffs.news\/fr\/#website\",\"url\":\"https:\/\/theplayoffs.news\/fr\/\",\"name\":\"The Playoffs FR\",\"description\":\"NBA-NFL-NHL-MLB\",\"potentialAction\":[{\"@type\":\"SearchAction\",\"target\":{\"@type\":\"EntryPoint\",\"urlTemplate\":\"https:\/\/theplayoffs.news\/fr\/?s={search_term_string}\"},\"query-input\":{\"@type\":\"PropertyValueSpecification\",\"valueRequired\":true,\"valueName\":\"search_term_string\"}}],\"inLanguage\":\"fr-FR\"},{\"@type\":\"Person\",\"@id\":\"https:\/\/theplayoffs.news\/fr\/#\/schema\/person\/eee5b69ad5d3c51cabe881c839dbe133\",\"name\":\"Charles Taudin\",\"image\":{\"@type\":\"ImageObject\",\"inLanguage\":\"fr-FR\",\"@id\":\"https:\/\/theplayoffs.news\/fr\/#\/schema\/person\/image\/\",\"url\":\"https:\/\/secure.gravatar.com\/avatar\/59a1e772205ce9fd255edfcafc93013736822e20261f294c5753b20c41ede9f2?s=96&d=mm&r=g\",\"contentUrl\":\"https:\/\/secure.gravatar.com\/avatar\/59a1e772205ce9fd255edfcafc93013736822e20261f294c5753b20c41ede9f2?s=96&d=mm&r=g\",\"caption\":\"Charles Taudin\"},\"description\":\"R\u00e9dacteur en chef global de The Playoffs, j\u2019ai cr\u00e9\u00e9 The Free Agent, devenu The Playoffs FR, en 2020 durant la pand\u00e9mie. Amoureux depuis des ann\u00e9es des 4 sports majeurs am\u00e9ricains, j\u2019organise maintenant la strat\u00e9gie \u00e9ditoriale et les r\u00e9seaux sociaux de l\u2019ensemble des versions de The Playoffs. Il m\u2019arrive encore d\u2019\u00e9crire sur certains sports que j\u2019affectionne particuli\u00e8rement comme la NFL ou la MLB. Si vous devez retenir qu\u2019une chose : Eli Manning est le vrai GOAT pour avoir battu deux fois Tom Brady.\",\"sameAs\":[\"https:\/\/www.instagram.com\/ctaudin_\/\"],\"url\":\"https:\/\/theplayoffs.news\/fr\/author\/charles-taudin\/\"}]}<\/script>\n<!-- \/ Yoast SEO plugin. -->","yoast_head_json":{"title":"Patrick Kane rejoint les Red Wings de D&eacute;troit - The Playoffs FR","robots":{"index":"index","follow":"follow","max-snippet":"max-snippet:-1","max-image-preview":"max-image-preview:large","max-video-preview":"max-video-preview:-1"},"canonical":"https:\/\/theplayoffs.news\/fr\/actualite-nhl\/patrick-kane-rejoint-red-wings-detroit\/","og_locale":"fr_FR","og_type":"article","og_title":"Patrick Kane rejoint les Red Wings de D&eacute;troit - The Playoffs FR","og_url":"https:\/\/theplayoffs.news\/fr\/actualite-nhl\/patrick-kane-rejoint-red-wings-detroit\/","og_site_name":"The Playoffs FR","article_publisher":"https:\/\/www.facebook.com\/TheFreeAgentFR\/","article_modified_time":"2023-11-28T13:39:19+00:00","og_image":[{"width":1920,"height":1189,"url":"https:\/\/theplayoffs.news\/fr\/wp-content\/uploads\/2023\/11\/USATSI_20575721.jpg","type":"image\/jpeg"}],"author":"Charles Taudin","twitter_card":"summary_large_image","twitter_creator":"@TheFreeAgentFR","twitter_site":"@TheFreeAgentFR","twitter_misc":{"\u00c9crit par":"Charles Taudin","Dur\u00e9e de lecture estim\u00e9e":"2 minutes"},"schema":{"@context":"https:\/\/schema.org","@graph":[{"@type":"WebPage","@id":"https:\/\/theplayoffs.news\/fr\/actualite-nhl\/patrick-kane-rejoint-red-wings-detroit\/","url":"https:\/\/theplayoffs.news\/fr\/actualite-nhl\/patrick-kane-rejoint-red-wings-detroit\/","name":"Patrick Kane rejoint les Red Wings de D\u00e9troit - The Playoffs FR","isPartOf":{"@id":"https:\/\/theplayoffs.news\/fr\/#website"},"primaryImageOfPage":{"@id":"https:\/\/theplayoffs.news\/fr\/actualite-nhl\/patrick-kane-rejoint-red-wings-detroit\/#primaryimage"},"image":{"@id":"https:\/\/theplayoffs.news\/fr\/actualite-nhl\/patrick-kane-rejoint-red-wings-detroit\/#primaryimage"},"thumbnailUrl":"https:\/\/theplayoffs.news\/fr\/wp-content\/uploads\/2023\/11\/USATSI_20575721.jpg","datePublished":"2023-11-28T13:39:18+00:00","dateModified":"2023-11-28T13:39:19+00:00","author":{"@id":"https:\/\/theplayoffs.news\/fr\/#\/schema\/person\/eee5b69ad5d3c51cabe881c839dbe133"},"breadcrumb":{"@id":"https:\/\/theplayoffs.news\/fr\/actualite-nhl\/patrick-kane-rejoint-red-wings-detroit\/#breadcrumb"},"inLanguage":"fr-FR","potentialAction":[{"@type":"ReadAction","target":["https:\/\/theplayoffs.news\/fr\/actualite-nhl\/patrick-kane-rejoint-red-wings-detroit\/"]}]},{"@type":"ImageObject","inLanguage":"fr-FR","@id":"https:\/\/theplayoffs.news\/fr\/actualite-nhl\/patrick-kane-rejoint-red-wings-detroit\/#primaryimage","url":"https:\/\/theplayoffs.news\/fr\/wp-content\/uploads\/2023\/11\/USATSI_20575721.jpg","contentUrl":"https:\/\/theplayoffs.news\/fr\/wp-content\/uploads\/2023\/11\/USATSI_20575721.jpg","width":1920,"height":1189,"caption":"Apr 29, 2023; New York, New York, USA; New York Rangers right wing Patrick Kane (88) warms up before the first period against the New Jersey Devils in game six of the first round of the 2023 Stanley Cup Playoffs at Madison Square Garden. Mandatory Credit: Danny Wild-USA TODAY Sports"},{"@type":"BreadcrumbList","@id":"https:\/\/theplayoffs.news\/fr\/actualite-nhl\/patrick-kane-rejoint-red-wings-detroit\/#breadcrumb","itemListElement":[{"@type":"ListItem","position":1,"name":"Accueil","item":"https:\/\/theplayoffs.news\/fr\/"},{"@type":"ListItem","position":2,"name":"Patrick Kane rejoint les Red Wings de D\u00e9troit"}]},{"@type":"WebSite","@id":"https:\/\/theplayoffs.news\/fr\/#website","url":"https:\/\/theplayoffs.news\/fr\/","name":"The Playoffs FR","description":"NBA-NFL-NHL-MLB","potentialAction":[{"@type":"SearchAction","target":{"@type":"EntryPoint","urlTemplate":"https:\/\/theplayoffs.news\/fr\/?s={search_term_string}"},"query-input":{"@type":"PropertyValueSpecification","valueRequired":true,"valueName":"search_term_string"}}],"inLanguage":"fr-FR"},{"@type":"Person","@id":"https:\/\/theplayoffs.news\/fr\/#\/schema\/person\/eee5b69ad5d3c51cabe881c839dbe133","name":"Charles Taudin","image":{"@type":"ImageObject","inLanguage":"fr-FR","@id":"https:\/\/theplayoffs.news\/fr\/#\/schema\/person\/image\/","url":"https:\/\/secure.gravatar.com\/avatar\/59a1e772205ce9fd255edfcafc93013736822e20261f294c5753b20c41ede9f2?s=96&d=mm&r=g","contentUrl":"https:\/\/secure.gravatar.com\/avatar\/59a1e772205ce9fd255edfcafc93013736822e20261f294c5753b20c41ede9f2?s=96&d=mm&r=g","caption":"Charles Taudin"},"description":"R\u00e9dacteur en chef global de The Playoffs, j\u2019ai cr\u00e9\u00e9 The Free Agent, devenu The Playoffs FR, en 2020 durant la pand\u00e9mie. Amoureux depuis des ann\u00e9es des 4 sports majeurs am\u00e9ricains, j\u2019organise maintenant la strat\u00e9gie \u00e9ditoriale et les r\u00e9seaux sociaux de l\u2019ensemble des versions de The Playoffs. Il m\u2019arrive encore d\u2019\u00e9crire sur certains sports que j\u2019affectionne particuli\u00e8rement comme la NFL ou la MLB. Si vous devez retenir qu\u2019une chose : Eli Manning est le vrai GOAT pour avoir battu deux fois Tom Brady.","sameAs":["https:\/\/www.instagram.com\/ctaudin_\/"],"url":"https:\/\/theplayoffs.news\/fr\/author\/charles-taudin\/"}]}},"_links":{"self":[{"href":"https:\/\/theplayoffs.news\/fr\/wp-json\/wp\/v2\/posts\/1118263","targetHints":{"allow":["GET"]}}],"collection":[{"href":"https:\/\/theplayoffs.news\/fr\/wp-json\/wp\/v2\/posts"}],"about":[{"href":"https:\/\/theplayoffs.news\/fr\/wp-json\/wp\/v2\/types\/post"}],"author":[{"embeddable":true,"href":"https:\/\/theplayoffs.news\/fr\/wp-json\/wp\/v2\/users\/13"}],"replies":[{"embeddable":true,"href":"https:\/\/theplayoffs.news\/fr\/wp-json\/wp\/v2\/comments?post=1118263"}],"version-history":[{"count":3,"href":"https:\/\/theplayoffs.news\/fr\/wp-json\/wp\/v2\/posts\/1118263\/revisions"}],"predecessor-version":[{"id":1118298,"href":"https:\/\/theplayoffs.news\/fr\/wp-json\/wp\/v2\/posts\/1118263\/revisions\/1118298"}],"wp:featuredmedia":[{"embeddable":true,"href":"https:\/\/theplayoffs.news\/fr\/wp-json\/wp\/v2\/media\/1118287"}],"wp:attachment":[{"href":"https:\/\/theplayoffs.news\/fr\/wp-json\/wp\/v2\/media?parent=1118263"}],"wp:term":[{"taxonomy":"category","embeddable":true,"href":"https:\/\/theplayoffs.news\/fr\/wp-json\/wp\/v2\/categories?post=1118263"},{"taxonomy":"post_tag","embeddable":true,"href":"https:\/\/theplayoffs.news\/fr\/wp-json\/wp\/v2\/tags?post=1118263"},{"taxonomy":"sport","embeddable":true,"href":"https:\/\/theplayoffs.news\/fr\/wp-json\/wp\/v2\/sport?post=1118263"},{"taxonomy":"saison","embeddable":true,"href":"https:\/\/theplayoffs.news\/fr\/wp-json\/wp\/v2\/saison?post=1118263"}],"curies":[{"name":"wp","href":"https:\/\/api.w.org\/{rel}","templated":true}]}}