{"id":1115700,"date":"2023-11-27T16:34:17","date_gmt":"2023-11-27T15:34:17","guid":{"rendered":"https:\/\/theplayoffs.news\/fr\/?p=1115700"},"modified":"2023-11-27T16:34:19","modified_gmt":"2023-11-27T15:34:19","slug":"bryce-young-vraiment-voulu-par-les-panthers","status":"publish","type":"post","link":"https:\/\/theplayoffs.news\/fr\/actualite-nfl\/bryce-young-vraiment-voulu-par-les-panthers\/","title":{"rendered":"Bryce Young \u00e9tait-t-il vraiment voulu par les Panthers ?"},"content":{"rendered":"<h2><strong>Alors que les Panthers de Carolina continuent de sombrer avec 10 d&eacute;faites en 11 matchs en cette saison 2023 (nouvelle d&eacute;faite 17-10 hier face aux Titans), la frustration commence &agrave; gagner les rangs de la Caroline du Sud. Il se pourrait m&ecirc;me que le choix de Bryce Young &agrave; la derni&egrave;re Draft ne fut pas la volont&eacute; de tout le monde.<\/strong><\/h2><p><strong>&nbsp;<\/strong><\/p><p>Le 27 Avril dernier, Bryce Young se voyait appel&eacute; en premier lors de la Draft 2023 dans une logique unanimit&eacute;. Ses performances &agrave; Alabama ne laissaient que peu de doutes sur le choix des Panthers dans une cuv&eacute;e pourvue de quarterbacks.<\/p><p>Exactement sept mois et un pire bilan de la ligue plus tard, les sons de cloches ne sont plus les m&ecirc;mes et le choix Bryce Young aurait peut-&ecirc;tre r&eacute;sult&eacute; d&rsquo;un m&eacute;canisme bien plus complexe.<\/p><p>&nbsp;<\/p><p><strong>Le propri&eacute;taire David Tepper en aurait fait une affaire personnelle<\/strong><\/p><p><strong>&nbsp;<\/strong><\/p><p>Les Panthers ont touch&eacute; le fond hier dans le Tennessee en inscrivant que 10 points en plus de la d&eacute;faite contre une &eacute;quipe qui n&rsquo;avait remport&eacute; que trois matchs.<\/p><p>Cela n&rsquo;a pas &eacute;t&eacute; sans cons&eacute;quences pour le propri&eacute;taire de l&rsquo;&eacute;quipe de Carolina, David Tepper qui est sorti des vestiaires &laquo;&nbsp;d&eacute;go&ucirc;t&eacute;&nbsp;&raquo;. Plusieurs journalistes pr&eacute;sents sur place rapportent &eacute;galement qu&rsquo;il a prononc&eacute; &agrave; de multiples reprises le mot magique &laquo;&nbsp;F**k&nbsp;!&nbsp;&raquo;. Lui, qui ne peut que constater l&rsquo;&eacute;chec cuisant de son &eacute;quipe cette saison, bonne derni&egrave;re de la ligue et qui n&rsquo;aura pas de choix de premier tour &agrave; la prochaine Draft.<\/p><p>&nbsp;<\/p><p>En effet, les Panthers avaient d&eacute;cid&eacute;s de transf&eacute;rer ce m&ecirc;me choix de Draft, en plus de celui du deuxi&egrave;me tour 2023 et leur meilleur receveur DJ Moore aux Bears pour acqu&eacute;rir le premier choix de Draft 2023 en la personne de Bryce Young. Une d&eacute;cision pour le moment lourde de cons&eacute;quences au vu de la d&eacute;cevante saison de ce dernier, de la faiblesse du corps de receveur et de la saison historique de CJ Stroud, draft&eacute; juste apr&egrave;s Young.<\/p><p>&nbsp;<\/p><p>Alors que le poste du n&eacute;o-entra&icirc;neur des Panthers, Frank Reich, est d&eacute;j&agrave; menac&eacute;, les choses ont pris une tournure diff&eacute;rente hier en Caroline du Sud. Effectivement, le journaliste pour NBC Sports Mike Florio a r&eacute;v&eacute;l&eacute; qu&rsquo;il y a un sentiment grandissant au sein des Panthers que la d&eacute;cision de s&eacute;lectionner Bryce Young avec le premier choix r&eacute;sulte de la volont&eacute; de David Tepper seulement et &laquo;&nbsp;que les gens qui travaillent avec lui l&rsquo;ont soutenu car ils savent ce qui est bon pour eux&nbsp;&raquo; r&eacute;v&egrave;le le journaliste. Comprenez par-l&agrave; que personne n&rsquo;avait vraiment envie de se mettre &agrave; dos le propri&eacute;taire de la franchise, d&eacute;termin&eacute; &agrave; choisir Young.<\/p><p>Le journaliste pour NBC Sports a &eacute;galement ajout&eacute; que &laquo;&nbsp;<a href=\"https:\/\/theplayoffs.news\/fr\/nfl\/frank-reich-et-les-panthers-cest-fini\/\" class=\"trk-cta-link\" data-cta-trk='{\"ctaType\":\"Link\",\"ctaSubType\":\"main\"}'>quand Tepper licenciera Reich<\/a> ou d&rsquo;autres membres du staff, il sera int&eacute;ressant de voir si des nouvelles sortent et annoncent que des membres cl&eacute;s du d&eacute;partement football auraient pr&eacute;f&eacute;r&eacute; le choix CJ Stroud ou Anthony Richardson mais qu&rsquo;ils n&rsquo;aient rien dit car le patron aurait choisi qui que ce soit que le patron voulait&nbsp;&raquo; conclut-t-il.<\/p><p>&nbsp;<\/p><p>Les &eacute;v&egrave;nements ne donnent donc pour l&rsquo;instant pas vraiment raison &agrave; David Tepper qui vient de sacrifier une saison puisqu&rsquo;il n&rsquo;y aura pas de choix de Draft &agrave; la fin de celle-ci, mais Bryce Young a encore le temps de se relever.<\/p><p>&nbsp;<\/p><p>\n<div id=\"attachment_1115733\" style=\"width: 310px\" class=\"wp-caption aligncenter\"><img loading=\"lazy\" decoding=\"async\" aria-describedby=\"caption-attachment-1115733\" class=\"size-medium wp-image-1115733\" src=\"https:\/\/theplayoffs.news\/fr\/wp-content\/uploads\/2023\/11\/USATSI_21389163-300x200.jpg\" alt=\"\" width=\"300\" height=\"200\" srcset=\"https:\/\/theplayoffs.news\/fr\/wp-content\/uploads\/2023\/11\/USATSI_21389163-300x200.jpg 300w, https:\/\/theplayoffs.news\/fr\/wp-content\/uploads\/2023\/11\/USATSI_21389163-1030x687.jpg 1030w, https:\/\/theplayoffs.news\/fr\/wp-content\/uploads\/2023\/11\/USATSI_21389163-768x512.jpg 768w, https:\/\/theplayoffs.news\/fr\/wp-content\/uploads\/2023\/11\/USATSI_21389163-1536x1024.jpg 1536w, https:\/\/theplayoffs.news\/fr\/wp-content\/uploads\/2023\/11\/USATSI_21389163-1500x1000.jpg 1500w, https:\/\/theplayoffs.news\/fr\/wp-content\/uploads\/2023\/11\/USATSI_21389163-705x470.jpg 705w, https:\/\/theplayoffs.news\/fr\/wp-content\/uploads\/2023\/11\/USATSI_21389163-1320x880.jpg 1320w, https:\/\/theplayoffs.news\/fr\/wp-content\/uploads\/2023\/11\/USATSI_21389163.jpg 1920w\" sizes=\"auto, (max-width: 300px) 100vw, 300px\" \/><p id=\"caption-attachment-1115733\" class=\"wp-caption-text\">Le propri&eacute;taire David Tepper avec son prot&eacute;g&eacute;. Mandatory Credit: Dale Zanine-USA TODAY Sports<\/p><\/div>\n<\/p><p><strong>Une (tr&egrave;s) mauvaise saison rookie pour Young<\/strong><\/p><p><strong>&nbsp;<\/strong><\/p><p>Les mauvaises performances continuent &agrave; s&rsquo;accumuler pour le premier choix de Draft 2023. Hier, il a laiss&eacute; &eacute;chapper un ballon sur ses propres 25 yards qui a permis aux Titans d&rsquo;aller marquer un touchdown qui s&rsquo;est r&eacute;v&eacute;l&eacute; d&eacute;cisif pour la suite de la rencontre. Il a ensuite lui-m&ecirc;me assum&eacute; de s&rsquo;&ecirc;tre tromp&eacute; sur la derni&egrave;re action du match, o&ugrave; par mauvaise lecture de la d&eacute;fense, il a envoy&eacute; la balle &agrave; DJ Chark.<\/p><p>De plus, Bryce Young a d&eacute;j&agrave; &eacute;t&eacute; sack&eacute; 40 fois cette saison, le cinqui&egrave;me plus haut total de l&rsquo;histoire lors des dix premiers matchs d&rsquo;un joueur depuis que les sacks sont recens&eacute;s (1963). Hier, Young a &eacute;t&eacute; mis sous pression quatorze fois et n&rsquo;a pas r&eacute;ussi une seule passe sur ces situations, il doit faire mieux en d&eacute;pit d&rsquo;une pauvre ligne offensive.<\/p><p>&nbsp;<\/p><p>Young se place aussi &agrave; l&rsquo;avant-derni&egrave;re place du classement NFL du quarterback rating selon ESPN (32.0), seul Zach Wilson fait pire. Il se place aussi avant-dernier au classement des points auxquels le quarterback a contribu&eacute; selon son quarterback rating et son temps de jeu (-20.5), l&agrave;-encore seul Wilson fait pire.<\/p><p>Dans une saison d&eacute;sastreuse o&ugrave; il a l<a href=\"https:\/\/bleacherreport.com\/articles\/10098703-pft-panthers-owner-tepper-wanted-to-draft-bryce-young-staff-agreed-to-avoid-issues\" class=\"trk-cta-link\" data-cta-trk='{\"ctaType\":\"Link\",\"ctaSubType\":\"main\"}'>anc&eacute; neuf touchdowns pour huit interceptions<\/a> en plus du 29<sup>&egrave;me<\/sup> pire taux de passes compl&eacute;t&eacute;es (61.7%), les Panthers sont en droit d&rsquo;en attendre mieux d&rsquo;un premier choix de Draft m&ecirc;me s&rsquo;il n&rsquo;est certainement pas aid&eacute; par sa ligne offensive et ses receveurs.<\/p><p>&nbsp;<\/p><p>\n<div id=\"attachment_1115735\" style=\"width: 310px\" class=\"wp-caption aligncenter\"><img loading=\"lazy\" decoding=\"async\" aria-describedby=\"caption-attachment-1115735\" class=\"size-medium wp-image-1115735\" src=\"https:\/\/theplayoffs.news\/fr\/wp-content\/uploads\/2023\/11\/USATSI_21656594-300x200.jpg\" alt=\"\" width=\"300\" height=\"200\" srcset=\"https:\/\/theplayoffs.news\/fr\/wp-content\/uploads\/2023\/11\/USATSI_21656594-300x200.jpg 300w, https:\/\/theplayoffs.news\/fr\/wp-content\/uploads\/2023\/11\/USATSI_21656594-1030x687.jpg 1030w, https:\/\/theplayoffs.news\/fr\/wp-content\/uploads\/2023\/11\/USATSI_21656594-768x512.jpg 768w, https:\/\/theplayoffs.news\/fr\/wp-content\/uploads\/2023\/11\/USATSI_21656594-1536x1024.jpg 1536w, https:\/\/theplayoffs.news\/fr\/wp-content\/uploads\/2023\/11\/USATSI_21656594-1500x1000.jpg 1500w, https:\/\/theplayoffs.news\/fr\/wp-content\/uploads\/2023\/11\/USATSI_21656594-705x470.jpg 705w, https:\/\/theplayoffs.news\/fr\/wp-content\/uploads\/2023\/11\/USATSI_21656594-1320x880.jpg 1320w, https:\/\/theplayoffs.news\/fr\/wp-content\/uploads\/2023\/11\/USATSI_21656594.jpg 1920w\" sizes=\"auto, (max-width: 300px) 100vw, 300px\" \/><p id=\"caption-attachment-1115735\" class=\"wp-caption-text\">Bryce Young, trop souvent sack&eacute; cette saison. Mandatory Credit: Sam Navarro-USA TODAY Sports<\/p><\/div>\n<\/p><p>Alors que David Tepper avait promis le soir de la Draft que Bryce Young allait aider les Carolina Panthers &agrave; remporter des Superbowls, ces derniers vont manquer les Playoffs pour la sixi&egrave;me ann&eacute;e cons&eacute;cutive, dans la pire division de la ligue, avec le pire bilan de la ligue. De surcro&icirc;t, les Panthers semblent limit&eacute; &agrave; l&rsquo;intersaison qui se profile.<\/p><p>N&rsquo;ayant pas de premier tour de draft et n&rsquo;&eacute;tant que la treizi&egrave;me &eacute;quipe avec le plus de cap salarial disponible avec peu d&rsquo;&eacute;l&eacute;ments attractifs, difficile de croire &agrave; une r&eacute;surgence de Carolina d&egrave;s l&rsquo;an prochain.<\/p><p>&nbsp;<\/p><p>Toutefois, la Draft a d&eacute;j&agrave; r&eacute;serv&eacute;e de belles surprises &agrave; l&rsquo;exemple des Texans cette saison&hellip; qui ont choisi Stroud juste apr&egrave;s Bryce Young.<\/p><p>&copy; Christopher Hanewinckel-USA TODAY Sports<\/p>\n","protected":false},"excerpt":{"rendered":"","protected":false},"author":180310210,"featured_media":1115723,"comment_status":"open","ping_status":"closed","sticky":false,"template":"","format":"standard","meta":{"inline_featured_image":false,"kia_subtitle":"","_mux_skip_reasons":[],"proofreadBy":0,"footnotes":""},"categories":[118,40],"tags":[5191,685],"sport":[2785],"saison":[3453],"class_list":["post-1115700","post","type-post","status-publish","format-standard","has-post-thumbnail","hentry","category-actualite-nfl","category-nfl","tag-bryce-young","tag-carolina-panthers","sport-nfl","saison-3453"],"acf":[],"yoast_head":"<!-- This site is optimized with the Yoast SEO plugin v24.2 - https:\/\/yoast.com\/wordpress\/plugins\/seo\/ -->\n<title>Bryce Young &eacute;tait-t-il vraiment voulu par les Panthers ? - The Playoffs FR<\/title>\n<meta name=\"robots\" content=\"index, follow, max-snippet:-1, max-image-preview:large, max-video-preview:-1\" \/>\n<link rel=\"canonical\" href=\"https:\/\/theplayoffs.news\/fr\/actualite-nfl\/bryce-young-vraiment-voulu-par-les-panthers\/\" \/>\n<meta property=\"og:locale\" content=\"fr_FR\" \/>\n<meta property=\"og:type\" content=\"article\" \/>\n<meta property=\"og:title\" content=\"Bryce Young &eacute;tait-t-il vraiment voulu par les Panthers ? - The Playoffs FR\" \/>\n<meta property=\"og:url\" content=\"https:\/\/theplayoffs.news\/fr\/actualite-nfl\/bryce-young-vraiment-voulu-par-les-panthers\/\" \/>\n<meta property=\"og:site_name\" content=\"The Playoffs FR\" \/>\n<meta property=\"article:publisher\" content=\"https:\/\/www.facebook.com\/TheFreeAgentFR\/\" \/>\n<meta property=\"article:modified_time\" content=\"2023-11-27T16:34:19+01:00\" \/>\n<meta property=\"og:image\" content=\"https:\/\/theplayoffs.news\/fr\/wp-content\/uploads\/2023\/11\/USATSI_21977198.jpg\" \/>\n\t<meta property=\"og:image:width\" content=\"1920\" \/>\n\t<meta property=\"og:image:height\" content=\"1280\" \/>\n\t<meta property=\"og:image:type\" content=\"image\/jpeg\" \/>\n<meta name=\"author\" content=\"Romain Balle\" \/>\n<meta name=\"twitter:card\" content=\"summary_large_image\" \/>\n<meta name=\"twitter:creator\" content=\"@TheFreeAgentFR\" \/>\n<meta name=\"twitter:site\" content=\"@TheFreeAgentFR\" \/>\n<meta name=\"twitter:label1\" content=\"\u00c9crit par\" \/>\n\t<meta name=\"twitter:data1\" content=\"Romain Balle\" \/>\n\t<meta name=\"twitter:label2\" content=\"Dur\u00e9e de lecture estim\u00e9e\" \/>\n\t<meta name=\"twitter:data2\" content=\"5 minutes\" \/>\n<script type=\"application\/ld+json\" class=\"yoast-schema-graph\">{\"@context\":\"https:\/\/schema.org\",\"@graph\":[{\"@type\":\"WebPage\",\"@id\":\"https:\/\/theplayoffs.news\/fr\/actualite-nfl\/bryce-young-vraiment-voulu-par-les-panthers\/\",\"url\":\"https:\/\/theplayoffs.news\/fr\/actualite-nfl\/bryce-young-vraiment-voulu-par-les-panthers\/\",\"name\":\"Bryce Young \u00e9tait-t-il vraiment voulu par les Panthers ? - The Playoffs FR\",\"isPartOf\":{\"@id\":\"https:\/\/theplayoffs.news\/fr\/#website\"},\"primaryImageOfPage\":{\"@id\":\"https:\/\/theplayoffs.news\/fr\/actualite-nfl\/bryce-young-vraiment-voulu-par-les-panthers\/#primaryimage\"},\"image\":{\"@id\":\"https:\/\/theplayoffs.news\/fr\/actualite-nfl\/bryce-young-vraiment-voulu-par-les-panthers\/#primaryimage\"},\"thumbnailUrl\":\"https:\/\/theplayoffs.news\/fr\/wp-content\/uploads\/2023\/11\/USATSI_21977198.jpg\",\"datePublished\":\"2023-11-27T15:34:17+00:00\",\"dateModified\":\"2023-11-27T15:34:19+00:00\",\"author\":{\"@id\":\"https:\/\/theplayoffs.news\/fr\/#\/schema\/person\/6d5286c8c5dec1bbd3e6341f17a41111\"},\"breadcrumb\":{\"@id\":\"https:\/\/theplayoffs.news\/fr\/actualite-nfl\/bryce-young-vraiment-voulu-par-les-panthers\/#breadcrumb\"},\"inLanguage\":\"fr-FR\",\"potentialAction\":[{\"@type\":\"ReadAction\",\"target\":[\"https:\/\/theplayoffs.news\/fr\/actualite-nfl\/bryce-young-vraiment-voulu-par-les-panthers\/\"]}]},{\"@type\":\"ImageObject\",\"inLanguage\":\"fr-FR\",\"@id\":\"https:\/\/theplayoffs.news\/fr\/actualite-nfl\/bryce-young-vraiment-voulu-par-les-panthers\/#primaryimage\",\"url\":\"https:\/\/theplayoffs.news\/fr\/wp-content\/uploads\/2023\/11\/USATSI_21977198.jpg\",\"contentUrl\":\"https:\/\/theplayoffs.news\/fr\/wp-content\/uploads\/2023\/11\/USATSI_21977198.jpg\",\"width\":1920,\"height\":1280,\"caption\":\"Nov 26, 2023; Nashville, Tennessee, USA; Carolina Panthers quarterback Bryce Young (9) during the first half against the Tennessee Titans at Nissan Stadium. Mandatory Credit: Christopher Hanewinckel-USA TODAY Sports\"},{\"@type\":\"BreadcrumbList\",\"@id\":\"https:\/\/theplayoffs.news\/fr\/actualite-nfl\/bryce-young-vraiment-voulu-par-les-panthers\/#breadcrumb\",\"itemListElement\":[{\"@type\":\"ListItem\",\"position\":1,\"name\":\"Accueil\",\"item\":\"https:\/\/theplayoffs.news\/fr\/\"},{\"@type\":\"ListItem\",\"position\":2,\"name\":\"Bryce Young \u00e9tait-t-il vraiment voulu par les Panthers ?\"}]},{\"@type\":\"WebSite\",\"@id\":\"https:\/\/theplayoffs.news\/fr\/#website\",\"url\":\"https:\/\/theplayoffs.news\/fr\/\",\"name\":\"The Playoffs FR\",\"description\":\"NBA-NFL-NHL-MLB\",\"potentialAction\":[{\"@type\":\"SearchAction\",\"target\":{\"@type\":\"EntryPoint\",\"urlTemplate\":\"https:\/\/theplayoffs.news\/fr\/?s={search_term_string}\"},\"query-input\":{\"@type\":\"PropertyValueSpecification\",\"valueRequired\":true,\"valueName\":\"search_term_string\"}}],\"inLanguage\":\"fr-FR\"},{\"@type\":\"Person\",\"@id\":\"https:\/\/theplayoffs.news\/fr\/#\/schema\/person\/6d5286c8c5dec1bbd3e6341f17a41111\",\"name\":\"Romain Balle\",\"image\":{\"@type\":\"ImageObject\",\"inLanguage\":\"fr-FR\",\"@id\":\"https:\/\/theplayoffs.news\/fr\/#\/schema\/person\/image\/\",\"url\":\"https:\/\/secure.gravatar.com\/avatar\/05ddb849264c48c5ab2084b8927e8da5ec4ccb05c2bd91acb1c3d4c2785ce057?s=96&d=mm&r=g\",\"contentUrl\":\"https:\/\/secure.gravatar.com\/avatar\/05ddb849264c48c5ab2084b8927e8da5ec4ccb05c2bd91acb1c3d4c2785ce057?s=96&d=mm&r=g\",\"caption\":\"Romain Balle\"},\"url\":\"https:\/\/theplayoffs.news\/fr\/author\/romainballe02gmail-com\/\"}]}<\/script>\n<!-- \/ Yoast SEO plugin. -->","yoast_head_json":{"title":"Bryce Young &eacute;tait-t-il vraiment voulu par les Panthers ? - The Playoffs FR","robots":{"index":"index","follow":"follow","max-snippet":"max-snippet:-1","max-image-preview":"max-image-preview:large","max-video-preview":"max-video-preview:-1"},"canonical":"https:\/\/theplayoffs.news\/fr\/actualite-nfl\/bryce-young-vraiment-voulu-par-les-panthers\/","og_locale":"fr_FR","og_type":"article","og_title":"Bryce Young &eacute;tait-t-il vraiment voulu par les Panthers ? - The Playoffs FR","og_url":"https:\/\/theplayoffs.news\/fr\/actualite-nfl\/bryce-young-vraiment-voulu-par-les-panthers\/","og_site_name":"The Playoffs FR","article_publisher":"https:\/\/www.facebook.com\/TheFreeAgentFR\/","article_modified_time":"2023-11-27T15:34:19+00:00","og_image":[{"width":1920,"height":1280,"url":"https:\/\/theplayoffs.news\/fr\/wp-content\/uploads\/2023\/11\/USATSI_21977198.jpg","type":"image\/jpeg"}],"author":"Romain Balle","twitter_card":"summary_large_image","twitter_creator":"@TheFreeAgentFR","twitter_site":"@TheFreeAgentFR","twitter_misc":{"\u00c9crit par":"Romain Balle","Dur\u00e9e de lecture estim\u00e9e":"5 minutes"},"schema":{"@context":"https:\/\/schema.org","@graph":[{"@type":"WebPage","@id":"https:\/\/theplayoffs.news\/fr\/actualite-nfl\/bryce-young-vraiment-voulu-par-les-panthers\/","url":"https:\/\/theplayoffs.news\/fr\/actualite-nfl\/bryce-young-vraiment-voulu-par-les-panthers\/","name":"Bryce Young \u00e9tait-t-il vraiment voulu par les Panthers ? - The Playoffs FR","isPartOf":{"@id":"https:\/\/theplayoffs.news\/fr\/#website"},"primaryImageOfPage":{"@id":"https:\/\/theplayoffs.news\/fr\/actualite-nfl\/bryce-young-vraiment-voulu-par-les-panthers\/#primaryimage"},"image":{"@id":"https:\/\/theplayoffs.news\/fr\/actualite-nfl\/bryce-young-vraiment-voulu-par-les-panthers\/#primaryimage"},"thumbnailUrl":"https:\/\/theplayoffs.news\/fr\/wp-content\/uploads\/2023\/11\/USATSI_21977198.jpg","datePublished":"2023-11-27T15:34:17+00:00","dateModified":"2023-11-27T15:34:19+00:00","author":{"@id":"https:\/\/theplayoffs.news\/fr\/#\/schema\/person\/6d5286c8c5dec1bbd3e6341f17a41111"},"breadcrumb":{"@id":"https:\/\/theplayoffs.news\/fr\/actualite-nfl\/bryce-young-vraiment-voulu-par-les-panthers\/#breadcrumb"},"inLanguage":"fr-FR","potentialAction":[{"@type":"ReadAction","target":["https:\/\/theplayoffs.news\/fr\/actualite-nfl\/bryce-young-vraiment-voulu-par-les-panthers\/"]}]},{"@type":"ImageObject","inLanguage":"fr-FR","@id":"https:\/\/theplayoffs.news\/fr\/actualite-nfl\/bryce-young-vraiment-voulu-par-les-panthers\/#primaryimage","url":"https:\/\/theplayoffs.news\/fr\/wp-content\/uploads\/2023\/11\/USATSI_21977198.jpg","contentUrl":"https:\/\/theplayoffs.news\/fr\/wp-content\/uploads\/2023\/11\/USATSI_21977198.jpg","width":1920,"height":1280,"caption":"Nov 26, 2023; Nashville, Tennessee, USA; Carolina Panthers quarterback Bryce Young (9) during the first half against the Tennessee Titans at Nissan Stadium. Mandatory Credit: Christopher Hanewinckel-USA TODAY Sports"},{"@type":"BreadcrumbList","@id":"https:\/\/theplayoffs.news\/fr\/actualite-nfl\/bryce-young-vraiment-voulu-par-les-panthers\/#breadcrumb","itemListElement":[{"@type":"ListItem","position":1,"name":"Accueil","item":"https:\/\/theplayoffs.news\/fr\/"},{"@type":"ListItem","position":2,"name":"Bryce Young \u00e9tait-t-il vraiment voulu par les Panthers ?"}]},{"@type":"WebSite","@id":"https:\/\/theplayoffs.news\/fr\/#website","url":"https:\/\/theplayoffs.news\/fr\/","name":"The Playoffs FR","description":"NBA-NFL-NHL-MLB","potentialAction":[{"@type":"SearchAction","target":{"@type":"EntryPoint","urlTemplate":"https:\/\/theplayoffs.news\/fr\/?s={search_term_string}"},"query-input":{"@type":"PropertyValueSpecification","valueRequired":true,"valueName":"search_term_string"}}],"inLanguage":"fr-FR"},{"@type":"Person","@id":"https:\/\/theplayoffs.news\/fr\/#\/schema\/person\/6d5286c8c5dec1bbd3e6341f17a41111","name":"Romain Balle","image":{"@type":"ImageObject","inLanguage":"fr-FR","@id":"https:\/\/theplayoffs.news\/fr\/#\/schema\/person\/image\/","url":"https:\/\/secure.gravatar.com\/avatar\/05ddb849264c48c5ab2084b8927e8da5ec4ccb05c2bd91acb1c3d4c2785ce057?s=96&d=mm&r=g","contentUrl":"https:\/\/secure.gravatar.com\/avatar\/05ddb849264c48c5ab2084b8927e8da5ec4ccb05c2bd91acb1c3d4c2785ce057?s=96&d=mm&r=g","caption":"Romain Balle"},"url":"https:\/\/theplayoffs.news\/fr\/author\/romainballe02gmail-com\/"}]}},"_links":{"self":[{"href":"https:\/\/theplayoffs.news\/fr\/wp-json\/wp\/v2\/posts\/1115700","targetHints":{"allow":["GET"]}}],"collection":[{"href":"https:\/\/theplayoffs.news\/fr\/wp-json\/wp\/v2\/posts"}],"about":[{"href":"https:\/\/theplayoffs.news\/fr\/wp-json\/wp\/v2\/types\/post"}],"author":[{"embeddable":true,"href":"https:\/\/theplayoffs.news\/fr\/wp-json\/wp\/v2\/users\/180310210"}],"replies":[{"embeddable":true,"href":"https:\/\/theplayoffs.news\/fr\/wp-json\/wp\/v2\/comments?post=1115700"}],"version-history":[{"count":3,"href":"https:\/\/theplayoffs.news\/fr\/wp-json\/wp\/v2\/posts\/1115700\/revisions"}],"predecessor-version":[{"id":1115746,"href":"https:\/\/theplayoffs.news\/fr\/wp-json\/wp\/v2\/posts\/1115700\/revisions\/1115746"}],"wp:featuredmedia":[{"embeddable":true,"href":"https:\/\/theplayoffs.news\/fr\/wp-json\/wp\/v2\/media\/1115723"}],"wp:attachment":[{"href":"https:\/\/theplayoffs.news\/fr\/wp-json\/wp\/v2\/media?parent=1115700"}],"wp:term":[{"taxonomy":"category","embeddable":true,"href":"https:\/\/theplayoffs.news\/fr\/wp-json\/wp\/v2\/categories?post=1115700"},{"taxonomy":"post_tag","embeddable":true,"href":"https:\/\/theplayoffs.news\/fr\/wp-json\/wp\/v2\/tags?post=1115700"},{"taxonomy":"sport","embeddable":true,"href":"https:\/\/theplayoffs.news\/fr\/wp-json\/wp\/v2\/sport?post=1115700"},{"taxonomy":"saison","embeddable":true,"href":"https:\/\/theplayoffs.news\/fr\/wp-json\/wp\/v2\/saison?post=1115700"}],"curies":[{"name":"wp","href":"https:\/\/api.w.org\/{rel}","templated":true}]}}