{"id":1112890,"date":"2023-11-26T17:41:30","date_gmt":"2023-11-26T16:41:30","guid":{"rendered":"https:\/\/theplayoffs.news\/fr\/?p=1112890"},"modified":"2023-11-26T17:41:32","modified_gmt":"2023-11-26T16:41:32","slug":"mac-jones-prendra-le-depart-face-aux-giants","status":"publish","type":"post","link":"https:\/\/theplayoffs.news\/fr\/actualite-nfl\/mac-jones-prendra-le-depart-face-aux-giants\/","title":{"rendered":"Mac Jones prendra le d\u00e9part face aux Giants lors de la week 12"},"content":{"rendered":"<h2>NFL &ndash; Apr&egrave;s de nombreuses heures d&rsquo;h&eacute;sitation, Bill Belichick a d&eacute;cid&eacute; de faire confiance &agrave; Mac Jones comme quarterback titulaire pour la rencontre face aux Giants de New York.<\/h2><p>Le suspens sur l&rsquo;identit&eacute; du quarterback titulaire des Patriots pour la week 12 &eacute;tait entier entre les candidatures de <a href=\"https:\/\/theplayoffs.news\/fr\/joueur\/mac-jones-nfl-8482928\/\" class=\"trk-cta-link\" data-cta-trk='{\"ctaType\":\"Link\",\"ctaSubType\":\"main\"}'>Mac Jones<\/a>, d&eacute;cevant depuis le d&eacute;but de cette campagne 2023, et Bailey Zappe, qui n&rsquo;a gu&egrave;re apport&eacute; plus de garanties lors de ses rares apparitions sur le terrain. Au repos la semaine derni&egrave;re, Bill Belichick a donc eu pr&egrave;s de 15 jours pour faire son choix. Ce dernier s&rsquo;est donc port&eacute; sur Mac Jones comme l&rsquo;<a href=\"https:\/\/twitter.com\/MikeGarafolo\/status\/1728807640283652384\" class=\"trk-cta-link\" data-cta-trk='{\"ctaType\":\"Link\",\"ctaSubType\":\"main\"}'>ont annonc&eacute; plusieurs sources<\/a> quelques heures seulement avant la rencontre de ce dimanche face aux Giants.<\/p><blockquote class=\"twitter-tweet\" data-width=\"500\" data-dnt=\"true\">\n<p lang=\"en\" dir=\"ltr\"><a href=\"https:\/\/twitter.com\/hashtag\/Patriots?src=hash&amp;ref_src=twsrc%5Etfw\" class=\"trk-cta-link\" data-cta-trk='{\"ctaType\":\"Link\",\"ctaSubType\":\"main\"}'>#Patriots<\/a> QB Mac Jones getting loose. He will start today, sources say. But again, Bailey Zappe likely to be in the mix as well. <a href=\"https:\/\/t.co\/PtORqlxm9f\" class=\"trk-cta-link\" data-cta-trk='{\"ctaType\":\"Link\",\"ctaSubType\":\"main\"}'>pic.twitter.com\/PtORqlxm9f<\/a><\/p>\n<p>&mdash; Mike Garafolo (@MikeGarafolo) <a href=\"https:\/\/twitter.com\/MikeGarafolo\/status\/1728807640283652384?ref_src=twsrc%5Etfw\" class=\"trk-cta-link\" data-cta-trk='{\"ctaType\":\"Link\",\"ctaSubType\":\"main\"}'>November 26, 2023<\/a><\/p><\/blockquote><p><script async src=\"https:\/\/platform.twitter.com\/widgets.js\" charset=\"utf-8\"><\/script><\/p><p>Depuis le d&eacute;but de la saison, Mac Jones a d&eacute;marr&eacute; les 10 rencontres des Patriots pour un bilan de 8 d&eacute;faites et 2 victoires seulement. Des prestations globalement tr&egrave;s difficiles avec un pourcentage de passes compl&eacute;t&eacute;es de 65.4% pour 2031 yards mais aussi 10 touchdowns lanc&eacute;s et 10 interceptions.<\/p><p>Lors de la derni&egrave;re rencontre, qui s&rsquo;est sold&eacute;e par une d&eacute;faite des Patriots face aux Colts en Allemagne, Mac Jones avait &eacute;t&eacute; remplac&eacute; pour le drive final par Bailey Zappe qui avait alors lanc&eacute; une interception qui avait mis fin aux espoirs de retour des joueurs de la Nouvelle-Angleterre. Mais ce changement en cours de jeu pouvait laisser entrevoir une possibilit&eacute; de changement &agrave; plus long terme au poste de quarterback titulaire. Il n&rsquo;en sera finalement rien&hellip; pour le moment.<\/p><p>Car il ne faut pas perdre de vue que Mac Jones reste bien &eacute;videmment sur un si&egrave;ge &eacute;jectable. En cas de nouvelle d&eacute;convenue ce dimanche face aux Giants de New York, il n&rsquo;est pas impossible que le quarterback titulaire retrouve rapidement une place sur le banc de touche de sa franchise.<\/p><p><em>Cr&eacute;dit photo: Nathan Ray Seebeck-USA TODAY Sports<\/em><\/p><p>&nbsp;<\/p>\n","protected":false},"excerpt":{"rendered":"","protected":false},"author":180309964,"featured_media":1112891,"comment_status":"open","ping_status":"closed","sticky":false,"template":"","format":"standard","meta":{"inline_featured_image":false,"kia_subtitle":"","_mux_skip_reasons":[],"proofreadBy":0,"footnotes":""},"categories":[118,40],"tags":[3105,1646,622],"sport":[2785],"saison":[3453],"class_list":["post-1112890","post","type-post","status-publish","format-standard","has-post-thumbnail","hentry","category-actualite-nfl","category-nfl","tag-bailey-zappe","tag-mac-jones","tag-new-england-patriots","sport-nfl","saison-3453"],"acf":[],"yoast_head":"<!-- This site is optimized with the Yoast SEO plugin v24.2 - https:\/\/yoast.com\/wordpress\/plugins\/seo\/ -->\n<title>Mac Jones prendra le d&eacute;part face aux Giants lors de la week 12 - The Playoffs FR<\/title>\n<meta name=\"robots\" content=\"index, follow, max-snippet:-1, max-image-preview:large, max-video-preview:-1\" \/>\n<link rel=\"canonical\" href=\"https:\/\/theplayoffs.news\/fr\/actualite-nfl\/mac-jones-prendra-le-depart-face-aux-giants\/\" \/>\n<meta property=\"og:locale\" content=\"fr_FR\" \/>\n<meta property=\"og:type\" content=\"article\" \/>\n<meta property=\"og:title\" content=\"Mac Jones prendra le d&eacute;part face aux Giants lors de la week 12 - The Playoffs FR\" \/>\n<meta property=\"og:url\" content=\"https:\/\/theplayoffs.news\/fr\/actualite-nfl\/mac-jones-prendra-le-depart-face-aux-giants\/\" \/>\n<meta property=\"og:site_name\" content=\"The Playoffs FR\" \/>\n<meta property=\"article:publisher\" content=\"https:\/\/www.facebook.com\/TheFreeAgentFR\/\" \/>\n<meta property=\"article:modified_time\" content=\"2023-11-26T17:41:32+01:00\" \/>\n<meta property=\"og:image\" content=\"https:\/\/theplayoffs.news\/fr\/wp-content\/uploads\/2023\/11\/USATSI_21883136.jpg\" \/>\n\t<meta property=\"og:image:width\" content=\"1920\" \/>\n\t<meta property=\"og:image:height\" content=\"1280\" \/>\n\t<meta property=\"og:image:type\" content=\"image\/jpeg\" \/>\n<meta name=\"author\" content=\"Flavien Jumeau\" \/>\n<meta name=\"twitter:card\" content=\"summary_large_image\" \/>\n<meta name=\"twitter:creator\" content=\"@TheFreeAgentFR\" \/>\n<meta name=\"twitter:site\" content=\"@TheFreeAgentFR\" \/>\n<meta name=\"twitter:label1\" content=\"\u00c9crit par\" \/>\n\t<meta name=\"twitter:data1\" content=\"Flavien Jumeau\" \/>\n\t<meta name=\"twitter:label2\" content=\"Dur\u00e9e de lecture estim\u00e9e\" \/>\n\t<meta name=\"twitter:data2\" content=\"2 minutes\" \/>\n<script type=\"application\/ld+json\" class=\"yoast-schema-graph\">{\"@context\":\"https:\/\/schema.org\",\"@graph\":[{\"@type\":\"WebPage\",\"@id\":\"https:\/\/theplayoffs.news\/fr\/actualite-nfl\/mac-jones-prendra-le-depart-face-aux-giants\/\",\"url\":\"https:\/\/theplayoffs.news\/fr\/actualite-nfl\/mac-jones-prendra-le-depart-face-aux-giants\/\",\"name\":\"Mac Jones prendra le d\u00e9part face aux Giants lors de la week 12 - The Playoffs FR\",\"isPartOf\":{\"@id\":\"https:\/\/theplayoffs.news\/fr\/#website\"},\"primaryImageOfPage\":{\"@id\":\"https:\/\/theplayoffs.news\/fr\/actualite-nfl\/mac-jones-prendra-le-depart-face-aux-giants\/#primaryimage\"},\"image\":{\"@id\":\"https:\/\/theplayoffs.news\/fr\/actualite-nfl\/mac-jones-prendra-le-depart-face-aux-giants\/#primaryimage\"},\"thumbnailUrl\":\"https:\/\/theplayoffs.news\/fr\/wp-content\/uploads\/2023\/11\/USATSI_21883136.jpg\",\"datePublished\":\"2023-11-26T16:41:30+00:00\",\"dateModified\":\"2023-11-26T16:41:32+00:00\",\"author\":{\"@id\":\"https:\/\/theplayoffs.news\/fr\/#\/schema\/person\/def63bc6746dc5957469b75feb99e66d\"},\"breadcrumb\":{\"@id\":\"https:\/\/theplayoffs.news\/fr\/actualite-nfl\/mac-jones-prendra-le-depart-face-aux-giants\/#breadcrumb\"},\"inLanguage\":\"fr-FR\",\"potentialAction\":[{\"@type\":\"ReadAction\",\"target\":[\"https:\/\/theplayoffs.news\/fr\/actualite-nfl\/mac-jones-prendra-le-depart-face-aux-giants\/\"]}]},{\"@type\":\"ImageObject\",\"inLanguage\":\"fr-FR\",\"@id\":\"https:\/\/theplayoffs.news\/fr\/actualite-nfl\/mac-jones-prendra-le-depart-face-aux-giants\/#primaryimage\",\"url\":\"https:\/\/theplayoffs.news\/fr\/wp-content\/uploads\/2023\/11\/USATSI_21883136.jpg\",\"contentUrl\":\"https:\/\/theplayoffs.news\/fr\/wp-content\/uploads\/2023\/11\/USATSI_21883136.jpg\",\"width\":1920,\"height\":1280,\"caption\":\"Nov 12, 2023; Frankfurt, Germany; New England Patriots quarterback Mac Jones (10) calls a play at the line against the Indianapolis Colts in the fourth quarter during an International Series game at Deutsche Bank Park. Mandatory Credit: Nathan Ray Seebeck-USA TODAY Sports\"},{\"@type\":\"BreadcrumbList\",\"@id\":\"https:\/\/theplayoffs.news\/fr\/actualite-nfl\/mac-jones-prendra-le-depart-face-aux-giants\/#breadcrumb\",\"itemListElement\":[{\"@type\":\"ListItem\",\"position\":1,\"name\":\"Accueil\",\"item\":\"https:\/\/theplayoffs.news\/fr\/\"},{\"@type\":\"ListItem\",\"position\":2,\"name\":\"Mac Jones prendra le d\u00e9part face aux Giants lors de la week 12\"}]},{\"@type\":\"WebSite\",\"@id\":\"https:\/\/theplayoffs.news\/fr\/#website\",\"url\":\"https:\/\/theplayoffs.news\/fr\/\",\"name\":\"The Playoffs FR\",\"description\":\"NBA-NFL-NHL-MLB\",\"potentialAction\":[{\"@type\":\"SearchAction\",\"target\":{\"@type\":\"EntryPoint\",\"urlTemplate\":\"https:\/\/theplayoffs.news\/fr\/?s={search_term_string}\"},\"query-input\":{\"@type\":\"PropertyValueSpecification\",\"valueRequired\":true,\"valueName\":\"search_term_string\"}}],\"inLanguage\":\"fr-FR\"},{\"@type\":\"Person\",\"@id\":\"https:\/\/theplayoffs.news\/fr\/#\/schema\/person\/def63bc6746dc5957469b75feb99e66d\",\"name\":\"Flavien Jumeau\",\"image\":{\"@type\":\"ImageObject\",\"inLanguage\":\"fr-FR\",\"@id\":\"https:\/\/theplayoffs.news\/fr\/#\/schema\/person\/image\/\",\"url\":\"https:\/\/secure.gravatar.com\/avatar\/e7fa8ba5a4b7e4ce35fe152f083f352db28ad0acce692004ed88a7a7d78893f7?s=96&d=mm&r=g\",\"contentUrl\":\"https:\/\/secure.gravatar.com\/avatar\/e7fa8ba5a4b7e4ce35fe152f083f352db28ad0acce692004ed88a7a7d78893f7?s=96&d=mm&r=g\",\"caption\":\"Flavien Jumeau\"},\"description\":\"Amoureux du sport (et de vraiment tous les sports) depuis mon plus jeune \u00e2ge, j\u2019ai longtemps h\u00e9site entre le snooker et le curling. Finalement c\u2019est le foot US que j\u2019ai d\u00e9cid\u00e9 de choisir! Responsable foot US sur TPO et animateur du podcast Tailgate j\u2019ai pour mission de vous faire d\u00e9couvrir ce sport passionnant si ce n\u2019est pas encore fait et de vous donner les derni\u00e8res actus. Le tout dans la bonne humeur et avec toujours un jeu de mots ou deux savamment distill\u00e9s! Fan des Saints, pour moi Drew Brees est le vrai GOAT!\",\"url\":\"https:\/\/theplayoffs.news\/fr\/author\/flavien-jumeaugmail-com\/\"}]}<\/script>\n<!-- \/ Yoast SEO plugin. -->","yoast_head_json":{"title":"Mac Jones prendra le d&eacute;part face aux Giants lors de la week 12 - The Playoffs FR","robots":{"index":"index","follow":"follow","max-snippet":"max-snippet:-1","max-image-preview":"max-image-preview:large","max-video-preview":"max-video-preview:-1"},"canonical":"https:\/\/theplayoffs.news\/fr\/actualite-nfl\/mac-jones-prendra-le-depart-face-aux-giants\/","og_locale":"fr_FR","og_type":"article","og_title":"Mac Jones prendra le d&eacute;part face aux Giants lors de la week 12 - The Playoffs FR","og_url":"https:\/\/theplayoffs.news\/fr\/actualite-nfl\/mac-jones-prendra-le-depart-face-aux-giants\/","og_site_name":"The Playoffs FR","article_publisher":"https:\/\/www.facebook.com\/TheFreeAgentFR\/","article_modified_time":"2023-11-26T16:41:32+00:00","og_image":[{"width":1920,"height":1280,"url":"https:\/\/theplayoffs.news\/fr\/wp-content\/uploads\/2023\/11\/USATSI_21883136.jpg","type":"image\/jpeg"}],"author":"Flavien Jumeau","twitter_card":"summary_large_image","twitter_creator":"@TheFreeAgentFR","twitter_site":"@TheFreeAgentFR","twitter_misc":{"\u00c9crit par":"Flavien Jumeau","Dur\u00e9e de lecture estim\u00e9e":"2 minutes"},"schema":{"@context":"https:\/\/schema.org","@graph":[{"@type":"WebPage","@id":"https:\/\/theplayoffs.news\/fr\/actualite-nfl\/mac-jones-prendra-le-depart-face-aux-giants\/","url":"https:\/\/theplayoffs.news\/fr\/actualite-nfl\/mac-jones-prendra-le-depart-face-aux-giants\/","name":"Mac Jones prendra le d\u00e9part face aux Giants lors de la week 12 - The Playoffs FR","isPartOf":{"@id":"https:\/\/theplayoffs.news\/fr\/#website"},"primaryImageOfPage":{"@id":"https:\/\/theplayoffs.news\/fr\/actualite-nfl\/mac-jones-prendra-le-depart-face-aux-giants\/#primaryimage"},"image":{"@id":"https:\/\/theplayoffs.news\/fr\/actualite-nfl\/mac-jones-prendra-le-depart-face-aux-giants\/#primaryimage"},"thumbnailUrl":"https:\/\/theplayoffs.news\/fr\/wp-content\/uploads\/2023\/11\/USATSI_21883136.jpg","datePublished":"2023-11-26T16:41:30+00:00","dateModified":"2023-11-26T16:41:32+00:00","author":{"@id":"https:\/\/theplayoffs.news\/fr\/#\/schema\/person\/def63bc6746dc5957469b75feb99e66d"},"breadcrumb":{"@id":"https:\/\/theplayoffs.news\/fr\/actualite-nfl\/mac-jones-prendra-le-depart-face-aux-giants\/#breadcrumb"},"inLanguage":"fr-FR","potentialAction":[{"@type":"ReadAction","target":["https:\/\/theplayoffs.news\/fr\/actualite-nfl\/mac-jones-prendra-le-depart-face-aux-giants\/"]}]},{"@type":"ImageObject","inLanguage":"fr-FR","@id":"https:\/\/theplayoffs.news\/fr\/actualite-nfl\/mac-jones-prendra-le-depart-face-aux-giants\/#primaryimage","url":"https:\/\/theplayoffs.news\/fr\/wp-content\/uploads\/2023\/11\/USATSI_21883136.jpg","contentUrl":"https:\/\/theplayoffs.news\/fr\/wp-content\/uploads\/2023\/11\/USATSI_21883136.jpg","width":1920,"height":1280,"caption":"Nov 12, 2023; Frankfurt, Germany; New England Patriots quarterback Mac Jones (10) calls a play at the line against the Indianapolis Colts in the fourth quarter during an International Series game at Deutsche Bank Park. Mandatory Credit: Nathan Ray Seebeck-USA TODAY Sports"},{"@type":"BreadcrumbList","@id":"https:\/\/theplayoffs.news\/fr\/actualite-nfl\/mac-jones-prendra-le-depart-face-aux-giants\/#breadcrumb","itemListElement":[{"@type":"ListItem","position":1,"name":"Accueil","item":"https:\/\/theplayoffs.news\/fr\/"},{"@type":"ListItem","position":2,"name":"Mac Jones prendra le d\u00e9part face aux Giants lors de la week 12"}]},{"@type":"WebSite","@id":"https:\/\/theplayoffs.news\/fr\/#website","url":"https:\/\/theplayoffs.news\/fr\/","name":"The Playoffs FR","description":"NBA-NFL-NHL-MLB","potentialAction":[{"@type":"SearchAction","target":{"@type":"EntryPoint","urlTemplate":"https:\/\/theplayoffs.news\/fr\/?s={search_term_string}"},"query-input":{"@type":"PropertyValueSpecification","valueRequired":true,"valueName":"search_term_string"}}],"inLanguage":"fr-FR"},{"@type":"Person","@id":"https:\/\/theplayoffs.news\/fr\/#\/schema\/person\/def63bc6746dc5957469b75feb99e66d","name":"Flavien Jumeau","image":{"@type":"ImageObject","inLanguage":"fr-FR","@id":"https:\/\/theplayoffs.news\/fr\/#\/schema\/person\/image\/","url":"https:\/\/secure.gravatar.com\/avatar\/e7fa8ba5a4b7e4ce35fe152f083f352db28ad0acce692004ed88a7a7d78893f7?s=96&d=mm&r=g","contentUrl":"https:\/\/secure.gravatar.com\/avatar\/e7fa8ba5a4b7e4ce35fe152f083f352db28ad0acce692004ed88a7a7d78893f7?s=96&d=mm&r=g","caption":"Flavien Jumeau"},"description":"Amoureux du sport (et de vraiment tous les sports) depuis mon plus jeune \u00e2ge, j\u2019ai longtemps h\u00e9site entre le snooker et le curling. Finalement c\u2019est le foot US que j\u2019ai d\u00e9cid\u00e9 de choisir! Responsable foot US sur TPO et animateur du podcast Tailgate j\u2019ai pour mission de vous faire d\u00e9couvrir ce sport passionnant si ce n\u2019est pas encore fait et de vous donner les derni\u00e8res actus. Le tout dans la bonne humeur et avec toujours un jeu de mots ou deux savamment distill\u00e9s! Fan des Saints, pour moi Drew Brees est le vrai GOAT!","url":"https:\/\/theplayoffs.news\/fr\/author\/flavien-jumeaugmail-com\/"}]}},"_links":{"self":[{"href":"https:\/\/theplayoffs.news\/fr\/wp-json\/wp\/v2\/posts\/1112890","targetHints":{"allow":["GET"]}}],"collection":[{"href":"https:\/\/theplayoffs.news\/fr\/wp-json\/wp\/v2\/posts"}],"about":[{"href":"https:\/\/theplayoffs.news\/fr\/wp-json\/wp\/v2\/types\/post"}],"author":[{"embeddable":true,"href":"https:\/\/theplayoffs.news\/fr\/wp-json\/wp\/v2\/users\/180309964"}],"replies":[{"embeddable":true,"href":"https:\/\/theplayoffs.news\/fr\/wp-json\/wp\/v2\/comments?post=1112890"}],"version-history":[{"count":2,"href":"https:\/\/theplayoffs.news\/fr\/wp-json\/wp\/v2\/posts\/1112890\/revisions"}],"predecessor-version":[{"id":1112894,"href":"https:\/\/theplayoffs.news\/fr\/wp-json\/wp\/v2\/posts\/1112890\/revisions\/1112894"}],"wp:featuredmedia":[{"embeddable":true,"href":"https:\/\/theplayoffs.news\/fr\/wp-json\/wp\/v2\/media\/1112891"}],"wp:attachment":[{"href":"https:\/\/theplayoffs.news\/fr\/wp-json\/wp\/v2\/media?parent=1112890"}],"wp:term":[{"taxonomy":"category","embeddable":true,"href":"https:\/\/theplayoffs.news\/fr\/wp-json\/wp\/v2\/categories?post=1112890"},{"taxonomy":"post_tag","embeddable":true,"href":"https:\/\/theplayoffs.news\/fr\/wp-json\/wp\/v2\/tags?post=1112890"},{"taxonomy":"sport","embeddable":true,"href":"https:\/\/theplayoffs.news\/fr\/wp-json\/wp\/v2\/sport?post=1112890"},{"taxonomy":"saison","embeddable":true,"href":"https:\/\/theplayoffs.news\/fr\/wp-json\/wp\/v2\/saison?post=1112890"}],"curies":[{"name":"wp","href":"https:\/\/api.w.org\/{rel}","templated":true}]}}