{"id":1109952,"date":"2023-11-25T18:48:49","date_gmt":"2023-11-25T17:48:49","guid":{"rendered":"https:\/\/theplayoffs.news\/fr\/?p=1109952"},"modified":"2023-11-25T18:52:51","modified_gmt":"2023-11-25T17:52:51","slug":"pourquoi-la-nhl-ne-voulait-pas-du-masque-de-marc-andre-fleury","status":"publish","type":"post","link":"https:\/\/theplayoffs.news\/fr\/actualite-nhl\/pourquoi-la-nhl-ne-voulait-pas-du-masque-de-marc-andre-fleury\/","title":{"rendered":"Pourquoi la NHL ne voulait pas du casque de Marc-Andre Fleury ?"},"content":{"rendered":"<h2>NHL &ndash; Dans ce qui est devenu un sujet controvers&eacute; au sein de la Ligue Nationale de Hockey (LNH), la d&eacute;cision de Marc-Andr&eacute; Fleury de porter un masque con&ccedil;u sur mesure pour la soir&eacute;e du Patrimoine Am&eacute;rindien a d&eacute;clench&eacute; un d&eacute;bat sur la repr&eacute;sentation culturelle et les r&egrave;gles strictes concernant les uniformes.<\/h2><p>Le masque, con&ccedil;u par l&rsquo;artiste Dakota Cole Redhorse Taylor, c&eacute;l&egrave;bre non seulement la culture am&eacute;rindienne mais rev&ecirc;t &eacute;galement une importance personnelle pour Fleury, rendant hommage &agrave; sa femme, son p&egrave;re et ses enfants.<\/p><p>Au d&eacute;part, l&rsquo;agent de Fleury, Allan Walsh, a r&eacute;v&eacute;l&eacute; que la LNH interdisait &agrave; Fleury de porter le masque, m&ecirc;me pendant l&rsquo;&eacute;chauffement.<\/p><p>Cette d&eacute;cision s&rsquo;aligne sur la politique r&eacute;cente de la LNH interdisant les changements d&rsquo;uniformes sur la glace pour les soir&eacute;es &agrave; th&egrave;me sp&eacute;ciales, mise en &oelig;uvre apr&egrave;s des controverses entourant le refus de joueurs de porter les maillots de la Nuit de la Fiert&eacute;.<\/p><p>Le commissaire de la LNH, <a href=\"https:\/\/www.sportsnet.ca\/nhl\/article\/nhl-doing-away-with-pride-jerseys-other-specialty-uniforms-in-warmups\/\" class=\"trk-cta-link\" data-cta-trk='{\"ctaType\":\"Link\",\"ctaSubType\":\"main\"}'>Gary Bettman<\/a>, a fait valoir que de tels changements d&eacute;tournent l&rsquo;attention des &eacute;v&eacute;nements honor&eacute;s. Cependant, cette position rigide a soulev&eacute; des questions sur l&rsquo;&eacute;quilibre entre la repr&eacute;sentation culturelle et l&rsquo;uniformit&eacute; dans la ligue.<\/p><h4>Contexte plus large : Politiques d&rsquo;uniforme et expression des joueurs<\/h4><p>La politique de la LNH en mati&egrave;re d&rsquo;uniforme, en particulier pour les gardiens de but, a souvent &eacute;t&eacute; une zone grise. Plus t&ocirc;t ce mois-ci, on a rapport&eacute; que le gardien des Golden Knights, Logan Thompson, s&rsquo;&eacute;tait vu dire qu&rsquo;il ne pouvait pas porter un ruban de la lutte contre le cancer sur son masque, tandis que d&rsquo;autres gardiens ont port&eacute; des masques similaires sans r&eacute;percussions apparentes.<\/p><p>Cette incoh&eacute;rence a conduit &agrave; la confusion et &agrave; la critique concernant l&rsquo;application des politiques de la LNH.<\/p><p>La situation de <a href=\"https:\/\/theplayoffs.news\/fr\/joueur\/marc-andre-fleury-nhl-4692\/\" class=\"trk-cta-link\" data-cta-trk='{\"ctaType\":\"Link\",\"ctaSubType\":\"main\"}'><strong>Marc-Andr&eacute; Fleury<\/strong><\/a> avec son masque pour la soir&eacute;e du Patrimoine Am&eacute;rindien illustre cette tension. Sa volont&eacute; d&rsquo;affronter des amendes pour porter le masque indique un engagement personnel fort envers son h&eacute;ritage et la cause.<\/p><p>La Fondation du Wild du Minnesota pr&eacute;voit de mettre aux ench&egrave;res le masque de Fleury, les recettes &eacute;tant destin&eacute;es au Centre de la Famille Am&eacute;rindienne, soulignant le potentiel de telles expressions personnelles pour soutenir des causes caritatives.<\/p><p>R&eacute;cemment, il &eacute;tait devenu interdit d&rsquo;avoir un tape arc-en-ciel sur sa crosse. Mais l&agrave;, la ligue a fait une petite machine-arri&egrave;re, autorisant les joueurs &agrave; en arborer durant les entra&icirc;nements.<\/p><h4>Aller de l&rsquo;Avant : &Eacute;quilibrer les R&egrave;gles et l&rsquo;Expression Individuelle<\/h4><p>La LNH se trouve &agrave; un carrefour, devant &eacute;quilibrer l&rsquo;importance des r&egrave;glements d&rsquo;uniforme avec le d&eacute;sir croissant d&rsquo;expression individuelle parmi les joueurs. Alors que l&rsquo;uniformit&eacute; assure un niveau de professionnalisme et d&rsquo;&eacute;galit&eacute;, un argument grandissant plaide pour permettre aux joueurs de mettre en avant des causes et des cultures qui leur sont importantes, en particulier pendant les soir&eacute;es th&eacute;matiques con&ccedil;ues pour honorer ces m&ecirc;mes causes.<\/p><p>Le cas du masque de Fleury pourrait servir de catalyseur pour la LNH afin de r&eacute;&eacute;valuer ses politiques, menant potentiellement &agrave; une approche plus nuanc&eacute;e qui accommoderait l&rsquo;expression personnelle tout en maintenant l&rsquo;int&eacute;grit&eacute; du sport.<\/p><p>Mais le conservatisme dont fait preuve la ligue depuis plusieurs ann&eacute;es pourrait aussi contre-carrer toute volont&eacute; de changement sur ce plan.<\/p><p>&nbsp;<\/p><p>Credit Photo: Nick Wosika-USA TODAY Sports<\/p>\n","protected":false},"excerpt":{"rendered":"","protected":false},"author":13,"featured_media":1109961,"comment_status":"open","ping_status":"closed","sticky":false,"template":"","format":"standard","meta":{"inline_featured_image":false,"kia_subtitle":"","_mux_skip_reasons":[],"proofreadBy":0,"footnotes":""},"categories":[187,26],"tags":[2150],"sport":[],"saison":[],"class_list":["post-1109952","post","type-post","status-publish","format-standard","has-post-thumbnail","hentry","category-actualite-nhl","category-nhl","tag-marc-andre-fleury"],"acf":[],"yoast_head":"<!-- This site is optimized with the Yoast SEO plugin v24.2 - https:\/\/yoast.com\/wordpress\/plugins\/seo\/ -->\n<title>Pourquoi la NHL ne voulait pas du casque de Marc-Andre Fleury ? - The Playoffs FR<\/title>\n<meta name=\"robots\" content=\"index, follow, max-snippet:-1, max-image-preview:large, max-video-preview:-1\" \/>\n<link rel=\"canonical\" href=\"https:\/\/theplayoffs.news\/fr\/actualite-nhl\/pourquoi-la-nhl-ne-voulait-pas-du-masque-de-marc-andre-fleury\/\" \/>\n<meta property=\"og:locale\" content=\"fr_FR\" \/>\n<meta property=\"og:type\" content=\"article\" \/>\n<meta property=\"og:title\" content=\"Pourquoi la NHL ne voulait pas du casque de Marc-Andre Fleury ? - The Playoffs FR\" \/>\n<meta property=\"og:url\" content=\"https:\/\/theplayoffs.news\/fr\/actualite-nhl\/pourquoi-la-nhl-ne-voulait-pas-du-masque-de-marc-andre-fleury\/\" \/>\n<meta property=\"og:site_name\" content=\"The Playoffs FR\" \/>\n<meta property=\"article:publisher\" content=\"https:\/\/www.facebook.com\/TheFreeAgentFR\/\" \/>\n<meta property=\"article:modified_time\" content=\"2023-11-25T18:52:51+01:00\" \/>\n<meta property=\"og:image\" content=\"https:\/\/theplayoffs.news\/fr\/wp-content\/uploads\/2023\/11\/USATSI_21965284.jpg\" \/>\n\t<meta property=\"og:image:width\" content=\"1920\" \/>\n\t<meta property=\"og:image:height\" content=\"1280\" \/>\n\t<meta property=\"og:image:type\" content=\"image\/jpeg\" \/>\n<meta name=\"author\" content=\"Charles Taudin\" \/>\n<meta name=\"twitter:card\" content=\"summary_large_image\" \/>\n<meta name=\"twitter:creator\" content=\"@TheFreeAgentFR\" \/>\n<meta name=\"twitter:site\" content=\"@TheFreeAgentFR\" \/>\n<meta name=\"twitter:label1\" content=\"\u00c9crit par\" \/>\n\t<meta name=\"twitter:data1\" content=\"Charles Taudin\" \/>\n\t<meta name=\"twitter:label2\" content=\"Dur\u00e9e de lecture estim\u00e9e\" \/>\n\t<meta name=\"twitter:data2\" content=\"3 minutes\" \/>\n<script type=\"application\/ld+json\" class=\"yoast-schema-graph\">{\"@context\":\"https:\/\/schema.org\",\"@graph\":[{\"@type\":\"WebPage\",\"@id\":\"https:\/\/theplayoffs.news\/fr\/actualite-nhl\/pourquoi-la-nhl-ne-voulait-pas-du-masque-de-marc-andre-fleury\/\",\"url\":\"https:\/\/theplayoffs.news\/fr\/actualite-nhl\/pourquoi-la-nhl-ne-voulait-pas-du-masque-de-marc-andre-fleury\/\",\"name\":\"Pourquoi la NHL ne voulait pas du casque de Marc-Andre Fleury ? - The Playoffs FR\",\"isPartOf\":{\"@id\":\"https:\/\/theplayoffs.news\/fr\/#website\"},\"primaryImageOfPage\":{\"@id\":\"https:\/\/theplayoffs.news\/fr\/actualite-nhl\/pourquoi-la-nhl-ne-voulait-pas-du-masque-de-marc-andre-fleury\/#primaryimage\"},\"image\":{\"@id\":\"https:\/\/theplayoffs.news\/fr\/actualite-nhl\/pourquoi-la-nhl-ne-voulait-pas-du-masque-de-marc-andre-fleury\/#primaryimage\"},\"thumbnailUrl\":\"https:\/\/theplayoffs.news\/fr\/wp-content\/uploads\/2023\/11\/USATSI_21965284.jpg\",\"datePublished\":\"2023-11-25T17:48:49+00:00\",\"dateModified\":\"2023-11-25T17:52:51+00:00\",\"author\":{\"@id\":\"https:\/\/theplayoffs.news\/fr\/#\/schema\/person\/eee5b69ad5d3c51cabe881c839dbe133\"},\"breadcrumb\":{\"@id\":\"https:\/\/theplayoffs.news\/fr\/actualite-nhl\/pourquoi-la-nhl-ne-voulait-pas-du-masque-de-marc-andre-fleury\/#breadcrumb\"},\"inLanguage\":\"fr-FR\",\"potentialAction\":[{\"@type\":\"ReadAction\",\"target\":[\"https:\/\/theplayoffs.news\/fr\/actualite-nhl\/pourquoi-la-nhl-ne-voulait-pas-du-masque-de-marc-andre-fleury\/\"]}]},{\"@type\":\"ImageObject\",\"inLanguage\":\"fr-FR\",\"@id\":\"https:\/\/theplayoffs.news\/fr\/actualite-nhl\/pourquoi-la-nhl-ne-voulait-pas-du-masque-de-marc-andre-fleury\/#primaryimage\",\"url\":\"https:\/\/theplayoffs.news\/fr\/wp-content\/uploads\/2023\/11\/USATSI_21965284.jpg\",\"contentUrl\":\"https:\/\/theplayoffs.news\/fr\/wp-content\/uploads\/2023\/11\/USATSI_21965284.jpg\",\"width\":1920,\"height\":1280,\"caption\":\"Nov 24, 2023; Saint Paul, Minnesota, USA; Minnesota Wild goalie Marc-Andre Fleury (29) wears his Native American Heritage mask in warmups before a game against the Colorado Avalanche at Xcel Energy Center. Mandatory Credit: Nick Wosika-USA TODAY Sports\"},{\"@type\":\"BreadcrumbList\",\"@id\":\"https:\/\/theplayoffs.news\/fr\/actualite-nhl\/pourquoi-la-nhl-ne-voulait-pas-du-masque-de-marc-andre-fleury\/#breadcrumb\",\"itemListElement\":[{\"@type\":\"ListItem\",\"position\":1,\"name\":\"Accueil\",\"item\":\"https:\/\/theplayoffs.news\/fr\/\"},{\"@type\":\"ListItem\",\"position\":2,\"name\":\"Pourquoi la NHL ne voulait pas du casque de Marc-Andre Fleury ?\"}]},{\"@type\":\"WebSite\",\"@id\":\"https:\/\/theplayoffs.news\/fr\/#website\",\"url\":\"https:\/\/theplayoffs.news\/fr\/\",\"name\":\"The Playoffs FR\",\"description\":\"NBA-NFL-NHL-MLB\",\"potentialAction\":[{\"@type\":\"SearchAction\",\"target\":{\"@type\":\"EntryPoint\",\"urlTemplate\":\"https:\/\/theplayoffs.news\/fr\/?s={search_term_string}\"},\"query-input\":{\"@type\":\"PropertyValueSpecification\",\"valueRequired\":true,\"valueName\":\"search_term_string\"}}],\"inLanguage\":\"fr-FR\"},{\"@type\":\"Person\",\"@id\":\"https:\/\/theplayoffs.news\/fr\/#\/schema\/person\/eee5b69ad5d3c51cabe881c839dbe133\",\"name\":\"Charles Taudin\",\"image\":{\"@type\":\"ImageObject\",\"inLanguage\":\"fr-FR\",\"@id\":\"https:\/\/theplayoffs.news\/fr\/#\/schema\/person\/image\/\",\"url\":\"https:\/\/secure.gravatar.com\/avatar\/59a1e772205ce9fd255edfcafc93013736822e20261f294c5753b20c41ede9f2?s=96&d=mm&r=g\",\"contentUrl\":\"https:\/\/secure.gravatar.com\/avatar\/59a1e772205ce9fd255edfcafc93013736822e20261f294c5753b20c41ede9f2?s=96&d=mm&r=g\",\"caption\":\"Charles Taudin\"},\"description\":\"R\u00e9dacteur en chef global de The Playoffs, j\u2019ai cr\u00e9\u00e9 The Free Agent, devenu The Playoffs FR, en 2020 durant la pand\u00e9mie. Amoureux depuis des ann\u00e9es des 4 sports majeurs am\u00e9ricains, j\u2019organise maintenant la strat\u00e9gie \u00e9ditoriale et les r\u00e9seaux sociaux de l\u2019ensemble des versions de The Playoffs. Il m\u2019arrive encore d\u2019\u00e9crire sur certains sports que j\u2019affectionne particuli\u00e8rement comme la NFL ou la MLB. Si vous devez retenir qu\u2019une chose : Eli Manning est le vrai GOAT pour avoir battu deux fois Tom Brady.\",\"sameAs\":[\"https:\/\/www.instagram.com\/ctaudin_\/\"],\"url\":\"https:\/\/theplayoffs.news\/fr\/author\/charles-taudin\/\"}]}<\/script>\n<!-- \/ Yoast SEO plugin. -->","yoast_head_json":{"title":"Pourquoi la NHL ne voulait pas du casque de Marc-Andre Fleury ? - The Playoffs FR","robots":{"index":"index","follow":"follow","max-snippet":"max-snippet:-1","max-image-preview":"max-image-preview:large","max-video-preview":"max-video-preview:-1"},"canonical":"https:\/\/theplayoffs.news\/fr\/actualite-nhl\/pourquoi-la-nhl-ne-voulait-pas-du-masque-de-marc-andre-fleury\/","og_locale":"fr_FR","og_type":"article","og_title":"Pourquoi la NHL ne voulait pas du casque de Marc-Andre Fleury ? - The Playoffs FR","og_url":"https:\/\/theplayoffs.news\/fr\/actualite-nhl\/pourquoi-la-nhl-ne-voulait-pas-du-masque-de-marc-andre-fleury\/","og_site_name":"The Playoffs FR","article_publisher":"https:\/\/www.facebook.com\/TheFreeAgentFR\/","article_modified_time":"2023-11-25T17:52:51+00:00","og_image":[{"width":1920,"height":1280,"url":"https:\/\/theplayoffs.news\/fr\/wp-content\/uploads\/2023\/11\/USATSI_21965284.jpg","type":"image\/jpeg"}],"author":"Charles Taudin","twitter_card":"summary_large_image","twitter_creator":"@TheFreeAgentFR","twitter_site":"@TheFreeAgentFR","twitter_misc":{"\u00c9crit par":"Charles Taudin","Dur\u00e9e de lecture estim\u00e9e":"3 minutes"},"schema":{"@context":"https:\/\/schema.org","@graph":[{"@type":"WebPage","@id":"https:\/\/theplayoffs.news\/fr\/actualite-nhl\/pourquoi-la-nhl-ne-voulait-pas-du-masque-de-marc-andre-fleury\/","url":"https:\/\/theplayoffs.news\/fr\/actualite-nhl\/pourquoi-la-nhl-ne-voulait-pas-du-masque-de-marc-andre-fleury\/","name":"Pourquoi la NHL ne voulait pas du casque de Marc-Andre Fleury ? - The Playoffs FR","isPartOf":{"@id":"https:\/\/theplayoffs.news\/fr\/#website"},"primaryImageOfPage":{"@id":"https:\/\/theplayoffs.news\/fr\/actualite-nhl\/pourquoi-la-nhl-ne-voulait-pas-du-masque-de-marc-andre-fleury\/#primaryimage"},"image":{"@id":"https:\/\/theplayoffs.news\/fr\/actualite-nhl\/pourquoi-la-nhl-ne-voulait-pas-du-masque-de-marc-andre-fleury\/#primaryimage"},"thumbnailUrl":"https:\/\/theplayoffs.news\/fr\/wp-content\/uploads\/2023\/11\/USATSI_21965284.jpg","datePublished":"2023-11-25T17:48:49+00:00","dateModified":"2023-11-25T17:52:51+00:00","author":{"@id":"https:\/\/theplayoffs.news\/fr\/#\/schema\/person\/eee5b69ad5d3c51cabe881c839dbe133"},"breadcrumb":{"@id":"https:\/\/theplayoffs.news\/fr\/actualite-nhl\/pourquoi-la-nhl-ne-voulait-pas-du-masque-de-marc-andre-fleury\/#breadcrumb"},"inLanguage":"fr-FR","potentialAction":[{"@type":"ReadAction","target":["https:\/\/theplayoffs.news\/fr\/actualite-nhl\/pourquoi-la-nhl-ne-voulait-pas-du-masque-de-marc-andre-fleury\/"]}]},{"@type":"ImageObject","inLanguage":"fr-FR","@id":"https:\/\/theplayoffs.news\/fr\/actualite-nhl\/pourquoi-la-nhl-ne-voulait-pas-du-masque-de-marc-andre-fleury\/#primaryimage","url":"https:\/\/theplayoffs.news\/fr\/wp-content\/uploads\/2023\/11\/USATSI_21965284.jpg","contentUrl":"https:\/\/theplayoffs.news\/fr\/wp-content\/uploads\/2023\/11\/USATSI_21965284.jpg","width":1920,"height":1280,"caption":"Nov 24, 2023; Saint Paul, Minnesota, USA; Minnesota Wild goalie Marc-Andre Fleury (29) wears his Native American Heritage mask in warmups before a game against the Colorado Avalanche at Xcel Energy Center. Mandatory Credit: Nick Wosika-USA TODAY Sports"},{"@type":"BreadcrumbList","@id":"https:\/\/theplayoffs.news\/fr\/actualite-nhl\/pourquoi-la-nhl-ne-voulait-pas-du-masque-de-marc-andre-fleury\/#breadcrumb","itemListElement":[{"@type":"ListItem","position":1,"name":"Accueil","item":"https:\/\/theplayoffs.news\/fr\/"},{"@type":"ListItem","position":2,"name":"Pourquoi la NHL ne voulait pas du casque de Marc-Andre Fleury ?"}]},{"@type":"WebSite","@id":"https:\/\/theplayoffs.news\/fr\/#website","url":"https:\/\/theplayoffs.news\/fr\/","name":"The Playoffs FR","description":"NBA-NFL-NHL-MLB","potentialAction":[{"@type":"SearchAction","target":{"@type":"EntryPoint","urlTemplate":"https:\/\/theplayoffs.news\/fr\/?s={search_term_string}"},"query-input":{"@type":"PropertyValueSpecification","valueRequired":true,"valueName":"search_term_string"}}],"inLanguage":"fr-FR"},{"@type":"Person","@id":"https:\/\/theplayoffs.news\/fr\/#\/schema\/person\/eee5b69ad5d3c51cabe881c839dbe133","name":"Charles Taudin","image":{"@type":"ImageObject","inLanguage":"fr-FR","@id":"https:\/\/theplayoffs.news\/fr\/#\/schema\/person\/image\/","url":"https:\/\/secure.gravatar.com\/avatar\/59a1e772205ce9fd255edfcafc93013736822e20261f294c5753b20c41ede9f2?s=96&d=mm&r=g","contentUrl":"https:\/\/secure.gravatar.com\/avatar\/59a1e772205ce9fd255edfcafc93013736822e20261f294c5753b20c41ede9f2?s=96&d=mm&r=g","caption":"Charles Taudin"},"description":"R\u00e9dacteur en chef global de The Playoffs, j\u2019ai cr\u00e9\u00e9 The Free Agent, devenu The Playoffs FR, en 2020 durant la pand\u00e9mie. Amoureux depuis des ann\u00e9es des 4 sports majeurs am\u00e9ricains, j\u2019organise maintenant la strat\u00e9gie \u00e9ditoriale et les r\u00e9seaux sociaux de l\u2019ensemble des versions de The Playoffs. Il m\u2019arrive encore d\u2019\u00e9crire sur certains sports que j\u2019affectionne particuli\u00e8rement comme la NFL ou la MLB. Si vous devez retenir qu\u2019une chose : Eli Manning est le vrai GOAT pour avoir battu deux fois Tom Brady.","sameAs":["https:\/\/www.instagram.com\/ctaudin_\/"],"url":"https:\/\/theplayoffs.news\/fr\/author\/charles-taudin\/"}]}},"_links":{"self":[{"href":"https:\/\/theplayoffs.news\/fr\/wp-json\/wp\/v2\/posts\/1109952","targetHints":{"allow":["GET"]}}],"collection":[{"href":"https:\/\/theplayoffs.news\/fr\/wp-json\/wp\/v2\/posts"}],"about":[{"href":"https:\/\/theplayoffs.news\/fr\/wp-json\/wp\/v2\/types\/post"}],"author":[{"embeddable":true,"href":"https:\/\/theplayoffs.news\/fr\/wp-json\/wp\/v2\/users\/13"}],"replies":[{"embeddable":true,"href":"https:\/\/theplayoffs.news\/fr\/wp-json\/wp\/v2\/comments?post=1109952"}],"version-history":[{"count":3,"href":"https:\/\/theplayoffs.news\/fr\/wp-json\/wp\/v2\/posts\/1109952\/revisions"}],"predecessor-version":[{"id":1109973,"href":"https:\/\/theplayoffs.news\/fr\/wp-json\/wp\/v2\/posts\/1109952\/revisions\/1109973"}],"wp:featuredmedia":[{"embeddable":true,"href":"https:\/\/theplayoffs.news\/fr\/wp-json\/wp\/v2\/media\/1109961"}],"wp:attachment":[{"href":"https:\/\/theplayoffs.news\/fr\/wp-json\/wp\/v2\/media?parent=1109952"}],"wp:term":[{"taxonomy":"category","embeddable":true,"href":"https:\/\/theplayoffs.news\/fr\/wp-json\/wp\/v2\/categories?post=1109952"},{"taxonomy":"post_tag","embeddable":true,"href":"https:\/\/theplayoffs.news\/fr\/wp-json\/wp\/v2\/tags?post=1109952"},{"taxonomy":"sport","embeddable":true,"href":"https:\/\/theplayoffs.news\/fr\/wp-json\/wp\/v2\/sport?post=1109952"},{"taxonomy":"saison","embeddable":true,"href":"https:\/\/theplayoffs.news\/fr\/wp-json\/wp\/v2\/saison?post=1109952"}],"curies":[{"name":"wp","href":"https:\/\/api.w.org\/{rel}","templated":true}]}}