{"id":1102605,"date":"2023-11-23T11:14:26","date_gmt":"2023-11-23T10:14:26","guid":{"rendered":"https:\/\/theplayoffs.news\/fr\/?p=1102605"},"modified":"2023-11-23T11:14:27","modified_gmt":"2023-11-23T10:14:27","slug":"sean-payton-se-prepare-a-jouer-sans-kareem-jackson","status":"publish","type":"post","link":"https:\/\/theplayoffs.news\/fr\/actualite-nfl\/sean-payton-se-prepare-a-jouer-sans-kareem-jackson\/","title":{"rendered":"Sean Payton se pr\u00e9pare \u00e0 jouer sans Kareem Jackson"},"content":{"rendered":"<h2>NFL &ndash; Les Broncos de Denver sont &agrave; nouveau confront&eacute;s &agrave; un d&eacute;fi familier : la perte de leur safety cl&eacute;, Kareem Jackson.<\/h2><p>Jackson, connu pour son r&ocirc;le crucial dans la d&eacute;fense de l&rsquo;&eacute;quipe, fait face &agrave; une suspension de quatre matchs &agrave; cause d&rsquo;un coup ill&eacute;gal &ndash; un probl&egrave;me r&eacute;current qui a marqu&eacute; sa carri&egrave;re.<\/p><p>La r&eacute;ponse de l&rsquo;&eacute;quipe &agrave; cet obstacle est une question de strat&eacute;gie importante. Les commentaires du coach Sean Payton refl&egrave;tent un sentiment d&rsquo;urgence et de pragmatisme. Le plan de &laquo;&nbsp;faire jouer quelques joueurs diff&eacute;rents&nbsp;&raquo; sugg&egrave;re une approche flexible, reconnaissant le besoin d&rsquo;ajuster les tactiques en fonction de l&rsquo;adversaire et des conditions du jeu.<\/p><blockquote><p>&laquo;&nbsp;Les solutions sont dans le b&acirc;timent&nbsp;&raquo;, <a href=\"https:\/\/www.nbcsports.com\/nfl\/profootballtalk\/rumor-mill\/news\/sean-payton-addresses-the-plans-for-proceeding-without-kareem-jackson\" class=\"trk-cta-link\" data-cta-trk='{\"ctaType\":\"Link\",\"ctaSubType\":\"main\"}'>a d&eacute;clar&eacute; Payton<\/a>. Les solutions sont dans le b&acirc;timent&nbsp;&raquo;, a d&eacute;clar&eacute; Payton. &laquo;&nbsp;Ensuite, on s&rsquo;int&eacute;resse aux autres &eacute;quipes par rapport aux &eacute;quipes d&rsquo;entra&icirc;nement. Nous avons des gars que nous d&eacute;veloppons dans notre &eacute;quipe d&rsquo;entra&icirc;nement. Nous avons d&eacute;j&agrave; fait jouer deux joueurs sans lui. Cela d&eacute;pend de l&rsquo;&eacute;quipe que vous jouez. Il y a des semaines o&ugrave; l&rsquo;on va se retrouver dans des situations o&ugrave; l&rsquo;on va jouer &agrave; la petite semaine ou &agrave; la petite semaine. Il y a des semaines o&ugrave; l&rsquo;on joue beaucoup en base. Cela d&eacute;pend en grande partie du plan de jeu, mais cela commence dans le b&acirc;timent&nbsp;&raquo;.<\/p><\/blockquote><p>Cependant, la question plus profonde demeure : comment la d&eacute;fense des Broncos se maintiendra-t-elle sans Jackson ?<\/p><p>Son absence laisse un vide difficile &agrave; combler, m&ecirc;me avec des joueurs talentueux en attente. La capacit&eacute; de l&rsquo;&eacute;quipe &agrave; maintenir une d&eacute;fense solide en son absence sera un test de leur profondeur et de leur savoir-faire en mati&egrave;re de coaching alors qu&rsquo;ils restent sur 4 victoires de suite.<\/p><p>Alors que les Broncos naviguent dans cette p&eacute;riode difficile, leur r&eacute;ponse sera &eacute;troitement surveill&eacute;e. Il ne s&rsquo;agit pas seulement de remplacer un joueur cl&eacute; ; il s&rsquo;agit de d&eacute;montrer la profondeur et l&rsquo;adaptabilit&eacute; de l&rsquo;&eacute;quipe.<\/p><p>En m&ecirc;me temps, la situation de <a href=\"https:\/\/theplayoffs.news\/fr\/joueur\/kareem-jackson-nfl-26508\/\" class=\"trk-cta-link\" data-cta-trk='{\"ctaType\":\"Link\",\"ctaSubType\":\"main\"}'><strong>Kareem Jackson<\/strong><\/a> met en lumi&egrave;re le d&eacute;bat en cours concernant la discipline des joueurs et le r&ocirc;le de l&rsquo;entra&icirc;nement dans la NFL. Cet incident pourrait &ecirc;tre un catalyseur pour des discussions plus larges et des changements potentiels de politique sur la mani&egrave;re dont la ligue aborde et g&egrave;re la conduite sur le terrain.<\/p><p>&nbsp;<\/p><p>Credit: William Purnell-USA TODAY Sports<\/p>\n","protected":false},"excerpt":{"rendered":"","protected":false},"author":13,"featured_media":1102939,"comment_status":"open","ping_status":"closed","sticky":false,"template":"","format":"standard","meta":{"inline_featured_image":false,"kia_subtitle":"","_mux_skip_reasons":[],"proofreadBy":0,"footnotes":""},"categories":[118,40],"tags":[926,6578],"sport":[],"saison":[],"class_list":["post-1102605","post","type-post","status-publish","format-standard","has-post-thumbnail","hentry","category-actualite-nfl","category-nfl","tag-denver-broncos","tag-kareem-jackson"],"acf":[],"yoast_head":"<!-- This site is optimized with the Yoast SEO plugin v24.2 - https:\/\/yoast.com\/wordpress\/plugins\/seo\/ -->\n<title>Sean Payton se pr&eacute;pare &agrave; jouer sans Kareem Jackson - The Playoffs FR<\/title>\n<meta name=\"robots\" content=\"index, follow, max-snippet:-1, max-image-preview:large, max-video-preview:-1\" \/>\n<link rel=\"canonical\" href=\"https:\/\/theplayoffs.news\/fr\/actualite-nfl\/sean-payton-se-prepare-a-jouer-sans-kareem-jackson\/\" \/>\n<meta property=\"og:locale\" content=\"fr_FR\" \/>\n<meta property=\"og:type\" content=\"article\" \/>\n<meta property=\"og:title\" content=\"Sean Payton se pr&eacute;pare &agrave; jouer sans Kareem Jackson - The Playoffs FR\" \/>\n<meta property=\"og:url\" content=\"https:\/\/theplayoffs.news\/fr\/actualite-nfl\/sean-payton-se-prepare-a-jouer-sans-kareem-jackson\/\" \/>\n<meta property=\"og:site_name\" content=\"The Playoffs FR\" \/>\n<meta property=\"article:publisher\" content=\"https:\/\/www.facebook.com\/TheFreeAgentFR\/\" \/>\n<meta property=\"article:modified_time\" content=\"2023-11-23T11:14:27+01:00\" \/>\n<meta property=\"og:image\" content=\"https:\/\/theplayoffs.news\/fr\/wp-content\/uploads\/2023\/11\/USATSI_21633546-1.jpg\" \/>\n\t<meta property=\"og:image:width\" content=\"1920\" \/>\n\t<meta property=\"og:image:height\" content=\"1280\" \/>\n\t<meta property=\"og:image:type\" content=\"image\/jpeg\" \/>\n<meta name=\"author\" content=\"Charles Taudin\" \/>\n<meta name=\"twitter:card\" content=\"summary_large_image\" \/>\n<meta name=\"twitter:creator\" content=\"@TheFreeAgentFR\" \/>\n<meta name=\"twitter:site\" content=\"@TheFreeAgentFR\" \/>\n<meta name=\"twitter:label1\" content=\"\u00c9crit par\" \/>\n\t<meta name=\"twitter:data1\" content=\"Charles Taudin\" \/>\n\t<meta name=\"twitter:label2\" content=\"Dur\u00e9e de lecture estim\u00e9e\" \/>\n\t<meta name=\"twitter:data2\" content=\"2 minutes\" \/>\n<script type=\"application\/ld+json\" class=\"yoast-schema-graph\">{\"@context\":\"https:\/\/schema.org\",\"@graph\":[{\"@type\":\"WebPage\",\"@id\":\"https:\/\/theplayoffs.news\/fr\/actualite-nfl\/sean-payton-se-prepare-a-jouer-sans-kareem-jackson\/\",\"url\":\"https:\/\/theplayoffs.news\/fr\/actualite-nfl\/sean-payton-se-prepare-a-jouer-sans-kareem-jackson\/\",\"name\":\"Sean Payton se pr\u00e9pare \u00e0 jouer sans Kareem Jackson - The Playoffs FR\",\"isPartOf\":{\"@id\":\"https:\/\/theplayoffs.news\/fr\/#website\"},\"primaryImageOfPage\":{\"@id\":\"https:\/\/theplayoffs.news\/fr\/actualite-nfl\/sean-payton-se-prepare-a-jouer-sans-kareem-jackson\/#primaryimage\"},\"image\":{\"@id\":\"https:\/\/theplayoffs.news\/fr\/actualite-nfl\/sean-payton-se-prepare-a-jouer-sans-kareem-jackson\/#primaryimage\"},\"thumbnailUrl\":\"https:\/\/theplayoffs.news\/fr\/wp-content\/uploads\/2023\/11\/USATSI_21633546-1.jpg\",\"datePublished\":\"2023-11-23T10:14:26+00:00\",\"dateModified\":\"2023-11-23T10:14:27+00:00\",\"author\":{\"@id\":\"https:\/\/theplayoffs.news\/fr\/#\/schema\/person\/eee5b69ad5d3c51cabe881c839dbe133\"},\"breadcrumb\":{\"@id\":\"https:\/\/theplayoffs.news\/fr\/actualite-nfl\/sean-payton-se-prepare-a-jouer-sans-kareem-jackson\/#breadcrumb\"},\"inLanguage\":\"fr-FR\",\"potentialAction\":[{\"@type\":\"ReadAction\",\"target\":[\"https:\/\/theplayoffs.news\/fr\/actualite-nfl\/sean-payton-se-prepare-a-jouer-sans-kareem-jackson\/\"]}]},{\"@type\":\"ImageObject\",\"inLanguage\":\"fr-FR\",\"@id\":\"https:\/\/theplayoffs.news\/fr\/actualite-nfl\/sean-payton-se-prepare-a-jouer-sans-kareem-jackson\/#primaryimage\",\"url\":\"https:\/\/theplayoffs.news\/fr\/wp-content\/uploads\/2023\/11\/USATSI_21633546-1.jpg\",\"contentUrl\":\"https:\/\/theplayoffs.news\/fr\/wp-content\/uploads\/2023\/11\/USATSI_21633546-1.jpg\",\"width\":1920,\"height\":1280,\"caption\":\"Oct 12, 2023; Kansas City, Missouri, USA; Denver Broncos safety Kareem Jackson (22) runs the ball after an interception during the second quarter against the Kansas City Chiefs at GEHA Field at Arrowhead Stadium. Mandatory Credit: William Purnell-USA TODAY Sports\"},{\"@type\":\"BreadcrumbList\",\"@id\":\"https:\/\/theplayoffs.news\/fr\/actualite-nfl\/sean-payton-se-prepare-a-jouer-sans-kareem-jackson\/#breadcrumb\",\"itemListElement\":[{\"@type\":\"ListItem\",\"position\":1,\"name\":\"Accueil\",\"item\":\"https:\/\/theplayoffs.news\/fr\/\"},{\"@type\":\"ListItem\",\"position\":2,\"name\":\"Sean Payton se pr\u00e9pare \u00e0 jouer sans Kareem Jackson\"}]},{\"@type\":\"WebSite\",\"@id\":\"https:\/\/theplayoffs.news\/fr\/#website\",\"url\":\"https:\/\/theplayoffs.news\/fr\/\",\"name\":\"The Playoffs FR\",\"description\":\"NBA-NFL-NHL-MLB\",\"potentialAction\":[{\"@type\":\"SearchAction\",\"target\":{\"@type\":\"EntryPoint\",\"urlTemplate\":\"https:\/\/theplayoffs.news\/fr\/?s={search_term_string}\"},\"query-input\":{\"@type\":\"PropertyValueSpecification\",\"valueRequired\":true,\"valueName\":\"search_term_string\"}}],\"inLanguage\":\"fr-FR\"},{\"@type\":\"Person\",\"@id\":\"https:\/\/theplayoffs.news\/fr\/#\/schema\/person\/eee5b69ad5d3c51cabe881c839dbe133\",\"name\":\"Charles Taudin\",\"image\":{\"@type\":\"ImageObject\",\"inLanguage\":\"fr-FR\",\"@id\":\"https:\/\/theplayoffs.news\/fr\/#\/schema\/person\/image\/\",\"url\":\"https:\/\/secure.gravatar.com\/avatar\/59a1e772205ce9fd255edfcafc93013736822e20261f294c5753b20c41ede9f2?s=96&d=mm&r=g\",\"contentUrl\":\"https:\/\/secure.gravatar.com\/avatar\/59a1e772205ce9fd255edfcafc93013736822e20261f294c5753b20c41ede9f2?s=96&d=mm&r=g\",\"caption\":\"Charles Taudin\"},\"description\":\"R\u00e9dacteur en chef global de The Playoffs, j\u2019ai cr\u00e9\u00e9 The Free Agent, devenu The Playoffs FR, en 2020 durant la pand\u00e9mie. Amoureux depuis des ann\u00e9es des 4 sports majeurs am\u00e9ricains, j\u2019organise maintenant la strat\u00e9gie \u00e9ditoriale et les r\u00e9seaux sociaux de l\u2019ensemble des versions de The Playoffs. Il m\u2019arrive encore d\u2019\u00e9crire sur certains sports que j\u2019affectionne particuli\u00e8rement comme la NFL ou la MLB. Si vous devez retenir qu\u2019une chose : Eli Manning est le vrai GOAT pour avoir battu deux fois Tom Brady.\",\"sameAs\":[\"https:\/\/www.instagram.com\/ctaudin_\/\"],\"url\":\"https:\/\/theplayoffs.news\/fr\/author\/charles-taudin\/\"}]}<\/script>\n<!-- \/ Yoast SEO plugin. -->","yoast_head_json":{"title":"Sean Payton se pr&eacute;pare &agrave; jouer sans Kareem Jackson - The Playoffs FR","robots":{"index":"index","follow":"follow","max-snippet":"max-snippet:-1","max-image-preview":"max-image-preview:large","max-video-preview":"max-video-preview:-1"},"canonical":"https:\/\/theplayoffs.news\/fr\/actualite-nfl\/sean-payton-se-prepare-a-jouer-sans-kareem-jackson\/","og_locale":"fr_FR","og_type":"article","og_title":"Sean Payton se pr&eacute;pare &agrave; jouer sans Kareem Jackson - The Playoffs FR","og_url":"https:\/\/theplayoffs.news\/fr\/actualite-nfl\/sean-payton-se-prepare-a-jouer-sans-kareem-jackson\/","og_site_name":"The Playoffs FR","article_publisher":"https:\/\/www.facebook.com\/TheFreeAgentFR\/","article_modified_time":"2023-11-23T10:14:27+00:00","og_image":[{"width":1920,"height":1280,"url":"https:\/\/theplayoffs.news\/fr\/wp-content\/uploads\/2023\/11\/USATSI_21633546-1.jpg","type":"image\/jpeg"}],"author":"Charles Taudin","twitter_card":"summary_large_image","twitter_creator":"@TheFreeAgentFR","twitter_site":"@TheFreeAgentFR","twitter_misc":{"\u00c9crit par":"Charles Taudin","Dur\u00e9e de lecture estim\u00e9e":"2 minutes"},"schema":{"@context":"https:\/\/schema.org","@graph":[{"@type":"WebPage","@id":"https:\/\/theplayoffs.news\/fr\/actualite-nfl\/sean-payton-se-prepare-a-jouer-sans-kareem-jackson\/","url":"https:\/\/theplayoffs.news\/fr\/actualite-nfl\/sean-payton-se-prepare-a-jouer-sans-kareem-jackson\/","name":"Sean Payton se pr\u00e9pare \u00e0 jouer sans Kareem Jackson - The Playoffs FR","isPartOf":{"@id":"https:\/\/theplayoffs.news\/fr\/#website"},"primaryImageOfPage":{"@id":"https:\/\/theplayoffs.news\/fr\/actualite-nfl\/sean-payton-se-prepare-a-jouer-sans-kareem-jackson\/#primaryimage"},"image":{"@id":"https:\/\/theplayoffs.news\/fr\/actualite-nfl\/sean-payton-se-prepare-a-jouer-sans-kareem-jackson\/#primaryimage"},"thumbnailUrl":"https:\/\/theplayoffs.news\/fr\/wp-content\/uploads\/2023\/11\/USATSI_21633546-1.jpg","datePublished":"2023-11-23T10:14:26+00:00","dateModified":"2023-11-23T10:14:27+00:00","author":{"@id":"https:\/\/theplayoffs.news\/fr\/#\/schema\/person\/eee5b69ad5d3c51cabe881c839dbe133"},"breadcrumb":{"@id":"https:\/\/theplayoffs.news\/fr\/actualite-nfl\/sean-payton-se-prepare-a-jouer-sans-kareem-jackson\/#breadcrumb"},"inLanguage":"fr-FR","potentialAction":[{"@type":"ReadAction","target":["https:\/\/theplayoffs.news\/fr\/actualite-nfl\/sean-payton-se-prepare-a-jouer-sans-kareem-jackson\/"]}]},{"@type":"ImageObject","inLanguage":"fr-FR","@id":"https:\/\/theplayoffs.news\/fr\/actualite-nfl\/sean-payton-se-prepare-a-jouer-sans-kareem-jackson\/#primaryimage","url":"https:\/\/theplayoffs.news\/fr\/wp-content\/uploads\/2023\/11\/USATSI_21633546-1.jpg","contentUrl":"https:\/\/theplayoffs.news\/fr\/wp-content\/uploads\/2023\/11\/USATSI_21633546-1.jpg","width":1920,"height":1280,"caption":"Oct 12, 2023; Kansas City, Missouri, USA; Denver Broncos safety Kareem Jackson (22) runs the ball after an interception during the second quarter against the Kansas City Chiefs at GEHA Field at Arrowhead Stadium. Mandatory Credit: William Purnell-USA TODAY Sports"},{"@type":"BreadcrumbList","@id":"https:\/\/theplayoffs.news\/fr\/actualite-nfl\/sean-payton-se-prepare-a-jouer-sans-kareem-jackson\/#breadcrumb","itemListElement":[{"@type":"ListItem","position":1,"name":"Accueil","item":"https:\/\/theplayoffs.news\/fr\/"},{"@type":"ListItem","position":2,"name":"Sean Payton se pr\u00e9pare \u00e0 jouer sans Kareem Jackson"}]},{"@type":"WebSite","@id":"https:\/\/theplayoffs.news\/fr\/#website","url":"https:\/\/theplayoffs.news\/fr\/","name":"The Playoffs FR","description":"NBA-NFL-NHL-MLB","potentialAction":[{"@type":"SearchAction","target":{"@type":"EntryPoint","urlTemplate":"https:\/\/theplayoffs.news\/fr\/?s={search_term_string}"},"query-input":{"@type":"PropertyValueSpecification","valueRequired":true,"valueName":"search_term_string"}}],"inLanguage":"fr-FR"},{"@type":"Person","@id":"https:\/\/theplayoffs.news\/fr\/#\/schema\/person\/eee5b69ad5d3c51cabe881c839dbe133","name":"Charles Taudin","image":{"@type":"ImageObject","inLanguage":"fr-FR","@id":"https:\/\/theplayoffs.news\/fr\/#\/schema\/person\/image\/","url":"https:\/\/secure.gravatar.com\/avatar\/59a1e772205ce9fd255edfcafc93013736822e20261f294c5753b20c41ede9f2?s=96&d=mm&r=g","contentUrl":"https:\/\/secure.gravatar.com\/avatar\/59a1e772205ce9fd255edfcafc93013736822e20261f294c5753b20c41ede9f2?s=96&d=mm&r=g","caption":"Charles Taudin"},"description":"R\u00e9dacteur en chef global de The Playoffs, j\u2019ai cr\u00e9\u00e9 The Free Agent, devenu The Playoffs FR, en 2020 durant la pand\u00e9mie. Amoureux depuis des ann\u00e9es des 4 sports majeurs am\u00e9ricains, j\u2019organise maintenant la strat\u00e9gie \u00e9ditoriale et les r\u00e9seaux sociaux de l\u2019ensemble des versions de The Playoffs. Il m\u2019arrive encore d\u2019\u00e9crire sur certains sports que j\u2019affectionne particuli\u00e8rement comme la NFL ou la MLB. Si vous devez retenir qu\u2019une chose : Eli Manning est le vrai GOAT pour avoir battu deux fois Tom Brady.","sameAs":["https:\/\/www.instagram.com\/ctaudin_\/"],"url":"https:\/\/theplayoffs.news\/fr\/author\/charles-taudin\/"}]}},"_links":{"self":[{"href":"https:\/\/theplayoffs.news\/fr\/wp-json\/wp\/v2\/posts\/1102605","targetHints":{"allow":["GET"]}}],"collection":[{"href":"https:\/\/theplayoffs.news\/fr\/wp-json\/wp\/v2\/posts"}],"about":[{"href":"https:\/\/theplayoffs.news\/fr\/wp-json\/wp\/v2\/types\/post"}],"author":[{"embeddable":true,"href":"https:\/\/theplayoffs.news\/fr\/wp-json\/wp\/v2\/users\/13"}],"replies":[{"embeddable":true,"href":"https:\/\/theplayoffs.news\/fr\/wp-json\/wp\/v2\/comments?post=1102605"}],"version-history":[{"count":3,"href":"https:\/\/theplayoffs.news\/fr\/wp-json\/wp\/v2\/posts\/1102605\/revisions"}],"predecessor-version":[{"id":1102992,"href":"https:\/\/theplayoffs.news\/fr\/wp-json\/wp\/v2\/posts\/1102605\/revisions\/1102992"}],"wp:featuredmedia":[{"embeddable":true,"href":"https:\/\/theplayoffs.news\/fr\/wp-json\/wp\/v2\/media\/1102939"}],"wp:attachment":[{"href":"https:\/\/theplayoffs.news\/fr\/wp-json\/wp\/v2\/media?parent=1102605"}],"wp:term":[{"taxonomy":"category","embeddable":true,"href":"https:\/\/theplayoffs.news\/fr\/wp-json\/wp\/v2\/categories?post=1102605"},{"taxonomy":"post_tag","embeddable":true,"href":"https:\/\/theplayoffs.news\/fr\/wp-json\/wp\/v2\/tags?post=1102605"},{"taxonomy":"sport","embeddable":true,"href":"https:\/\/theplayoffs.news\/fr\/wp-json\/wp\/v2\/sport?post=1102605"},{"taxonomy":"saison","embeddable":true,"href":"https:\/\/theplayoffs.news\/fr\/wp-json\/wp\/v2\/saison?post=1102605"}],"curies":[{"name":"wp","href":"https:\/\/api.w.org\/{rel}","templated":true}]}}