{"id":1098508,"date":"2023-11-21T19:10:19","date_gmt":"2023-11-21T18:10:19","guid":{"rendered":"https:\/\/theplayoffs.news\/fr\/?p=1098508"},"modified":"2023-11-21T19:10:20","modified_gmt":"2023-11-21T18:10:20","slug":"mike-shildt-nomme-nouveau-manager-des-padres","status":"publish","type":"post","link":"https:\/\/theplayoffs.news\/fr\/actualite-mlb\/mike-shildt-nomme-nouveau-manager-des-padres\/","title":{"rendered":"Mike Shildt nomm\u00e9 nouveau manager des Padres"},"content":{"rendered":"<h2>MLB &ndash; Les Padres de San Diego, l&rsquo;une des &eacute;quipes phares de la Major League Baseball, ont entam&eacute; un nouveau chapitre en nommant Mike Shildt comme leur manager.<\/h2><p>Ce mouvement significatif, annonc&eacute; mardi, s&rsquo;accompagne d&rsquo;un contrat de deux ans, signalant l&rsquo;intention des Padres pour une approche renouvel&eacute;e du leadership. Mike Shildt, connu pour son mandat pr&eacute;c&eacute;dent avec les Cardinals de St. Louis, prend le r&ocirc;le laiss&eacute; vacant par Bob Melvin, qui a r&eacute;cemment rejoint les Giants de San Francisco, un rival de division.<\/p><p>Le parcours de Mike Shildt vers cette position est marqu&eacute; par un m&eacute;lange d&rsquo;exp&eacute;rience et de r&eacute;silience. Apr&egrave;s s&rsquo;&ecirc;tre s&eacute;par&eacute; des Cardinals dans un mouvement surprenant suivant la saison 2021, il a rejoint les Padres en tant que conseiller senior.<\/p><p>Sa connaissance du jeu et son acumen strat&eacute;gique, affin&eacute;s au cours de deux d&eacute;cennies dans le baseball professionnel, l&rsquo;ont rendu favori pour le poste de manager, surtout apr&egrave;s que San Diego ait permis &agrave; Melvin de n&eacute;gocier avec les Giants.<\/p><h3><strong>Les d&eacute;fis et opportunit&eacute;s &agrave; venir<\/strong><\/h3><p>Les Padres, malgr&eacute; leurs hautes aspirations et une liste de joueurs &eacute;toil&eacute;s, ont fait face &agrave; une saison 2023 tumultueuse.<\/p><p>Terminant avec un bilan de 82-80 et derri&egrave;re les champions de la National League Ouest, les Dodgers de Los Angeles et les Diamondbacks de l&rsquo;Arizona, la performance de l&rsquo;&eacute;quipe est rest&eacute;e en de&ccedil;&agrave; des attentes. Ce sc&eacute;nario pr&eacute;sente &agrave; Shildt &agrave; la fois un d&eacute;fi et une opportunit&eacute;. Il h&eacute;rite d&rsquo;une &eacute;quipe potentiellement au bord de la transition, avec des joueurs cl&eacute;s comme <a href=\"https:\/\/theplayoffs.news\/fr\/joueur\/blake-snell-mlb-67496\/\" class=\"trk-cta-link\" data-cta-trk='{\"ctaType\":\"Link\",\"ctaSubType\":\"main\"}'><strong>Blake Snell<\/strong><\/a> et Josh Hader devenant agents libres et des consid&eacute;rations de r&eacute;ductions de la masse salariale &agrave; l&rsquo;horizon.<\/p><p>Cependant, le palmar&egrave;s de Mike Shildt parle de succ&egrave;s potentiel. Sa prise de contr&ocirc;le des Cardinals en milieu de saison 2018 et les apparitions cons&eacute;cutives en s&eacute;ries &eacute;liminatoires lors de chacune de ses trois saisons en tant que manager sont des t&eacute;moignages de sa capacit&eacute; &agrave; diriger des &eacute;quipes sous pression.<\/p><p>Les Padres esp&egrave;rent que son expertise dans le d&eacute;veloppement des talents et son esprit strat&eacute;gique transformeront leurs fortunes.<\/p><p>La t&acirc;che principale de Shildt sera de exploiter le talent latent au sein des Padres, en naviguant les complexit&eacute;s de la gestion de joueurs &eacute;toil&eacute;s et en restructurant potentiellement les dynamiques de l&rsquo;&eacute;quipe. Avec une vision claire et un gagnant &eacute;prouv&eacute; &agrave; la barre, les Padres visent &agrave; recalibrer leur trajectoire vers un titre tr&egrave;s convoit&eacute; des World Series.<\/p><p>&nbsp;<\/p><p>Credit Photo : Charles LeClaire-USA TODAY Sports<\/p>\n","protected":false},"excerpt":{"rendered":"","protected":false},"author":13,"featured_media":1098509,"comment_status":"open","ping_status":"closed","sticky":false,"template":"","format":"standard","meta":{"inline_featured_image":false,"kia_subtitle":"","_mux_skip_reasons":[],"proofreadBy":0,"footnotes":""},"categories":[188,9],"tags":[2565,465],"sport":[],"saison":[],"class_list":["post-1098508","post","type-post","status-publish","format-standard","has-post-thumbnail","hentry","category-actualite-mlb","category-mlb","tag-mike-shildt","tag-san-diego-padres"],"acf":[],"yoast_head":"<!-- This site is optimized with the Yoast SEO plugin v24.2 - https:\/\/yoast.com\/wordpress\/plugins\/seo\/ -->\n<title>Mike Shildt nomm&eacute; nouveau manager des Padres - The Playoffs FR<\/title>\n<meta name=\"robots\" content=\"index, follow, max-snippet:-1, max-image-preview:large, max-video-preview:-1\" \/>\n<link rel=\"canonical\" href=\"https:\/\/theplayoffs.news\/fr\/actualite-mlb\/mike-shildt-nomme-nouveau-manager-des-padres\/\" \/>\n<meta property=\"og:locale\" content=\"fr_FR\" \/>\n<meta property=\"og:type\" content=\"article\" \/>\n<meta property=\"og:title\" content=\"Mike Shildt nomm&eacute; nouveau manager des Padres - The Playoffs FR\" \/>\n<meta property=\"og:url\" content=\"https:\/\/theplayoffs.news\/fr\/actualite-mlb\/mike-shildt-nomme-nouveau-manager-des-padres\/\" \/>\n<meta property=\"og:site_name\" content=\"The Playoffs FR\" \/>\n<meta property=\"article:publisher\" content=\"https:\/\/www.facebook.com\/TheFreeAgentFR\/\" \/>\n<meta property=\"article:modified_time\" content=\"2023-11-21T19:10:20+01:00\" \/>\n<meta property=\"og:image\" content=\"https:\/\/theplayoffs.news\/fr\/wp-content\/uploads\/2023\/11\/USATSI_20958224.jpg\" \/>\n\t<meta property=\"og:image:width\" content=\"1920\" \/>\n\t<meta property=\"og:image:height\" content=\"1361\" \/>\n\t<meta property=\"og:image:type\" content=\"image\/jpeg\" \/>\n<meta name=\"author\" content=\"Charles Taudin\" \/>\n<meta name=\"twitter:card\" content=\"summary_large_image\" \/>\n<meta name=\"twitter:creator\" content=\"@TheFreeAgentFR\" \/>\n<meta name=\"twitter:site\" content=\"@TheFreeAgentFR\" \/>\n<meta name=\"twitter:label1\" content=\"\u00c9crit par\" \/>\n\t<meta name=\"twitter:data1\" content=\"Charles Taudin\" \/>\n\t<meta name=\"twitter:label2\" content=\"Dur\u00e9e de lecture estim\u00e9e\" \/>\n\t<meta name=\"twitter:data2\" content=\"2 minutes\" \/>\n<script type=\"application\/ld+json\" class=\"yoast-schema-graph\">{\"@context\":\"https:\/\/schema.org\",\"@graph\":[{\"@type\":\"WebPage\",\"@id\":\"https:\/\/theplayoffs.news\/fr\/actualite-mlb\/mike-shildt-nomme-nouveau-manager-des-padres\/\",\"url\":\"https:\/\/theplayoffs.news\/fr\/actualite-mlb\/mike-shildt-nomme-nouveau-manager-des-padres\/\",\"name\":\"Mike Shildt nomm\u00e9 nouveau manager des Padres - The Playoffs FR\",\"isPartOf\":{\"@id\":\"https:\/\/theplayoffs.news\/fr\/#website\"},\"primaryImageOfPage\":{\"@id\":\"https:\/\/theplayoffs.news\/fr\/actualite-mlb\/mike-shildt-nomme-nouveau-manager-des-padres\/#primaryimage\"},\"image\":{\"@id\":\"https:\/\/theplayoffs.news\/fr\/actualite-mlb\/mike-shildt-nomme-nouveau-manager-des-padres\/#primaryimage\"},\"thumbnailUrl\":\"https:\/\/theplayoffs.news\/fr\/wp-content\/uploads\/2023\/11\/USATSI_20958224.jpg\",\"datePublished\":\"2023-11-21T18:10:19+00:00\",\"dateModified\":\"2023-11-21T18:10:20+00:00\",\"author\":{\"@id\":\"https:\/\/theplayoffs.news\/fr\/#\/schema\/person\/eee5b69ad5d3c51cabe881c839dbe133\"},\"breadcrumb\":{\"@id\":\"https:\/\/theplayoffs.news\/fr\/actualite-mlb\/mike-shildt-nomme-nouveau-manager-des-padres\/#breadcrumb\"},\"inLanguage\":\"fr-FR\",\"potentialAction\":[{\"@type\":\"ReadAction\",\"target\":[\"https:\/\/theplayoffs.news\/fr\/actualite-mlb\/mike-shildt-nomme-nouveau-manager-des-padres\/\"]}]},{\"@type\":\"ImageObject\",\"inLanguage\":\"fr-FR\",\"@id\":\"https:\/\/theplayoffs.news\/fr\/actualite-mlb\/mike-shildt-nomme-nouveau-manager-des-padres\/#primaryimage\",\"url\":\"https:\/\/theplayoffs.news\/fr\/wp-content\/uploads\/2023\/11\/USATSI_20958224.jpg\",\"contentUrl\":\"https:\/\/theplayoffs.news\/fr\/wp-content\/uploads\/2023\/11\/USATSI_20958224.jpg\",\"width\":1920,\"height\":1361,\"caption\":\"Jun 27, 2023; Pittsburgh, Pennsylvania, USA; San Diego Padres senior advisor to player development &amp; major leagues Mike Shildt (8) before the game against the Pittsburgh Pirates at PNC Park. Mandatory Credit: Charles LeClaire-USA TODAY Sports\"},{\"@type\":\"BreadcrumbList\",\"@id\":\"https:\/\/theplayoffs.news\/fr\/actualite-mlb\/mike-shildt-nomme-nouveau-manager-des-padres\/#breadcrumb\",\"itemListElement\":[{\"@type\":\"ListItem\",\"position\":1,\"name\":\"Accueil\",\"item\":\"https:\/\/theplayoffs.news\/fr\/\"},{\"@type\":\"ListItem\",\"position\":2,\"name\":\"Mike Shildt nomm\u00e9 nouveau manager des Padres\"}]},{\"@type\":\"WebSite\",\"@id\":\"https:\/\/theplayoffs.news\/fr\/#website\",\"url\":\"https:\/\/theplayoffs.news\/fr\/\",\"name\":\"The Playoffs FR\",\"description\":\"NBA-NFL-NHL-MLB\",\"potentialAction\":[{\"@type\":\"SearchAction\",\"target\":{\"@type\":\"EntryPoint\",\"urlTemplate\":\"https:\/\/theplayoffs.news\/fr\/?s={search_term_string}\"},\"query-input\":{\"@type\":\"PropertyValueSpecification\",\"valueRequired\":true,\"valueName\":\"search_term_string\"}}],\"inLanguage\":\"fr-FR\"},{\"@type\":\"Person\",\"@id\":\"https:\/\/theplayoffs.news\/fr\/#\/schema\/person\/eee5b69ad5d3c51cabe881c839dbe133\",\"name\":\"Charles Taudin\",\"image\":{\"@type\":\"ImageObject\",\"inLanguage\":\"fr-FR\",\"@id\":\"https:\/\/theplayoffs.news\/fr\/#\/schema\/person\/image\/\",\"url\":\"https:\/\/secure.gravatar.com\/avatar\/59a1e772205ce9fd255edfcafc93013736822e20261f294c5753b20c41ede9f2?s=96&d=mm&r=g\",\"contentUrl\":\"https:\/\/secure.gravatar.com\/avatar\/59a1e772205ce9fd255edfcafc93013736822e20261f294c5753b20c41ede9f2?s=96&d=mm&r=g\",\"caption\":\"Charles Taudin\"},\"description\":\"R\u00e9dacteur en chef global de The Playoffs, j\u2019ai cr\u00e9\u00e9 The Free Agent, devenu The Playoffs FR, en 2020 durant la pand\u00e9mie. Amoureux depuis des ann\u00e9es des 4 sports majeurs am\u00e9ricains, j\u2019organise maintenant la strat\u00e9gie \u00e9ditoriale et les r\u00e9seaux sociaux de l\u2019ensemble des versions de The Playoffs. Il m\u2019arrive encore d\u2019\u00e9crire sur certains sports que j\u2019affectionne particuli\u00e8rement comme la NFL ou la MLB. Si vous devez retenir qu\u2019une chose : Eli Manning est le vrai GOAT pour avoir battu deux fois Tom Brady.\",\"sameAs\":[\"https:\/\/www.instagram.com\/ctaudin_\/\"],\"url\":\"https:\/\/theplayoffs.news\/fr\/author\/charles-taudin\/\"}]}<\/script>\n<!-- \/ Yoast SEO plugin. -->","yoast_head_json":{"title":"Mike Shildt nomm&eacute; nouveau manager des Padres - The Playoffs FR","robots":{"index":"index","follow":"follow","max-snippet":"max-snippet:-1","max-image-preview":"max-image-preview:large","max-video-preview":"max-video-preview:-1"},"canonical":"https:\/\/theplayoffs.news\/fr\/actualite-mlb\/mike-shildt-nomme-nouveau-manager-des-padres\/","og_locale":"fr_FR","og_type":"article","og_title":"Mike Shildt nomm&eacute; nouveau manager des Padres - The Playoffs FR","og_url":"https:\/\/theplayoffs.news\/fr\/actualite-mlb\/mike-shildt-nomme-nouveau-manager-des-padres\/","og_site_name":"The Playoffs FR","article_publisher":"https:\/\/www.facebook.com\/TheFreeAgentFR\/","article_modified_time":"2023-11-21T18:10:20+00:00","og_image":[{"width":1920,"height":1361,"url":"https:\/\/theplayoffs.news\/fr\/wp-content\/uploads\/2023\/11\/USATSI_20958224.jpg","type":"image\/jpeg"}],"author":"Charles Taudin","twitter_card":"summary_large_image","twitter_creator":"@TheFreeAgentFR","twitter_site":"@TheFreeAgentFR","twitter_misc":{"\u00c9crit par":"Charles Taudin","Dur\u00e9e de lecture estim\u00e9e":"2 minutes"},"schema":{"@context":"https:\/\/schema.org","@graph":[{"@type":"WebPage","@id":"https:\/\/theplayoffs.news\/fr\/actualite-mlb\/mike-shildt-nomme-nouveau-manager-des-padres\/","url":"https:\/\/theplayoffs.news\/fr\/actualite-mlb\/mike-shildt-nomme-nouveau-manager-des-padres\/","name":"Mike Shildt nomm\u00e9 nouveau manager des Padres - The Playoffs FR","isPartOf":{"@id":"https:\/\/theplayoffs.news\/fr\/#website"},"primaryImageOfPage":{"@id":"https:\/\/theplayoffs.news\/fr\/actualite-mlb\/mike-shildt-nomme-nouveau-manager-des-padres\/#primaryimage"},"image":{"@id":"https:\/\/theplayoffs.news\/fr\/actualite-mlb\/mike-shildt-nomme-nouveau-manager-des-padres\/#primaryimage"},"thumbnailUrl":"https:\/\/theplayoffs.news\/fr\/wp-content\/uploads\/2023\/11\/USATSI_20958224.jpg","datePublished":"2023-11-21T18:10:19+00:00","dateModified":"2023-11-21T18:10:20+00:00","author":{"@id":"https:\/\/theplayoffs.news\/fr\/#\/schema\/person\/eee5b69ad5d3c51cabe881c839dbe133"},"breadcrumb":{"@id":"https:\/\/theplayoffs.news\/fr\/actualite-mlb\/mike-shildt-nomme-nouveau-manager-des-padres\/#breadcrumb"},"inLanguage":"fr-FR","potentialAction":[{"@type":"ReadAction","target":["https:\/\/theplayoffs.news\/fr\/actualite-mlb\/mike-shildt-nomme-nouveau-manager-des-padres\/"]}]},{"@type":"ImageObject","inLanguage":"fr-FR","@id":"https:\/\/theplayoffs.news\/fr\/actualite-mlb\/mike-shildt-nomme-nouveau-manager-des-padres\/#primaryimage","url":"https:\/\/theplayoffs.news\/fr\/wp-content\/uploads\/2023\/11\/USATSI_20958224.jpg","contentUrl":"https:\/\/theplayoffs.news\/fr\/wp-content\/uploads\/2023\/11\/USATSI_20958224.jpg","width":1920,"height":1361,"caption":"Jun 27, 2023; Pittsburgh, Pennsylvania, USA; San Diego Padres senior advisor to player development &amp; major leagues Mike Shildt (8) before the game against the Pittsburgh Pirates at PNC Park. Mandatory Credit: Charles LeClaire-USA TODAY Sports"},{"@type":"BreadcrumbList","@id":"https:\/\/theplayoffs.news\/fr\/actualite-mlb\/mike-shildt-nomme-nouveau-manager-des-padres\/#breadcrumb","itemListElement":[{"@type":"ListItem","position":1,"name":"Accueil","item":"https:\/\/theplayoffs.news\/fr\/"},{"@type":"ListItem","position":2,"name":"Mike Shildt nomm\u00e9 nouveau manager des Padres"}]},{"@type":"WebSite","@id":"https:\/\/theplayoffs.news\/fr\/#website","url":"https:\/\/theplayoffs.news\/fr\/","name":"The Playoffs FR","description":"NBA-NFL-NHL-MLB","potentialAction":[{"@type":"SearchAction","target":{"@type":"EntryPoint","urlTemplate":"https:\/\/theplayoffs.news\/fr\/?s={search_term_string}"},"query-input":{"@type":"PropertyValueSpecification","valueRequired":true,"valueName":"search_term_string"}}],"inLanguage":"fr-FR"},{"@type":"Person","@id":"https:\/\/theplayoffs.news\/fr\/#\/schema\/person\/eee5b69ad5d3c51cabe881c839dbe133","name":"Charles Taudin","image":{"@type":"ImageObject","inLanguage":"fr-FR","@id":"https:\/\/theplayoffs.news\/fr\/#\/schema\/person\/image\/","url":"https:\/\/secure.gravatar.com\/avatar\/59a1e772205ce9fd255edfcafc93013736822e20261f294c5753b20c41ede9f2?s=96&d=mm&r=g","contentUrl":"https:\/\/secure.gravatar.com\/avatar\/59a1e772205ce9fd255edfcafc93013736822e20261f294c5753b20c41ede9f2?s=96&d=mm&r=g","caption":"Charles Taudin"},"description":"R\u00e9dacteur en chef global de The Playoffs, j\u2019ai cr\u00e9\u00e9 The Free Agent, devenu The Playoffs FR, en 2020 durant la pand\u00e9mie. Amoureux depuis des ann\u00e9es des 4 sports majeurs am\u00e9ricains, j\u2019organise maintenant la strat\u00e9gie \u00e9ditoriale et les r\u00e9seaux sociaux de l\u2019ensemble des versions de The Playoffs. Il m\u2019arrive encore d\u2019\u00e9crire sur certains sports que j\u2019affectionne particuli\u00e8rement comme la NFL ou la MLB. Si vous devez retenir qu\u2019une chose : Eli Manning est le vrai GOAT pour avoir battu deux fois Tom Brady.","sameAs":["https:\/\/www.instagram.com\/ctaudin_\/"],"url":"https:\/\/theplayoffs.news\/fr\/author\/charles-taudin\/"}]}},"_links":{"self":[{"href":"https:\/\/theplayoffs.news\/fr\/wp-json\/wp\/v2\/posts\/1098508","targetHints":{"allow":["GET"]}}],"collection":[{"href":"https:\/\/theplayoffs.news\/fr\/wp-json\/wp\/v2\/posts"}],"about":[{"href":"https:\/\/theplayoffs.news\/fr\/wp-json\/wp\/v2\/types\/post"}],"author":[{"embeddable":true,"href":"https:\/\/theplayoffs.news\/fr\/wp-json\/wp\/v2\/users\/13"}],"replies":[{"embeddable":true,"href":"https:\/\/theplayoffs.news\/fr\/wp-json\/wp\/v2\/comments?post=1098508"}],"version-history":[{"count":3,"href":"https:\/\/theplayoffs.news\/fr\/wp-json\/wp\/v2\/posts\/1098508\/revisions"}],"predecessor-version":[{"id":1098512,"href":"https:\/\/theplayoffs.news\/fr\/wp-json\/wp\/v2\/posts\/1098508\/revisions\/1098512"}],"wp:featuredmedia":[{"embeddable":true,"href":"https:\/\/theplayoffs.news\/fr\/wp-json\/wp\/v2\/media\/1098509"}],"wp:attachment":[{"href":"https:\/\/theplayoffs.news\/fr\/wp-json\/wp\/v2\/media?parent=1098508"}],"wp:term":[{"taxonomy":"category","embeddable":true,"href":"https:\/\/theplayoffs.news\/fr\/wp-json\/wp\/v2\/categories?post=1098508"},{"taxonomy":"post_tag","embeddable":true,"href":"https:\/\/theplayoffs.news\/fr\/wp-json\/wp\/v2\/tags?post=1098508"},{"taxonomy":"sport","embeddable":true,"href":"https:\/\/theplayoffs.news\/fr\/wp-json\/wp\/v2\/sport?post=1098508"},{"taxonomy":"saison","embeddable":true,"href":"https:\/\/theplayoffs.news\/fr\/wp-json\/wp\/v2\/saison?post=1098508"}],"curies":[{"name":"wp","href":"https:\/\/api.w.org\/{rel}","templated":true}]}}